{"id":2744,"date":"2023-01-09T23:36:03","date_gmt":"2023-01-09T22:36:03","guid":{"rendered":"https:\/\/universnews224.com\/?p=2744"},"modified":"2023-01-09T23:36:03","modified_gmt":"2023-01-09T22:36:03","slug":"camp-koundara-dadis-retrace-son-parcours-apres-la-tentative-dassassinat-contre-sa-personne","status":"publish","type":"post","link":"https:\/\/universnews224.com\/index.php\/camp-koundara-dadis-retrace-son-parcours-apres-la-tentative-dassassinat-contre-sa-personne\/","title":{"rendered":"Camp Koundara : Dadis retrace son parcours apr\u00e8s la tentative d\u2019assassinat contre sa personne"},"content":{"rendered":"<p>Alors que de nombreux Guin\u00e9ens pensaient qu\u2019il \u00e9tait \u00ab inconscient \u00bb lorsqu\u2019il a \u00e9t\u00e9 transport\u00e9 d\u2019urgence au Maroc pour des soins apr\u00e8s la tentative d\u2019assassinat perp\u00e9tr\u00e9e contre sa personne par son ancien aide de camp Aboubacar Toumba Diakit\u00e9, Moussa Dadis Camara a soutenu le contraire \u00e0 la barre, ce lundi 9 janvier.<\/p>\n<p>R\u00e9pondant \u00e0 une question d\u2019un avocat de la partie civile sur les \u00e9v\u00e8nements du 03 d\u00e9cembre 2009, au camp Koundara [actuel camp Joseph \u00ab\u00a0Makambo\u00a0\u00bb Loua] o\u00f9 son aide de camp avait tir\u00e9 sur lui, l\u2019ex-pr\u00e9sident de la transition explique : \u00ab Quand je suis venu au camp [Almamy] Samory apr\u00e8s quelques soins, l\u2019h\u00e9lico est venu me chercher pour la base militaire. Apr\u00e8s, on a pris la direction du camp Alpha Yaya. Quand nous sommes venus au camp Alpha Yaya, je n\u2019ai fait que saluer les gens et puis je suis rentr\u00e9. C\u2019est plus tard qu\u2019on a fait le scanner pour parler de mon \u00e9vacuation \u00bb, a r\u00e9v\u00e9l\u00e9 Moussa Dadis Camara.<\/p>\n<div class=\"code-block code-block-2\"><ins class=\"adsbygoogle\" data-ad-client=\"ca-pub-1870189416508001\" data-ad-slot=\"8577781773\" data-ad-format=\"auto\" data-full-width-responsive=\"true\"><\/ins>Plus loin, il admet que c\u2019est au Burkina Faso qu\u2019il a appris la mort de son chauffeur Sankara, de Joseph Makambo et tant d\u2019autres.&nbsp;<\/p>\n<p>mediaguinee.com<\/p>\n<\/div>\n","protected":false},"excerpt":{"rendered":"<p>Alors que de nombreux Guin\u00e9ens pensaient qu\u2019il \u00e9tait \u00ab inconscient \u00bb lorsqu\u2019il a \u00e9t\u00e9 transport\u00e9<\/p>\n","protected":false},"author":2,"featured_media":2745,"comment_status":"closed","ping_status":"open","sticky":false,"template":"","format":"standard","meta":[],"categories":[3,4],"tags":[229],"yoast_head":"<!-- This site is optimized with the Yoast SEO plugin v19.13 - https:\/\/yoast.com\/wordpress\/plugins\/seo\/ -->\n<title>Camp Koundara : Dadis retrace son parcours apr\u00e8s la tentative d\u2019assassinat contre sa personne - UNIVERSNEWS224<\/title>\n<meta name=\"robots\" content=\"index, follow, max-snippet:-1, max-image-preview:large, max-video-preview:-1\" \/>\n<link rel=\"canonical\" href=\"https:\/\/universnews224.com\/index.php\/camp-koundara-dadis-retrace-son-parcours-apres-la-tentative-dassassinat-contre-sa-personne\/\" \/>\n<meta property=\"og:locale\" content=\"fr_FR\" \/>\n<meta property=\"og:type\" content=\"article\" \/>\n<meta property=\"og:title\" content=\"Camp Koundara : Dadis retrace son parcours apr\u00e8s la tentative d\u2019assassinat contre sa personne - UNIVERSNEWS224\" \/>\n<meta property=\"og:description\" content=\"Alors que de nombreux Guin\u00e9ens pensaient qu\u2019il \u00e9tait \u00ab inconscient \u00bb lorsqu\u2019il a \u00e9t\u00e9 transport\u00e9\" \/>\n<meta property=\"og:url\" content=\"https:\/\/universnews224.com\/index.php\/camp-koundara-dadis-retrace-son-parcours-apres-la-tentative-dassassinat-contre-sa-personne\/\" \/>\n<meta property=\"og:site_name\" content=\"UNIVERSNEWS224\" \/>\n<meta property=\"article:published_time\" content=\"2023-01-09T22:36:03+00:00\" \/>\n<meta property=\"og:image\" content=\"https:\/\/universnews224.com\/wp-content\/uploads\/2023\/01\/146D5282-11FC-4333-93F4-1F569C09187B.jpeg\" \/>\n\t<meta property=\"og:image:width\" content=\"1080\" \/>\n\t<meta property=\"og:image:height\" content=\"720\" \/>\n\t<meta property=\"og:image:type\" content=\"image\/jpeg\" \/>\n<meta name=\"author\" content=\"La R\u00e9daction\" \/>\n<meta name=\"twitter:label1\" content=\"\u00c9crit par\" \/>\n\t<meta name=\"twitter:data1\" content=\"La R\u00e9daction\" \/>\n\t<meta name=\"twitter:label2\" content=\"Dur\u00e9e de lecture estim\u00e9e\" \/>\n\t<meta name=\"twitter:data2\" content=\"1 minute\" \/>\n<script type=\"application\/ld+json\" class=\"yoast-schema-graph\">{\"@context\":\"https:\/\/schema.org\",\"@graph\":[{\"@type\":\"Article\",\"@id\":\"https:\/\/universnews224.com\/index.php\/camp-koundara-dadis-retrace-son-parcours-apres-la-tentative-dassassinat-contre-sa-personne\/#article\",\"isPartOf\":{\"@id\":\"https:\/\/universnews224.com\/index.php\/camp-koundara-dadis-retrace-son-parcours-apres-la-tentative-dassassinat-contre-sa-personne\/\"},\"author\":{\"name\":\"La R\u00e9daction\",\"@id\":\"https:\/\/universnews224.com\/#\/schema\/person\/a4b7d4f94a4716df60456a491260485e\"},\"headline\":\"Camp Koundara : Dadis retrace son parcours apr\u00e8s la tentative d\u2019assassinat contre sa personne\",\"datePublished\":\"2023-01-09T22:36:03+00:00\",\"dateModified\":\"2023-01-09T22:36:03+00:00\",\"mainEntityOfPage\":{\"@id\":\"https:\/\/universnews224.com\/index.php\/camp-koundara-dadis-retrace-son-parcours-apres-la-tentative-dassassinat-contre-sa-personne\/\"},\"wordCount\":220,\"publisher\":{\"@id\":\"https:\/\/universnews224.com\/#organization\"},\"keywords\":[\"La une\"],\"articleSection\":[\"ACTU\",\"POLITIQUE\"],\"inLanguage\":\"fr-FR\"},{\"@type\":\"WebPage\",\"@id\":\"https:\/\/universnews224.com\/index.php\/camp-koundara-dadis-retrace-son-parcours-apres-la-tentative-dassassinat-contre-sa-personne\/\",\"url\":\"https:\/\/universnews224.com\/index.php\/camp-koundara-dadis-retrace-son-parcours-apres-la-tentative-dassassinat-contre-sa-personne\/\",\"name\":\"Camp Koundara : Dadis retrace son parcours apr\u00e8s la tentative d\u2019assassinat contre sa personne - UNIVERSNEWS224\",\"isPartOf\":{\"@id\":\"https:\/\/universnews224.com\/#website\"},\"datePublished\":\"2023-01-09T22:36:03+00:00\",\"dateModified\":\"2023-01-09T22:36:03+00:00\",\"inLanguage\":\"fr-FR\",\"potentialAction\":[{\"@type\":\"ReadAction\",\"target\":[\"https:\/\/universnews224.com\/index.php\/camp-koundara-dadis-retrace-son-parcours-apres-la-tentative-dassassinat-contre-sa-personne\/\"]}]},{\"@type\":\"WebSite\",\"@id\":\"https:\/\/universnews224.com\/#website\",\"url\":\"https:\/\/universnews224.com\/\",\"name\":\"UNIVERSNEWS224\",\"description\":\"\",\"publisher\":{\"@id\":\"https:\/\/universnews224.com\/#organization\"},\"potentialAction\":[{\"@type\":\"SearchAction\",\"target\":{\"@type\":\"EntryPoint\",\"urlTemplate\":\"https:\/\/universnews224.com\/?s={search_term_string}\"},\"query-input\":\"required name=search_term_string\"}],\"inLanguage\":\"fr-FR\"},{\"@type\":\"Organization\",\"@id\":\"https:\/\/universnews224.com\/#organization\",\"name\":\"UNIVERSNEWS224\",\"url\":\"https:\/\/universnews224.com\/\",\"logo\":{\"@type\":\"ImageObject\",\"inLanguage\":\"fr-FR\",\"@id\":\"https:\/\/universnews224.com\/#\/schema\/logo\/image\/\",\"url\":\"https:\/\/universnews224.com\/wp-content\/uploads\/2022\/08\/cropped-cropped-logoban.jpg\",\"contentUrl\":\"https:\/\/universnews224.com\/wp-content\/uploads\/2022\/08\/cropped-cropped-logoban.jpg\",\"width\":1080,\"height\":138,\"caption\":\"UNIVERSNEWS224\"},\"image\":{\"@id\":\"https:\/\/universnews224.com\/#\/schema\/logo\/image\/\"}},{\"@type\":\"Person\",\"@id\":\"https:\/\/universnews224.com\/#\/schema\/person\/a4b7d4f94a4716df60456a491260485e\",\"name\":\"La R\u00e9daction\",\"image\":{\"@type\":\"ImageObject\",\"inLanguage\":\"fr-FR\",\"@id\":\"https:\/\/universnews224.com\/#\/schema\/person\/image\/\",\"url\":\"https:\/\/secure.gravatar.com\/avatar\/edb90acc7752b23e1b3307ad36c14f0d?s=96&d=mm&r=g\",\"contentUrl\":\"https:\/\/secure.gravatar.com\/avatar\/edb90acc7752b23e1b3307ad36c14f0d?s=96&d=mm&r=g\",\"caption\":\"La R\u00e9daction\"},\"sameAs\":[\"https:\/\/universnews224.com\"],\"url\":\"https:\/\/universnews224.com\/index.php\/author\/m-camara\/\"}]}<\/script>\n<!-- \/ Yoast SEO plugin. -->","yoast_head_json":{"title":"Camp Koundara : Dadis retrace son parcours apr\u00e8s la tentative d\u2019assassinat contre sa personne - UNIVERSNEWS224","robots":{"index":"index","follow":"follow","max-snippet":"max-snippet:-1","max-image-preview":"max-image-preview:large","max-video-preview":"max-video-preview:-1"},"canonical":"https:\/\/universnews224.com\/index.php\/camp-koundara-dadis-retrace-son-parcours-apres-la-tentative-dassassinat-contre-sa-personne\/","og_locale":"fr_FR","og_type":"article","og_title":"Camp Koundara : Dadis retrace son parcours apr\u00e8s la tentative d\u2019assassinat contre sa personne - UNIVERSNEWS224","og_description":"Alors que de nombreux Guin\u00e9ens pensaient qu\u2019il \u00e9tait \u00ab inconscient \u00bb lorsqu\u2019il a \u00e9t\u00e9 transport\u00e9","og_url":"https:\/\/universnews224.com\/index.php\/camp-koundara-dadis-retrace-son-parcours-apres-la-tentative-dassassinat-contre-sa-personne\/","og_site_name":"UNIVERSNEWS224","article_published_time":"2023-01-09T22:36:03+00:00","og_image":[{"width":1080,"height":720,"url":"https:\/\/universnews224.com\/wp-content\/uploads\/2023\/01\/146D5282-11FC-4333-93F4-1F569C09187B.jpeg","type":"image\/jpeg"}],"author":"La R\u00e9daction","twitter_misc":{"\u00c9crit par":"La R\u00e9daction","Dur\u00e9e de lecture estim\u00e9e":"1 minute"},"schema":{"@context":"https:\/\/schema.org","@graph":[{"@type":"Article","@id":"https:\/\/universnews224.com\/index.php\/camp-koundara-dadis-retrace-son-parcours-apres-la-tentative-dassassinat-contre-sa-personne\/#article","isPartOf":{"@id":"https:\/\/universnews224.com\/index.php\/camp-koundara-dadis-retrace-son-parcours-apres-la-tentative-dassassinat-contre-sa-personne\/"},"author":{"name":"La R\u00e9daction","@id":"https:\/\/universnews224.com\/#\/schema\/person\/a4b7d4f94a4716df60456a491260485e"},"headline":"Camp Koundara : Dadis retrace son parcours apr\u00e8s la tentative d\u2019assassinat contre sa personne","datePublished":"2023-01-09T22:36:03+00:00","dateModified":"2023-01-09T22:36:03+00:00","mainEntityOfPage":{"@id":"https:\/\/universnews224.com\/index.php\/camp-koundara-dadis-retrace-son-parcours-apres-la-tentative-dassassinat-contre-sa-personne\/"},"wordCount":220,"publisher":{"@id":"https:\/\/universnews224.com\/#organization"},"keywords":["La une"],"articleSection":["ACTU","POLITIQUE"],"inLanguage":"fr-FR"},{"@type":"WebPage","@id":"https:\/\/universnews224.com\/index.php\/camp-koundara-dadis-retrace-son-parcours-apres-la-tentative-dassassinat-contre-sa-personne\/","url":"https:\/\/universnews224.com\/index.php\/camp-koundara-dadis-retrace-son-parcours-apres-la-tentative-dassassinat-contre-sa-personne\/","name":"Camp Koundara : Dadis retrace son parcours apr\u00e8s la tentative d\u2019assassinat contre sa personne - UNIVERSNEWS224","isPartOf":{"@id":"https:\/\/universnews224.com\/#website"},"datePublished":"2023-01-09T22:36:03+00:00","dateModified":"2023-01-09T22:36:03+00:00","inLanguage":"fr-FR","potentialAction":[{"@type":"ReadAction","target":["https:\/\/universnews224.com\/index.php\/camp-koundara-dadis-retrace-son-parcours-apres-la-tentative-dassassinat-contre-sa-personne\/"]}]},{"@type":"WebSite","@id":"https:\/\/universnews224.com\/#website","url":"https:\/\/universnews224.com\/","name":"UNIVERSNEWS224","description":"","publisher":{"@id":"https:\/\/universnews224.com\/#organization"},"potentialAction":[{"@type":"SearchAction","target":{"@type":"EntryPoint","urlTemplate":"https:\/\/universnews224.com\/?s={search_term_string}"},"query-input":"required name=search_term_string"}],"inLanguage":"fr-FR"},{"@type":"Organization","@id":"https:\/\/universnews224.com\/#organization","name":"UNIVERSNEWS224","url":"https:\/\/universnews224.com\/","logo":{"@type":"ImageObject","inLanguage":"fr-FR","@id":"https:\/\/universnews224.com\/#\/schema\/logo\/image\/","url":"https:\/\/universnews224.com\/wp-content\/uploads\/2022\/08\/cropped-cropped-logoban.jpg","contentUrl":"https:\/\/universnews224.com\/wp-content\/uploads\/2022\/08\/cropped-cropped-logoban.jpg","width":1080,"height":138,"caption":"UNIVERSNEWS224"},"image":{"@id":"https:\/\/universnews224.com\/#\/schema\/logo\/image\/"}},{"@type":"Person","@id":"https:\/\/universnews224.com\/#\/schema\/person\/a4b7d4f94a4716df60456a491260485e","name":"La R\u00e9daction","image":{"@type":"ImageObject","inLanguage":"fr-FR","@id":"https:\/\/universnews224.com\/#\/schema\/person\/image\/","url":"https:\/\/secure.gravatar.com\/avatar\/edb90acc7752b23e1b3307ad36c14f0d?s=96&d=mm&r=g","contentUrl":"https:\/\/secure.gravatar.com\/avatar\/edb90acc7752b23e1b3307ad36c14f0d?s=96&d=mm&r=g","caption":"La R\u00e9daction"},"sameAs":["https:\/\/universnews224.com"],"url":"https:\/\/universnews224.com\/index.php\/author\/m-camara\/"}]}},"_links":{"self":[{"href":"https:\/\/universnews224.com\/index.php\/wp-json\/wp\/v2\/posts\/2744"}],"collection":[{"href":"https:\/\/universnews224.com\/index.php\/wp-json\/wp\/v2\/posts"}],"about":[{"href":"https:\/\/universnews224.com\/index.php\/wp-json\/wp\/v2\/types\/post"}],"author":[{"embeddable":true,"href":"https:\/\/universnews224.com\/index.php\/wp-json\/wp\/v2\/users\/2"}],"replies":[{"embeddable":true,"href":"https:\/\/universnews224.com\/index.php\/wp-json\/wp\/v2\/comments?post=2744"}],"version-history":[{"count":1,"href":"https:\/\/universnews224.com\/index.php\/wp-json\/wp\/v2\/posts\/2744\/revisions"}],"predecessor-version":[{"id":2746,"href":"https:\/\/universnews224.com\/index.php\/wp-json\/wp\/v2\/posts\/2744\/revisions\/2746"}],"wp:featuredmedia":[{"embeddable":true,"href":"https:\/\/universnews224.com\/index.php\/wp-json\/wp\/v2\/media\/2745"}],"wp:attachment":[{"href":"https:\/\/universnews224.com\/index.php\/wp-json\/wp\/v2\/media?parent=2744"}],"wp:term":[{"taxonomy":"category","embeddable":true,"href":"https:\/\/universnews224.com\/index.php\/wp-json\/wp\/v2\/categories?post=2744"},{"taxonomy":"post_tag","embeddable":true,"href":"https:\/\/universnews224.com\/index.php\/wp-json\/wp\/v2\/tags?post=2744"}],"curies":[{"name":"wp","href":"https:\/\/api.w.org\/{rel}","templated":true}]}}