{"id":2750,"date":"2023-01-09T23:41:38","date_gmt":"2023-01-09T22:41:38","guid":{"rendered":"https:\/\/universnews224.com\/?p=2750"},"modified":"2023-01-09T23:41:38","modified_gmt":"2023-01-09T22:41:38","slug":"dadis-camara-je-ne-demande-pas-pardon-pour-des-gens-qui-ont-commis-des-actes-crapuleux","status":"publish","type":"post","link":"https:\/\/universnews224.com\/index.php\/dadis-camara-je-ne-demande-pas-pardon-pour-des-gens-qui-ont-commis-des-actes-crapuleux\/","title":{"rendered":"Dadis Camara : \u00ab Je Ne Demande Pas Pardon Pour Des Gens Qui Ont Commis Des Actes Crapuleux \u00bb"},"content":{"rendered":"<p>La balle qu\u2019il a re\u00e7u au camp Koundara le 3 d\u00e9cembre 2009, ne lui a pas fait perdre connaissance, contrairement \u00e0 ce qui se disait au sein de l\u2019opinion.<\/p>\n<p>Capitaine Dadis Camara qui semble se souvenir de sa m\u00e9saventure, a retrac\u00e9 la sc\u00e8ne depuis le camp Koundara jusqu\u2019\u00e0\u00a0son transf\u00e8rement \u00e0 l\u2019h\u00f4pital et son \u00e9vacuation plus tard.<\/p>\n<p>\u00ab (\u2026)<em>Quand je suis venu au Camp Samory Tour\u00e9 apr\u00e8s quelques soins, l\u2019h\u00e9lico est venu me chercher pour la base militaire, direction camp Alpha Yaya. Quand nous sommes venus au camp Alpha Yaya je n\u2019ai fait que saluer les gens et puis je suis rentr\u00e9. C\u2019est plus tard on a fait le scanner pour parler de mon \u00e9vacuation \u00bb,<\/em>a-t-il r\u00e9v\u00e8le<\/p>\n<div class=\"jeg_ad jeg_ad_article jnews_content_inline_ads \">\n<div class=\"ads-wrapper align-center \">\n<div class=\"ads_code\"><ins class=\"adsbygoogle\" data-ad-client=\"ca-pub-1870189416508001\" data-ad-slot=\"5141807392\" data-ad-format=\"auto\" data-full-width-responsive=\"true\"><\/ins>Capitaine Dadis ajoute que c\u2019est au Burkina Faso qu\u2019il a appris la mort de son chauffeur Sankaran Kaba.&nbsp;<\/p>\n<p>\u00ab <em>Mais\u00a0je ne peux pas dire exactement qui lui a donn\u00e9 la mort. Et, c\u2019est au m\u00eame moment qu\u2019on m\u2019a inform\u00e9 de la mort de Joseph Makambo et tant d\u2019autres \u00bb,<\/em>explique-t-il.<\/p>\n<p>A la question de savoir pourquoi il n\u2019a pas demand\u00e9 pardon au peuple de Guin\u00e9e en tant que pr\u00e9sident de la transition \u00e0 l\u2019\u00e9poque des faits, Dadis Camara r\u00e9pond qu\u2019il n\u2019est pas question pour lui de le demander \u00e0 qui que ce soit \u00e0 partir du moment o\u00f9 les v\u00e9ritables auteurs des crimes qui ont endeuill\u00e9 des familles ont souscrit \u00e0 la d\u00e9n\u00e9gation syst\u00e9matique \u00e0 la barre.<\/p>\n<p>\u00ab<em>Ce n\u2019est parce que je ne veux pas demander pardon, mais je ne veux pas demander du moment o\u00f9 ceux qui ont commis les actes sont en train de nier ici (\u2026). A cet instant, je ne demande pas pardon pour des gens qui ont commis des actes crapuleux \u00bb,<\/em>a-t-il l\u00e2ch\u00e9.<\/p>\n<p>L\u2019affaire a ainsi \u00e9t\u00e9 renvoy\u00e9e \u00e0 ce mardi 10 janvier pour la suite de l\u2019interrogatoire de capitaine Moussa Dadis Camara.<\/p>\n<p>Mosaiqueguin\u00e9e<\/p>\n<\/div>\n<\/div>\n<\/div>\n<div class=\"saboxplugin-wrap\"><\/div>\n","protected":false},"excerpt":{"rendered":"<p>La balle qu\u2019il a re\u00e7u au camp Koundara le 3 d\u00e9cembre 2009, ne lui a<\/p>\n","protected":false},"author":2,"featured_media":2745,"comment_status":"closed","ping_status":"open","sticky":false,"template":"","format":"standard","meta":[],"categories":[3,4],"tags":[229],"yoast_head":"<!-- This site is optimized with the Yoast SEO plugin v19.13 - https:\/\/yoast.com\/wordpress\/plugins\/seo\/ -->\n<title>Dadis Camara : \u00ab Je Ne Demande Pas Pardon Pour Des Gens Qui Ont Commis Des Actes Crapuleux \u00bb - UNIVERSNEWS224<\/title>\n<meta name=\"robots\" content=\"index, follow, max-snippet:-1, max-image-preview:large, max-video-preview:-1\" \/>\n<link rel=\"canonical\" href=\"https:\/\/universnews224.com\/index.php\/dadis-camara-je-ne-demande-pas-pardon-pour-des-gens-qui-ont-commis-des-actes-crapuleux\/\" \/>\n<meta property=\"og:locale\" content=\"fr_FR\" \/>\n<meta property=\"og:type\" content=\"article\" \/>\n<meta property=\"og:title\" content=\"Dadis Camara : \u00ab Je Ne Demande Pas Pardon Pour Des Gens Qui Ont Commis Des Actes Crapuleux \u00bb - UNIVERSNEWS224\" \/>\n<meta property=\"og:description\" content=\"La balle qu\u2019il a re\u00e7u au camp Koundara le 3 d\u00e9cembre 2009, ne lui a\" \/>\n<meta property=\"og:url\" content=\"https:\/\/universnews224.com\/index.php\/dadis-camara-je-ne-demande-pas-pardon-pour-des-gens-qui-ont-commis-des-actes-crapuleux\/\" \/>\n<meta property=\"og:site_name\" content=\"UNIVERSNEWS224\" \/>\n<meta property=\"article:published_time\" content=\"2023-01-09T22:41:38+00:00\" \/>\n<meta property=\"og:image\" content=\"https:\/\/universnews224.com\/wp-content\/uploads\/2023\/01\/146D5282-11FC-4333-93F4-1F569C09187B.jpeg\" \/>\n\t<meta property=\"og:image:width\" content=\"1080\" \/>\n\t<meta property=\"og:image:height\" content=\"720\" \/>\n\t<meta property=\"og:image:type\" content=\"image\/jpeg\" \/>\n<meta name=\"author\" content=\"La R\u00e9daction\" \/>\n<meta name=\"twitter:label1\" content=\"\u00c9crit par\" \/>\n\t<meta name=\"twitter:data1\" content=\"La R\u00e9daction\" \/>\n\t<meta name=\"twitter:label2\" content=\"Dur\u00e9e de lecture estim\u00e9e\" \/>\n\t<meta name=\"twitter:data2\" content=\"2 minutes\" \/>\n<script type=\"application\/ld+json\" class=\"yoast-schema-graph\">{\"@context\":\"https:\/\/schema.org\",\"@graph\":[{\"@type\":\"Article\",\"@id\":\"https:\/\/universnews224.com\/index.php\/dadis-camara-je-ne-demande-pas-pardon-pour-des-gens-qui-ont-commis-des-actes-crapuleux\/#article\",\"isPartOf\":{\"@id\":\"https:\/\/universnews224.com\/index.php\/dadis-camara-je-ne-demande-pas-pardon-pour-des-gens-qui-ont-commis-des-actes-crapuleux\/\"},\"author\":{\"name\":\"La R\u00e9daction\",\"@id\":\"https:\/\/universnews224.com\/#\/schema\/person\/a4b7d4f94a4716df60456a491260485e\"},\"headline\":\"Dadis Camara : \u00ab Je Ne Demande Pas Pardon Pour Des Gens Qui Ont Commis Des Actes Crapuleux \u00bb\",\"datePublished\":\"2023-01-09T22:41:38+00:00\",\"dateModified\":\"2023-01-09T22:41:38+00:00\",\"mainEntityOfPage\":{\"@id\":\"https:\/\/universnews224.com\/index.php\/dadis-camara-je-ne-demande-pas-pardon-pour-des-gens-qui-ont-commis-des-actes-crapuleux\/\"},\"wordCount\":349,\"publisher\":{\"@id\":\"https:\/\/universnews224.com\/#organization\"},\"keywords\":[\"La une\"],\"articleSection\":[\"ACTU\",\"POLITIQUE\"],\"inLanguage\":\"fr-FR\"},{\"@type\":\"WebPage\",\"@id\":\"https:\/\/universnews224.com\/index.php\/dadis-camara-je-ne-demande-pas-pardon-pour-des-gens-qui-ont-commis-des-actes-crapuleux\/\",\"url\":\"https:\/\/universnews224.com\/index.php\/dadis-camara-je-ne-demande-pas-pardon-pour-des-gens-qui-ont-commis-des-actes-crapuleux\/\",\"name\":\"Dadis Camara : \u00ab Je Ne Demande Pas Pardon Pour Des Gens Qui Ont Commis Des Actes Crapuleux \u00bb - UNIVERSNEWS224\",\"isPartOf\":{\"@id\":\"https:\/\/universnews224.com\/#website\"},\"datePublished\":\"2023-01-09T22:41:38+00:00\",\"dateModified\":\"2023-01-09T22:41:38+00:00\",\"inLanguage\":\"fr-FR\",\"potentialAction\":[{\"@type\":\"ReadAction\",\"target\":[\"https:\/\/universnews224.com\/index.php\/dadis-camara-je-ne-demande-pas-pardon-pour-des-gens-qui-ont-commis-des-actes-crapuleux\/\"]}]},{\"@type\":\"WebSite\",\"@id\":\"https:\/\/universnews224.com\/#website\",\"url\":\"https:\/\/universnews224.com\/\",\"name\":\"UNIVERSNEWS224\",\"description\":\"\",\"publisher\":{\"@id\":\"https:\/\/universnews224.com\/#organization\"},\"potentialAction\":[{\"@type\":\"SearchAction\",\"target\":{\"@type\":\"EntryPoint\",\"urlTemplate\":\"https:\/\/universnews224.com\/?s={search_term_string}\"},\"query-input\":\"required name=search_term_string\"}],\"inLanguage\":\"fr-FR\"},{\"@type\":\"Organization\",\"@id\":\"https:\/\/universnews224.com\/#organization\",\"name\":\"UNIVERSNEWS224\",\"url\":\"https:\/\/universnews224.com\/\",\"logo\":{\"@type\":\"ImageObject\",\"inLanguage\":\"fr-FR\",\"@id\":\"https:\/\/universnews224.com\/#\/schema\/logo\/image\/\",\"url\":\"https:\/\/universnews224.com\/wp-content\/uploads\/2022\/08\/cropped-cropped-logoban.jpg\",\"contentUrl\":\"https:\/\/universnews224.com\/wp-content\/uploads\/2022\/08\/cropped-cropped-logoban.jpg\",\"width\":1080,\"height\":138,\"caption\":\"UNIVERSNEWS224\"},\"image\":{\"@id\":\"https:\/\/universnews224.com\/#\/schema\/logo\/image\/\"}},{\"@type\":\"Person\",\"@id\":\"https:\/\/universnews224.com\/#\/schema\/person\/a4b7d4f94a4716df60456a491260485e\",\"name\":\"La R\u00e9daction\",\"image\":{\"@type\":\"ImageObject\",\"inLanguage\":\"fr-FR\",\"@id\":\"https:\/\/universnews224.com\/#\/schema\/person\/image\/\",\"url\":\"https:\/\/secure.gravatar.com\/avatar\/edb90acc7752b23e1b3307ad36c14f0d?s=96&d=mm&r=g\",\"contentUrl\":\"https:\/\/secure.gravatar.com\/avatar\/edb90acc7752b23e1b3307ad36c14f0d?s=96&d=mm&r=g\",\"caption\":\"La R\u00e9daction\"},\"sameAs\":[\"https:\/\/universnews224.com\"],\"url\":\"https:\/\/universnews224.com\/index.php\/author\/m-camara\/\"}]}<\/script>\n<!-- \/ Yoast SEO plugin. -->","yoast_head_json":{"title":"Dadis Camara : \u00ab Je Ne Demande Pas Pardon Pour Des Gens Qui Ont Commis Des Actes Crapuleux \u00bb - UNIVERSNEWS224","robots":{"index":"index","follow":"follow","max-snippet":"max-snippet:-1","max-image-preview":"max-image-preview:large","max-video-preview":"max-video-preview:-1"},"canonical":"https:\/\/universnews224.com\/index.php\/dadis-camara-je-ne-demande-pas-pardon-pour-des-gens-qui-ont-commis-des-actes-crapuleux\/","og_locale":"fr_FR","og_type":"article","og_title":"Dadis Camara : \u00ab Je Ne Demande Pas Pardon Pour Des Gens Qui Ont Commis Des Actes Crapuleux \u00bb - UNIVERSNEWS224","og_description":"La balle qu\u2019il a re\u00e7u au camp Koundara le 3 d\u00e9cembre 2009, ne lui a","og_url":"https:\/\/universnews224.com\/index.php\/dadis-camara-je-ne-demande-pas-pardon-pour-des-gens-qui-ont-commis-des-actes-crapuleux\/","og_site_name":"UNIVERSNEWS224","article_published_time":"2023-01-09T22:41:38+00:00","og_image":[{"width":1080,"height":720,"url":"https:\/\/universnews224.com\/wp-content\/uploads\/2023\/01\/146D5282-11FC-4333-93F4-1F569C09187B.jpeg","type":"image\/jpeg"}],"author":"La R\u00e9daction","twitter_misc":{"\u00c9crit par":"La R\u00e9daction","Dur\u00e9e de lecture estim\u00e9e":"2 minutes"},"schema":{"@context":"https:\/\/schema.org","@graph":[{"@type":"Article","@id":"https:\/\/universnews224.com\/index.php\/dadis-camara-je-ne-demande-pas-pardon-pour-des-gens-qui-ont-commis-des-actes-crapuleux\/#article","isPartOf":{"@id":"https:\/\/universnews224.com\/index.php\/dadis-camara-je-ne-demande-pas-pardon-pour-des-gens-qui-ont-commis-des-actes-crapuleux\/"},"author":{"name":"La R\u00e9daction","@id":"https:\/\/universnews224.com\/#\/schema\/person\/a4b7d4f94a4716df60456a491260485e"},"headline":"Dadis Camara : \u00ab Je Ne Demande Pas Pardon Pour Des Gens Qui Ont Commis Des Actes Crapuleux \u00bb","datePublished":"2023-01-09T22:41:38+00:00","dateModified":"2023-01-09T22:41:38+00:00","mainEntityOfPage":{"@id":"https:\/\/universnews224.com\/index.php\/dadis-camara-je-ne-demande-pas-pardon-pour-des-gens-qui-ont-commis-des-actes-crapuleux\/"},"wordCount":349,"publisher":{"@id":"https:\/\/universnews224.com\/#organization"},"keywords":["La une"],"articleSection":["ACTU","POLITIQUE"],"inLanguage":"fr-FR"},{"@type":"WebPage","@id":"https:\/\/universnews224.com\/index.php\/dadis-camara-je-ne-demande-pas-pardon-pour-des-gens-qui-ont-commis-des-actes-crapuleux\/","url":"https:\/\/universnews224.com\/index.php\/dadis-camara-je-ne-demande-pas-pardon-pour-des-gens-qui-ont-commis-des-actes-crapuleux\/","name":"Dadis Camara : \u00ab Je Ne Demande Pas Pardon Pour Des Gens Qui Ont Commis Des Actes Crapuleux \u00bb - UNIVERSNEWS224","isPartOf":{"@id":"https:\/\/universnews224.com\/#website"},"datePublished":"2023-01-09T22:41:38+00:00","dateModified":"2023-01-09T22:41:38+00:00","inLanguage":"fr-FR","potentialAction":[{"@type":"ReadAction","target":["https:\/\/universnews224.com\/index.php\/dadis-camara-je-ne-demande-pas-pardon-pour-des-gens-qui-ont-commis-des-actes-crapuleux\/"]}]},{"@type":"WebSite","@id":"https:\/\/universnews224.com\/#website","url":"https:\/\/universnews224.com\/","name":"UNIVERSNEWS224","description":"","publisher":{"@id":"https:\/\/universnews224.com\/#organization"},"potentialAction":[{"@type":"SearchAction","target":{"@type":"EntryPoint","urlTemplate":"https:\/\/universnews224.com\/?s={search_term_string}"},"query-input":"required name=search_term_string"}],"inLanguage":"fr-FR"},{"@type":"Organization","@id":"https:\/\/universnews224.com\/#organization","name":"UNIVERSNEWS224","url":"https:\/\/universnews224.com\/","logo":{"@type":"ImageObject","inLanguage":"fr-FR","@id":"https:\/\/universnews224.com\/#\/schema\/logo\/image\/","url":"https:\/\/universnews224.com\/wp-content\/uploads\/2022\/08\/cropped-cropped-logoban.jpg","contentUrl":"https:\/\/universnews224.com\/wp-content\/uploads\/2022\/08\/cropped-cropped-logoban.jpg","width":1080,"height":138,"caption":"UNIVERSNEWS224"},"image":{"@id":"https:\/\/universnews224.com\/#\/schema\/logo\/image\/"}},{"@type":"Person","@id":"https:\/\/universnews224.com\/#\/schema\/person\/a4b7d4f94a4716df60456a491260485e","name":"La R\u00e9daction","image":{"@type":"ImageObject","inLanguage":"fr-FR","@id":"https:\/\/universnews224.com\/#\/schema\/person\/image\/","url":"https:\/\/secure.gravatar.com\/avatar\/edb90acc7752b23e1b3307ad36c14f0d?s=96&d=mm&r=g","contentUrl":"https:\/\/secure.gravatar.com\/avatar\/edb90acc7752b23e1b3307ad36c14f0d?s=96&d=mm&r=g","caption":"La R\u00e9daction"},"sameAs":["https:\/\/universnews224.com"],"url":"https:\/\/universnews224.com\/index.php\/author\/m-camara\/"}]}},"_links":{"self":[{"href":"https:\/\/universnews224.com\/index.php\/wp-json\/wp\/v2\/posts\/2750"}],"collection":[{"href":"https:\/\/universnews224.com\/index.php\/wp-json\/wp\/v2\/posts"}],"about":[{"href":"https:\/\/universnews224.com\/index.php\/wp-json\/wp\/v2\/types\/post"}],"author":[{"embeddable":true,"href":"https:\/\/universnews224.com\/index.php\/wp-json\/wp\/v2\/users\/2"}],"replies":[{"embeddable":true,"href":"https:\/\/universnews224.com\/index.php\/wp-json\/wp\/v2\/comments?post=2750"}],"version-history":[{"count":1,"href":"https:\/\/universnews224.com\/index.php\/wp-json\/wp\/v2\/posts\/2750\/revisions"}],"predecessor-version":[{"id":2751,"href":"https:\/\/universnews224.com\/index.php\/wp-json\/wp\/v2\/posts\/2750\/revisions\/2751"}],"wp:featuredmedia":[{"embeddable":true,"href":"https:\/\/universnews224.com\/index.php\/wp-json\/wp\/v2\/media\/2745"}],"wp:attachment":[{"href":"https:\/\/universnews224.com\/index.php\/wp-json\/wp\/v2\/media?parent=2750"}],"wp:term":[{"taxonomy":"category","embeddable":true,"href":"https:\/\/universnews224.com\/index.php\/wp-json\/wp\/v2\/categories?post=2750"},{"taxonomy":"post_tag","embeddable":true,"href":"https:\/\/universnews224.com\/index.php\/wp-json\/wp\/v2\/tags?post=2750"}],"curies":[{"name":"wp","href":"https:\/\/api.w.org\/{rel}","templated":true}]}}