{"id":2761,"date":"2023-01-12T00:14:21","date_gmt":"2023-01-11T23:14:21","guid":{"rendered":"https:\/\/universnews224.com\/?p=2761"},"modified":"2023-01-12T00:14:21","modified_gmt":"2023-01-11T23:14:21","slug":"proces-du-massacre-du-28-septembre-2009-dadis-ne-souhaite-aucun-face-a-face-avec-toumba","status":"publish","type":"post","link":"https:\/\/universnews224.com\/index.php\/proces-du-massacre-du-28-septembre-2009-dadis-ne-souhaite-aucun-face-a-face-avec-toumba\/","title":{"rendered":"Proc\u00e8s du massacre du 28 septembre 2009: Dadis ne souhaite aucun face \u00e0 face avec Toumba"},"content":{"rendered":"<p>Le proc\u00e8s du massacre du 28 septembre se poursuit ce mercredi, 11 janvier 2023 au tribunal criminel de Dixinn, d\u00e9localis\u00e9 \u00e0 la cour d\u2019appel de Conakry. Toujours \u00e0 la barre depuis plusieurs semaines, le capitaine Moussa Dadis Camara continue \u00e0 nier les faits \u00e0 lui reprocher.<\/p>\n<p>&nbsp;<\/p>\n<div class=\"jeg_ad jeg_ad_article jnews_content_inline_3_ads  \">\n<div class=\"ads-wrapper align-center \"><\/div>\n<\/div>\n<p>A la question d\u2019un avocat du Commandant Aboubacar Sidiki Diakit\u00e9, alias Toumba s\u2019il est pr\u00eat pour une confrontation avec celui-ci, l\u2019ancien chef de la junte r\u00e9pond par la n\u00e9gation.<\/p>\n<p>&nbsp;<\/p>\n<p>\u00ab\u00a0Comment on peut \u00eatre confront\u00e9 avec quelqu\u2019un qui raconte des all\u00e9gations. Je ne suis pas pr\u00eat pour une confrontation avec lui (Toumba ndlr)\u00a0\u00bb, a-t-il lanc\u00e9 en sanglot.<\/p>\n<p>&nbsp;<\/p>\n<p>Au moment o\u00f9 nous mettons en ligne cet article, l\u2019audience se poursuit \u00e0 la barre du tribunal du juge Ibrahima Sory II Tounkara.<\/p>\n","protected":false},"excerpt":{"rendered":"<p>Le proc\u00e8s du massacre du 28 septembre se poursuit ce mercredi, 11 janvier 2023 au<\/p>\n","protected":false},"author":2,"featured_media":2745,"comment_status":"closed","ping_status":"open","sticky":false,"template":"","format":"standard","meta":[],"categories":[3,4],"tags":[229],"yoast_head":"<!-- This site is optimized with the Yoast SEO plugin v19.13 - https:\/\/yoast.com\/wordpress\/plugins\/seo\/ -->\n<title>Proc\u00e8s du massacre du 28 septembre 2009: Dadis ne souhaite aucun face \u00e0 face avec Toumba - UNIVERSNEWS224<\/title>\n<meta name=\"robots\" content=\"index, follow, max-snippet:-1, max-image-preview:large, max-video-preview:-1\" \/>\n<link rel=\"canonical\" href=\"https:\/\/universnews224.com\/index.php\/proces-du-massacre-du-28-septembre-2009-dadis-ne-souhaite-aucun-face-a-face-avec-toumba\/\" \/>\n<meta property=\"og:locale\" content=\"fr_FR\" \/>\n<meta property=\"og:type\" content=\"article\" \/>\n<meta property=\"og:title\" content=\"Proc\u00e8s du massacre du 28 septembre 2009: Dadis ne souhaite aucun face \u00e0 face avec Toumba - UNIVERSNEWS224\" \/>\n<meta property=\"og:description\" content=\"Le proc\u00e8s du massacre du 28 septembre se poursuit ce mercredi, 11 janvier 2023 au\" \/>\n<meta property=\"og:url\" content=\"https:\/\/universnews224.com\/index.php\/proces-du-massacre-du-28-septembre-2009-dadis-ne-souhaite-aucun-face-a-face-avec-toumba\/\" \/>\n<meta property=\"og:site_name\" content=\"UNIVERSNEWS224\" \/>\n<meta property=\"article:published_time\" content=\"2023-01-11T23:14:21+00:00\" \/>\n<meta property=\"og:image\" content=\"https:\/\/universnews224.com\/wp-content\/uploads\/2023\/01\/146D5282-11FC-4333-93F4-1F569C09187B.jpeg\" \/>\n\t<meta property=\"og:image:width\" content=\"1080\" \/>\n\t<meta property=\"og:image:height\" content=\"720\" \/>\n\t<meta property=\"og:image:type\" content=\"image\/jpeg\" \/>\n<meta name=\"author\" content=\"La R\u00e9daction\" \/>\n<meta name=\"twitter:label1\" content=\"\u00c9crit par\" \/>\n\t<meta name=\"twitter:data1\" content=\"La R\u00e9daction\" \/>\n\t<meta name=\"twitter:label2\" content=\"Dur\u00e9e de lecture estim\u00e9e\" \/>\n\t<meta name=\"twitter:data2\" content=\"1 minute\" \/>\n<script type=\"application\/ld+json\" class=\"yoast-schema-graph\">{\"@context\":\"https:\/\/schema.org\",\"@graph\":[{\"@type\":\"Article\",\"@id\":\"https:\/\/universnews224.com\/index.php\/proces-du-massacre-du-28-septembre-2009-dadis-ne-souhaite-aucun-face-a-face-avec-toumba\/#article\",\"isPartOf\":{\"@id\":\"https:\/\/universnews224.com\/index.php\/proces-du-massacre-du-28-septembre-2009-dadis-ne-souhaite-aucun-face-a-face-avec-toumba\/\"},\"author\":{\"name\":\"La R\u00e9daction\",\"@id\":\"https:\/\/universnews224.com\/#\/schema\/person\/a4b7d4f94a4716df60456a491260485e\"},\"headline\":\"Proc\u00e8s du massacre du 28 septembre 2009: Dadis ne souhaite aucun face \u00e0 face avec Toumba\",\"datePublished\":\"2023-01-11T23:14:21+00:00\",\"dateModified\":\"2023-01-11T23:14:21+00:00\",\"mainEntityOfPage\":{\"@id\":\"https:\/\/universnews224.com\/index.php\/proces-du-massacre-du-28-septembre-2009-dadis-ne-souhaite-aucun-face-a-face-avec-toumba\/\"},\"wordCount\":147,\"publisher\":{\"@id\":\"https:\/\/universnews224.com\/#organization\"},\"keywords\":[\"La une\"],\"articleSection\":[\"ACTU\",\"POLITIQUE\"],\"inLanguage\":\"fr-FR\"},{\"@type\":\"WebPage\",\"@id\":\"https:\/\/universnews224.com\/index.php\/proces-du-massacre-du-28-septembre-2009-dadis-ne-souhaite-aucun-face-a-face-avec-toumba\/\",\"url\":\"https:\/\/universnews224.com\/index.php\/proces-du-massacre-du-28-septembre-2009-dadis-ne-souhaite-aucun-face-a-face-avec-toumba\/\",\"name\":\"Proc\u00e8s du massacre du 28 septembre 2009: Dadis ne souhaite aucun face \u00e0 face avec Toumba - UNIVERSNEWS224\",\"isPartOf\":{\"@id\":\"https:\/\/universnews224.com\/#website\"},\"datePublished\":\"2023-01-11T23:14:21+00:00\",\"dateModified\":\"2023-01-11T23:14:21+00:00\",\"inLanguage\":\"fr-FR\",\"potentialAction\":[{\"@type\":\"ReadAction\",\"target\":[\"https:\/\/universnews224.com\/index.php\/proces-du-massacre-du-28-septembre-2009-dadis-ne-souhaite-aucun-face-a-face-avec-toumba\/\"]}]},{\"@type\":\"WebSite\",\"@id\":\"https:\/\/universnews224.com\/#website\",\"url\":\"https:\/\/universnews224.com\/\",\"name\":\"UNIVERSNEWS224\",\"description\":\"\",\"publisher\":{\"@id\":\"https:\/\/universnews224.com\/#organization\"},\"potentialAction\":[{\"@type\":\"SearchAction\",\"target\":{\"@type\":\"EntryPoint\",\"urlTemplate\":\"https:\/\/universnews224.com\/?s={search_term_string}\"},\"query-input\":\"required name=search_term_string\"}],\"inLanguage\":\"fr-FR\"},{\"@type\":\"Organization\",\"@id\":\"https:\/\/universnews224.com\/#organization\",\"name\":\"UNIVERSNEWS224\",\"url\":\"https:\/\/universnews224.com\/\",\"logo\":{\"@type\":\"ImageObject\",\"inLanguage\":\"fr-FR\",\"@id\":\"https:\/\/universnews224.com\/#\/schema\/logo\/image\/\",\"url\":\"https:\/\/universnews224.com\/wp-content\/uploads\/2022\/08\/cropped-cropped-logoban.jpg\",\"contentUrl\":\"https:\/\/universnews224.com\/wp-content\/uploads\/2022\/08\/cropped-cropped-logoban.jpg\",\"width\":1080,\"height\":138,\"caption\":\"UNIVERSNEWS224\"},\"image\":{\"@id\":\"https:\/\/universnews224.com\/#\/schema\/logo\/image\/\"}},{\"@type\":\"Person\",\"@id\":\"https:\/\/universnews224.com\/#\/schema\/person\/a4b7d4f94a4716df60456a491260485e\",\"name\":\"La R\u00e9daction\",\"image\":{\"@type\":\"ImageObject\",\"inLanguage\":\"fr-FR\",\"@id\":\"https:\/\/universnews224.com\/#\/schema\/person\/image\/\",\"url\":\"https:\/\/secure.gravatar.com\/avatar\/edb90acc7752b23e1b3307ad36c14f0d?s=96&d=mm&r=g\",\"contentUrl\":\"https:\/\/secure.gravatar.com\/avatar\/edb90acc7752b23e1b3307ad36c14f0d?s=96&d=mm&r=g\",\"caption\":\"La R\u00e9daction\"},\"sameAs\":[\"https:\/\/universnews224.com\"],\"url\":\"https:\/\/universnews224.com\/index.php\/author\/m-camara\/\"}]}<\/script>\n<!-- \/ Yoast SEO plugin. -->","yoast_head_json":{"title":"Proc\u00e8s du massacre du 28 septembre 2009: Dadis ne souhaite aucun face \u00e0 face avec Toumba - UNIVERSNEWS224","robots":{"index":"index","follow":"follow","max-snippet":"max-snippet:-1","max-image-preview":"max-image-preview:large","max-video-preview":"max-video-preview:-1"},"canonical":"https:\/\/universnews224.com\/index.php\/proces-du-massacre-du-28-septembre-2009-dadis-ne-souhaite-aucun-face-a-face-avec-toumba\/","og_locale":"fr_FR","og_type":"article","og_title":"Proc\u00e8s du massacre du 28 septembre 2009: Dadis ne souhaite aucun face \u00e0 face avec Toumba - UNIVERSNEWS224","og_description":"Le proc\u00e8s du massacre du 28 septembre se poursuit ce mercredi, 11 janvier 2023 au","og_url":"https:\/\/universnews224.com\/index.php\/proces-du-massacre-du-28-septembre-2009-dadis-ne-souhaite-aucun-face-a-face-avec-toumba\/","og_site_name":"UNIVERSNEWS224","article_published_time":"2023-01-11T23:14:21+00:00","og_image":[{"width":1080,"height":720,"url":"https:\/\/universnews224.com\/wp-content\/uploads\/2023\/01\/146D5282-11FC-4333-93F4-1F569C09187B.jpeg","type":"image\/jpeg"}],"author":"La R\u00e9daction","twitter_misc":{"\u00c9crit par":"La R\u00e9daction","Dur\u00e9e de lecture estim\u00e9e":"1 minute"},"schema":{"@context":"https:\/\/schema.org","@graph":[{"@type":"Article","@id":"https:\/\/universnews224.com\/index.php\/proces-du-massacre-du-28-septembre-2009-dadis-ne-souhaite-aucun-face-a-face-avec-toumba\/#article","isPartOf":{"@id":"https:\/\/universnews224.com\/index.php\/proces-du-massacre-du-28-septembre-2009-dadis-ne-souhaite-aucun-face-a-face-avec-toumba\/"},"author":{"name":"La R\u00e9daction","@id":"https:\/\/universnews224.com\/#\/schema\/person\/a4b7d4f94a4716df60456a491260485e"},"headline":"Proc\u00e8s du massacre du 28 septembre 2009: Dadis ne souhaite aucun face \u00e0 face avec Toumba","datePublished":"2023-01-11T23:14:21+00:00","dateModified":"2023-01-11T23:14:21+00:00","mainEntityOfPage":{"@id":"https:\/\/universnews224.com\/index.php\/proces-du-massacre-du-28-septembre-2009-dadis-ne-souhaite-aucun-face-a-face-avec-toumba\/"},"wordCount":147,"publisher":{"@id":"https:\/\/universnews224.com\/#organization"},"keywords":["La une"],"articleSection":["ACTU","POLITIQUE"],"inLanguage":"fr-FR"},{"@type":"WebPage","@id":"https:\/\/universnews224.com\/index.php\/proces-du-massacre-du-28-septembre-2009-dadis-ne-souhaite-aucun-face-a-face-avec-toumba\/","url":"https:\/\/universnews224.com\/index.php\/proces-du-massacre-du-28-septembre-2009-dadis-ne-souhaite-aucun-face-a-face-avec-toumba\/","name":"Proc\u00e8s du massacre du 28 septembre 2009: Dadis ne souhaite aucun face \u00e0 face avec Toumba - UNIVERSNEWS224","isPartOf":{"@id":"https:\/\/universnews224.com\/#website"},"datePublished":"2023-01-11T23:14:21+00:00","dateModified":"2023-01-11T23:14:21+00:00","inLanguage":"fr-FR","potentialAction":[{"@type":"ReadAction","target":["https:\/\/universnews224.com\/index.php\/proces-du-massacre-du-28-septembre-2009-dadis-ne-souhaite-aucun-face-a-face-avec-toumba\/"]}]},{"@type":"WebSite","@id":"https:\/\/universnews224.com\/#website","url":"https:\/\/universnews224.com\/","name":"UNIVERSNEWS224","description":"","publisher":{"@id":"https:\/\/universnews224.com\/#organization"},"potentialAction":[{"@type":"SearchAction","target":{"@type":"EntryPoint","urlTemplate":"https:\/\/universnews224.com\/?s={search_term_string}"},"query-input":"required name=search_term_string"}],"inLanguage":"fr-FR"},{"@type":"Organization","@id":"https:\/\/universnews224.com\/#organization","name":"UNIVERSNEWS224","url":"https:\/\/universnews224.com\/","logo":{"@type":"ImageObject","inLanguage":"fr-FR","@id":"https:\/\/universnews224.com\/#\/schema\/logo\/image\/","url":"https:\/\/universnews224.com\/wp-content\/uploads\/2022\/08\/cropped-cropped-logoban.jpg","contentUrl":"https:\/\/universnews224.com\/wp-content\/uploads\/2022\/08\/cropped-cropped-logoban.jpg","width":1080,"height":138,"caption":"UNIVERSNEWS224"},"image":{"@id":"https:\/\/universnews224.com\/#\/schema\/logo\/image\/"}},{"@type":"Person","@id":"https:\/\/universnews224.com\/#\/schema\/person\/a4b7d4f94a4716df60456a491260485e","name":"La R\u00e9daction","image":{"@type":"ImageObject","inLanguage":"fr-FR","@id":"https:\/\/universnews224.com\/#\/schema\/person\/image\/","url":"https:\/\/secure.gravatar.com\/avatar\/edb90acc7752b23e1b3307ad36c14f0d?s=96&d=mm&r=g","contentUrl":"https:\/\/secure.gravatar.com\/avatar\/edb90acc7752b23e1b3307ad36c14f0d?s=96&d=mm&r=g","caption":"La R\u00e9daction"},"sameAs":["https:\/\/universnews224.com"],"url":"https:\/\/universnews224.com\/index.php\/author\/m-camara\/"}]}},"_links":{"self":[{"href":"https:\/\/universnews224.com\/index.php\/wp-json\/wp\/v2\/posts\/2761"}],"collection":[{"href":"https:\/\/universnews224.com\/index.php\/wp-json\/wp\/v2\/posts"}],"about":[{"href":"https:\/\/universnews224.com\/index.php\/wp-json\/wp\/v2\/types\/post"}],"author":[{"embeddable":true,"href":"https:\/\/universnews224.com\/index.php\/wp-json\/wp\/v2\/users\/2"}],"replies":[{"embeddable":true,"href":"https:\/\/universnews224.com\/index.php\/wp-json\/wp\/v2\/comments?post=2761"}],"version-history":[{"count":1,"href":"https:\/\/universnews224.com\/index.php\/wp-json\/wp\/v2\/posts\/2761\/revisions"}],"predecessor-version":[{"id":2762,"href":"https:\/\/universnews224.com\/index.php\/wp-json\/wp\/v2\/posts\/2761\/revisions\/2762"}],"wp:featuredmedia":[{"embeddable":true,"href":"https:\/\/universnews224.com\/index.php\/wp-json\/wp\/v2\/media\/2745"}],"wp:attachment":[{"href":"https:\/\/universnews224.com\/index.php\/wp-json\/wp\/v2\/media?parent=2761"}],"wp:term":[{"taxonomy":"category","embeddable":true,"href":"https:\/\/universnews224.com\/index.php\/wp-json\/wp\/v2\/categories?post=2761"},{"taxonomy":"post_tag","embeddable":true,"href":"https:\/\/universnews224.com\/index.php\/wp-json\/wp\/v2\/tags?post=2761"}],"curies":[{"name":"wp","href":"https:\/\/api.w.org\/{rel}","templated":true}]}}