{"id":2763,"date":"2023-01-12T18:58:00","date_gmt":"2023-01-12T17:58:00","guid":{"rendered":"https:\/\/universnews224.com\/?p=2763"},"modified":"2023-01-12T18:58:00","modified_gmt":"2023-01-12T17:58:00","slug":"manif-du-rpg-arc-en-ciel-du-14-janvier-a-paris-cest-une-manifestation-pour-faire-comprendre-a-lopinion-francaise-que-ce-qui-se-passe-en-guinee-nest-pas-normal-k","status":"publish","type":"post","link":"https:\/\/universnews224.com\/index.php\/manif-du-rpg-arc-en-ciel-du-14-janvier-a-paris-cest-une-manifestation-pour-faire-comprendre-a-lopinion-francaise-que-ce-qui-se-passe-en-guinee-nest-pas-normal-k\/","title":{"rendered":"Manif du RPG arc-en-ciel du 14 janvier \u00e0 Paris: \u00abC\u2019est une manifestation pour faire comprendre \u00e0 l\u2019opinion fran\u00e7aise que ce qui se passe en Guin\u00e9e n\u2019est pas normal\u00bb Kramo Nab\u00e9"},"content":{"rendered":"<p class=\"p3\">Le RGP arc-en-ciel France organisera le 14 f\u00e9vrier prochain \u00e0 la place de la R\u00e9publique \u00e0 Paris, une manifestation pour exiger le retour rapide \u00e0 l\u2019ordre constitutionnel, le retour des exil\u00e9s politiques , mais aussi demander la lib\u00e9ration des prisonniers politiques.<\/p>\n<p class=\"p3\"><span class=\"s2\">Joint au t\u00e9l\u00e9phone par notre r\u00e9daction depuis Paris, Kramo Nab\u00e9, secr\u00e9taire g\u00e9n\u00e9ral du RPG-France et coordinateur des sections RPG arc-en-ciel d\u2019Europe revient sur les objectifs de cette manifestation. <\/span><\/p>\n<p class=\"p3\"><span class=\"s2\">\u00abNous organisons une manifestation \u00e0 la place de la R\u00e9publique \u00e0 Paris le 14 janvier prochain. C\u2019est une manifestation qui ne concerne pas que le RPG, c\u2019est une manifestation qui concerne tous les patriotes guin\u00e9ens, tous ceux qui ne sont pas d\u2019accord aujourd\u2019hui avec ce qui se passe en R\u00e9publique de Guin\u00e9e avec la gestion de la junte. Donc, nous, nous allons appeler \u00e0 une manifestation qui regroupe tout le monde pour que les guin\u00e9ens apprennent \u00e0 se donner les mains et \u00e0 se pardonner. Pour faire en sorte que cette junte quitte au pouvoir, parce qu\u2019ils ont montr\u00e9 leur incapacit\u00e9 \u00e0 g\u00e9rer ce pays. Donc, aujourd\u2019hui, que \u00e7a soit le RPG, l\u2019ANAD , le FNDC et tous les panafricains d\u2019ailleurs parce qu\u2019on fait appel \u00e0 tous les panafricains qui sont contre le coup d\u2019Etat. Pour essayer de faire en sorte que la transition prenne fin. Et donc, les principaux objectifs sont: le retour \u00e0 l\u2019ordre constitutionnel de fa\u00e7on imm\u00e9diate en Guin\u00e9e, la lib\u00e9ration de tous d\u00e9tenus politiques injustement emprisonn\u00e9s. Parce qu\u2019on a compris aujourd\u2019hui que la justice est instrumentalis\u00e9e. Et le retour de tous exil\u00e9s politiques notamment, El Hadj Cellou Dalein Diallo, Sydia Tour\u00e9, Aboubacar Soumah, Sekou Koundouno.C\u2019est une manifestation \u00e9galement pour faire comprendre \u00e0 l\u2019opinion fran\u00e7aise que ce qui se passe en Guin\u00e9e n\u2019est pas normal\u00bb, a t-il indiqu\u00e9. <\/span><\/p>\n<p class=\"p3\"><span class=\"s2\">Poursuivant, M Nab\u00e9 a laiss\u00e9 entendre que toutes dispositions sont d\u00e9j\u00e0 prises pour la r\u00e9ussite de cette manifestation dont ils comptent mobiliser des milliers de personnes. <\/span><\/p>\n<p class=\"p3\"><span class=\"s2\">\u00abOn ne peut pas exactement donner le nombre, mais nous comptons mobiliser des milliers de personnes \u00e0 la place de la R\u00e9publique \u00e0 Paris. On a pris tous les contacts non seulement aupr\u00e8s de tous les panafricains que \u00e7a soit les congolais, les ivoiriens, les maliens, mais aussi aupr\u00e8s toute la communaut\u00e9 guin\u00e9enne en France. Et nous avons mobilis\u00e9 toute la communaut\u00e9 guin\u00e9enne dans les sept (7) pays de la coordination europ\u00e9enne; la France, la Belgique, la Hollande, l\u2019Italie, l\u2019Espagne, l\u2019Angleterre etc.. Toutes les dispositions sont prises aujourd\u2019hui pour les faire venir sur Paris ce jour-l\u00e0 et pour montrer \u00e0 la communaut\u00e9 internationale que la Guin\u00e9e va tout droit dans le mur\u00bb a t-il martel\u00e9. <\/span><\/p>\n<p class=\"p3\"><span class=\"s2\">Camara Mamadouba<\/span><\/p>\n<p class=\"p3\"><span class=\"s2\">611 46 04 10 <\/span><\/p>\n","protected":false},"excerpt":{"rendered":"<p>Le RGP arc-en-ciel France organisera le 14 f\u00e9vrier prochain \u00e0 la place de la R\u00e9publique<\/p>\n","protected":false},"author":2,"featured_media":2764,"comment_status":"closed","ping_status":"open","sticky":false,"template":"","format":"standard","meta":[],"categories":[3,4],"tags":[229],"yoast_head":"<!-- This site is optimized with the Yoast SEO plugin v19.13 - https:\/\/yoast.com\/wordpress\/plugins\/seo\/ -->\n<title>Manif du RPG arc-en-ciel du 14 janvier \u00e0 Paris: \u00abC\u2019est une manifestation pour faire comprendre \u00e0 l\u2019opinion fran\u00e7aise que ce qui se passe en Guin\u00e9e n\u2019est pas normal\u00bb Kramo Nab\u00e9 - UNIVERSNEWS224<\/title>\n<meta name=\"robots\" content=\"index, follow, max-snippet:-1, max-image-preview:large, max-video-preview:-1\" \/>\n<link rel=\"canonical\" href=\"https:\/\/universnews224.com\/index.php\/manif-du-rpg-arc-en-ciel-du-14-janvier-a-paris-cest-une-manifestation-pour-faire-comprendre-a-lopinion-francaise-que-ce-qui-se-passe-en-guinee-nest-pas-normal-k\/\" \/>\n<meta property=\"og:locale\" content=\"fr_FR\" \/>\n<meta property=\"og:type\" content=\"article\" \/>\n<meta property=\"og:title\" content=\"Manif du RPG arc-en-ciel du 14 janvier \u00e0 Paris: \u00abC\u2019est une manifestation pour faire comprendre \u00e0 l\u2019opinion fran\u00e7aise que ce qui se passe en Guin\u00e9e n\u2019est pas normal\u00bb Kramo Nab\u00e9 - UNIVERSNEWS224\" \/>\n<meta property=\"og:description\" content=\"Le RGP arc-en-ciel France organisera le 14 f\u00e9vrier prochain \u00e0 la place de la R\u00e9publique\" \/>\n<meta property=\"og:url\" content=\"https:\/\/universnews224.com\/index.php\/manif-du-rpg-arc-en-ciel-du-14-janvier-a-paris-cest-une-manifestation-pour-faire-comprendre-a-lopinion-francaise-que-ce-qui-se-passe-en-guinee-nest-pas-normal-k\/\" \/>\n<meta property=\"og:site_name\" content=\"UNIVERSNEWS224\" \/>\n<meta property=\"article:published_time\" content=\"2023-01-12T17:58:00+00:00\" \/>\n<meta property=\"og:image\" content=\"https:\/\/universnews224.com\/wp-content\/uploads\/2023\/01\/0453FE0B-B1DE-4C7E-A5C7-3D8BA887CD3C.jpeg\" \/>\n\t<meta property=\"og:image:width\" content=\"1024\" \/>\n\t<meta property=\"og:image:height\" content=\"576\" \/>\n\t<meta property=\"og:image:type\" content=\"image\/jpeg\" \/>\n<meta name=\"author\" content=\"La R\u00e9daction\" \/>\n<meta name=\"twitter:label1\" content=\"\u00c9crit par\" \/>\n\t<meta name=\"twitter:data1\" content=\"La R\u00e9daction\" \/>\n\t<meta name=\"twitter:label2\" content=\"Dur\u00e9e de lecture estim\u00e9e\" \/>\n\t<meta name=\"twitter:data2\" content=\"3 minutes\" \/>\n<script type=\"application\/ld+json\" class=\"yoast-schema-graph\">{\"@context\":\"https:\/\/schema.org\",\"@graph\":[{\"@type\":\"Article\",\"@id\":\"https:\/\/universnews224.com\/index.php\/manif-du-rpg-arc-en-ciel-du-14-janvier-a-paris-cest-une-manifestation-pour-faire-comprendre-a-lopinion-francaise-que-ce-qui-se-passe-en-guinee-nest-pas-normal-k\/#article\",\"isPartOf\":{\"@id\":\"https:\/\/universnews224.com\/index.php\/manif-du-rpg-arc-en-ciel-du-14-janvier-a-paris-cest-une-manifestation-pour-faire-comprendre-a-lopinion-francaise-que-ce-qui-se-passe-en-guinee-nest-pas-normal-k\/\"},\"author\":{\"name\":\"La R\u00e9daction\",\"@id\":\"https:\/\/universnews224.com\/#\/schema\/person\/a4b7d4f94a4716df60456a491260485e\"},\"headline\":\"Manif du RPG arc-en-ciel du 14 janvier \u00e0 Paris: \u00abC\u2019est une manifestation pour faire comprendre \u00e0 l\u2019opinion fran\u00e7aise que ce qui se passe en Guin\u00e9e n\u2019est pas normal\u00bb Kramo Nab\u00e9\",\"datePublished\":\"2023-01-12T17:58:00+00:00\",\"dateModified\":\"2023-01-12T17:58:00+00:00\",\"mainEntityOfPage\":{\"@id\":\"https:\/\/universnews224.com\/index.php\/manif-du-rpg-arc-en-ciel-du-14-janvier-a-paris-cest-une-manifestation-pour-faire-comprendre-a-lopinion-francaise-que-ce-qui-se-passe-en-guinee-nest-pas-normal-k\/\"},\"wordCount\":503,\"publisher\":{\"@id\":\"https:\/\/universnews224.com\/#organization\"},\"keywords\":[\"La une\"],\"articleSection\":[\"ACTU\",\"POLITIQUE\"],\"inLanguage\":\"fr-FR\"},{\"@type\":\"WebPage\",\"@id\":\"https:\/\/universnews224.com\/index.php\/manif-du-rpg-arc-en-ciel-du-14-janvier-a-paris-cest-une-manifestation-pour-faire-comprendre-a-lopinion-francaise-que-ce-qui-se-passe-en-guinee-nest-pas-normal-k\/\",\"url\":\"https:\/\/universnews224.com\/index.php\/manif-du-rpg-arc-en-ciel-du-14-janvier-a-paris-cest-une-manifestation-pour-faire-comprendre-a-lopinion-francaise-que-ce-qui-se-passe-en-guinee-nest-pas-normal-k\/\",\"name\":\"Manif du RPG arc-en-ciel du 14 janvier \u00e0 Paris: \u00abC\u2019est une manifestation pour faire comprendre \u00e0 l\u2019opinion fran\u00e7aise que ce qui se passe en Guin\u00e9e n\u2019est pas normal\u00bb Kramo Nab\u00e9 - UNIVERSNEWS224\",\"isPartOf\":{\"@id\":\"https:\/\/universnews224.com\/#website\"},\"datePublished\":\"2023-01-12T17:58:00+00:00\",\"dateModified\":\"2023-01-12T17:58:00+00:00\",\"inLanguage\":\"fr-FR\",\"potentialAction\":[{\"@type\":\"ReadAction\",\"target\":[\"https:\/\/universnews224.com\/index.php\/manif-du-rpg-arc-en-ciel-du-14-janvier-a-paris-cest-une-manifestation-pour-faire-comprendre-a-lopinion-francaise-que-ce-qui-se-passe-en-guinee-nest-pas-normal-k\/\"]}]},{\"@type\":\"WebSite\",\"@id\":\"https:\/\/universnews224.com\/#website\",\"url\":\"https:\/\/universnews224.com\/\",\"name\":\"UNIVERSNEWS224\",\"description\":\"\",\"publisher\":{\"@id\":\"https:\/\/universnews224.com\/#organization\"},\"potentialAction\":[{\"@type\":\"SearchAction\",\"target\":{\"@type\":\"EntryPoint\",\"urlTemplate\":\"https:\/\/universnews224.com\/?s={search_term_string}\"},\"query-input\":\"required name=search_term_string\"}],\"inLanguage\":\"fr-FR\"},{\"@type\":\"Organization\",\"@id\":\"https:\/\/universnews224.com\/#organization\",\"name\":\"UNIVERSNEWS224\",\"url\":\"https:\/\/universnews224.com\/\",\"logo\":{\"@type\":\"ImageObject\",\"inLanguage\":\"fr-FR\",\"@id\":\"https:\/\/universnews224.com\/#\/schema\/logo\/image\/\",\"url\":\"https:\/\/universnews224.com\/wp-content\/uploads\/2022\/08\/cropped-cropped-logoban.jpg\",\"contentUrl\":\"https:\/\/universnews224.com\/wp-content\/uploads\/2022\/08\/cropped-cropped-logoban.jpg\",\"width\":1080,\"height\":138,\"caption\":\"UNIVERSNEWS224\"},\"image\":{\"@id\":\"https:\/\/universnews224.com\/#\/schema\/logo\/image\/\"}},{\"@type\":\"Person\",\"@id\":\"https:\/\/universnews224.com\/#\/schema\/person\/a4b7d4f94a4716df60456a491260485e\",\"name\":\"La R\u00e9daction\",\"image\":{\"@type\":\"ImageObject\",\"inLanguage\":\"fr-FR\",\"@id\":\"https:\/\/universnews224.com\/#\/schema\/person\/image\/\",\"url\":\"https:\/\/secure.gravatar.com\/avatar\/edb90acc7752b23e1b3307ad36c14f0d?s=96&d=mm&r=g\",\"contentUrl\":\"https:\/\/secure.gravatar.com\/avatar\/edb90acc7752b23e1b3307ad36c14f0d?s=96&d=mm&r=g\",\"caption\":\"La R\u00e9daction\"},\"sameAs\":[\"https:\/\/universnews224.com\"],\"url\":\"https:\/\/universnews224.com\/index.php\/author\/m-camara\/\"}]}<\/script>\n<!-- \/ Yoast SEO plugin. -->","yoast_head_json":{"title":"Manif du RPG arc-en-ciel du 14 janvier \u00e0 Paris: \u00abC\u2019est une manifestation pour faire comprendre \u00e0 l\u2019opinion fran\u00e7aise que ce qui se passe en Guin\u00e9e n\u2019est pas normal\u00bb Kramo Nab\u00e9 - UNIVERSNEWS224","robots":{"index":"index","follow":"follow","max-snippet":"max-snippet:-1","max-image-preview":"max-image-preview:large","max-video-preview":"max-video-preview:-1"},"canonical":"https:\/\/universnews224.com\/index.php\/manif-du-rpg-arc-en-ciel-du-14-janvier-a-paris-cest-une-manifestation-pour-faire-comprendre-a-lopinion-francaise-que-ce-qui-se-passe-en-guinee-nest-pas-normal-k\/","og_locale":"fr_FR","og_type":"article","og_title":"Manif du RPG arc-en-ciel du 14 janvier \u00e0 Paris: \u00abC\u2019est une manifestation pour faire comprendre \u00e0 l\u2019opinion fran\u00e7aise que ce qui se passe en Guin\u00e9e n\u2019est pas normal\u00bb Kramo Nab\u00e9 - UNIVERSNEWS224","og_description":"Le RGP arc-en-ciel France organisera le 14 f\u00e9vrier prochain \u00e0 la place de la R\u00e9publique","og_url":"https:\/\/universnews224.com\/index.php\/manif-du-rpg-arc-en-ciel-du-14-janvier-a-paris-cest-une-manifestation-pour-faire-comprendre-a-lopinion-francaise-que-ce-qui-se-passe-en-guinee-nest-pas-normal-k\/","og_site_name":"UNIVERSNEWS224","article_published_time":"2023-01-12T17:58:00+00:00","og_image":[{"width":1024,"height":576,"url":"https:\/\/universnews224.com\/wp-content\/uploads\/2023\/01\/0453FE0B-B1DE-4C7E-A5C7-3D8BA887CD3C.jpeg","type":"image\/jpeg"}],"author":"La R\u00e9daction","twitter_misc":{"\u00c9crit par":"La R\u00e9daction","Dur\u00e9e de lecture estim\u00e9e":"3 minutes"},"schema":{"@context":"https:\/\/schema.org","@graph":[{"@type":"Article","@id":"https:\/\/universnews224.com\/index.php\/manif-du-rpg-arc-en-ciel-du-14-janvier-a-paris-cest-une-manifestation-pour-faire-comprendre-a-lopinion-francaise-que-ce-qui-se-passe-en-guinee-nest-pas-normal-k\/#article","isPartOf":{"@id":"https:\/\/universnews224.com\/index.php\/manif-du-rpg-arc-en-ciel-du-14-janvier-a-paris-cest-une-manifestation-pour-faire-comprendre-a-lopinion-francaise-que-ce-qui-se-passe-en-guinee-nest-pas-normal-k\/"},"author":{"name":"La R\u00e9daction","@id":"https:\/\/universnews224.com\/#\/schema\/person\/a4b7d4f94a4716df60456a491260485e"},"headline":"Manif du RPG arc-en-ciel du 14 janvier \u00e0 Paris: \u00abC\u2019est une manifestation pour faire comprendre \u00e0 l\u2019opinion fran\u00e7aise que ce qui se passe en Guin\u00e9e n\u2019est pas normal\u00bb Kramo Nab\u00e9","datePublished":"2023-01-12T17:58:00+00:00","dateModified":"2023-01-12T17:58:00+00:00","mainEntityOfPage":{"@id":"https:\/\/universnews224.com\/index.php\/manif-du-rpg-arc-en-ciel-du-14-janvier-a-paris-cest-une-manifestation-pour-faire-comprendre-a-lopinion-francaise-que-ce-qui-se-passe-en-guinee-nest-pas-normal-k\/"},"wordCount":503,"publisher":{"@id":"https:\/\/universnews224.com\/#organization"},"keywords":["La une"],"articleSection":["ACTU","POLITIQUE"],"inLanguage":"fr-FR"},{"@type":"WebPage","@id":"https:\/\/universnews224.com\/index.php\/manif-du-rpg-arc-en-ciel-du-14-janvier-a-paris-cest-une-manifestation-pour-faire-comprendre-a-lopinion-francaise-que-ce-qui-se-passe-en-guinee-nest-pas-normal-k\/","url":"https:\/\/universnews224.com\/index.php\/manif-du-rpg-arc-en-ciel-du-14-janvier-a-paris-cest-une-manifestation-pour-faire-comprendre-a-lopinion-francaise-que-ce-qui-se-passe-en-guinee-nest-pas-normal-k\/","name":"Manif du RPG arc-en-ciel du 14 janvier \u00e0 Paris: \u00abC\u2019est une manifestation pour faire comprendre \u00e0 l\u2019opinion fran\u00e7aise que ce qui se passe en Guin\u00e9e n\u2019est pas normal\u00bb Kramo Nab\u00e9 - UNIVERSNEWS224","isPartOf":{"@id":"https:\/\/universnews224.com\/#website"},"datePublished":"2023-01-12T17:58:00+00:00","dateModified":"2023-01-12T17:58:00+00:00","inLanguage":"fr-FR","potentialAction":[{"@type":"ReadAction","target":["https:\/\/universnews224.com\/index.php\/manif-du-rpg-arc-en-ciel-du-14-janvier-a-paris-cest-une-manifestation-pour-faire-comprendre-a-lopinion-francaise-que-ce-qui-se-passe-en-guinee-nest-pas-normal-k\/"]}]},{"@type":"WebSite","@id":"https:\/\/universnews224.com\/#website","url":"https:\/\/universnews224.com\/","name":"UNIVERSNEWS224","description":"","publisher":{"@id":"https:\/\/universnews224.com\/#organization"},"potentialAction":[{"@type":"SearchAction","target":{"@type":"EntryPoint","urlTemplate":"https:\/\/universnews224.com\/?s={search_term_string}"},"query-input":"required name=search_term_string"}],"inLanguage":"fr-FR"},{"@type":"Organization","@id":"https:\/\/universnews224.com\/#organization","name":"UNIVERSNEWS224","url":"https:\/\/universnews224.com\/","logo":{"@type":"ImageObject","inLanguage":"fr-FR","@id":"https:\/\/universnews224.com\/#\/schema\/logo\/image\/","url":"https:\/\/universnews224.com\/wp-content\/uploads\/2022\/08\/cropped-cropped-logoban.jpg","contentUrl":"https:\/\/universnews224.com\/wp-content\/uploads\/2022\/08\/cropped-cropped-logoban.jpg","width":1080,"height":138,"caption":"UNIVERSNEWS224"},"image":{"@id":"https:\/\/universnews224.com\/#\/schema\/logo\/image\/"}},{"@type":"Person","@id":"https:\/\/universnews224.com\/#\/schema\/person\/a4b7d4f94a4716df60456a491260485e","name":"La R\u00e9daction","image":{"@type":"ImageObject","inLanguage":"fr-FR","@id":"https:\/\/universnews224.com\/#\/schema\/person\/image\/","url":"https:\/\/secure.gravatar.com\/avatar\/edb90acc7752b23e1b3307ad36c14f0d?s=96&d=mm&r=g","contentUrl":"https:\/\/secure.gravatar.com\/avatar\/edb90acc7752b23e1b3307ad36c14f0d?s=96&d=mm&r=g","caption":"La R\u00e9daction"},"sameAs":["https:\/\/universnews224.com"],"url":"https:\/\/universnews224.com\/index.php\/author\/m-camara\/"}]}},"_links":{"self":[{"href":"https:\/\/universnews224.com\/index.php\/wp-json\/wp\/v2\/posts\/2763"}],"collection":[{"href":"https:\/\/universnews224.com\/index.php\/wp-json\/wp\/v2\/posts"}],"about":[{"href":"https:\/\/universnews224.com\/index.php\/wp-json\/wp\/v2\/types\/post"}],"author":[{"embeddable":true,"href":"https:\/\/universnews224.com\/index.php\/wp-json\/wp\/v2\/users\/2"}],"replies":[{"embeddable":true,"href":"https:\/\/universnews224.com\/index.php\/wp-json\/wp\/v2\/comments?post=2763"}],"version-history":[{"count":1,"href":"https:\/\/universnews224.com\/index.php\/wp-json\/wp\/v2\/posts\/2763\/revisions"}],"predecessor-version":[{"id":2765,"href":"https:\/\/universnews224.com\/index.php\/wp-json\/wp\/v2\/posts\/2763\/revisions\/2765"}],"wp:featuredmedia":[{"embeddable":true,"href":"https:\/\/universnews224.com\/index.php\/wp-json\/wp\/v2\/media\/2764"}],"wp:attachment":[{"href":"https:\/\/universnews224.com\/index.php\/wp-json\/wp\/v2\/media?parent=2763"}],"wp:term":[{"taxonomy":"category","embeddable":true,"href":"https:\/\/universnews224.com\/index.php\/wp-json\/wp\/v2\/categories?post=2763"},{"taxonomy":"post_tag","embeddable":true,"href":"https:\/\/universnews224.com\/index.php\/wp-json\/wp\/v2\/tags?post=2763"}],"curies":[{"name":"wp","href":"https:\/\/api.w.org\/{rel}","templated":true}]}}