{"id":2766,"date":"2023-01-13T22:17:47","date_gmt":"2023-01-13T21:17:47","guid":{"rendered":"https:\/\/universnews224.com\/?p=2766"},"modified":"2023-01-13T22:17:47","modified_gmt":"2023-01-13T21:17:47","slug":"les-maires-remplaces-par-les-delegations-speciales-cette-decision-manque-totalement-de-base-juridique-me-amadou-diallo-avocat-de-lufdg","status":"publish","type":"post","link":"https:\/\/universnews224.com\/index.php\/les-maires-remplaces-par-les-delegations-speciales-cette-decision-manque-totalement-de-base-juridique-me-amadou-diallo-avocat-de-lufdg\/","title":{"rendered":"Les maires remplac\u00e9s par les d\u00e9l\u00e9gations sp\u00e9ciales:\u00ab Cette d\u00e9cision manque totalement de base juridique, Me. Amadou Diallo, avocat de l\u2019UFDG."},"content":{"rendered":"<p>Lors d\u2019une rencontre tenue r\u00e9cemment \u00e0 Kindia, le ministre de l\u2019administration du territoire et de la d\u00e9centralisation a indiqu\u00e9 que les maires seront remplac\u00e9s par des \u00e9quipes de d\u00e9l\u00e9gations sp\u00e9ciales apr\u00e8s l\u2019\u00e9ch\u00e9ance de leur mandat. Une d\u00e9claration qui a suscit\u00e9 de nombreuses r\u00e9actions au sein de la classe politique Guin\u00e9enne.<\/p>\n<p>Dans une interview qu\u2019il accord\u00e9e \u00e0 notre r\u00e9daction ce vendredi, 13 janvier 2023, Me Amadou Diallo, l\u2019un des avocats de l\u2019UFDG soutient que cette d\u00e9cision de Mory Cond\u00e9 manque totalement de base juridique.<\/p>\n<p>\u00abLorsque vous regardez le code des collectivit\u00e9s locales qui encore en rigueur et qui fixe le r\u00e9gime juridique\u00a0du fonctionnement des collectivit\u00e9s locales dans notre pays, donc la d\u00e9centralisation. Vous vous rendrez compte que cette d\u00e9cision l\u00e0, manque totalement base juridique. Si vous regardez le code des collectivit\u00e9s locales, vous ne verrez nulle part qu\u2019\u00e0 expiration du mandat des \u00e9lus locaux, qu\u2019il faut les remplacer par des d\u00e9l\u00e9gations sp\u00e9ciales. Ce n\u2019est \u00e9crit nulle part. Les cas dans lesquels une d\u00e9l\u00e9gation sp\u00e9ciale doit \u00eatre install\u00e9e sont \u00e9num\u00e9r\u00e9s limitativement dans le code des collectivit\u00e9s locales. L\u2019expiration du mandat n\u2019en fait pas partie. Ce qui m\u2019am\u00e8ne \u00e0 dire que normalement, \u00e0 l\u2019expiration du mandat des \u00e9lus locaux, ceux-ci restent en fonction jusqu\u2019\u00e0 l\u2019organisation de la prochaine \u00e9lection. Donc, aucun texte ne dit qu\u2019il faut les remplacer par des d\u00e9l\u00e9gations sp\u00e9ciales apr\u00e8s l\u2019expiration de leur mandat, a t-il d\u00e9nonc\u00e9 avant de poursuivre:<\/p>\n<p>\u00abUne telle d\u00e9cision est d\u2019ailleurs contraire aux principes g\u00e9n\u00e9raux de la d\u00e9centralisation notamment, celui de la libre administration des collectivit\u00e9s locales. \u00c7a, c\u2019est le principe fondamental et qui repris dans le code des collectivit\u00e9s locales en son article 69 qui est repris \u00e9galement dans d\u2019autres dispositions de ce m\u00eame code et qui figure en bonne place dans la constitution. Le principe de la libre administration des collectivit\u00e9s locales, c\u2019est le principe N\u20221 de la d\u00e9centralisation. Sans le respect de ce principe, il n\u2019 y a pas de d\u00e9centralisation. Donc, cette d\u00e9cision est une remise en cause de la d\u00e9centralisation et plus elle porte gravement atteinte aux droits constitutionnels des \u00e9lus locaux qui sont \u00e9lus au suffrage universel\u00bb, a t-il martel\u00e9.<\/p>\n<p>Camara Mamadouba<br \/>\n611 46 04 10<\/p>\n","protected":false},"excerpt":{"rendered":"<p>Lors d\u2019une rencontre tenue r\u00e9cemment \u00e0 Kindia, le ministre de l\u2019administration du territoire et de<\/p>\n","protected":false},"author":2,"featured_media":2767,"comment_status":"closed","ping_status":"open","sticky":false,"template":"","format":"standard","meta":[],"categories":[3,4],"tags":[229],"yoast_head":"<!-- This site is optimized with the Yoast SEO plugin v19.13 - https:\/\/yoast.com\/wordpress\/plugins\/seo\/ -->\n<title>Les maires remplac\u00e9s par les d\u00e9l\u00e9gations sp\u00e9ciales:\u00ab Cette d\u00e9cision manque totalement de base juridique, Me. Amadou Diallo, avocat de l\u2019UFDG. - UNIVERSNEWS224<\/title>\n<meta name=\"robots\" content=\"index, follow, max-snippet:-1, max-image-preview:large, max-video-preview:-1\" \/>\n<link rel=\"canonical\" href=\"https:\/\/universnews224.com\/index.php\/les-maires-remplaces-par-les-delegations-speciales-cette-decision-manque-totalement-de-base-juridique-me-amadou-diallo-avocat-de-lufdg\/\" \/>\n<meta property=\"og:locale\" content=\"fr_FR\" \/>\n<meta property=\"og:type\" content=\"article\" \/>\n<meta property=\"og:title\" content=\"Les maires remplac\u00e9s par les d\u00e9l\u00e9gations sp\u00e9ciales:\u00ab Cette d\u00e9cision manque totalement de base juridique, Me. Amadou Diallo, avocat de l\u2019UFDG. - UNIVERSNEWS224\" \/>\n<meta property=\"og:description\" content=\"Lors d\u2019une rencontre tenue r\u00e9cemment \u00e0 Kindia, le ministre de l\u2019administration du territoire et de\" \/>\n<meta property=\"og:url\" content=\"https:\/\/universnews224.com\/index.php\/les-maires-remplaces-par-les-delegations-speciales-cette-decision-manque-totalement-de-base-juridique-me-amadou-diallo-avocat-de-lufdg\/\" \/>\n<meta property=\"og:site_name\" content=\"UNIVERSNEWS224\" \/>\n<meta property=\"article:published_time\" content=\"2023-01-13T21:17:47+00:00\" \/>\n<meta property=\"og:image\" content=\"https:\/\/universnews224.com\/wp-content\/uploads\/2023\/01\/695087C7-3B4D-41EB-B295-53DCD991307C.jpeg\" \/>\n\t<meta property=\"og:image:width\" content=\"949\" \/>\n\t<meta property=\"og:image:height\" content=\"812\" \/>\n\t<meta property=\"og:image:type\" content=\"image\/jpeg\" \/>\n<meta name=\"author\" content=\"La R\u00e9daction\" \/>\n<meta name=\"twitter:label1\" content=\"\u00c9crit par\" \/>\n\t<meta name=\"twitter:data1\" content=\"La R\u00e9daction\" \/>\n\t<meta name=\"twitter:label2\" content=\"Dur\u00e9e de lecture estim\u00e9e\" \/>\n\t<meta name=\"twitter:data2\" content=\"2 minutes\" \/>\n<script type=\"application\/ld+json\" class=\"yoast-schema-graph\">{\"@context\":\"https:\/\/schema.org\",\"@graph\":[{\"@type\":\"Article\",\"@id\":\"https:\/\/universnews224.com\/index.php\/les-maires-remplaces-par-les-delegations-speciales-cette-decision-manque-totalement-de-base-juridique-me-amadou-diallo-avocat-de-lufdg\/#article\",\"isPartOf\":{\"@id\":\"https:\/\/universnews224.com\/index.php\/les-maires-remplaces-par-les-delegations-speciales-cette-decision-manque-totalement-de-base-juridique-me-amadou-diallo-avocat-de-lufdg\/\"},\"author\":{\"name\":\"La R\u00e9daction\",\"@id\":\"https:\/\/universnews224.com\/#\/schema\/person\/a4b7d4f94a4716df60456a491260485e\"},\"headline\":\"Les maires remplac\u00e9s par les d\u00e9l\u00e9gations sp\u00e9ciales:\u00ab Cette d\u00e9cision manque totalement de base juridique, Me. Amadou Diallo, avocat de l\u2019UFDG.\",\"datePublished\":\"2023-01-13T21:17:47+00:00\",\"dateModified\":\"2023-01-13T21:17:47+00:00\",\"mainEntityOfPage\":{\"@id\":\"https:\/\/universnews224.com\/index.php\/les-maires-remplaces-par-les-delegations-speciales-cette-decision-manque-totalement-de-base-juridique-me-amadou-diallo-avocat-de-lufdg\/\"},\"wordCount\":439,\"publisher\":{\"@id\":\"https:\/\/universnews224.com\/#organization\"},\"keywords\":[\"La une\"],\"articleSection\":[\"ACTU\",\"POLITIQUE\"],\"inLanguage\":\"fr-FR\"},{\"@type\":\"WebPage\",\"@id\":\"https:\/\/universnews224.com\/index.php\/les-maires-remplaces-par-les-delegations-speciales-cette-decision-manque-totalement-de-base-juridique-me-amadou-diallo-avocat-de-lufdg\/\",\"url\":\"https:\/\/universnews224.com\/index.php\/les-maires-remplaces-par-les-delegations-speciales-cette-decision-manque-totalement-de-base-juridique-me-amadou-diallo-avocat-de-lufdg\/\",\"name\":\"Les maires remplac\u00e9s par les d\u00e9l\u00e9gations sp\u00e9ciales:\u00ab Cette d\u00e9cision manque totalement de base juridique, Me. Amadou Diallo, avocat de l\u2019UFDG. - UNIVERSNEWS224\",\"isPartOf\":{\"@id\":\"https:\/\/universnews224.com\/#website\"},\"datePublished\":\"2023-01-13T21:17:47+00:00\",\"dateModified\":\"2023-01-13T21:17:47+00:00\",\"inLanguage\":\"fr-FR\",\"potentialAction\":[{\"@type\":\"ReadAction\",\"target\":[\"https:\/\/universnews224.com\/index.php\/les-maires-remplaces-par-les-delegations-speciales-cette-decision-manque-totalement-de-base-juridique-me-amadou-diallo-avocat-de-lufdg\/\"]}]},{\"@type\":\"WebSite\",\"@id\":\"https:\/\/universnews224.com\/#website\",\"url\":\"https:\/\/universnews224.com\/\",\"name\":\"UNIVERSNEWS224\",\"description\":\"\",\"publisher\":{\"@id\":\"https:\/\/universnews224.com\/#organization\"},\"potentialAction\":[{\"@type\":\"SearchAction\",\"target\":{\"@type\":\"EntryPoint\",\"urlTemplate\":\"https:\/\/universnews224.com\/?s={search_term_string}\"},\"query-input\":\"required name=search_term_string\"}],\"inLanguage\":\"fr-FR\"},{\"@type\":\"Organization\",\"@id\":\"https:\/\/universnews224.com\/#organization\",\"name\":\"UNIVERSNEWS224\",\"url\":\"https:\/\/universnews224.com\/\",\"logo\":{\"@type\":\"ImageObject\",\"inLanguage\":\"fr-FR\",\"@id\":\"https:\/\/universnews224.com\/#\/schema\/logo\/image\/\",\"url\":\"https:\/\/universnews224.com\/wp-content\/uploads\/2022\/08\/cropped-cropped-logoban.jpg\",\"contentUrl\":\"https:\/\/universnews224.com\/wp-content\/uploads\/2022\/08\/cropped-cropped-logoban.jpg\",\"width\":1080,\"height\":138,\"caption\":\"UNIVERSNEWS224\"},\"image\":{\"@id\":\"https:\/\/universnews224.com\/#\/schema\/logo\/image\/\"}},{\"@type\":\"Person\",\"@id\":\"https:\/\/universnews224.com\/#\/schema\/person\/a4b7d4f94a4716df60456a491260485e\",\"name\":\"La R\u00e9daction\",\"image\":{\"@type\":\"ImageObject\",\"inLanguage\":\"fr-FR\",\"@id\":\"https:\/\/universnews224.com\/#\/schema\/person\/image\/\",\"url\":\"https:\/\/secure.gravatar.com\/avatar\/edb90acc7752b23e1b3307ad36c14f0d?s=96&d=mm&r=g\",\"contentUrl\":\"https:\/\/secure.gravatar.com\/avatar\/edb90acc7752b23e1b3307ad36c14f0d?s=96&d=mm&r=g\",\"caption\":\"La R\u00e9daction\"},\"sameAs\":[\"https:\/\/universnews224.com\"],\"url\":\"https:\/\/universnews224.com\/index.php\/author\/m-camara\/\"}]}<\/script>\n<!-- \/ Yoast SEO plugin. -->","yoast_head_json":{"title":"Les maires remplac\u00e9s par les d\u00e9l\u00e9gations sp\u00e9ciales:\u00ab Cette d\u00e9cision manque totalement de base juridique, Me. Amadou Diallo, avocat de l\u2019UFDG. - UNIVERSNEWS224","robots":{"index":"index","follow":"follow","max-snippet":"max-snippet:-1","max-image-preview":"max-image-preview:large","max-video-preview":"max-video-preview:-1"},"canonical":"https:\/\/universnews224.com\/index.php\/les-maires-remplaces-par-les-delegations-speciales-cette-decision-manque-totalement-de-base-juridique-me-amadou-diallo-avocat-de-lufdg\/","og_locale":"fr_FR","og_type":"article","og_title":"Les maires remplac\u00e9s par les d\u00e9l\u00e9gations sp\u00e9ciales:\u00ab Cette d\u00e9cision manque totalement de base juridique, Me. Amadou Diallo, avocat de l\u2019UFDG. - UNIVERSNEWS224","og_description":"Lors d\u2019une rencontre tenue r\u00e9cemment \u00e0 Kindia, le ministre de l\u2019administration du territoire et de","og_url":"https:\/\/universnews224.com\/index.php\/les-maires-remplaces-par-les-delegations-speciales-cette-decision-manque-totalement-de-base-juridique-me-amadou-diallo-avocat-de-lufdg\/","og_site_name":"UNIVERSNEWS224","article_published_time":"2023-01-13T21:17:47+00:00","og_image":[{"width":949,"height":812,"url":"https:\/\/universnews224.com\/wp-content\/uploads\/2023\/01\/695087C7-3B4D-41EB-B295-53DCD991307C.jpeg","type":"image\/jpeg"}],"author":"La R\u00e9daction","twitter_misc":{"\u00c9crit par":"La R\u00e9daction","Dur\u00e9e de lecture estim\u00e9e":"2 minutes"},"schema":{"@context":"https:\/\/schema.org","@graph":[{"@type":"Article","@id":"https:\/\/universnews224.com\/index.php\/les-maires-remplaces-par-les-delegations-speciales-cette-decision-manque-totalement-de-base-juridique-me-amadou-diallo-avocat-de-lufdg\/#article","isPartOf":{"@id":"https:\/\/universnews224.com\/index.php\/les-maires-remplaces-par-les-delegations-speciales-cette-decision-manque-totalement-de-base-juridique-me-amadou-diallo-avocat-de-lufdg\/"},"author":{"name":"La R\u00e9daction","@id":"https:\/\/universnews224.com\/#\/schema\/person\/a4b7d4f94a4716df60456a491260485e"},"headline":"Les maires remplac\u00e9s par les d\u00e9l\u00e9gations sp\u00e9ciales:\u00ab Cette d\u00e9cision manque totalement de base juridique, Me. Amadou Diallo, avocat de l\u2019UFDG.","datePublished":"2023-01-13T21:17:47+00:00","dateModified":"2023-01-13T21:17:47+00:00","mainEntityOfPage":{"@id":"https:\/\/universnews224.com\/index.php\/les-maires-remplaces-par-les-delegations-speciales-cette-decision-manque-totalement-de-base-juridique-me-amadou-diallo-avocat-de-lufdg\/"},"wordCount":439,"publisher":{"@id":"https:\/\/universnews224.com\/#organization"},"keywords":["La une"],"articleSection":["ACTU","POLITIQUE"],"inLanguage":"fr-FR"},{"@type":"WebPage","@id":"https:\/\/universnews224.com\/index.php\/les-maires-remplaces-par-les-delegations-speciales-cette-decision-manque-totalement-de-base-juridique-me-amadou-diallo-avocat-de-lufdg\/","url":"https:\/\/universnews224.com\/index.php\/les-maires-remplaces-par-les-delegations-speciales-cette-decision-manque-totalement-de-base-juridique-me-amadou-diallo-avocat-de-lufdg\/","name":"Les maires remplac\u00e9s par les d\u00e9l\u00e9gations sp\u00e9ciales:\u00ab Cette d\u00e9cision manque totalement de base juridique, Me. Amadou Diallo, avocat de l\u2019UFDG. - UNIVERSNEWS224","isPartOf":{"@id":"https:\/\/universnews224.com\/#website"},"datePublished":"2023-01-13T21:17:47+00:00","dateModified":"2023-01-13T21:17:47+00:00","inLanguage":"fr-FR","potentialAction":[{"@type":"ReadAction","target":["https:\/\/universnews224.com\/index.php\/les-maires-remplaces-par-les-delegations-speciales-cette-decision-manque-totalement-de-base-juridique-me-amadou-diallo-avocat-de-lufdg\/"]}]},{"@type":"WebSite","@id":"https:\/\/universnews224.com\/#website","url":"https:\/\/universnews224.com\/","name":"UNIVERSNEWS224","description":"","publisher":{"@id":"https:\/\/universnews224.com\/#organization"},"potentialAction":[{"@type":"SearchAction","target":{"@type":"EntryPoint","urlTemplate":"https:\/\/universnews224.com\/?s={search_term_string}"},"query-input":"required name=search_term_string"}],"inLanguage":"fr-FR"},{"@type":"Organization","@id":"https:\/\/universnews224.com\/#organization","name":"UNIVERSNEWS224","url":"https:\/\/universnews224.com\/","logo":{"@type":"ImageObject","inLanguage":"fr-FR","@id":"https:\/\/universnews224.com\/#\/schema\/logo\/image\/","url":"https:\/\/universnews224.com\/wp-content\/uploads\/2022\/08\/cropped-cropped-logoban.jpg","contentUrl":"https:\/\/universnews224.com\/wp-content\/uploads\/2022\/08\/cropped-cropped-logoban.jpg","width":1080,"height":138,"caption":"UNIVERSNEWS224"},"image":{"@id":"https:\/\/universnews224.com\/#\/schema\/logo\/image\/"}},{"@type":"Person","@id":"https:\/\/universnews224.com\/#\/schema\/person\/a4b7d4f94a4716df60456a491260485e","name":"La R\u00e9daction","image":{"@type":"ImageObject","inLanguage":"fr-FR","@id":"https:\/\/universnews224.com\/#\/schema\/person\/image\/","url":"https:\/\/secure.gravatar.com\/avatar\/edb90acc7752b23e1b3307ad36c14f0d?s=96&d=mm&r=g","contentUrl":"https:\/\/secure.gravatar.com\/avatar\/edb90acc7752b23e1b3307ad36c14f0d?s=96&d=mm&r=g","caption":"La R\u00e9daction"},"sameAs":["https:\/\/universnews224.com"],"url":"https:\/\/universnews224.com\/index.php\/author\/m-camara\/"}]}},"_links":{"self":[{"href":"https:\/\/universnews224.com\/index.php\/wp-json\/wp\/v2\/posts\/2766"}],"collection":[{"href":"https:\/\/universnews224.com\/index.php\/wp-json\/wp\/v2\/posts"}],"about":[{"href":"https:\/\/universnews224.com\/index.php\/wp-json\/wp\/v2\/types\/post"}],"author":[{"embeddable":true,"href":"https:\/\/universnews224.com\/index.php\/wp-json\/wp\/v2\/users\/2"}],"replies":[{"embeddable":true,"href":"https:\/\/universnews224.com\/index.php\/wp-json\/wp\/v2\/comments?post=2766"}],"version-history":[{"count":1,"href":"https:\/\/universnews224.com\/index.php\/wp-json\/wp\/v2\/posts\/2766\/revisions"}],"predecessor-version":[{"id":2768,"href":"https:\/\/universnews224.com\/index.php\/wp-json\/wp\/v2\/posts\/2766\/revisions\/2768"}],"wp:featuredmedia":[{"embeddable":true,"href":"https:\/\/universnews224.com\/index.php\/wp-json\/wp\/v2\/media\/2767"}],"wp:attachment":[{"href":"https:\/\/universnews224.com\/index.php\/wp-json\/wp\/v2\/media?parent=2766"}],"wp:term":[{"taxonomy":"category","embeddable":true,"href":"https:\/\/universnews224.com\/index.php\/wp-json\/wp\/v2\/categories?post=2766"},{"taxonomy":"post_tag","embeddable":true,"href":"https:\/\/universnews224.com\/index.php\/wp-json\/wp\/v2\/tags?post=2766"}],"curies":[{"name":"wp","href":"https:\/\/api.w.org\/{rel}","templated":true}]}}