{"id":2781,"date":"2023-01-16T23:34:48","date_gmt":"2023-01-16T22:34:48","guid":{"rendered":"https:\/\/universnews224.com\/?p=2781"},"modified":"2023-01-16T23:34:48","modified_gmt":"2023-01-16T22:34:48","slug":"electricite-et-climat-les-conseillers-nationaux-ratifient-deux-importants-accords","status":"publish","type":"post","link":"https:\/\/universnews224.com\/index.php\/electricite-et-climat-les-conseillers-nationaux-ratifient-deux-importants-accords\/","title":{"rendered":"\u00c9lectricit\u00e9 et Climat: les conseillers nationaux ratifient deux importants accords."},"content":{"rendered":"<p class=\"p2\">Les conseillers nationaux de la transition ont proc\u00e9d\u00e9 ce lundi 16 janvier 2023 \u00e0 l\u2019examen et \u00e0 l\u2019adoption des accords de financement du projet d\u2019am\u00e9lioration et l\u2019acc\u00e8s \u00e0 l\u2019\u00e9lectricit\u00e9 en R\u00e9publique de Guin\u00e9e (PAAEG) et le Programme Int\u00e9gr\u00e9 de D\u00e9veloppement et d\u2019Adaptation du Changement Climatique dans le bassin du Niger (PIDACC).<\/p>\n<p class=\"p2\"><span class=\"s2\">Selon le contenu du rapport de la Commission du Plan, des Affaires Financi\u00e8res et du Contr\u00f4le Budg\u00e9taire,le<span class=\"Apple-converted-space\">\u00a0 <\/span>Fonds Africain de D\u00e9veloppement consent \u00e0 la R\u00e9publique de Guin\u00e9e, selon les modalit\u00e9s et conditionnalit\u00e9s \u00e9nonc\u00e9es dans les accords, deux pr\u00eats en diverses monnaies convertibles, autre que le franc guin\u00e9en, d\u2019un montant de total de 28,69 millions d\u2019UC<span class=\"Apple-converted-space\">\u00a0 <\/span>(Unit\u00e9s de compte) dont 7,06 millions d\u2019UC sur ses ressources propres, et 21,63 millions d\u2019UC en qualit\u00e9 d\u2019administrateur de cr\u00e9dit de la Facilit\u00e9 d\u2019Appui \u00e0 la Transition (FAT), afin de contribuer au financement du Projet.<\/span><\/p>\n<p class=\"p2\"><span class=\"s2\">\u00ab La dur\u00e9e des Pr\u00eats est de quarante (40) ans y compris un diff\u00e9r\u00e9 d\u2019amortissement de dix (10) ans commen\u00e7ant \u00e0 courir \u00e0 la date de l\u2019Accord de Pr\u00eat. Pendant le Diff\u00e9r\u00e9 d\u2019amortissement, la Commission de service et la Commission d\u2019engagement sont payables.<\/span><\/p>\n<p class=\"p2\"><span class=\"s2\">Les Pr\u00eats seront amortis sur une p\u00e9riode de trente (30) ans apr\u00e8s l\u2019expiration du Diff\u00e9r\u00e9 d\u2019amortissement au taux de deux pour cent (2%) par an, de la onzi\u00e8me (11\u00e8me) \u00e0 la vingti\u00e8me (20\u00e8me) ann\u00e9e incluse, et au taux de quatre pour cent (4%) par an par la suite, \u00e0 raison de versements semestriels, \u00e9gaux et cons\u00e9cutifs, effectu\u00e9s \u00e0 chaque date de paiement. Le premier de ces versements sera payable \u00e0 la date de paiement qui suivra imm\u00e9diatement l\u2019expiration du Diff\u00e9r\u00e9 d\u2019amortissement.<\/span><\/p>\n<p class=\"p2\"><span class=\"s2\">Les Commissions d\u2019engagement payable par l\u2019emprunteur sur le Solde des P\u00e9riodes et \u00e0 un taux et \u00e0 z\u00e9ro virgule cinq pour cent (0,5%) par an, et commenceront \u00e0 courir cent vingt (120) jours apr\u00e8s la date des accords de pr\u00eat. Les Commissions de services sont payables \u00e0 une des deux dates de paiement. Les dates de paiement sont le 15 mai et 15 novembre de chaque ann\u00e9e. Le taux de concessionnalit\u00e9 des pr\u00eats sont 43,24% d\u2019\u00e9l\u00e9ments dont, soit 21,69 millions d\u2019UC\u00bb a t-elle indiqu\u00e9. <\/span><\/p>\n<p class=\"p2\"><span class=\"s2\">Plus loin , Me Camara a laiss\u00e9 entendre que <\/span><\/p>\n<p class=\"p2\"><span class=\"s2\"> la zone d\u2019influence du projet couvre les localit\u00e9s situ\u00e9es dans les r\u00e9gions de la Haute Guin\u00e9e (Kankan et K\u00e9rouan\u00e9) et de la Guin\u00e9e Foresti\u00e8re (Beyla et Lola). <\/span><\/p>\n<p class=\"p2\"><span class=\"s2\">Kankan : Kankan Ville, Sana, Balandou, Kot\u011b, Sanfina, Kassa, Gbonko, Diassouman, Djin\u00e8-Madina, Diamona, Djougna, Kalankalan, Morya, Koma, Baranama, Worokoro, Wo- mallen, Sansando, Tintioulen, Bat\u00e8 Nafadji, Bankalan, Diankana, Soumanko\u00ef et Aliamounou.<\/span><\/p>\n<p class=\"p2\"><span class=\"s2\">K\u00e9rouan\u00e9 : K\u00e9rouan\u00e9 Ville, Manifadou, Matenin Moridou et Banankoro.<\/span><\/p>\n<p class=\"p2\"><span class=\"s2\">Beyla : Beyla Ville, Gbaya, Sinko, Fouala et Mal\u00e9dou. LOLA: Lola Ville, Homiakoly, Kokota, Tignem Moi, Suowlakoly. Thi\u00e9ta, Woroyapo, Camp, Gogota I. Gogota II, Weyakor\u00e9, Gb\u00e8ck\u00e9, Tokpanata, Gama Koni Koni, Bal\u00e9mou, Bangou\u00e9ta, Kogolou\u00e9 et Moita.<\/span><\/p>\n<p class=\"p2\"><span class=\"s2\">Camara MD<\/span><\/p>\n","protected":false},"excerpt":{"rendered":"<p>Les conseillers nationaux de la transition ont proc\u00e9d\u00e9 ce lundi 16 janvier 2023 \u00e0 l\u2019examen<\/p>\n","protected":false},"author":2,"featured_media":2782,"comment_status":"closed","ping_status":"open","sticky":false,"template":"","format":"standard","meta":[],"categories":[3,4],"tags":[229],"yoast_head":"<!-- This site is optimized with the Yoast SEO plugin v19.13 - https:\/\/yoast.com\/wordpress\/plugins\/seo\/ -->\n<title>\u00c9lectricit\u00e9 et Climat: les conseillers nationaux ratifient deux importants accords. - UNIVERSNEWS224<\/title>\n<meta name=\"robots\" content=\"index, follow, max-snippet:-1, max-image-preview:large, max-video-preview:-1\" \/>\n<link rel=\"canonical\" href=\"https:\/\/universnews224.com\/index.php\/electricite-et-climat-les-conseillers-nationaux-ratifient-deux-importants-accords\/\" \/>\n<meta property=\"og:locale\" content=\"fr_FR\" \/>\n<meta property=\"og:type\" content=\"article\" \/>\n<meta property=\"og:title\" content=\"\u00c9lectricit\u00e9 et Climat: les conseillers nationaux ratifient deux importants accords. - UNIVERSNEWS224\" \/>\n<meta property=\"og:description\" content=\"Les conseillers nationaux de la transition ont proc\u00e9d\u00e9 ce lundi 16 janvier 2023 \u00e0 l\u2019examen\" \/>\n<meta property=\"og:url\" content=\"https:\/\/universnews224.com\/index.php\/electricite-et-climat-les-conseillers-nationaux-ratifient-deux-importants-accords\/\" \/>\n<meta property=\"og:site_name\" content=\"UNIVERSNEWS224\" \/>\n<meta property=\"article:published_time\" content=\"2023-01-16T22:34:48+00:00\" \/>\n<meta property=\"og:image\" content=\"https:\/\/universnews224.com\/wp-content\/uploads\/2023\/01\/17AA84E2-012D-48FC-B8F1-60B9D2B6D25D.jpeg\" \/>\n\t<meta property=\"og:image:width\" content=\"1280\" \/>\n\t<meta property=\"og:image:height\" content=\"854\" \/>\n\t<meta property=\"og:image:type\" content=\"image\/jpeg\" \/>\n<meta name=\"author\" content=\"La R\u00e9daction\" \/>\n<meta name=\"twitter:label1\" content=\"\u00c9crit par\" \/>\n\t<meta name=\"twitter:data1\" content=\"La R\u00e9daction\" \/>\n\t<meta name=\"twitter:label2\" content=\"Dur\u00e9e de lecture estim\u00e9e\" \/>\n\t<meta name=\"twitter:data2\" content=\"3 minutes\" \/>\n<script type=\"application\/ld+json\" class=\"yoast-schema-graph\">{\"@context\":\"https:\/\/schema.org\",\"@graph\":[{\"@type\":\"Article\",\"@id\":\"https:\/\/universnews224.com\/index.php\/electricite-et-climat-les-conseillers-nationaux-ratifient-deux-importants-accords\/#article\",\"isPartOf\":{\"@id\":\"https:\/\/universnews224.com\/index.php\/electricite-et-climat-les-conseillers-nationaux-ratifient-deux-importants-accords\/\"},\"author\":{\"name\":\"La R\u00e9daction\",\"@id\":\"https:\/\/universnews224.com\/#\/schema\/person\/a4b7d4f94a4716df60456a491260485e\"},\"headline\":\"\u00c9lectricit\u00e9 et Climat: les conseillers nationaux ratifient deux importants accords.\",\"datePublished\":\"2023-01-16T22:34:48+00:00\",\"dateModified\":\"2023-01-16T22:34:48+00:00\",\"mainEntityOfPage\":{\"@id\":\"https:\/\/universnews224.com\/index.php\/electricite-et-climat-les-conseillers-nationaux-ratifient-deux-importants-accords\/\"},\"wordCount\":520,\"publisher\":{\"@id\":\"https:\/\/universnews224.com\/#organization\"},\"keywords\":[\"La une\"],\"articleSection\":[\"ACTU\",\"POLITIQUE\"],\"inLanguage\":\"fr-FR\"},{\"@type\":\"WebPage\",\"@id\":\"https:\/\/universnews224.com\/index.php\/electricite-et-climat-les-conseillers-nationaux-ratifient-deux-importants-accords\/\",\"url\":\"https:\/\/universnews224.com\/index.php\/electricite-et-climat-les-conseillers-nationaux-ratifient-deux-importants-accords\/\",\"name\":\"\u00c9lectricit\u00e9 et Climat: les conseillers nationaux ratifient deux importants accords. - UNIVERSNEWS224\",\"isPartOf\":{\"@id\":\"https:\/\/universnews224.com\/#website\"},\"datePublished\":\"2023-01-16T22:34:48+00:00\",\"dateModified\":\"2023-01-16T22:34:48+00:00\",\"inLanguage\":\"fr-FR\",\"potentialAction\":[{\"@type\":\"ReadAction\",\"target\":[\"https:\/\/universnews224.com\/index.php\/electricite-et-climat-les-conseillers-nationaux-ratifient-deux-importants-accords\/\"]}]},{\"@type\":\"WebSite\",\"@id\":\"https:\/\/universnews224.com\/#website\",\"url\":\"https:\/\/universnews224.com\/\",\"name\":\"UNIVERSNEWS224\",\"description\":\"\",\"publisher\":{\"@id\":\"https:\/\/universnews224.com\/#organization\"},\"potentialAction\":[{\"@type\":\"SearchAction\",\"target\":{\"@type\":\"EntryPoint\",\"urlTemplate\":\"https:\/\/universnews224.com\/?s={search_term_string}\"},\"query-input\":\"required name=search_term_string\"}],\"inLanguage\":\"fr-FR\"},{\"@type\":\"Organization\",\"@id\":\"https:\/\/universnews224.com\/#organization\",\"name\":\"UNIVERSNEWS224\",\"url\":\"https:\/\/universnews224.com\/\",\"logo\":{\"@type\":\"ImageObject\",\"inLanguage\":\"fr-FR\",\"@id\":\"https:\/\/universnews224.com\/#\/schema\/logo\/image\/\",\"url\":\"https:\/\/universnews224.com\/wp-content\/uploads\/2022\/08\/cropped-cropped-logoban.jpg\",\"contentUrl\":\"https:\/\/universnews224.com\/wp-content\/uploads\/2022\/08\/cropped-cropped-logoban.jpg\",\"width\":1080,\"height\":138,\"caption\":\"UNIVERSNEWS224\"},\"image\":{\"@id\":\"https:\/\/universnews224.com\/#\/schema\/logo\/image\/\"}},{\"@type\":\"Person\",\"@id\":\"https:\/\/universnews224.com\/#\/schema\/person\/a4b7d4f94a4716df60456a491260485e\",\"name\":\"La R\u00e9daction\",\"image\":{\"@type\":\"ImageObject\",\"inLanguage\":\"fr-FR\",\"@id\":\"https:\/\/universnews224.com\/#\/schema\/person\/image\/\",\"url\":\"https:\/\/secure.gravatar.com\/avatar\/edb90acc7752b23e1b3307ad36c14f0d?s=96&d=mm&r=g\",\"contentUrl\":\"https:\/\/secure.gravatar.com\/avatar\/edb90acc7752b23e1b3307ad36c14f0d?s=96&d=mm&r=g\",\"caption\":\"La R\u00e9daction\"},\"sameAs\":[\"https:\/\/universnews224.com\"],\"url\":\"https:\/\/universnews224.com\/index.php\/author\/m-camara\/\"}]}<\/script>\n<!-- \/ Yoast SEO plugin. -->","yoast_head_json":{"title":"\u00c9lectricit\u00e9 et Climat: les conseillers nationaux ratifient deux importants accords. - UNIVERSNEWS224","robots":{"index":"index","follow":"follow","max-snippet":"max-snippet:-1","max-image-preview":"max-image-preview:large","max-video-preview":"max-video-preview:-1"},"canonical":"https:\/\/universnews224.com\/index.php\/electricite-et-climat-les-conseillers-nationaux-ratifient-deux-importants-accords\/","og_locale":"fr_FR","og_type":"article","og_title":"\u00c9lectricit\u00e9 et Climat: les conseillers nationaux ratifient deux importants accords. - UNIVERSNEWS224","og_description":"Les conseillers nationaux de la transition ont proc\u00e9d\u00e9 ce lundi 16 janvier 2023 \u00e0 l\u2019examen","og_url":"https:\/\/universnews224.com\/index.php\/electricite-et-climat-les-conseillers-nationaux-ratifient-deux-importants-accords\/","og_site_name":"UNIVERSNEWS224","article_published_time":"2023-01-16T22:34:48+00:00","og_image":[{"width":1280,"height":854,"url":"https:\/\/universnews224.com\/wp-content\/uploads\/2023\/01\/17AA84E2-012D-48FC-B8F1-60B9D2B6D25D.jpeg","type":"image\/jpeg"}],"author":"La R\u00e9daction","twitter_misc":{"\u00c9crit par":"La R\u00e9daction","Dur\u00e9e de lecture estim\u00e9e":"3 minutes"},"schema":{"@context":"https:\/\/schema.org","@graph":[{"@type":"Article","@id":"https:\/\/universnews224.com\/index.php\/electricite-et-climat-les-conseillers-nationaux-ratifient-deux-importants-accords\/#article","isPartOf":{"@id":"https:\/\/universnews224.com\/index.php\/electricite-et-climat-les-conseillers-nationaux-ratifient-deux-importants-accords\/"},"author":{"name":"La R\u00e9daction","@id":"https:\/\/universnews224.com\/#\/schema\/person\/a4b7d4f94a4716df60456a491260485e"},"headline":"\u00c9lectricit\u00e9 et Climat: les conseillers nationaux ratifient deux importants accords.","datePublished":"2023-01-16T22:34:48+00:00","dateModified":"2023-01-16T22:34:48+00:00","mainEntityOfPage":{"@id":"https:\/\/universnews224.com\/index.php\/electricite-et-climat-les-conseillers-nationaux-ratifient-deux-importants-accords\/"},"wordCount":520,"publisher":{"@id":"https:\/\/universnews224.com\/#organization"},"keywords":["La une"],"articleSection":["ACTU","POLITIQUE"],"inLanguage":"fr-FR"},{"@type":"WebPage","@id":"https:\/\/universnews224.com\/index.php\/electricite-et-climat-les-conseillers-nationaux-ratifient-deux-importants-accords\/","url":"https:\/\/universnews224.com\/index.php\/electricite-et-climat-les-conseillers-nationaux-ratifient-deux-importants-accords\/","name":"\u00c9lectricit\u00e9 et Climat: les conseillers nationaux ratifient deux importants accords. - UNIVERSNEWS224","isPartOf":{"@id":"https:\/\/universnews224.com\/#website"},"datePublished":"2023-01-16T22:34:48+00:00","dateModified":"2023-01-16T22:34:48+00:00","inLanguage":"fr-FR","potentialAction":[{"@type":"ReadAction","target":["https:\/\/universnews224.com\/index.php\/electricite-et-climat-les-conseillers-nationaux-ratifient-deux-importants-accords\/"]}]},{"@type":"WebSite","@id":"https:\/\/universnews224.com\/#website","url":"https:\/\/universnews224.com\/","name":"UNIVERSNEWS224","description":"","publisher":{"@id":"https:\/\/universnews224.com\/#organization"},"potentialAction":[{"@type":"SearchAction","target":{"@type":"EntryPoint","urlTemplate":"https:\/\/universnews224.com\/?s={search_term_string}"},"query-input":"required name=search_term_string"}],"inLanguage":"fr-FR"},{"@type":"Organization","@id":"https:\/\/universnews224.com\/#organization","name":"UNIVERSNEWS224","url":"https:\/\/universnews224.com\/","logo":{"@type":"ImageObject","inLanguage":"fr-FR","@id":"https:\/\/universnews224.com\/#\/schema\/logo\/image\/","url":"https:\/\/universnews224.com\/wp-content\/uploads\/2022\/08\/cropped-cropped-logoban.jpg","contentUrl":"https:\/\/universnews224.com\/wp-content\/uploads\/2022\/08\/cropped-cropped-logoban.jpg","width":1080,"height":138,"caption":"UNIVERSNEWS224"},"image":{"@id":"https:\/\/universnews224.com\/#\/schema\/logo\/image\/"}},{"@type":"Person","@id":"https:\/\/universnews224.com\/#\/schema\/person\/a4b7d4f94a4716df60456a491260485e","name":"La R\u00e9daction","image":{"@type":"ImageObject","inLanguage":"fr-FR","@id":"https:\/\/universnews224.com\/#\/schema\/person\/image\/","url":"https:\/\/secure.gravatar.com\/avatar\/edb90acc7752b23e1b3307ad36c14f0d?s=96&d=mm&r=g","contentUrl":"https:\/\/secure.gravatar.com\/avatar\/edb90acc7752b23e1b3307ad36c14f0d?s=96&d=mm&r=g","caption":"La R\u00e9daction"},"sameAs":["https:\/\/universnews224.com"],"url":"https:\/\/universnews224.com\/index.php\/author\/m-camara\/"}]}},"_links":{"self":[{"href":"https:\/\/universnews224.com\/index.php\/wp-json\/wp\/v2\/posts\/2781"}],"collection":[{"href":"https:\/\/universnews224.com\/index.php\/wp-json\/wp\/v2\/posts"}],"about":[{"href":"https:\/\/universnews224.com\/index.php\/wp-json\/wp\/v2\/types\/post"}],"author":[{"embeddable":true,"href":"https:\/\/universnews224.com\/index.php\/wp-json\/wp\/v2\/users\/2"}],"replies":[{"embeddable":true,"href":"https:\/\/universnews224.com\/index.php\/wp-json\/wp\/v2\/comments?post=2781"}],"version-history":[{"count":1,"href":"https:\/\/universnews224.com\/index.php\/wp-json\/wp\/v2\/posts\/2781\/revisions"}],"predecessor-version":[{"id":2783,"href":"https:\/\/universnews224.com\/index.php\/wp-json\/wp\/v2\/posts\/2781\/revisions\/2783"}],"wp:featuredmedia":[{"embeddable":true,"href":"https:\/\/universnews224.com\/index.php\/wp-json\/wp\/v2\/media\/2782"}],"wp:attachment":[{"href":"https:\/\/universnews224.com\/index.php\/wp-json\/wp\/v2\/media?parent=2781"}],"wp:term":[{"taxonomy":"category","embeddable":true,"href":"https:\/\/universnews224.com\/index.php\/wp-json\/wp\/v2\/categories?post=2781"},{"taxonomy":"post_tag","embeddable":true,"href":"https:\/\/universnews224.com\/index.php\/wp-json\/wp\/v2\/tags?post=2781"}],"curies":[{"name":"wp","href":"https:\/\/api.w.org\/{rel}","templated":true}]}}