{"id":2785,"date":"2023-01-17T14:12:42","date_gmt":"2023-01-17T13:12:42","guid":{"rendered":"https:\/\/universnews224.com\/?p=2785"},"modified":"2023-01-17T14:12:42","modified_gmt":"2023-01-17T13:12:42","slug":"celebration-de-la-journee-mondiale-de-la-sante-de-la-peau-des-soins-gratuits-pour-la-communaute-de-boke-et-conakry","status":"publish","type":"post","link":"https:\/\/universnews224.com\/index.php\/celebration-de-la-journee-mondiale-de-la-sante-de-la-peau-des-soins-gratuits-pour-la-communaute-de-boke-et-conakry\/","title":{"rendered":"C\u00e9l\u00e9bration de la Journ\u00e9e Mondiale de la sant\u00e9 de la peau:  des soins gratuits pour la communaut\u00e9 de Bok\u00e9 et Conakry."},"content":{"rendered":"<p class=\"p3\"><span class=\"s2\"> En pr\u00e9lude de la c\u00e9l\u00e9bration de la Joun\u00e9e Mondiale de la<span class=\"Apple-converted-space\">\u00a0 <\/span>Sant\u00e9 de la peau en Guin\u00e9e, la clinique Dermatologique en collaboration avec l\u2019Universit\u00e9 la source et la Soci\u00e9t\u00e9 internationale de Dermatologie de Conakry<span class=\"Apple-converted-space\">\u00a0 <\/span>organise des journ\u00e9es de soins cutan\u00e9s gratuits pour la communaut\u00e9 de Bok\u00e9 et celle de Conakry<span class=\"Apple-converted-space\">\u00a0 <\/span>du 18 au 21 Janvier et<span class=\"Apple-converted-space\">\u00a0 <\/span>du 27 au 31 Janvier 2023. <\/span><\/p>\n<p class=\"p3\"><span class=\"s2\">L\u2019annonce a \u00e9t\u00e9 faite par les organisateurs qui \u00e9taient<span class=\"Apple-converted-space\">\u00a0 <\/span>devant les hommes de m\u00e9dias ce mardi 17 janvier lors d\u2019une conf\u00e9rence de presse.<\/span><\/p>\n<p class=\"p3\"><span class=\"s2\">Une journ\u00e9e mondiale de la peau que nous c\u00e9l\u00e9brons chaque ann\u00e9e en Guin\u00e9e \u00e0 partir du 18 janvier et va s\u2019\u00e9taler au 31 janvier \u00e0 travers deux \u00e9tapes, expliquent les conf\u00e9rencier.<\/span><\/p>\n<p class=\"p3\"><span class=\"s2\"> \u00ab<span class=\"Apple-converted-space\">\u00a0 <\/span>Pour la 4\u00e8me fois en Guin\u00e9e, nous donnons la joie \u00e0 la communaut\u00e9 avec des maladies de peau. Et nous sommes tr\u00e8s heureuse d&rsquo;honorer de faire venir en Guin\u00e9e<span class=\"Apple-converted-space\">\u00a0 <\/span>7 \u00e0 8 internationaux experts en dermatologue cutan\u00e9s qui vont nous aider \u00e0 faire le programme de soins gratuits dans les deux parties. Et cette ann\u00e9e, nos activit\u00e9s de soins gratuits se divisent en 2 phases: 1\u00e8re Phase<span class=\"Apple-converted-space\">\u00a0 <\/span>du 18 au 22 Janvier 2023 \u00e0 Bok\u00e9 avec la participation de certains de nos speakers qui seront en Guin\u00e9e pour servir notre communaut\u00e9. Et apr\u00e8s nous revenons \u00e0 Conakry pour participer \u00e0 un congr\u00e8s international dermatologie qui sera fait premier en Guin\u00e9e et une des rares en Afrique. Heureux de les accueillir et fier de servir ma nation\u00bb a t-elle indiqu\u00e9 et d\u2019ajouter: <\/span><\/p>\n<p class=\"p3\"><span class=\"s2\">\u00ab2\u00e8me phase: du 27 au 31 Janvier 2023 \u00e0 l&rsquo;Universit\u00e9 la Source de Guin\u00e9e pour la zone de Conakry et environ. La particularit\u00e9 des soins pour la zone de Conakry r\u00e9side dans le fait que les pr\u00e9parations magistrales qui serviront de m\u00e9dicaments pour cette 2\u00e8me phase seront pr\u00e9par\u00e9s par les pharmaciens Guin\u00e9ens sous la supervision de Albertina Onsea \u00bb, a expliqu\u00e9 les conf\u00e9rencier .<\/span><\/p>\n<p class=\"p3\"><span class=\"s2\">Sana Sylla.<\/span><\/p>\n","protected":false},"excerpt":{"rendered":"<p>En pr\u00e9lude de la c\u00e9l\u00e9bration de la Joun\u00e9e Mondiale de la\u00a0 Sant\u00e9 de la peau<\/p>\n","protected":false},"author":2,"featured_media":2786,"comment_status":"closed","ping_status":"open","sticky":false,"template":"","format":"standard","meta":[],"categories":[3,5],"tags":[229],"yoast_head":"<!-- This site is optimized with the Yoast SEO plugin v19.13 - https:\/\/yoast.com\/wordpress\/plugins\/seo\/ -->\n<title>C\u00e9l\u00e9bration de la Journ\u00e9e Mondiale de la sant\u00e9 de la peau: des soins gratuits pour la communaut\u00e9 de Bok\u00e9 et Conakry. - UNIVERSNEWS224<\/title>\n<meta name=\"robots\" content=\"index, follow, max-snippet:-1, max-image-preview:large, max-video-preview:-1\" \/>\n<link rel=\"canonical\" href=\"https:\/\/universnews224.com\/index.php\/celebration-de-la-journee-mondiale-de-la-sante-de-la-peau-des-soins-gratuits-pour-la-communaute-de-boke-et-conakry\/\" \/>\n<meta property=\"og:locale\" content=\"fr_FR\" \/>\n<meta property=\"og:type\" content=\"article\" \/>\n<meta property=\"og:title\" content=\"C\u00e9l\u00e9bration de la Journ\u00e9e Mondiale de la sant\u00e9 de la peau: des soins gratuits pour la communaut\u00e9 de Bok\u00e9 et Conakry. - UNIVERSNEWS224\" \/>\n<meta property=\"og:description\" content=\"En pr\u00e9lude de la c\u00e9l\u00e9bration de la Joun\u00e9e Mondiale de la\u00a0 Sant\u00e9 de la peau\" \/>\n<meta property=\"og:url\" content=\"https:\/\/universnews224.com\/index.php\/celebration-de-la-journee-mondiale-de-la-sante-de-la-peau-des-soins-gratuits-pour-la-communaute-de-boke-et-conakry\/\" \/>\n<meta property=\"og:site_name\" content=\"UNIVERSNEWS224\" \/>\n<meta property=\"article:published_time\" content=\"2023-01-17T13:12:42+00:00\" \/>\n<meta property=\"og:image\" content=\"https:\/\/universnews224.com\/wp-content\/uploads\/2023\/01\/B38945FE-D15F-41B7-B084-4CE40BFA4BD0.jpeg\" \/>\n\t<meta property=\"og:image:width\" content=\"1024\" \/>\n\t<meta property=\"og:image:height\" content=\"576\" \/>\n\t<meta property=\"og:image:type\" content=\"image\/jpeg\" \/>\n<meta name=\"author\" content=\"La R\u00e9daction\" \/>\n<meta name=\"twitter:label1\" content=\"\u00c9crit par\" \/>\n\t<meta name=\"twitter:data1\" content=\"La R\u00e9daction\" \/>\n\t<meta name=\"twitter:label2\" content=\"Dur\u00e9e de lecture estim\u00e9e\" \/>\n\t<meta name=\"twitter:data2\" content=\"2 minutes\" \/>\n<script type=\"application\/ld+json\" class=\"yoast-schema-graph\">{\"@context\":\"https:\/\/schema.org\",\"@graph\":[{\"@type\":\"Article\",\"@id\":\"https:\/\/universnews224.com\/index.php\/celebration-de-la-journee-mondiale-de-la-sante-de-la-peau-des-soins-gratuits-pour-la-communaute-de-boke-et-conakry\/#article\",\"isPartOf\":{\"@id\":\"https:\/\/universnews224.com\/index.php\/celebration-de-la-journee-mondiale-de-la-sante-de-la-peau-des-soins-gratuits-pour-la-communaute-de-boke-et-conakry\/\"},\"author\":{\"name\":\"La R\u00e9daction\",\"@id\":\"https:\/\/universnews224.com\/#\/schema\/person\/a4b7d4f94a4716df60456a491260485e\"},\"headline\":\"C\u00e9l\u00e9bration de la Journ\u00e9e Mondiale de la sant\u00e9 de la peau: des soins gratuits pour la communaut\u00e9 de Bok\u00e9 et Conakry.\",\"datePublished\":\"2023-01-17T13:12:42+00:00\",\"dateModified\":\"2023-01-17T13:12:42+00:00\",\"mainEntityOfPage\":{\"@id\":\"https:\/\/universnews224.com\/index.php\/celebration-de-la-journee-mondiale-de-la-sante-de-la-peau-des-soins-gratuits-pour-la-communaute-de-boke-et-conakry\/\"},\"wordCount\":348,\"publisher\":{\"@id\":\"https:\/\/universnews224.com\/#organization\"},\"keywords\":[\"La une\"],\"articleSection\":[\"ACTU\",\"SOCI\u00c9T\u00c9\"],\"inLanguage\":\"fr-FR\"},{\"@type\":\"WebPage\",\"@id\":\"https:\/\/universnews224.com\/index.php\/celebration-de-la-journee-mondiale-de-la-sante-de-la-peau-des-soins-gratuits-pour-la-communaute-de-boke-et-conakry\/\",\"url\":\"https:\/\/universnews224.com\/index.php\/celebration-de-la-journee-mondiale-de-la-sante-de-la-peau-des-soins-gratuits-pour-la-communaute-de-boke-et-conakry\/\",\"name\":\"C\u00e9l\u00e9bration de la Journ\u00e9e Mondiale de la sant\u00e9 de la peau: des soins gratuits pour la communaut\u00e9 de Bok\u00e9 et Conakry. - UNIVERSNEWS224\",\"isPartOf\":{\"@id\":\"https:\/\/universnews224.com\/#website\"},\"datePublished\":\"2023-01-17T13:12:42+00:00\",\"dateModified\":\"2023-01-17T13:12:42+00:00\",\"inLanguage\":\"fr-FR\",\"potentialAction\":[{\"@type\":\"ReadAction\",\"target\":[\"https:\/\/universnews224.com\/index.php\/celebration-de-la-journee-mondiale-de-la-sante-de-la-peau-des-soins-gratuits-pour-la-communaute-de-boke-et-conakry\/\"]}]},{\"@type\":\"WebSite\",\"@id\":\"https:\/\/universnews224.com\/#website\",\"url\":\"https:\/\/universnews224.com\/\",\"name\":\"UNIVERSNEWS224\",\"description\":\"\",\"publisher\":{\"@id\":\"https:\/\/universnews224.com\/#organization\"},\"potentialAction\":[{\"@type\":\"SearchAction\",\"target\":{\"@type\":\"EntryPoint\",\"urlTemplate\":\"https:\/\/universnews224.com\/?s={search_term_string}\"},\"query-input\":\"required name=search_term_string\"}],\"inLanguage\":\"fr-FR\"},{\"@type\":\"Organization\",\"@id\":\"https:\/\/universnews224.com\/#organization\",\"name\":\"UNIVERSNEWS224\",\"url\":\"https:\/\/universnews224.com\/\",\"logo\":{\"@type\":\"ImageObject\",\"inLanguage\":\"fr-FR\",\"@id\":\"https:\/\/universnews224.com\/#\/schema\/logo\/image\/\",\"url\":\"https:\/\/universnews224.com\/wp-content\/uploads\/2022\/08\/cropped-cropped-logoban.jpg\",\"contentUrl\":\"https:\/\/universnews224.com\/wp-content\/uploads\/2022\/08\/cropped-cropped-logoban.jpg\",\"width\":1080,\"height\":138,\"caption\":\"UNIVERSNEWS224\"},\"image\":{\"@id\":\"https:\/\/universnews224.com\/#\/schema\/logo\/image\/\"}},{\"@type\":\"Person\",\"@id\":\"https:\/\/universnews224.com\/#\/schema\/person\/a4b7d4f94a4716df60456a491260485e\",\"name\":\"La R\u00e9daction\",\"image\":{\"@type\":\"ImageObject\",\"inLanguage\":\"fr-FR\",\"@id\":\"https:\/\/universnews224.com\/#\/schema\/person\/image\/\",\"url\":\"https:\/\/secure.gravatar.com\/avatar\/edb90acc7752b23e1b3307ad36c14f0d?s=96&d=mm&r=g\",\"contentUrl\":\"https:\/\/secure.gravatar.com\/avatar\/edb90acc7752b23e1b3307ad36c14f0d?s=96&d=mm&r=g\",\"caption\":\"La R\u00e9daction\"},\"sameAs\":[\"https:\/\/universnews224.com\"],\"url\":\"https:\/\/universnews224.com\/index.php\/author\/m-camara\/\"}]}<\/script>\n<!-- \/ Yoast SEO plugin. -->","yoast_head_json":{"title":"C\u00e9l\u00e9bration de la Journ\u00e9e Mondiale de la sant\u00e9 de la peau: des soins gratuits pour la communaut\u00e9 de Bok\u00e9 et Conakry. - UNIVERSNEWS224","robots":{"index":"index","follow":"follow","max-snippet":"max-snippet:-1","max-image-preview":"max-image-preview:large","max-video-preview":"max-video-preview:-1"},"canonical":"https:\/\/universnews224.com\/index.php\/celebration-de-la-journee-mondiale-de-la-sante-de-la-peau-des-soins-gratuits-pour-la-communaute-de-boke-et-conakry\/","og_locale":"fr_FR","og_type":"article","og_title":"C\u00e9l\u00e9bration de la Journ\u00e9e Mondiale de la sant\u00e9 de la peau: des soins gratuits pour la communaut\u00e9 de Bok\u00e9 et Conakry. - UNIVERSNEWS224","og_description":"En pr\u00e9lude de la c\u00e9l\u00e9bration de la Joun\u00e9e Mondiale de la\u00a0 Sant\u00e9 de la peau","og_url":"https:\/\/universnews224.com\/index.php\/celebration-de-la-journee-mondiale-de-la-sante-de-la-peau-des-soins-gratuits-pour-la-communaute-de-boke-et-conakry\/","og_site_name":"UNIVERSNEWS224","article_published_time":"2023-01-17T13:12:42+00:00","og_image":[{"width":1024,"height":576,"url":"https:\/\/universnews224.com\/wp-content\/uploads\/2023\/01\/B38945FE-D15F-41B7-B084-4CE40BFA4BD0.jpeg","type":"image\/jpeg"}],"author":"La R\u00e9daction","twitter_misc":{"\u00c9crit par":"La R\u00e9daction","Dur\u00e9e de lecture estim\u00e9e":"2 minutes"},"schema":{"@context":"https:\/\/schema.org","@graph":[{"@type":"Article","@id":"https:\/\/universnews224.com\/index.php\/celebration-de-la-journee-mondiale-de-la-sante-de-la-peau-des-soins-gratuits-pour-la-communaute-de-boke-et-conakry\/#article","isPartOf":{"@id":"https:\/\/universnews224.com\/index.php\/celebration-de-la-journee-mondiale-de-la-sante-de-la-peau-des-soins-gratuits-pour-la-communaute-de-boke-et-conakry\/"},"author":{"name":"La R\u00e9daction","@id":"https:\/\/universnews224.com\/#\/schema\/person\/a4b7d4f94a4716df60456a491260485e"},"headline":"C\u00e9l\u00e9bration de la Journ\u00e9e Mondiale de la sant\u00e9 de la peau: des soins gratuits pour la communaut\u00e9 de Bok\u00e9 et Conakry.","datePublished":"2023-01-17T13:12:42+00:00","dateModified":"2023-01-17T13:12:42+00:00","mainEntityOfPage":{"@id":"https:\/\/universnews224.com\/index.php\/celebration-de-la-journee-mondiale-de-la-sante-de-la-peau-des-soins-gratuits-pour-la-communaute-de-boke-et-conakry\/"},"wordCount":348,"publisher":{"@id":"https:\/\/universnews224.com\/#organization"},"keywords":["La une"],"articleSection":["ACTU","SOCI\u00c9T\u00c9"],"inLanguage":"fr-FR"},{"@type":"WebPage","@id":"https:\/\/universnews224.com\/index.php\/celebration-de-la-journee-mondiale-de-la-sante-de-la-peau-des-soins-gratuits-pour-la-communaute-de-boke-et-conakry\/","url":"https:\/\/universnews224.com\/index.php\/celebration-de-la-journee-mondiale-de-la-sante-de-la-peau-des-soins-gratuits-pour-la-communaute-de-boke-et-conakry\/","name":"C\u00e9l\u00e9bration de la Journ\u00e9e Mondiale de la sant\u00e9 de la peau: des soins gratuits pour la communaut\u00e9 de Bok\u00e9 et Conakry. - UNIVERSNEWS224","isPartOf":{"@id":"https:\/\/universnews224.com\/#website"},"datePublished":"2023-01-17T13:12:42+00:00","dateModified":"2023-01-17T13:12:42+00:00","inLanguage":"fr-FR","potentialAction":[{"@type":"ReadAction","target":["https:\/\/universnews224.com\/index.php\/celebration-de-la-journee-mondiale-de-la-sante-de-la-peau-des-soins-gratuits-pour-la-communaute-de-boke-et-conakry\/"]}]},{"@type":"WebSite","@id":"https:\/\/universnews224.com\/#website","url":"https:\/\/universnews224.com\/","name":"UNIVERSNEWS224","description":"","publisher":{"@id":"https:\/\/universnews224.com\/#organization"},"potentialAction":[{"@type":"SearchAction","target":{"@type":"EntryPoint","urlTemplate":"https:\/\/universnews224.com\/?s={search_term_string}"},"query-input":"required name=search_term_string"}],"inLanguage":"fr-FR"},{"@type":"Organization","@id":"https:\/\/universnews224.com\/#organization","name":"UNIVERSNEWS224","url":"https:\/\/universnews224.com\/","logo":{"@type":"ImageObject","inLanguage":"fr-FR","@id":"https:\/\/universnews224.com\/#\/schema\/logo\/image\/","url":"https:\/\/universnews224.com\/wp-content\/uploads\/2022\/08\/cropped-cropped-logoban.jpg","contentUrl":"https:\/\/universnews224.com\/wp-content\/uploads\/2022\/08\/cropped-cropped-logoban.jpg","width":1080,"height":138,"caption":"UNIVERSNEWS224"},"image":{"@id":"https:\/\/universnews224.com\/#\/schema\/logo\/image\/"}},{"@type":"Person","@id":"https:\/\/universnews224.com\/#\/schema\/person\/a4b7d4f94a4716df60456a491260485e","name":"La R\u00e9daction","image":{"@type":"ImageObject","inLanguage":"fr-FR","@id":"https:\/\/universnews224.com\/#\/schema\/person\/image\/","url":"https:\/\/secure.gravatar.com\/avatar\/edb90acc7752b23e1b3307ad36c14f0d?s=96&d=mm&r=g","contentUrl":"https:\/\/secure.gravatar.com\/avatar\/edb90acc7752b23e1b3307ad36c14f0d?s=96&d=mm&r=g","caption":"La R\u00e9daction"},"sameAs":["https:\/\/universnews224.com"],"url":"https:\/\/universnews224.com\/index.php\/author\/m-camara\/"}]}},"_links":{"self":[{"href":"https:\/\/universnews224.com\/index.php\/wp-json\/wp\/v2\/posts\/2785"}],"collection":[{"href":"https:\/\/universnews224.com\/index.php\/wp-json\/wp\/v2\/posts"}],"about":[{"href":"https:\/\/universnews224.com\/index.php\/wp-json\/wp\/v2\/types\/post"}],"author":[{"embeddable":true,"href":"https:\/\/universnews224.com\/index.php\/wp-json\/wp\/v2\/users\/2"}],"replies":[{"embeddable":true,"href":"https:\/\/universnews224.com\/index.php\/wp-json\/wp\/v2\/comments?post=2785"}],"version-history":[{"count":1,"href":"https:\/\/universnews224.com\/index.php\/wp-json\/wp\/v2\/posts\/2785\/revisions"}],"predecessor-version":[{"id":2787,"href":"https:\/\/universnews224.com\/index.php\/wp-json\/wp\/v2\/posts\/2785\/revisions\/2787"}],"wp:featuredmedia":[{"embeddable":true,"href":"https:\/\/universnews224.com\/index.php\/wp-json\/wp\/v2\/media\/2786"}],"wp:attachment":[{"href":"https:\/\/universnews224.com\/index.php\/wp-json\/wp\/v2\/media?parent=2785"}],"wp:term":[{"taxonomy":"category","embeddable":true,"href":"https:\/\/universnews224.com\/index.php\/wp-json\/wp\/v2\/categories?post=2785"},{"taxonomy":"post_tag","embeddable":true,"href":"https:\/\/universnews224.com\/index.php\/wp-json\/wp\/v2\/tags?post=2785"}],"curies":[{"name":"wp","href":"https:\/\/api.w.org\/{rel}","templated":true}]}}