{"id":2813,"date":"2023-01-19T21:03:38","date_gmt":"2023-01-19T20:03:38","guid":{"rendered":"https:\/\/universnews224.com\/?p=2813"},"modified":"2023-01-19T21:03:38","modified_gmt":"2023-01-19T20:03:38","slug":"me-alfred-mathos-pour-le-moment-il-est-opportun-denvisager-les-candidatures-independantes-aux-elections-presidentielles","status":"publish","type":"post","link":"https:\/\/universnews224.com\/index.php\/me-alfred-mathos-pour-le-moment-il-est-opportun-denvisager-les-candidatures-independantes-aux-elections-presidentielles\/","title":{"rendered":"Me Alfred Mathos: \u00abPour le moment, il est opportun d\u2019envisager les candidatures ind\u00e9pendantes aux \u00e9lections pr\u00e9sidentielles\u00bb."},"content":{"rendered":"<p>La question relative aux candidatures ind\u00e9pendantes ou non aux prochaines \u00e9lections pr\u00e9sidentielles continue d\u2019alimenter les d\u00e9bats en Guin\u00e9e. Si certains estiment qu\u2019il faut int\u00e9grer cette question dans la nouvelle constitution, d\u2019autres au contraire pensent qu\u2019il est tr\u00e8s t\u00f4t d\u2019envisager cette option. C\u2019est le cas de Me Alfred Mathos.<\/p>\n<div>\n<div><\/div>\n<div>Invit\u00e9 de l\u2019\u00e9mission \u00ables GG\u00bb de ce jeudi, 18 janvier 2023, le leader de l\u2019UPG d\u00e9clare:<\/div>\n<div><\/div>\n<div>\u00abCeux qui militent dans les partis politiques, ce n\u2019est pas tout le peuple de Guin\u00e9e. Si vous prenez le ratio, nous sommes peut \u00eatre 12 millions de guin\u00e9ens aujourd\u2019hui. Ceux qui militent dans les partis politiques ne d\u00e9passent pas 2 millions. Si vous prenez le droit de vote, il y a le vote sanction, il y a vote libre. On peut \u00a0voter sans \u00eatre partisan d\u2019un parti politique. Donc, je pense que la candidature libre doit \u00eatre de mise, mais pour la magistrature supr\u00eame, il serait trop t\u00f4t de l\u2019envisager. Pourquoi? Vous savez le nerf de la guerre, c\u2019est l\u2019argent, quelqu\u2019un peut venir de nulle part, pr\u00e9senter sa candidature libre. Vous savez la maturit\u00e9 de notre \u00e9lectorat est ce qu\u2019elle est , il faut faire tr\u00e8s attention! Donc, le premier probl\u00e8me c\u2019est d\u2019abord la maturit\u00e9 de l\u2019\u00e9lectorat. Donc, pour le moment, il est opportun d\u2019envisager les candidatures ind\u00e9pendantes aux \u00e9lections pr\u00e9sidentielles\u00bb, a t-il martel\u00e9.<\/div>\n<div><\/div>\n<div>Camara Mamadouba<\/div>\n<div>611 46 04 10<\/p>\n<div><\/div>\n<div><\/div>\n<div>\n<div><\/div>\n<div><\/div>\n<\/div>\n<\/div>\n<\/div>\n","protected":false},"excerpt":{"rendered":"<p>La question relative aux candidatures ind\u00e9pendantes ou non aux prochaines \u00e9lections pr\u00e9sidentielles continue d\u2019alimenter les<\/p>\n","protected":false},"author":2,"featured_media":2814,"comment_status":"closed","ping_status":"open","sticky":false,"template":"","format":"standard","meta":[],"categories":[3,4],"tags":[229],"yoast_head":"<!-- This site is optimized with the Yoast SEO plugin v19.13 - https:\/\/yoast.com\/wordpress\/plugins\/seo\/ -->\n<title>Me Alfred Mathos: \u00abPour le moment, il est opportun d\u2019envisager les candidatures ind\u00e9pendantes aux \u00e9lections pr\u00e9sidentielles\u00bb. - UNIVERSNEWS224<\/title>\n<meta name=\"robots\" content=\"index, follow, max-snippet:-1, max-image-preview:large, max-video-preview:-1\" \/>\n<link rel=\"canonical\" href=\"https:\/\/universnews224.com\/index.php\/me-alfred-mathos-pour-le-moment-il-est-opportun-denvisager-les-candidatures-independantes-aux-elections-presidentielles\/\" \/>\n<meta property=\"og:locale\" content=\"fr_FR\" \/>\n<meta property=\"og:type\" content=\"article\" \/>\n<meta property=\"og:title\" content=\"Me Alfred Mathos: \u00abPour le moment, il est opportun d\u2019envisager les candidatures ind\u00e9pendantes aux \u00e9lections pr\u00e9sidentielles\u00bb. - UNIVERSNEWS224\" \/>\n<meta property=\"og:description\" content=\"La question relative aux candidatures ind\u00e9pendantes ou non aux prochaines \u00e9lections pr\u00e9sidentielles continue d\u2019alimenter les\" \/>\n<meta property=\"og:url\" content=\"https:\/\/universnews224.com\/index.php\/me-alfred-mathos-pour-le-moment-il-est-opportun-denvisager-les-candidatures-independantes-aux-elections-presidentielles\/\" \/>\n<meta property=\"og:site_name\" content=\"UNIVERSNEWS224\" \/>\n<meta property=\"article:published_time\" content=\"2023-01-19T20:03:38+00:00\" \/>\n<meta property=\"og:image\" content=\"https:\/\/universnews224.com\/wp-content\/uploads\/2023\/01\/8D54D393-CB09-4F7B-AE3D-D5144D96E87F.jpeg\" \/>\n\t<meta property=\"og:image:width\" content=\"644\" \/>\n\t<meta property=\"og:image:height\" content=\"462\" \/>\n\t<meta property=\"og:image:type\" content=\"image\/jpeg\" \/>\n<meta name=\"author\" content=\"La R\u00e9daction\" \/>\n<meta name=\"twitter:label1\" content=\"\u00c9crit par\" \/>\n\t<meta name=\"twitter:data1\" content=\"La R\u00e9daction\" \/>\n\t<meta name=\"twitter:label2\" content=\"Dur\u00e9e de lecture estim\u00e9e\" \/>\n\t<meta name=\"twitter:data2\" content=\"2 minutes\" \/>\n<script type=\"application\/ld+json\" class=\"yoast-schema-graph\">{\"@context\":\"https:\/\/schema.org\",\"@graph\":[{\"@type\":\"Article\",\"@id\":\"https:\/\/universnews224.com\/index.php\/me-alfred-mathos-pour-le-moment-il-est-opportun-denvisager-les-candidatures-independantes-aux-elections-presidentielles\/#article\",\"isPartOf\":{\"@id\":\"https:\/\/universnews224.com\/index.php\/me-alfred-mathos-pour-le-moment-il-est-opportun-denvisager-les-candidatures-independantes-aux-elections-presidentielles\/\"},\"author\":{\"name\":\"La R\u00e9daction\",\"@id\":\"https:\/\/universnews224.com\/#\/schema\/person\/a4b7d4f94a4716df60456a491260485e\"},\"headline\":\"Me Alfred Mathos: \u00abPour le moment, il est opportun d\u2019envisager les candidatures ind\u00e9pendantes aux \u00e9lections pr\u00e9sidentielles\u00bb.\",\"datePublished\":\"2023-01-19T20:03:38+00:00\",\"dateModified\":\"2023-01-19T20:03:38+00:00\",\"mainEntityOfPage\":{\"@id\":\"https:\/\/universnews224.com\/index.php\/me-alfred-mathos-pour-le-moment-il-est-opportun-denvisager-les-candidatures-independantes-aux-elections-presidentielles\/\"},\"wordCount\":272,\"publisher\":{\"@id\":\"https:\/\/universnews224.com\/#organization\"},\"keywords\":[\"La une\"],\"articleSection\":[\"ACTU\",\"POLITIQUE\"],\"inLanguage\":\"fr-FR\"},{\"@type\":\"WebPage\",\"@id\":\"https:\/\/universnews224.com\/index.php\/me-alfred-mathos-pour-le-moment-il-est-opportun-denvisager-les-candidatures-independantes-aux-elections-presidentielles\/\",\"url\":\"https:\/\/universnews224.com\/index.php\/me-alfred-mathos-pour-le-moment-il-est-opportun-denvisager-les-candidatures-independantes-aux-elections-presidentielles\/\",\"name\":\"Me Alfred Mathos: \u00abPour le moment, il est opportun d\u2019envisager les candidatures ind\u00e9pendantes aux \u00e9lections pr\u00e9sidentielles\u00bb. - UNIVERSNEWS224\",\"isPartOf\":{\"@id\":\"https:\/\/universnews224.com\/#website\"},\"datePublished\":\"2023-01-19T20:03:38+00:00\",\"dateModified\":\"2023-01-19T20:03:38+00:00\",\"inLanguage\":\"fr-FR\",\"potentialAction\":[{\"@type\":\"ReadAction\",\"target\":[\"https:\/\/universnews224.com\/index.php\/me-alfred-mathos-pour-le-moment-il-est-opportun-denvisager-les-candidatures-independantes-aux-elections-presidentielles\/\"]}]},{\"@type\":\"WebSite\",\"@id\":\"https:\/\/universnews224.com\/#website\",\"url\":\"https:\/\/universnews224.com\/\",\"name\":\"UNIVERSNEWS224\",\"description\":\"\",\"publisher\":{\"@id\":\"https:\/\/universnews224.com\/#organization\"},\"potentialAction\":[{\"@type\":\"SearchAction\",\"target\":{\"@type\":\"EntryPoint\",\"urlTemplate\":\"https:\/\/universnews224.com\/?s={search_term_string}\"},\"query-input\":\"required name=search_term_string\"}],\"inLanguage\":\"fr-FR\"},{\"@type\":\"Organization\",\"@id\":\"https:\/\/universnews224.com\/#organization\",\"name\":\"UNIVERSNEWS224\",\"url\":\"https:\/\/universnews224.com\/\",\"logo\":{\"@type\":\"ImageObject\",\"inLanguage\":\"fr-FR\",\"@id\":\"https:\/\/universnews224.com\/#\/schema\/logo\/image\/\",\"url\":\"https:\/\/universnews224.com\/wp-content\/uploads\/2022\/08\/cropped-cropped-logoban.jpg\",\"contentUrl\":\"https:\/\/universnews224.com\/wp-content\/uploads\/2022\/08\/cropped-cropped-logoban.jpg\",\"width\":1080,\"height\":138,\"caption\":\"UNIVERSNEWS224\"},\"image\":{\"@id\":\"https:\/\/universnews224.com\/#\/schema\/logo\/image\/\"}},{\"@type\":\"Person\",\"@id\":\"https:\/\/universnews224.com\/#\/schema\/person\/a4b7d4f94a4716df60456a491260485e\",\"name\":\"La R\u00e9daction\",\"image\":{\"@type\":\"ImageObject\",\"inLanguage\":\"fr-FR\",\"@id\":\"https:\/\/universnews224.com\/#\/schema\/person\/image\/\",\"url\":\"https:\/\/secure.gravatar.com\/avatar\/edb90acc7752b23e1b3307ad36c14f0d?s=96&d=mm&r=g\",\"contentUrl\":\"https:\/\/secure.gravatar.com\/avatar\/edb90acc7752b23e1b3307ad36c14f0d?s=96&d=mm&r=g\",\"caption\":\"La R\u00e9daction\"},\"sameAs\":[\"https:\/\/universnews224.com\"],\"url\":\"https:\/\/universnews224.com\/index.php\/author\/m-camara\/\"}]}<\/script>\n<!-- \/ Yoast SEO plugin. -->","yoast_head_json":{"title":"Me Alfred Mathos: \u00abPour le moment, il est opportun d\u2019envisager les candidatures ind\u00e9pendantes aux \u00e9lections pr\u00e9sidentielles\u00bb. - UNIVERSNEWS224","robots":{"index":"index","follow":"follow","max-snippet":"max-snippet:-1","max-image-preview":"max-image-preview:large","max-video-preview":"max-video-preview:-1"},"canonical":"https:\/\/universnews224.com\/index.php\/me-alfred-mathos-pour-le-moment-il-est-opportun-denvisager-les-candidatures-independantes-aux-elections-presidentielles\/","og_locale":"fr_FR","og_type":"article","og_title":"Me Alfred Mathos: \u00abPour le moment, il est opportun d\u2019envisager les candidatures ind\u00e9pendantes aux \u00e9lections pr\u00e9sidentielles\u00bb. - UNIVERSNEWS224","og_description":"La question relative aux candidatures ind\u00e9pendantes ou non aux prochaines \u00e9lections pr\u00e9sidentielles continue d\u2019alimenter les","og_url":"https:\/\/universnews224.com\/index.php\/me-alfred-mathos-pour-le-moment-il-est-opportun-denvisager-les-candidatures-independantes-aux-elections-presidentielles\/","og_site_name":"UNIVERSNEWS224","article_published_time":"2023-01-19T20:03:38+00:00","og_image":[{"width":644,"height":462,"url":"https:\/\/universnews224.com\/wp-content\/uploads\/2023\/01\/8D54D393-CB09-4F7B-AE3D-D5144D96E87F.jpeg","type":"image\/jpeg"}],"author":"La R\u00e9daction","twitter_misc":{"\u00c9crit par":"La R\u00e9daction","Dur\u00e9e de lecture estim\u00e9e":"2 minutes"},"schema":{"@context":"https:\/\/schema.org","@graph":[{"@type":"Article","@id":"https:\/\/universnews224.com\/index.php\/me-alfred-mathos-pour-le-moment-il-est-opportun-denvisager-les-candidatures-independantes-aux-elections-presidentielles\/#article","isPartOf":{"@id":"https:\/\/universnews224.com\/index.php\/me-alfred-mathos-pour-le-moment-il-est-opportun-denvisager-les-candidatures-independantes-aux-elections-presidentielles\/"},"author":{"name":"La R\u00e9daction","@id":"https:\/\/universnews224.com\/#\/schema\/person\/a4b7d4f94a4716df60456a491260485e"},"headline":"Me Alfred Mathos: \u00abPour le moment, il est opportun d\u2019envisager les candidatures ind\u00e9pendantes aux \u00e9lections pr\u00e9sidentielles\u00bb.","datePublished":"2023-01-19T20:03:38+00:00","dateModified":"2023-01-19T20:03:38+00:00","mainEntityOfPage":{"@id":"https:\/\/universnews224.com\/index.php\/me-alfred-mathos-pour-le-moment-il-est-opportun-denvisager-les-candidatures-independantes-aux-elections-presidentielles\/"},"wordCount":272,"publisher":{"@id":"https:\/\/universnews224.com\/#organization"},"keywords":["La une"],"articleSection":["ACTU","POLITIQUE"],"inLanguage":"fr-FR"},{"@type":"WebPage","@id":"https:\/\/universnews224.com\/index.php\/me-alfred-mathos-pour-le-moment-il-est-opportun-denvisager-les-candidatures-independantes-aux-elections-presidentielles\/","url":"https:\/\/universnews224.com\/index.php\/me-alfred-mathos-pour-le-moment-il-est-opportun-denvisager-les-candidatures-independantes-aux-elections-presidentielles\/","name":"Me Alfred Mathos: \u00abPour le moment, il est opportun d\u2019envisager les candidatures ind\u00e9pendantes aux \u00e9lections pr\u00e9sidentielles\u00bb. - UNIVERSNEWS224","isPartOf":{"@id":"https:\/\/universnews224.com\/#website"},"datePublished":"2023-01-19T20:03:38+00:00","dateModified":"2023-01-19T20:03:38+00:00","inLanguage":"fr-FR","potentialAction":[{"@type":"ReadAction","target":["https:\/\/universnews224.com\/index.php\/me-alfred-mathos-pour-le-moment-il-est-opportun-denvisager-les-candidatures-independantes-aux-elections-presidentielles\/"]}]},{"@type":"WebSite","@id":"https:\/\/universnews224.com\/#website","url":"https:\/\/universnews224.com\/","name":"UNIVERSNEWS224","description":"","publisher":{"@id":"https:\/\/universnews224.com\/#organization"},"potentialAction":[{"@type":"SearchAction","target":{"@type":"EntryPoint","urlTemplate":"https:\/\/universnews224.com\/?s={search_term_string}"},"query-input":"required name=search_term_string"}],"inLanguage":"fr-FR"},{"@type":"Organization","@id":"https:\/\/universnews224.com\/#organization","name":"UNIVERSNEWS224","url":"https:\/\/universnews224.com\/","logo":{"@type":"ImageObject","inLanguage":"fr-FR","@id":"https:\/\/universnews224.com\/#\/schema\/logo\/image\/","url":"https:\/\/universnews224.com\/wp-content\/uploads\/2022\/08\/cropped-cropped-logoban.jpg","contentUrl":"https:\/\/universnews224.com\/wp-content\/uploads\/2022\/08\/cropped-cropped-logoban.jpg","width":1080,"height":138,"caption":"UNIVERSNEWS224"},"image":{"@id":"https:\/\/universnews224.com\/#\/schema\/logo\/image\/"}},{"@type":"Person","@id":"https:\/\/universnews224.com\/#\/schema\/person\/a4b7d4f94a4716df60456a491260485e","name":"La R\u00e9daction","image":{"@type":"ImageObject","inLanguage":"fr-FR","@id":"https:\/\/universnews224.com\/#\/schema\/person\/image\/","url":"https:\/\/secure.gravatar.com\/avatar\/edb90acc7752b23e1b3307ad36c14f0d?s=96&d=mm&r=g","contentUrl":"https:\/\/secure.gravatar.com\/avatar\/edb90acc7752b23e1b3307ad36c14f0d?s=96&d=mm&r=g","caption":"La R\u00e9daction"},"sameAs":["https:\/\/universnews224.com"],"url":"https:\/\/universnews224.com\/index.php\/author\/m-camara\/"}]}},"_links":{"self":[{"href":"https:\/\/universnews224.com\/index.php\/wp-json\/wp\/v2\/posts\/2813"}],"collection":[{"href":"https:\/\/universnews224.com\/index.php\/wp-json\/wp\/v2\/posts"}],"about":[{"href":"https:\/\/universnews224.com\/index.php\/wp-json\/wp\/v2\/types\/post"}],"author":[{"embeddable":true,"href":"https:\/\/universnews224.com\/index.php\/wp-json\/wp\/v2\/users\/2"}],"replies":[{"embeddable":true,"href":"https:\/\/universnews224.com\/index.php\/wp-json\/wp\/v2\/comments?post=2813"}],"version-history":[{"count":1,"href":"https:\/\/universnews224.com\/index.php\/wp-json\/wp\/v2\/posts\/2813\/revisions"}],"predecessor-version":[{"id":2815,"href":"https:\/\/universnews224.com\/index.php\/wp-json\/wp\/v2\/posts\/2813\/revisions\/2815"}],"wp:featuredmedia":[{"embeddable":true,"href":"https:\/\/universnews224.com\/index.php\/wp-json\/wp\/v2\/media\/2814"}],"wp:attachment":[{"href":"https:\/\/universnews224.com\/index.php\/wp-json\/wp\/v2\/media?parent=2813"}],"wp:term":[{"taxonomy":"category","embeddable":true,"href":"https:\/\/universnews224.com\/index.php\/wp-json\/wp\/v2\/categories?post=2813"},{"taxonomy":"post_tag","embeddable":true,"href":"https:\/\/universnews224.com\/index.php\/wp-json\/wp\/v2\/tags?post=2813"}],"curies":[{"name":"wp","href":"https:\/\/api.w.org\/{rel}","templated":true}]}}