{"id":2823,"date":"2023-01-23T14:03:21","date_gmt":"2023-01-23T13:03:21","guid":{"rendered":"https:\/\/universnews224.com\/?p=2823"},"modified":"2023-01-23T14:03:21","modified_gmt":"2023-01-23T13:03:21","slug":"dr-fode-oussou-fofana-le-ministre-mory-conde-connait-bien-la-decentralisation-jespere-bien-quil-ne-se-permettra-pas-mettre-en-place-des-delegations-speciales-en-violant-la-lo","status":"publish","type":"post","link":"https:\/\/universnews224.com\/index.php\/dr-fode-oussou-fofana-le-ministre-mory-conde-connait-bien-la-decentralisation-jespere-bien-quil-ne-se-permettra-pas-mettre-en-place-des-delegations-speciales-en-violant-la-lo\/","title":{"rendered":"Dr Fod\u00e9 Oussou Fofana: \u00abLe ministre Mory Cond\u00e9 conna\u00eet bien la d\u00e9centralisation, j\u2019esp\u00e8re bien qu\u2019il ne se permettra pas mettre en place des d\u00e9l\u00e9gations sp\u00e9ciales en violant la loi\u00bb"},"content":{"rendered":"<p>Lors d\u2019une rencontre tenue r\u00e9cemment \u00e0 Kindia, le ministre de l\u2019administration du territoire et de la d\u00e9centralisation a indiqu\u00e9 que les maires seront remplac\u00e9s par des \u00e9quipes de d\u00e9l\u00e9gations sp\u00e9ciales apr\u00e8s l\u2019\u00e9ch\u00e9ance de leur mandat.<\/p>\n<p>R\u00e9gissant sur cette actualit\u00e9 chez nos confr\u00e8res de la radio Fim Fm dans la rubrique \u00abl\u2019invit\u00e9\u00bb de ce lundi, 23 janvier 2023, le vice-pr\u00e9sident de l\u2019UFDG, Dr Fod\u00e9 Oussou Fofana a indiqu\u00e9 qu\u2019on ne peut pas transformer une commune en d\u00e9l\u00e9gation sp\u00e9ciale.<\/p>\n<p>\u00abNous avons la loi des collectivit\u00e9s r\u00e9vis\u00e9e qui existe, les conditions pour dissoudre une commune sont connues, il faut juste respecter la loi. On ne peut pas transformer une commune en d\u00e9l\u00e9gation sp\u00e9ciale, il faut respecter la loi. La loi dit que\u00abpour dissoudre une commune, il faut que le tiers des membres soit par un tribunal\u00bb. Donc, si les mandats sont \u00e9chous , au lieu de mettre en place des d\u00e9l\u00e9gations sp\u00e9ciales, puisque nous sommes en phase d\u2019organisation des \u00e9lections. Et puisqu\u2019il a \u00e9t\u00e9 demand\u00e9 de commencer par la base, mieux vaut qu\u2019on cr\u00e9e des conditions pour organiser tr\u00e8s rapidement des \u00e9lections locales pour qu\u2019on finisse avec cette partie. Le ministre Mory Cond\u00e9 conna\u00eet bien la d\u00e9centralisation, j\u2019esp\u00e8re bien qu\u2019il ne se permettra pas mettre en place des d\u00e9l\u00e9gations sp\u00e9ciales en violant la loi\u00bb, a t-il martel\u00e9<\/p>\n<p>Camara Mamadouba<br \/>\n611 46 04 10<\/p>\n","protected":false},"excerpt":{"rendered":"<p>Lors d\u2019une rencontre tenue r\u00e9cemment \u00e0 Kindia, le ministre de l\u2019administration du territoire et de<\/p>\n","protected":false},"author":2,"featured_media":1889,"comment_status":"closed","ping_status":"open","sticky":false,"template":"","format":"standard","meta":[],"categories":[3,4],"tags":[229],"yoast_head":"<!-- This site is optimized with the Yoast SEO plugin v19.13 - https:\/\/yoast.com\/wordpress\/plugins\/seo\/ -->\n<title>Dr Fod\u00e9 Oussou Fofana: \u00abLe ministre Mory Cond\u00e9 conna\u00eet bien la d\u00e9centralisation, j\u2019esp\u00e8re bien qu\u2019il ne se permettra pas mettre en place des d\u00e9l\u00e9gations sp\u00e9ciales en violant la loi\u00bb - UNIVERSNEWS224<\/title>\n<meta name=\"robots\" content=\"index, follow, max-snippet:-1, max-image-preview:large, max-video-preview:-1\" \/>\n<link rel=\"canonical\" href=\"https:\/\/universnews224.com\/index.php\/dr-fode-oussou-fofana-le-ministre-mory-conde-connait-bien-la-decentralisation-jespere-bien-quil-ne-se-permettra-pas-mettre-en-place-des-delegations-speciales-en-violant-la-lo\/\" \/>\n<meta property=\"og:locale\" content=\"fr_FR\" \/>\n<meta property=\"og:type\" content=\"article\" \/>\n<meta property=\"og:title\" content=\"Dr Fod\u00e9 Oussou Fofana: \u00abLe ministre Mory Cond\u00e9 conna\u00eet bien la d\u00e9centralisation, j\u2019esp\u00e8re bien qu\u2019il ne se permettra pas mettre en place des d\u00e9l\u00e9gations sp\u00e9ciales en violant la loi\u00bb - UNIVERSNEWS224\" \/>\n<meta property=\"og:description\" content=\"Lors d\u2019une rencontre tenue r\u00e9cemment \u00e0 Kindia, le ministre de l\u2019administration du territoire et de\" \/>\n<meta property=\"og:url\" content=\"https:\/\/universnews224.com\/index.php\/dr-fode-oussou-fofana-le-ministre-mory-conde-connait-bien-la-decentralisation-jespere-bien-quil-ne-se-permettra-pas-mettre-en-place-des-delegations-speciales-en-violant-la-lo\/\" \/>\n<meta property=\"og:site_name\" content=\"UNIVERSNEWS224\" \/>\n<meta property=\"article:published_time\" content=\"2023-01-23T13:03:21+00:00\" \/>\n<meta property=\"og:image\" content=\"https:\/\/universnews224.com\/wp-content\/uploads\/2022\/08\/E2AE74C2-D782-4491-A692-80661E3DA003.jpeg\" \/>\n\t<meta property=\"og:image:width\" content=\"720\" \/>\n\t<meta property=\"og:image:height\" content=\"430\" \/>\n\t<meta property=\"og:image:type\" content=\"image\/jpeg\" \/>\n<meta name=\"author\" content=\"La R\u00e9daction\" \/>\n<meta name=\"twitter:label1\" content=\"\u00c9crit par\" \/>\n\t<meta name=\"twitter:data1\" content=\"La R\u00e9daction\" \/>\n\t<meta name=\"twitter:label2\" content=\"Dur\u00e9e de lecture estim\u00e9e\" \/>\n\t<meta name=\"twitter:data2\" content=\"2 minutes\" \/>\n<script type=\"application\/ld+json\" class=\"yoast-schema-graph\">{\"@context\":\"https:\/\/schema.org\",\"@graph\":[{\"@type\":\"Article\",\"@id\":\"https:\/\/universnews224.com\/index.php\/dr-fode-oussou-fofana-le-ministre-mory-conde-connait-bien-la-decentralisation-jespere-bien-quil-ne-se-permettra-pas-mettre-en-place-des-delegations-speciales-en-violant-la-lo\/#article\",\"isPartOf\":{\"@id\":\"https:\/\/universnews224.com\/index.php\/dr-fode-oussou-fofana-le-ministre-mory-conde-connait-bien-la-decentralisation-jespere-bien-quil-ne-se-permettra-pas-mettre-en-place-des-delegations-speciales-en-violant-la-lo\/\"},\"author\":{\"name\":\"La R\u00e9daction\",\"@id\":\"https:\/\/universnews224.com\/#\/schema\/person\/a4b7d4f94a4716df60456a491260485e\"},\"headline\":\"Dr Fod\u00e9 Oussou Fofana: \u00abLe ministre Mory Cond\u00e9 conna\u00eet bien la d\u00e9centralisation, j\u2019esp\u00e8re bien qu\u2019il ne se permettra pas mettre en place des d\u00e9l\u00e9gations sp\u00e9ciales en violant la loi\u00bb\",\"datePublished\":\"2023-01-23T13:03:21+00:00\",\"dateModified\":\"2023-01-23T13:03:21+00:00\",\"mainEntityOfPage\":{\"@id\":\"https:\/\/universnews224.com\/index.php\/dr-fode-oussou-fofana-le-ministre-mory-conde-connait-bien-la-decentralisation-jespere-bien-quil-ne-se-permettra-pas-mettre-en-place-des-delegations-speciales-en-violant-la-lo\/\"},\"wordCount\":293,\"publisher\":{\"@id\":\"https:\/\/universnews224.com\/#organization\"},\"keywords\":[\"La une\"],\"articleSection\":[\"ACTU\",\"POLITIQUE\"],\"inLanguage\":\"fr-FR\"},{\"@type\":\"WebPage\",\"@id\":\"https:\/\/universnews224.com\/index.php\/dr-fode-oussou-fofana-le-ministre-mory-conde-connait-bien-la-decentralisation-jespere-bien-quil-ne-se-permettra-pas-mettre-en-place-des-delegations-speciales-en-violant-la-lo\/\",\"url\":\"https:\/\/universnews224.com\/index.php\/dr-fode-oussou-fofana-le-ministre-mory-conde-connait-bien-la-decentralisation-jespere-bien-quil-ne-se-permettra-pas-mettre-en-place-des-delegations-speciales-en-violant-la-lo\/\",\"name\":\"Dr Fod\u00e9 Oussou Fofana: \u00abLe ministre Mory Cond\u00e9 conna\u00eet bien la d\u00e9centralisation, j\u2019esp\u00e8re bien qu\u2019il ne se permettra pas mettre en place des d\u00e9l\u00e9gations sp\u00e9ciales en violant la loi\u00bb - UNIVERSNEWS224\",\"isPartOf\":{\"@id\":\"https:\/\/universnews224.com\/#website\"},\"datePublished\":\"2023-01-23T13:03:21+00:00\",\"dateModified\":\"2023-01-23T13:03:21+00:00\",\"inLanguage\":\"fr-FR\",\"potentialAction\":[{\"@type\":\"ReadAction\",\"target\":[\"https:\/\/universnews224.com\/index.php\/dr-fode-oussou-fofana-le-ministre-mory-conde-connait-bien-la-decentralisation-jespere-bien-quil-ne-se-permettra-pas-mettre-en-place-des-delegations-speciales-en-violant-la-lo\/\"]}]},{\"@type\":\"WebSite\",\"@id\":\"https:\/\/universnews224.com\/#website\",\"url\":\"https:\/\/universnews224.com\/\",\"name\":\"UNIVERSNEWS224\",\"description\":\"\",\"publisher\":{\"@id\":\"https:\/\/universnews224.com\/#organization\"},\"potentialAction\":[{\"@type\":\"SearchAction\",\"target\":{\"@type\":\"EntryPoint\",\"urlTemplate\":\"https:\/\/universnews224.com\/?s={search_term_string}\"},\"query-input\":\"required name=search_term_string\"}],\"inLanguage\":\"fr-FR\"},{\"@type\":\"Organization\",\"@id\":\"https:\/\/universnews224.com\/#organization\",\"name\":\"UNIVERSNEWS224\",\"url\":\"https:\/\/universnews224.com\/\",\"logo\":{\"@type\":\"ImageObject\",\"inLanguage\":\"fr-FR\",\"@id\":\"https:\/\/universnews224.com\/#\/schema\/logo\/image\/\",\"url\":\"https:\/\/universnews224.com\/wp-content\/uploads\/2022\/08\/cropped-cropped-logoban.jpg\",\"contentUrl\":\"https:\/\/universnews224.com\/wp-content\/uploads\/2022\/08\/cropped-cropped-logoban.jpg\",\"width\":1080,\"height\":138,\"caption\":\"UNIVERSNEWS224\"},\"image\":{\"@id\":\"https:\/\/universnews224.com\/#\/schema\/logo\/image\/\"}},{\"@type\":\"Person\",\"@id\":\"https:\/\/universnews224.com\/#\/schema\/person\/a4b7d4f94a4716df60456a491260485e\",\"name\":\"La R\u00e9daction\",\"image\":{\"@type\":\"ImageObject\",\"inLanguage\":\"fr-FR\",\"@id\":\"https:\/\/universnews224.com\/#\/schema\/person\/image\/\",\"url\":\"https:\/\/secure.gravatar.com\/avatar\/edb90acc7752b23e1b3307ad36c14f0d?s=96&d=mm&r=g\",\"contentUrl\":\"https:\/\/secure.gravatar.com\/avatar\/edb90acc7752b23e1b3307ad36c14f0d?s=96&d=mm&r=g\",\"caption\":\"La R\u00e9daction\"},\"sameAs\":[\"https:\/\/universnews224.com\"],\"url\":\"https:\/\/universnews224.com\/index.php\/author\/m-camara\/\"}]}<\/script>\n<!-- \/ Yoast SEO plugin. -->","yoast_head_json":{"title":"Dr Fod\u00e9 Oussou Fofana: \u00abLe ministre Mory Cond\u00e9 conna\u00eet bien la d\u00e9centralisation, j\u2019esp\u00e8re bien qu\u2019il ne se permettra pas mettre en place des d\u00e9l\u00e9gations sp\u00e9ciales en violant la loi\u00bb - UNIVERSNEWS224","robots":{"index":"index","follow":"follow","max-snippet":"max-snippet:-1","max-image-preview":"max-image-preview:large","max-video-preview":"max-video-preview:-1"},"canonical":"https:\/\/universnews224.com\/index.php\/dr-fode-oussou-fofana-le-ministre-mory-conde-connait-bien-la-decentralisation-jespere-bien-quil-ne-se-permettra-pas-mettre-en-place-des-delegations-speciales-en-violant-la-lo\/","og_locale":"fr_FR","og_type":"article","og_title":"Dr Fod\u00e9 Oussou Fofana: \u00abLe ministre Mory Cond\u00e9 conna\u00eet bien la d\u00e9centralisation, j\u2019esp\u00e8re bien qu\u2019il ne se permettra pas mettre en place des d\u00e9l\u00e9gations sp\u00e9ciales en violant la loi\u00bb - UNIVERSNEWS224","og_description":"Lors d\u2019une rencontre tenue r\u00e9cemment \u00e0 Kindia, le ministre de l\u2019administration du territoire et de","og_url":"https:\/\/universnews224.com\/index.php\/dr-fode-oussou-fofana-le-ministre-mory-conde-connait-bien-la-decentralisation-jespere-bien-quil-ne-se-permettra-pas-mettre-en-place-des-delegations-speciales-en-violant-la-lo\/","og_site_name":"UNIVERSNEWS224","article_published_time":"2023-01-23T13:03:21+00:00","og_image":[{"width":720,"height":430,"url":"https:\/\/universnews224.com\/wp-content\/uploads\/2022\/08\/E2AE74C2-D782-4491-A692-80661E3DA003.jpeg","type":"image\/jpeg"}],"author":"La R\u00e9daction","twitter_misc":{"\u00c9crit par":"La R\u00e9daction","Dur\u00e9e de lecture estim\u00e9e":"2 minutes"},"schema":{"@context":"https:\/\/schema.org","@graph":[{"@type":"Article","@id":"https:\/\/universnews224.com\/index.php\/dr-fode-oussou-fofana-le-ministre-mory-conde-connait-bien-la-decentralisation-jespere-bien-quil-ne-se-permettra-pas-mettre-en-place-des-delegations-speciales-en-violant-la-lo\/#article","isPartOf":{"@id":"https:\/\/universnews224.com\/index.php\/dr-fode-oussou-fofana-le-ministre-mory-conde-connait-bien-la-decentralisation-jespere-bien-quil-ne-se-permettra-pas-mettre-en-place-des-delegations-speciales-en-violant-la-lo\/"},"author":{"name":"La R\u00e9daction","@id":"https:\/\/universnews224.com\/#\/schema\/person\/a4b7d4f94a4716df60456a491260485e"},"headline":"Dr Fod\u00e9 Oussou Fofana: \u00abLe ministre Mory Cond\u00e9 conna\u00eet bien la d\u00e9centralisation, j\u2019esp\u00e8re bien qu\u2019il ne se permettra pas mettre en place des d\u00e9l\u00e9gations sp\u00e9ciales en violant la loi\u00bb","datePublished":"2023-01-23T13:03:21+00:00","dateModified":"2023-01-23T13:03:21+00:00","mainEntityOfPage":{"@id":"https:\/\/universnews224.com\/index.php\/dr-fode-oussou-fofana-le-ministre-mory-conde-connait-bien-la-decentralisation-jespere-bien-quil-ne-se-permettra-pas-mettre-en-place-des-delegations-speciales-en-violant-la-lo\/"},"wordCount":293,"publisher":{"@id":"https:\/\/universnews224.com\/#organization"},"keywords":["La une"],"articleSection":["ACTU","POLITIQUE"],"inLanguage":"fr-FR"},{"@type":"WebPage","@id":"https:\/\/universnews224.com\/index.php\/dr-fode-oussou-fofana-le-ministre-mory-conde-connait-bien-la-decentralisation-jespere-bien-quil-ne-se-permettra-pas-mettre-en-place-des-delegations-speciales-en-violant-la-lo\/","url":"https:\/\/universnews224.com\/index.php\/dr-fode-oussou-fofana-le-ministre-mory-conde-connait-bien-la-decentralisation-jespere-bien-quil-ne-se-permettra-pas-mettre-en-place-des-delegations-speciales-en-violant-la-lo\/","name":"Dr Fod\u00e9 Oussou Fofana: \u00abLe ministre Mory Cond\u00e9 conna\u00eet bien la d\u00e9centralisation, j\u2019esp\u00e8re bien qu\u2019il ne se permettra pas mettre en place des d\u00e9l\u00e9gations sp\u00e9ciales en violant la loi\u00bb - UNIVERSNEWS224","isPartOf":{"@id":"https:\/\/universnews224.com\/#website"},"datePublished":"2023-01-23T13:03:21+00:00","dateModified":"2023-01-23T13:03:21+00:00","inLanguage":"fr-FR","potentialAction":[{"@type":"ReadAction","target":["https:\/\/universnews224.com\/index.php\/dr-fode-oussou-fofana-le-ministre-mory-conde-connait-bien-la-decentralisation-jespere-bien-quil-ne-se-permettra-pas-mettre-en-place-des-delegations-speciales-en-violant-la-lo\/"]}]},{"@type":"WebSite","@id":"https:\/\/universnews224.com\/#website","url":"https:\/\/universnews224.com\/","name":"UNIVERSNEWS224","description":"","publisher":{"@id":"https:\/\/universnews224.com\/#organization"},"potentialAction":[{"@type":"SearchAction","target":{"@type":"EntryPoint","urlTemplate":"https:\/\/universnews224.com\/?s={search_term_string}"},"query-input":"required name=search_term_string"}],"inLanguage":"fr-FR"},{"@type":"Organization","@id":"https:\/\/universnews224.com\/#organization","name":"UNIVERSNEWS224","url":"https:\/\/universnews224.com\/","logo":{"@type":"ImageObject","inLanguage":"fr-FR","@id":"https:\/\/universnews224.com\/#\/schema\/logo\/image\/","url":"https:\/\/universnews224.com\/wp-content\/uploads\/2022\/08\/cropped-cropped-logoban.jpg","contentUrl":"https:\/\/universnews224.com\/wp-content\/uploads\/2022\/08\/cropped-cropped-logoban.jpg","width":1080,"height":138,"caption":"UNIVERSNEWS224"},"image":{"@id":"https:\/\/universnews224.com\/#\/schema\/logo\/image\/"}},{"@type":"Person","@id":"https:\/\/universnews224.com\/#\/schema\/person\/a4b7d4f94a4716df60456a491260485e","name":"La R\u00e9daction","image":{"@type":"ImageObject","inLanguage":"fr-FR","@id":"https:\/\/universnews224.com\/#\/schema\/person\/image\/","url":"https:\/\/secure.gravatar.com\/avatar\/edb90acc7752b23e1b3307ad36c14f0d?s=96&d=mm&r=g","contentUrl":"https:\/\/secure.gravatar.com\/avatar\/edb90acc7752b23e1b3307ad36c14f0d?s=96&d=mm&r=g","caption":"La R\u00e9daction"},"sameAs":["https:\/\/universnews224.com"],"url":"https:\/\/universnews224.com\/index.php\/author\/m-camara\/"}]}},"_links":{"self":[{"href":"https:\/\/universnews224.com\/index.php\/wp-json\/wp\/v2\/posts\/2823"}],"collection":[{"href":"https:\/\/universnews224.com\/index.php\/wp-json\/wp\/v2\/posts"}],"about":[{"href":"https:\/\/universnews224.com\/index.php\/wp-json\/wp\/v2\/types\/post"}],"author":[{"embeddable":true,"href":"https:\/\/universnews224.com\/index.php\/wp-json\/wp\/v2\/users\/2"}],"replies":[{"embeddable":true,"href":"https:\/\/universnews224.com\/index.php\/wp-json\/wp\/v2\/comments?post=2823"}],"version-history":[{"count":1,"href":"https:\/\/universnews224.com\/index.php\/wp-json\/wp\/v2\/posts\/2823\/revisions"}],"predecessor-version":[{"id":2824,"href":"https:\/\/universnews224.com\/index.php\/wp-json\/wp\/v2\/posts\/2823\/revisions\/2824"}],"wp:featuredmedia":[{"embeddable":true,"href":"https:\/\/universnews224.com\/index.php\/wp-json\/wp\/v2\/media\/1889"}],"wp:attachment":[{"href":"https:\/\/universnews224.com\/index.php\/wp-json\/wp\/v2\/media?parent=2823"}],"wp:term":[{"taxonomy":"category","embeddable":true,"href":"https:\/\/universnews224.com\/index.php\/wp-json\/wp\/v2\/categories?post=2823"},{"taxonomy":"post_tag","embeddable":true,"href":"https:\/\/universnews224.com\/index.php\/wp-json\/wp\/v2\/tags?post=2823"}],"curies":[{"name":"wp","href":"https:\/\/api.w.org\/{rel}","templated":true}]}}