{"id":2826,"date":"2023-01-23T14:10:15","date_gmt":"2023-01-23T13:10:15","guid":{"rendered":"https:\/\/universnews224.com\/?p=2826"},"modified":"2023-01-23T14:10:15","modified_gmt":"2023-01-23T13:10:15","slug":"cellou-dalein-diallo-je-confirme-que-que-jai-echange-avec-alpha-conde","status":"publish","type":"post","link":"https:\/\/universnews224.com\/index.php\/cellou-dalein-diallo-je-confirme-que-que-jai-echange-avec-alpha-conde\/","title":{"rendered":"Cellou Dalein Diallo: \u00abJe confirme que que j\u2019ai \u00e9chang\u00e9 avec Alpha Cond\u00e9\u00bb"},"content":{"rendered":"<p class=\"p2\">Dans sa r\u00e9cente parution, le journal panafricain \u00abJeuneafrique\u00bb a relev\u00e9 que l\u2019ancien pr\u00e9sident de la R\u00e9publique de Guin\u00e9e, prof. Alpha Cond\u00e9 a eu des \u00e9changes t\u00e9l\u00e9phoniques avec son principal opposant, Cellou Dalein Diallo.<\/p>\n<p class=\"p2\"><span class=\"s2\">Interrog\u00e9 sur cette question par nos confr\u00e8res de la radio Fim Fm dans l\u2019\u00e9mission \u00abMirador\u00bb de ce lundi, 23 janvier 2023, le pr\u00e9sident de l\u2019UFDG confirme avoir parl\u00e9 avec Alpha Cond\u00e9, m\u00eame il n\u2019est pas entr\u00e9 dans les d\u00e9tails<span class=\"Apple-converted-space\">\u00a0 \u00a0 <\/span>de cet \u00e9change. <\/span><\/p>\n<p class=\"p2\"><span class=\"s2\">\u00abD\u2019abord je vais confirmer que j\u2019ai \u00e9chang\u00e9 avec Alpha Cond\u00e9. Au d\u00e9part, j\u2019\u00e9tais r\u00e9ticent , c\u2019est mais un guin\u00e9en. L\u2019UFDG a pour vocation de rassembler les fils du pays. J\u2019ai finalement parl\u00e9 avec lui, mais comme vous avez, c\u2019\u00e9tait une conversation priv\u00e9e. Je n\u2019ai pas l\u2019habitude de mettre \u00e0 la place public les \u00e9changes avec les personnalit\u00e9s, surtout lorsque les \u00e9changes sont priv\u00e9s\u00bb, avant de rassurer les militants de l\u2019UFDG qui s\u2019interrogent sur un \u00e9ventuel rapprochement avec les deux hommes apr\u00e8s une d\u00e9cennie d\u2019adversit\u00e9. <\/span><\/p>\n<p class=\"p2\"><span class=\"s2\">\u00abJe tiens \u00e0 rassurer les militants et sympathisants de l\u2019UFDG qui s\u2019interrogent qu\u2019ils sachent bien que je ne transigerai pas avec ma conscience. Je ne transigerai pas avec les valeurs et les principes qui sont les fondements m\u00eames de mon combat politique et de la confiance me lie \u00e0 mes compatriotes et militants de l\u2019UFDG\u00bb, a t-il martel\u00e9. <\/span><\/p>\n<p class=\"p2\"><span class=\"s2\">Camara Mamadouba <\/span><\/p>\n<p class=\"p2\"><span class=\"s2\">611 46 04 10 <\/span><\/p>\n","protected":false},"excerpt":{"rendered":"<p>Dans sa r\u00e9cente parution, le journal panafricain \u00abJeuneafrique\u00bb a relev\u00e9 que l\u2019ancien pr\u00e9sident de la<\/p>\n","protected":false},"author":2,"featured_media":2198,"comment_status":"closed","ping_status":"open","sticky":false,"template":"","format":"standard","meta":[],"categories":[3,4],"tags":[229],"yoast_head":"<!-- This site is optimized with the Yoast SEO plugin v19.13 - https:\/\/yoast.com\/wordpress\/plugins\/seo\/ -->\n<title>Cellou Dalein Diallo: \u00abJe confirme que que j\u2019ai \u00e9chang\u00e9 avec Alpha Cond\u00e9\u00bb - UNIVERSNEWS224<\/title>\n<meta name=\"robots\" content=\"index, follow, max-snippet:-1, max-image-preview:large, max-video-preview:-1\" \/>\n<link rel=\"canonical\" href=\"https:\/\/universnews224.com\/index.php\/cellou-dalein-diallo-je-confirme-que-que-jai-echange-avec-alpha-conde\/\" \/>\n<meta property=\"og:locale\" content=\"fr_FR\" \/>\n<meta property=\"og:type\" content=\"article\" \/>\n<meta property=\"og:title\" content=\"Cellou Dalein Diallo: \u00abJe confirme que que j\u2019ai \u00e9chang\u00e9 avec Alpha Cond\u00e9\u00bb - UNIVERSNEWS224\" \/>\n<meta property=\"og:description\" content=\"Dans sa r\u00e9cente parution, le journal panafricain \u00abJeuneafrique\u00bb a relev\u00e9 que l\u2019ancien pr\u00e9sident de la\" \/>\n<meta property=\"og:url\" content=\"https:\/\/universnews224.com\/index.php\/cellou-dalein-diallo-je-confirme-que-que-jai-echange-avec-alpha-conde\/\" \/>\n<meta property=\"og:site_name\" content=\"UNIVERSNEWS224\" \/>\n<meta property=\"article:published_time\" content=\"2023-01-23T13:10:15+00:00\" \/>\n<meta property=\"og:image\" content=\"https:\/\/universnews224.com\/wp-content\/uploads\/2022\/10\/9D7ACB36-B12E-4A20-B695-F76DF10E3896.jpeg\" \/>\n\t<meta property=\"og:image:width\" content=\"770\" \/>\n\t<meta property=\"og:image:height\" content=\"523\" \/>\n\t<meta property=\"og:image:type\" content=\"image\/jpeg\" \/>\n<meta name=\"author\" content=\"La R\u00e9daction\" \/>\n<meta name=\"twitter:label1\" content=\"\u00c9crit par\" \/>\n\t<meta name=\"twitter:data1\" content=\"La R\u00e9daction\" \/>\n\t<meta name=\"twitter:label2\" content=\"Dur\u00e9e de lecture estim\u00e9e\" \/>\n\t<meta name=\"twitter:data2\" content=\"2 minutes\" \/>\n<script type=\"application\/ld+json\" class=\"yoast-schema-graph\">{\"@context\":\"https:\/\/schema.org\",\"@graph\":[{\"@type\":\"Article\",\"@id\":\"https:\/\/universnews224.com\/index.php\/cellou-dalein-diallo-je-confirme-que-que-jai-echange-avec-alpha-conde\/#article\",\"isPartOf\":{\"@id\":\"https:\/\/universnews224.com\/index.php\/cellou-dalein-diallo-je-confirme-que-que-jai-echange-avec-alpha-conde\/\"},\"author\":{\"name\":\"La R\u00e9daction\",\"@id\":\"https:\/\/universnews224.com\/#\/schema\/person\/a4b7d4f94a4716df60456a491260485e\"},\"headline\":\"Cellou Dalein Diallo: \u00abJe confirme que que j\u2019ai \u00e9chang\u00e9 avec Alpha Cond\u00e9\u00bb\",\"datePublished\":\"2023-01-23T13:10:15+00:00\",\"dateModified\":\"2023-01-23T13:10:15+00:00\",\"mainEntityOfPage\":{\"@id\":\"https:\/\/universnews224.com\/index.php\/cellou-dalein-diallo-je-confirme-que-que-jai-echange-avec-alpha-conde\/\"},\"wordCount\":265,\"publisher\":{\"@id\":\"https:\/\/universnews224.com\/#organization\"},\"keywords\":[\"La une\"],\"articleSection\":[\"ACTU\",\"POLITIQUE\"],\"inLanguage\":\"fr-FR\"},{\"@type\":\"WebPage\",\"@id\":\"https:\/\/universnews224.com\/index.php\/cellou-dalein-diallo-je-confirme-que-que-jai-echange-avec-alpha-conde\/\",\"url\":\"https:\/\/universnews224.com\/index.php\/cellou-dalein-diallo-je-confirme-que-que-jai-echange-avec-alpha-conde\/\",\"name\":\"Cellou Dalein Diallo: \u00abJe confirme que que j\u2019ai \u00e9chang\u00e9 avec Alpha Cond\u00e9\u00bb - UNIVERSNEWS224\",\"isPartOf\":{\"@id\":\"https:\/\/universnews224.com\/#website\"},\"datePublished\":\"2023-01-23T13:10:15+00:00\",\"dateModified\":\"2023-01-23T13:10:15+00:00\",\"inLanguage\":\"fr-FR\",\"potentialAction\":[{\"@type\":\"ReadAction\",\"target\":[\"https:\/\/universnews224.com\/index.php\/cellou-dalein-diallo-je-confirme-que-que-jai-echange-avec-alpha-conde\/\"]}]},{\"@type\":\"WebSite\",\"@id\":\"https:\/\/universnews224.com\/#website\",\"url\":\"https:\/\/universnews224.com\/\",\"name\":\"UNIVERSNEWS224\",\"description\":\"\",\"publisher\":{\"@id\":\"https:\/\/universnews224.com\/#organization\"},\"potentialAction\":[{\"@type\":\"SearchAction\",\"target\":{\"@type\":\"EntryPoint\",\"urlTemplate\":\"https:\/\/universnews224.com\/?s={search_term_string}\"},\"query-input\":\"required name=search_term_string\"}],\"inLanguage\":\"fr-FR\"},{\"@type\":\"Organization\",\"@id\":\"https:\/\/universnews224.com\/#organization\",\"name\":\"UNIVERSNEWS224\",\"url\":\"https:\/\/universnews224.com\/\",\"logo\":{\"@type\":\"ImageObject\",\"inLanguage\":\"fr-FR\",\"@id\":\"https:\/\/universnews224.com\/#\/schema\/logo\/image\/\",\"url\":\"https:\/\/universnews224.com\/wp-content\/uploads\/2022\/08\/cropped-cropped-logoban.jpg\",\"contentUrl\":\"https:\/\/universnews224.com\/wp-content\/uploads\/2022\/08\/cropped-cropped-logoban.jpg\",\"width\":1080,\"height\":138,\"caption\":\"UNIVERSNEWS224\"},\"image\":{\"@id\":\"https:\/\/universnews224.com\/#\/schema\/logo\/image\/\"}},{\"@type\":\"Person\",\"@id\":\"https:\/\/universnews224.com\/#\/schema\/person\/a4b7d4f94a4716df60456a491260485e\",\"name\":\"La R\u00e9daction\",\"image\":{\"@type\":\"ImageObject\",\"inLanguage\":\"fr-FR\",\"@id\":\"https:\/\/universnews224.com\/#\/schema\/person\/image\/\",\"url\":\"https:\/\/secure.gravatar.com\/avatar\/edb90acc7752b23e1b3307ad36c14f0d?s=96&d=mm&r=g\",\"contentUrl\":\"https:\/\/secure.gravatar.com\/avatar\/edb90acc7752b23e1b3307ad36c14f0d?s=96&d=mm&r=g\",\"caption\":\"La R\u00e9daction\"},\"sameAs\":[\"https:\/\/universnews224.com\"],\"url\":\"https:\/\/universnews224.com\/index.php\/author\/m-camara\/\"}]}<\/script>\n<!-- \/ Yoast SEO plugin. -->","yoast_head_json":{"title":"Cellou Dalein Diallo: \u00abJe confirme que que j\u2019ai \u00e9chang\u00e9 avec Alpha Cond\u00e9\u00bb - UNIVERSNEWS224","robots":{"index":"index","follow":"follow","max-snippet":"max-snippet:-1","max-image-preview":"max-image-preview:large","max-video-preview":"max-video-preview:-1"},"canonical":"https:\/\/universnews224.com\/index.php\/cellou-dalein-diallo-je-confirme-que-que-jai-echange-avec-alpha-conde\/","og_locale":"fr_FR","og_type":"article","og_title":"Cellou Dalein Diallo: \u00abJe confirme que que j\u2019ai \u00e9chang\u00e9 avec Alpha Cond\u00e9\u00bb - UNIVERSNEWS224","og_description":"Dans sa r\u00e9cente parution, le journal panafricain \u00abJeuneafrique\u00bb a relev\u00e9 que l\u2019ancien pr\u00e9sident de la","og_url":"https:\/\/universnews224.com\/index.php\/cellou-dalein-diallo-je-confirme-que-que-jai-echange-avec-alpha-conde\/","og_site_name":"UNIVERSNEWS224","article_published_time":"2023-01-23T13:10:15+00:00","og_image":[{"width":770,"height":523,"url":"https:\/\/universnews224.com\/wp-content\/uploads\/2022\/10\/9D7ACB36-B12E-4A20-B695-F76DF10E3896.jpeg","type":"image\/jpeg"}],"author":"La R\u00e9daction","twitter_misc":{"\u00c9crit par":"La R\u00e9daction","Dur\u00e9e de lecture estim\u00e9e":"2 minutes"},"schema":{"@context":"https:\/\/schema.org","@graph":[{"@type":"Article","@id":"https:\/\/universnews224.com\/index.php\/cellou-dalein-diallo-je-confirme-que-que-jai-echange-avec-alpha-conde\/#article","isPartOf":{"@id":"https:\/\/universnews224.com\/index.php\/cellou-dalein-diallo-je-confirme-que-que-jai-echange-avec-alpha-conde\/"},"author":{"name":"La R\u00e9daction","@id":"https:\/\/universnews224.com\/#\/schema\/person\/a4b7d4f94a4716df60456a491260485e"},"headline":"Cellou Dalein Diallo: \u00abJe confirme que que j\u2019ai \u00e9chang\u00e9 avec Alpha Cond\u00e9\u00bb","datePublished":"2023-01-23T13:10:15+00:00","dateModified":"2023-01-23T13:10:15+00:00","mainEntityOfPage":{"@id":"https:\/\/universnews224.com\/index.php\/cellou-dalein-diallo-je-confirme-que-que-jai-echange-avec-alpha-conde\/"},"wordCount":265,"publisher":{"@id":"https:\/\/universnews224.com\/#organization"},"keywords":["La une"],"articleSection":["ACTU","POLITIQUE"],"inLanguage":"fr-FR"},{"@type":"WebPage","@id":"https:\/\/universnews224.com\/index.php\/cellou-dalein-diallo-je-confirme-que-que-jai-echange-avec-alpha-conde\/","url":"https:\/\/universnews224.com\/index.php\/cellou-dalein-diallo-je-confirme-que-que-jai-echange-avec-alpha-conde\/","name":"Cellou Dalein Diallo: \u00abJe confirme que que j\u2019ai \u00e9chang\u00e9 avec Alpha Cond\u00e9\u00bb - UNIVERSNEWS224","isPartOf":{"@id":"https:\/\/universnews224.com\/#website"},"datePublished":"2023-01-23T13:10:15+00:00","dateModified":"2023-01-23T13:10:15+00:00","inLanguage":"fr-FR","potentialAction":[{"@type":"ReadAction","target":["https:\/\/universnews224.com\/index.php\/cellou-dalein-diallo-je-confirme-que-que-jai-echange-avec-alpha-conde\/"]}]},{"@type":"WebSite","@id":"https:\/\/universnews224.com\/#website","url":"https:\/\/universnews224.com\/","name":"UNIVERSNEWS224","description":"","publisher":{"@id":"https:\/\/universnews224.com\/#organization"},"potentialAction":[{"@type":"SearchAction","target":{"@type":"EntryPoint","urlTemplate":"https:\/\/universnews224.com\/?s={search_term_string}"},"query-input":"required name=search_term_string"}],"inLanguage":"fr-FR"},{"@type":"Organization","@id":"https:\/\/universnews224.com\/#organization","name":"UNIVERSNEWS224","url":"https:\/\/universnews224.com\/","logo":{"@type":"ImageObject","inLanguage":"fr-FR","@id":"https:\/\/universnews224.com\/#\/schema\/logo\/image\/","url":"https:\/\/universnews224.com\/wp-content\/uploads\/2022\/08\/cropped-cropped-logoban.jpg","contentUrl":"https:\/\/universnews224.com\/wp-content\/uploads\/2022\/08\/cropped-cropped-logoban.jpg","width":1080,"height":138,"caption":"UNIVERSNEWS224"},"image":{"@id":"https:\/\/universnews224.com\/#\/schema\/logo\/image\/"}},{"@type":"Person","@id":"https:\/\/universnews224.com\/#\/schema\/person\/a4b7d4f94a4716df60456a491260485e","name":"La R\u00e9daction","image":{"@type":"ImageObject","inLanguage":"fr-FR","@id":"https:\/\/universnews224.com\/#\/schema\/person\/image\/","url":"https:\/\/secure.gravatar.com\/avatar\/edb90acc7752b23e1b3307ad36c14f0d?s=96&d=mm&r=g","contentUrl":"https:\/\/secure.gravatar.com\/avatar\/edb90acc7752b23e1b3307ad36c14f0d?s=96&d=mm&r=g","caption":"La R\u00e9daction"},"sameAs":["https:\/\/universnews224.com"],"url":"https:\/\/universnews224.com\/index.php\/author\/m-camara\/"}]}},"_links":{"self":[{"href":"https:\/\/universnews224.com\/index.php\/wp-json\/wp\/v2\/posts\/2826"}],"collection":[{"href":"https:\/\/universnews224.com\/index.php\/wp-json\/wp\/v2\/posts"}],"about":[{"href":"https:\/\/universnews224.com\/index.php\/wp-json\/wp\/v2\/types\/post"}],"author":[{"embeddable":true,"href":"https:\/\/universnews224.com\/index.php\/wp-json\/wp\/v2\/users\/2"}],"replies":[{"embeddable":true,"href":"https:\/\/universnews224.com\/index.php\/wp-json\/wp\/v2\/comments?post=2826"}],"version-history":[{"count":1,"href":"https:\/\/universnews224.com\/index.php\/wp-json\/wp\/v2\/posts\/2826\/revisions"}],"predecessor-version":[{"id":2827,"href":"https:\/\/universnews224.com\/index.php\/wp-json\/wp\/v2\/posts\/2826\/revisions\/2827"}],"wp:featuredmedia":[{"embeddable":true,"href":"https:\/\/universnews224.com\/index.php\/wp-json\/wp\/v2\/media\/2198"}],"wp:attachment":[{"href":"https:\/\/universnews224.com\/index.php\/wp-json\/wp\/v2\/media?parent=2826"}],"wp:term":[{"taxonomy":"category","embeddable":true,"href":"https:\/\/universnews224.com\/index.php\/wp-json\/wp\/v2\/categories?post=2826"},{"taxonomy":"post_tag","embeddable":true,"href":"https:\/\/universnews224.com\/index.php\/wp-json\/wp\/v2\/tags?post=2826"}],"curies":[{"name":"wp","href":"https:\/\/api.w.org\/{rel}","templated":true}]}}