{"id":2828,"date":"2023-01-23T22:13:49","date_gmt":"2023-01-23T21:13:49","guid":{"rendered":"https:\/\/universnews224.com\/?p=2828"},"modified":"2023-01-23T22:13:49","modified_gmt":"2023-01-23T21:13:49","slug":"cellou-dalein-diallo-la-guinee-me-manque","status":"publish","type":"post","link":"https:\/\/universnews224.com\/index.php\/cellou-dalein-diallo-la-guinee-me-manque\/","title":{"rendered":"Cellou Dalein Diallo:\u00ab La Guin\u00e9e me manque\u00bb"},"content":{"rendered":"<p class=\"p3\">Longtemps absent au pays, le pr\u00e9sident de l\u2019Union des Forces D\u00e9mocratiques de Guin\u00e9e a accord\u00e9 une interview le matin ce lundi, 23 janvier 2023 \u00e0 nos confr\u00e8res de la radio Fim Fm. Au cours de cet entretien, plusieurs questions relatives \u00e0 l\u2019actualit\u00e9 socio-politique ont \u00e9t\u00e9 d\u00e9battues, notamment son s\u00e9jour prolong\u00e9.<\/p>\n<p class=\"p3\"><span class=\"s2\">D\u2019entr\u00e9e de jeu, le leader de l\u2019UFDG a fait savoir que la terre de ses anc\u00eatres lui manque. <\/span><\/p>\n<p class=\"p3\"><span class=\"s2\">\u00abLa Guin\u00e9e me manque. L\u2019ambiance des assembl\u00e9es g\u00e9n\u00e9rales, les affaires sociales \u00e0 Conakry et \u00e0 l\u2019int\u00e9rieur du pays, mais je continue d\u2019\u00eatre proche des guin\u00e9ens. Gr\u00e2ce aux nouvelles technologies de l\u2019information et gr\u00e2ce aux m\u00e9dias qui m\u2019informent r\u00e9guli\u00e8rement, je garde les jeux et le c\u0153ur tourn\u00e9s vers mon pays\u00bb a t-il indiqu\u00e9 avant de rassurer ses militants qu\u2019il se porte comme un charme. <\/span><\/p>\n<p class=\"p3\"><span class=\"s2\">\u00abJe loue le tout puissant de m\u2019accorder une bonne sant\u00e9, je vais tr\u00e8s bien. Je suis m\u00eame en grande forme. Aucun homme n\u2019\u00e9chappe \u00e0 son destin, le mien est d\u2019\u00eatre au service de mon parti et de mes concitoyens avec des hauts et des bas, mais avec dignit\u00e9. En ce qui concerne mes \u00e9tats d\u2019\u00e2me, ils sont changeants comme les v\u00f4tres, mais je suis irr\u00e9m\u00e9diablement optimiste quant \u00e0 l\u2019avenir radieux de notre pays\u00bb, a t-il martel\u00e9. <\/span><\/p>\n<p class=\"p3\"><span class=\"s2\">Camara Mamadouba <\/span><\/p>\n<p class=\"p3\"><span class=\"s2\">611 46 04 10 <\/span><\/p>\n","protected":false},"excerpt":{"rendered":"<p>Longtemps absent au pays, le pr\u00e9sident de l\u2019Union des Forces D\u00e9mocratiques de Guin\u00e9e a accord\u00e9<\/p>\n","protected":false},"author":2,"featured_media":2829,"comment_status":"closed","ping_status":"open","sticky":false,"template":"","format":"standard","meta":[],"categories":[3,4],"tags":[229],"yoast_head":"<!-- This site is optimized with the Yoast SEO plugin v19.13 - https:\/\/yoast.com\/wordpress\/plugins\/seo\/ -->\n<title>Cellou Dalein Diallo:\u00ab La Guin\u00e9e me manque\u00bb - UNIVERSNEWS224<\/title>\n<meta name=\"robots\" content=\"index, follow, max-snippet:-1, max-image-preview:large, max-video-preview:-1\" \/>\n<link rel=\"canonical\" href=\"https:\/\/universnews224.com\/index.php\/cellou-dalein-diallo-la-guinee-me-manque\/\" \/>\n<meta property=\"og:locale\" content=\"fr_FR\" \/>\n<meta property=\"og:type\" content=\"article\" \/>\n<meta property=\"og:title\" content=\"Cellou Dalein Diallo:\u00ab La Guin\u00e9e me manque\u00bb - UNIVERSNEWS224\" \/>\n<meta property=\"og:description\" content=\"Longtemps absent au pays, le pr\u00e9sident de l\u2019Union des Forces D\u00e9mocratiques de Guin\u00e9e a accord\u00e9\" \/>\n<meta property=\"og:url\" content=\"https:\/\/universnews224.com\/index.php\/cellou-dalein-diallo-la-guinee-me-manque\/\" \/>\n<meta property=\"og:site_name\" content=\"UNIVERSNEWS224\" \/>\n<meta property=\"article:published_time\" content=\"2023-01-23T21:13:49+00:00\" \/>\n<meta property=\"og:image\" content=\"https:\/\/universnews224.com\/wp-content\/uploads\/2023\/01\/761DDCE1-297D-463B-811E-5F313136EB98.jpeg\" \/>\n\t<meta property=\"og:image:width\" content=\"700\" \/>\n\t<meta property=\"og:image:height\" content=\"476\" \/>\n\t<meta property=\"og:image:type\" content=\"image\/jpeg\" \/>\n<meta name=\"author\" content=\"La R\u00e9daction\" \/>\n<meta name=\"twitter:label1\" content=\"\u00c9crit par\" \/>\n\t<meta name=\"twitter:data1\" content=\"La R\u00e9daction\" \/>\n\t<meta name=\"twitter:label2\" content=\"Dur\u00e9e de lecture estim\u00e9e\" \/>\n\t<meta name=\"twitter:data2\" content=\"2 minutes\" \/>\n<script type=\"application\/ld+json\" class=\"yoast-schema-graph\">{\"@context\":\"https:\/\/schema.org\",\"@graph\":[{\"@type\":\"Article\",\"@id\":\"https:\/\/universnews224.com\/index.php\/cellou-dalein-diallo-la-guinee-me-manque\/#article\",\"isPartOf\":{\"@id\":\"https:\/\/universnews224.com\/index.php\/cellou-dalein-diallo-la-guinee-me-manque\/\"},\"author\":{\"name\":\"La R\u00e9daction\",\"@id\":\"https:\/\/universnews224.com\/#\/schema\/person\/a4b7d4f94a4716df60456a491260485e\"},\"headline\":\"Cellou Dalein Diallo:\u00ab La Guin\u00e9e me manque\u00bb\",\"datePublished\":\"2023-01-23T21:13:49+00:00\",\"dateModified\":\"2023-01-23T21:13:49+00:00\",\"mainEntityOfPage\":{\"@id\":\"https:\/\/universnews224.com\/index.php\/cellou-dalein-diallo-la-guinee-me-manque\/\"},\"wordCount\":250,\"publisher\":{\"@id\":\"https:\/\/universnews224.com\/#organization\"},\"keywords\":[\"La une\"],\"articleSection\":[\"ACTU\",\"POLITIQUE\"],\"inLanguage\":\"fr-FR\"},{\"@type\":\"WebPage\",\"@id\":\"https:\/\/universnews224.com\/index.php\/cellou-dalein-diallo-la-guinee-me-manque\/\",\"url\":\"https:\/\/universnews224.com\/index.php\/cellou-dalein-diallo-la-guinee-me-manque\/\",\"name\":\"Cellou Dalein Diallo:\u00ab La Guin\u00e9e me manque\u00bb - UNIVERSNEWS224\",\"isPartOf\":{\"@id\":\"https:\/\/universnews224.com\/#website\"},\"datePublished\":\"2023-01-23T21:13:49+00:00\",\"dateModified\":\"2023-01-23T21:13:49+00:00\",\"inLanguage\":\"fr-FR\",\"potentialAction\":[{\"@type\":\"ReadAction\",\"target\":[\"https:\/\/universnews224.com\/index.php\/cellou-dalein-diallo-la-guinee-me-manque\/\"]}]},{\"@type\":\"WebSite\",\"@id\":\"https:\/\/universnews224.com\/#website\",\"url\":\"https:\/\/universnews224.com\/\",\"name\":\"UNIVERSNEWS224\",\"description\":\"\",\"publisher\":{\"@id\":\"https:\/\/universnews224.com\/#organization\"},\"potentialAction\":[{\"@type\":\"SearchAction\",\"target\":{\"@type\":\"EntryPoint\",\"urlTemplate\":\"https:\/\/universnews224.com\/?s={search_term_string}\"},\"query-input\":\"required name=search_term_string\"}],\"inLanguage\":\"fr-FR\"},{\"@type\":\"Organization\",\"@id\":\"https:\/\/universnews224.com\/#organization\",\"name\":\"UNIVERSNEWS224\",\"url\":\"https:\/\/universnews224.com\/\",\"logo\":{\"@type\":\"ImageObject\",\"inLanguage\":\"fr-FR\",\"@id\":\"https:\/\/universnews224.com\/#\/schema\/logo\/image\/\",\"url\":\"https:\/\/universnews224.com\/wp-content\/uploads\/2022\/08\/cropped-cropped-logoban.jpg\",\"contentUrl\":\"https:\/\/universnews224.com\/wp-content\/uploads\/2022\/08\/cropped-cropped-logoban.jpg\",\"width\":1080,\"height\":138,\"caption\":\"UNIVERSNEWS224\"},\"image\":{\"@id\":\"https:\/\/universnews224.com\/#\/schema\/logo\/image\/\"}},{\"@type\":\"Person\",\"@id\":\"https:\/\/universnews224.com\/#\/schema\/person\/a4b7d4f94a4716df60456a491260485e\",\"name\":\"La R\u00e9daction\",\"image\":{\"@type\":\"ImageObject\",\"inLanguage\":\"fr-FR\",\"@id\":\"https:\/\/universnews224.com\/#\/schema\/person\/image\/\",\"url\":\"https:\/\/secure.gravatar.com\/avatar\/edb90acc7752b23e1b3307ad36c14f0d?s=96&d=mm&r=g\",\"contentUrl\":\"https:\/\/secure.gravatar.com\/avatar\/edb90acc7752b23e1b3307ad36c14f0d?s=96&d=mm&r=g\",\"caption\":\"La R\u00e9daction\"},\"sameAs\":[\"https:\/\/universnews224.com\"],\"url\":\"https:\/\/universnews224.com\/index.php\/author\/m-camara\/\"}]}<\/script>\n<!-- \/ Yoast SEO plugin. -->","yoast_head_json":{"title":"Cellou Dalein Diallo:\u00ab La Guin\u00e9e me manque\u00bb - UNIVERSNEWS224","robots":{"index":"index","follow":"follow","max-snippet":"max-snippet:-1","max-image-preview":"max-image-preview:large","max-video-preview":"max-video-preview:-1"},"canonical":"https:\/\/universnews224.com\/index.php\/cellou-dalein-diallo-la-guinee-me-manque\/","og_locale":"fr_FR","og_type":"article","og_title":"Cellou Dalein Diallo:\u00ab La Guin\u00e9e me manque\u00bb - UNIVERSNEWS224","og_description":"Longtemps absent au pays, le pr\u00e9sident de l\u2019Union des Forces D\u00e9mocratiques de Guin\u00e9e a accord\u00e9","og_url":"https:\/\/universnews224.com\/index.php\/cellou-dalein-diallo-la-guinee-me-manque\/","og_site_name":"UNIVERSNEWS224","article_published_time":"2023-01-23T21:13:49+00:00","og_image":[{"width":700,"height":476,"url":"https:\/\/universnews224.com\/wp-content\/uploads\/2023\/01\/761DDCE1-297D-463B-811E-5F313136EB98.jpeg","type":"image\/jpeg"}],"author":"La R\u00e9daction","twitter_misc":{"\u00c9crit par":"La R\u00e9daction","Dur\u00e9e de lecture estim\u00e9e":"2 minutes"},"schema":{"@context":"https:\/\/schema.org","@graph":[{"@type":"Article","@id":"https:\/\/universnews224.com\/index.php\/cellou-dalein-diallo-la-guinee-me-manque\/#article","isPartOf":{"@id":"https:\/\/universnews224.com\/index.php\/cellou-dalein-diallo-la-guinee-me-manque\/"},"author":{"name":"La R\u00e9daction","@id":"https:\/\/universnews224.com\/#\/schema\/person\/a4b7d4f94a4716df60456a491260485e"},"headline":"Cellou Dalein Diallo:\u00ab La Guin\u00e9e me manque\u00bb","datePublished":"2023-01-23T21:13:49+00:00","dateModified":"2023-01-23T21:13:49+00:00","mainEntityOfPage":{"@id":"https:\/\/universnews224.com\/index.php\/cellou-dalein-diallo-la-guinee-me-manque\/"},"wordCount":250,"publisher":{"@id":"https:\/\/universnews224.com\/#organization"},"keywords":["La une"],"articleSection":["ACTU","POLITIQUE"],"inLanguage":"fr-FR"},{"@type":"WebPage","@id":"https:\/\/universnews224.com\/index.php\/cellou-dalein-diallo-la-guinee-me-manque\/","url":"https:\/\/universnews224.com\/index.php\/cellou-dalein-diallo-la-guinee-me-manque\/","name":"Cellou Dalein Diallo:\u00ab La Guin\u00e9e me manque\u00bb - UNIVERSNEWS224","isPartOf":{"@id":"https:\/\/universnews224.com\/#website"},"datePublished":"2023-01-23T21:13:49+00:00","dateModified":"2023-01-23T21:13:49+00:00","inLanguage":"fr-FR","potentialAction":[{"@type":"ReadAction","target":["https:\/\/universnews224.com\/index.php\/cellou-dalein-diallo-la-guinee-me-manque\/"]}]},{"@type":"WebSite","@id":"https:\/\/universnews224.com\/#website","url":"https:\/\/universnews224.com\/","name":"UNIVERSNEWS224","description":"","publisher":{"@id":"https:\/\/universnews224.com\/#organization"},"potentialAction":[{"@type":"SearchAction","target":{"@type":"EntryPoint","urlTemplate":"https:\/\/universnews224.com\/?s={search_term_string}"},"query-input":"required name=search_term_string"}],"inLanguage":"fr-FR"},{"@type":"Organization","@id":"https:\/\/universnews224.com\/#organization","name":"UNIVERSNEWS224","url":"https:\/\/universnews224.com\/","logo":{"@type":"ImageObject","inLanguage":"fr-FR","@id":"https:\/\/universnews224.com\/#\/schema\/logo\/image\/","url":"https:\/\/universnews224.com\/wp-content\/uploads\/2022\/08\/cropped-cropped-logoban.jpg","contentUrl":"https:\/\/universnews224.com\/wp-content\/uploads\/2022\/08\/cropped-cropped-logoban.jpg","width":1080,"height":138,"caption":"UNIVERSNEWS224"},"image":{"@id":"https:\/\/universnews224.com\/#\/schema\/logo\/image\/"}},{"@type":"Person","@id":"https:\/\/universnews224.com\/#\/schema\/person\/a4b7d4f94a4716df60456a491260485e","name":"La R\u00e9daction","image":{"@type":"ImageObject","inLanguage":"fr-FR","@id":"https:\/\/universnews224.com\/#\/schema\/person\/image\/","url":"https:\/\/secure.gravatar.com\/avatar\/edb90acc7752b23e1b3307ad36c14f0d?s=96&d=mm&r=g","contentUrl":"https:\/\/secure.gravatar.com\/avatar\/edb90acc7752b23e1b3307ad36c14f0d?s=96&d=mm&r=g","caption":"La R\u00e9daction"},"sameAs":["https:\/\/universnews224.com"],"url":"https:\/\/universnews224.com\/index.php\/author\/m-camara\/"}]}},"_links":{"self":[{"href":"https:\/\/universnews224.com\/index.php\/wp-json\/wp\/v2\/posts\/2828"}],"collection":[{"href":"https:\/\/universnews224.com\/index.php\/wp-json\/wp\/v2\/posts"}],"about":[{"href":"https:\/\/universnews224.com\/index.php\/wp-json\/wp\/v2\/types\/post"}],"author":[{"embeddable":true,"href":"https:\/\/universnews224.com\/index.php\/wp-json\/wp\/v2\/users\/2"}],"replies":[{"embeddable":true,"href":"https:\/\/universnews224.com\/index.php\/wp-json\/wp\/v2\/comments?post=2828"}],"version-history":[{"count":1,"href":"https:\/\/universnews224.com\/index.php\/wp-json\/wp\/v2\/posts\/2828\/revisions"}],"predecessor-version":[{"id":2830,"href":"https:\/\/universnews224.com\/index.php\/wp-json\/wp\/v2\/posts\/2828\/revisions\/2830"}],"wp:featuredmedia":[{"embeddable":true,"href":"https:\/\/universnews224.com\/index.php\/wp-json\/wp\/v2\/media\/2829"}],"wp:attachment":[{"href":"https:\/\/universnews224.com\/index.php\/wp-json\/wp\/v2\/media?parent=2828"}],"wp:term":[{"taxonomy":"category","embeddable":true,"href":"https:\/\/universnews224.com\/index.php\/wp-json\/wp\/v2\/categories?post=2828"},{"taxonomy":"post_tag","embeddable":true,"href":"https:\/\/universnews224.com\/index.php\/wp-json\/wp\/v2\/tags?post=2828"}],"curies":[{"name":"wp","href":"https:\/\/api.w.org\/{rel}","templated":true}]}}