{"id":2840,"date":"2023-01-25T22:36:50","date_gmt":"2023-01-25T21:36:50","guid":{"rendered":"https:\/\/universnews224.com\/?p=2840"},"modified":"2023-01-25T22:36:50","modified_gmt":"2023-01-25T21:36:50","slug":"festival-des-arts-de-la-foret-la-region-de-nzerekore-sapprete-a-recevoir-la-troisieme-edition","status":"publish","type":"post","link":"https:\/\/universnews224.com\/index.php\/festival-des-arts-de-la-foret-la-region-de-nzerekore-sapprete-a-recevoir-la-troisieme-edition\/","title":{"rendered":"Festival des arts de la For\u00eat: La r\u00e9gion de N&rsquo;z\u00e9r\u00e9kor\u00e9 s&rsquo;appr\u00eate \u00e0 recevoir la troisi\u00e8me \u00e9dition"},"content":{"rendered":"<div>Du 02 au 04 f\u00e9vrier 2023, \u00e0 N\u2019z\u00e9r\u00e9kor\u00e9, se tiendra la troisi\u00e8me \u00e9dition du Festival des Arts de la For\u00eat (FAF). Un rendez-vous culturel et artistique dont le lancement officiel a eu lieu ce mercredi 25 janvier 2023 \u00e0 Conakry.<\/div>\n<div><a href=\"https:\/\/universnews224.com\/wp-content\/uploads\/2023\/01\/CF5D4739-FAA2-4B6F-9B2C-38D505EC6291.jpeg\"><img loading=\"lazy\" class=\"alignnone size-medium wp-image-2842\" src=\"https:\/\/universnews224.com\/wp-content\/uploads\/2023\/01\/CF5D4739-FAA2-4B6F-9B2C-38D505EC6291-300x169.jpeg\" alt=\"\" width=\"300\" height=\"169\" srcset=\"https:\/\/universnews224.com\/wp-content\/uploads\/2023\/01\/CF5D4739-FAA2-4B6F-9B2C-38D505EC6291-300x169.jpeg 300w, https:\/\/universnews224.com\/wp-content\/uploads\/2023\/01\/CF5D4739-FAA2-4B6F-9B2C-38D505EC6291-768x432.jpeg 768w, https:\/\/universnews224.com\/wp-content\/uploads\/2023\/01\/CF5D4739-FAA2-4B6F-9B2C-38D505EC6291-800x450.jpeg 800w, https:\/\/universnews224.com\/wp-content\/uploads\/2023\/01\/CF5D4739-FAA2-4B6F-9B2C-38D505EC6291.jpeg 1024w\" sizes=\"(max-width: 300px) 100vw, 300px\" \/><\/a><\/div>\n<div><\/div>\n<div>Durant quatres jours de festivit\u00e9s , la ville de N\u2019z\u00e9r\u00e9kor\u00e9 vibrera aux rythmes des expositions, du panel, la gastronomie, des formations et des spectacles. Cette troisi\u00e8me \u00e9dition qui a pour th\u00e8me \u00a0\u00bbEntreprenariat, vecteur d&rsquo;autonomie pour la jeunesse\u00a0\u00bb une mani\u00e8re de venir en aide pour la population de cette localit\u00e9 touristique.<\/div>\n<div><\/div>\n<div>Dans son discours, le commissaire g\u00e9n\u00e9ral du Festival des arts de la For\u00eat, Alice Dor\u00e9, nous d\u00e9cline les objectifs de cet \u00e9v\u00e9nement.<\/div>\n<div><\/div>\n<div>\u00ab Notre objectif est de contribuer \u00e0 la relance de la valeur culturelle foresti\u00e8re, mais \u00e9galement profiter de l&rsquo;occasion pour faire des dons \u00e0 la communaut\u00e9 en vue d&rsquo;apporter leur coup de main au d\u00e9veloppement de la for\u00eat . Beaucoup d&rsquo;activit\u00e9s sont prevues pour le bon d\u00e9roulement du festival notamment: des panels, des conf\u00e9rences, ateliers de formation, des dons, de visites touristiques, des concerts et la construction d&rsquo;une \u00e9cole de 3 salles de classe et des latrines \u00bb, a indiqu\u00e9 \u00a0Alice Dor\u00e9.<\/div>\n<div><\/div>\n<div><\/div>\n<div>Abordant l&rsquo;aspect s\u00e9curitaire, M. Dor\u00e9 souligne ceci: \u00ab tous les dispositifs securitaires seront mis en place pour \u00e9viter tout eventuel d\u00e9rapage qui pourrait affecter le bon d\u00e9roulement de nos activit\u00e9s. Car, c&rsquo;est un \u00e9v\u00e8nement f\u00e9d\u00e9rateur dans la sous-r\u00e9gion, qui aura comme pays invit\u00e9 d\u2019honneur, la c\u00f4te d\u2019Ivoire, pour une int\u00e9gration culturelle, et \u00e9conomique. Cette troisi\u00e8me \u00e9dition va encore donner je vous le dit, \u00a0plus d\u2019activit\u00e9s e de \u00a0contenu. Les t\u00eates d\u2019affiches cette ann\u00e9e sont la chanteuse Roseline Layo et l\u2019humoriste Agalawal de la cote d\u2019ivoire, le reggeaman Takana Zion et quatres grandes groupes folkloriques de la r\u00e9gion foresti\u00e8re \u00bb, a pr\u00e9cis\u00e9 le commissaire g\u00e9n\u00e9ral.<\/div>\n<div><\/div>\n<div>Sana Sylla. ( 625480252)<\/div>\n","protected":false},"excerpt":{"rendered":"<p>Du 02 au 04 f\u00e9vrier 2023, \u00e0 N\u2019z\u00e9r\u00e9kor\u00e9, se tiendra la troisi\u00e8me \u00e9dition du Festival<\/p>\n","protected":false},"author":2,"featured_media":2841,"comment_status":"closed","ping_status":"open","sticky":false,"template":"","format":"standard","meta":[],"categories":[3,6],"tags":[229],"yoast_head":"<!-- This site is optimized with the Yoast SEO plugin v19.13 - https:\/\/yoast.com\/wordpress\/plugins\/seo\/ -->\n<title>Festival des arts de la For\u00eat: La r\u00e9gion de N&#039;z\u00e9r\u00e9kor\u00e9 s&#039;appr\u00eate \u00e0 recevoir la troisi\u00e8me \u00e9dition - UNIVERSNEWS224<\/title>\n<meta name=\"robots\" content=\"index, follow, max-snippet:-1, max-image-preview:large, max-video-preview:-1\" \/>\n<link rel=\"canonical\" href=\"https:\/\/universnews224.com\/index.php\/festival-des-arts-de-la-foret-la-region-de-nzerekore-sapprete-a-recevoir-la-troisieme-edition\/\" \/>\n<meta property=\"og:locale\" content=\"fr_FR\" \/>\n<meta property=\"og:type\" content=\"article\" \/>\n<meta property=\"og:title\" content=\"Festival des arts de la For\u00eat: La r\u00e9gion de N&#039;z\u00e9r\u00e9kor\u00e9 s&#039;appr\u00eate \u00e0 recevoir la troisi\u00e8me \u00e9dition - UNIVERSNEWS224\" \/>\n<meta property=\"og:description\" content=\"Du 02 au 04 f\u00e9vrier 2023, \u00e0 N\u2019z\u00e9r\u00e9kor\u00e9, se tiendra la troisi\u00e8me \u00e9dition du Festival\" \/>\n<meta property=\"og:url\" content=\"https:\/\/universnews224.com\/index.php\/festival-des-arts-de-la-foret-la-region-de-nzerekore-sapprete-a-recevoir-la-troisieme-edition\/\" \/>\n<meta property=\"og:site_name\" content=\"UNIVERSNEWS224\" \/>\n<meta property=\"article:published_time\" content=\"2023-01-25T21:36:50+00:00\" \/>\n<meta property=\"og:image\" content=\"https:\/\/universnews224.com\/wp-content\/uploads\/2023\/01\/37E82044-F557-453B-945B-081C8FF6F0B1.jpeg\" \/>\n\t<meta property=\"og:image:width\" content=\"1024\" \/>\n\t<meta property=\"og:image:height\" content=\"576\" \/>\n\t<meta property=\"og:image:type\" content=\"image\/jpeg\" \/>\n<meta name=\"author\" content=\"La R\u00e9daction\" \/>\n<meta name=\"twitter:label1\" content=\"\u00c9crit par\" \/>\n\t<meta name=\"twitter:data1\" content=\"La R\u00e9daction\" \/>\n\t<meta name=\"twitter:label2\" content=\"Dur\u00e9e de lecture estim\u00e9e\" \/>\n\t<meta name=\"twitter:data2\" content=\"2 minutes\" \/>\n<script type=\"application\/ld+json\" class=\"yoast-schema-graph\">{\"@context\":\"https:\/\/schema.org\",\"@graph\":[{\"@type\":\"Article\",\"@id\":\"https:\/\/universnews224.com\/index.php\/festival-des-arts-de-la-foret-la-region-de-nzerekore-sapprete-a-recevoir-la-troisieme-edition\/#article\",\"isPartOf\":{\"@id\":\"https:\/\/universnews224.com\/index.php\/festival-des-arts-de-la-foret-la-region-de-nzerekore-sapprete-a-recevoir-la-troisieme-edition\/\"},\"author\":{\"name\":\"La R\u00e9daction\",\"@id\":\"https:\/\/universnews224.com\/#\/schema\/person\/a4b7d4f94a4716df60456a491260485e\"},\"headline\":\"Festival des arts de la For\u00eat: La r\u00e9gion de N&rsquo;z\u00e9r\u00e9kor\u00e9 s&rsquo;appr\u00eate \u00e0 recevoir la troisi\u00e8me \u00e9dition\",\"datePublished\":\"2023-01-25T21:36:50+00:00\",\"dateModified\":\"2023-01-25T21:36:50+00:00\",\"mainEntityOfPage\":{\"@id\":\"https:\/\/universnews224.com\/index.php\/festival-des-arts-de-la-foret-la-region-de-nzerekore-sapprete-a-recevoir-la-troisieme-edition\/\"},\"wordCount\":354,\"publisher\":{\"@id\":\"https:\/\/universnews224.com\/#organization\"},\"keywords\":[\"La une\"],\"articleSection\":[\"ACTU\",\"CULTURE\"],\"inLanguage\":\"fr-FR\"},{\"@type\":\"WebPage\",\"@id\":\"https:\/\/universnews224.com\/index.php\/festival-des-arts-de-la-foret-la-region-de-nzerekore-sapprete-a-recevoir-la-troisieme-edition\/\",\"url\":\"https:\/\/universnews224.com\/index.php\/festival-des-arts-de-la-foret-la-region-de-nzerekore-sapprete-a-recevoir-la-troisieme-edition\/\",\"name\":\"Festival des arts de la For\u00eat: La r\u00e9gion de N'z\u00e9r\u00e9kor\u00e9 s'appr\u00eate \u00e0 recevoir la troisi\u00e8me \u00e9dition - UNIVERSNEWS224\",\"isPartOf\":{\"@id\":\"https:\/\/universnews224.com\/#website\"},\"datePublished\":\"2023-01-25T21:36:50+00:00\",\"dateModified\":\"2023-01-25T21:36:50+00:00\",\"inLanguage\":\"fr-FR\",\"potentialAction\":[{\"@type\":\"ReadAction\",\"target\":[\"https:\/\/universnews224.com\/index.php\/festival-des-arts-de-la-foret-la-region-de-nzerekore-sapprete-a-recevoir-la-troisieme-edition\/\"]}]},{\"@type\":\"WebSite\",\"@id\":\"https:\/\/universnews224.com\/#website\",\"url\":\"https:\/\/universnews224.com\/\",\"name\":\"UNIVERSNEWS224\",\"description\":\"\",\"publisher\":{\"@id\":\"https:\/\/universnews224.com\/#organization\"},\"potentialAction\":[{\"@type\":\"SearchAction\",\"target\":{\"@type\":\"EntryPoint\",\"urlTemplate\":\"https:\/\/universnews224.com\/?s={search_term_string}\"},\"query-input\":\"required name=search_term_string\"}],\"inLanguage\":\"fr-FR\"},{\"@type\":\"Organization\",\"@id\":\"https:\/\/universnews224.com\/#organization\",\"name\":\"UNIVERSNEWS224\",\"url\":\"https:\/\/universnews224.com\/\",\"logo\":{\"@type\":\"ImageObject\",\"inLanguage\":\"fr-FR\",\"@id\":\"https:\/\/universnews224.com\/#\/schema\/logo\/image\/\",\"url\":\"https:\/\/universnews224.com\/wp-content\/uploads\/2022\/08\/cropped-cropped-logoban.jpg\",\"contentUrl\":\"https:\/\/universnews224.com\/wp-content\/uploads\/2022\/08\/cropped-cropped-logoban.jpg\",\"width\":1080,\"height\":138,\"caption\":\"UNIVERSNEWS224\"},\"image\":{\"@id\":\"https:\/\/universnews224.com\/#\/schema\/logo\/image\/\"}},{\"@type\":\"Person\",\"@id\":\"https:\/\/universnews224.com\/#\/schema\/person\/a4b7d4f94a4716df60456a491260485e\",\"name\":\"La R\u00e9daction\",\"image\":{\"@type\":\"ImageObject\",\"inLanguage\":\"fr-FR\",\"@id\":\"https:\/\/universnews224.com\/#\/schema\/person\/image\/\",\"url\":\"https:\/\/secure.gravatar.com\/avatar\/edb90acc7752b23e1b3307ad36c14f0d?s=96&d=mm&r=g\",\"contentUrl\":\"https:\/\/secure.gravatar.com\/avatar\/edb90acc7752b23e1b3307ad36c14f0d?s=96&d=mm&r=g\",\"caption\":\"La R\u00e9daction\"},\"sameAs\":[\"https:\/\/universnews224.com\"],\"url\":\"https:\/\/universnews224.com\/index.php\/author\/m-camara\/\"}]}<\/script>\n<!-- \/ Yoast SEO plugin. -->","yoast_head_json":{"title":"Festival des arts de la For\u00eat: La r\u00e9gion de N'z\u00e9r\u00e9kor\u00e9 s'appr\u00eate \u00e0 recevoir la troisi\u00e8me \u00e9dition - UNIVERSNEWS224","robots":{"index":"index","follow":"follow","max-snippet":"max-snippet:-1","max-image-preview":"max-image-preview:large","max-video-preview":"max-video-preview:-1"},"canonical":"https:\/\/universnews224.com\/index.php\/festival-des-arts-de-la-foret-la-region-de-nzerekore-sapprete-a-recevoir-la-troisieme-edition\/","og_locale":"fr_FR","og_type":"article","og_title":"Festival des arts de la For\u00eat: La r\u00e9gion de N'z\u00e9r\u00e9kor\u00e9 s'appr\u00eate \u00e0 recevoir la troisi\u00e8me \u00e9dition - UNIVERSNEWS224","og_description":"Du 02 au 04 f\u00e9vrier 2023, \u00e0 N\u2019z\u00e9r\u00e9kor\u00e9, se tiendra la troisi\u00e8me \u00e9dition du Festival","og_url":"https:\/\/universnews224.com\/index.php\/festival-des-arts-de-la-foret-la-region-de-nzerekore-sapprete-a-recevoir-la-troisieme-edition\/","og_site_name":"UNIVERSNEWS224","article_published_time":"2023-01-25T21:36:50+00:00","og_image":[{"width":1024,"height":576,"url":"https:\/\/universnews224.com\/wp-content\/uploads\/2023\/01\/37E82044-F557-453B-945B-081C8FF6F0B1.jpeg","type":"image\/jpeg"}],"author":"La R\u00e9daction","twitter_misc":{"\u00c9crit par":"La R\u00e9daction","Dur\u00e9e de lecture estim\u00e9e":"2 minutes"},"schema":{"@context":"https:\/\/schema.org","@graph":[{"@type":"Article","@id":"https:\/\/universnews224.com\/index.php\/festival-des-arts-de-la-foret-la-region-de-nzerekore-sapprete-a-recevoir-la-troisieme-edition\/#article","isPartOf":{"@id":"https:\/\/universnews224.com\/index.php\/festival-des-arts-de-la-foret-la-region-de-nzerekore-sapprete-a-recevoir-la-troisieme-edition\/"},"author":{"name":"La R\u00e9daction","@id":"https:\/\/universnews224.com\/#\/schema\/person\/a4b7d4f94a4716df60456a491260485e"},"headline":"Festival des arts de la For\u00eat: La r\u00e9gion de N&rsquo;z\u00e9r\u00e9kor\u00e9 s&rsquo;appr\u00eate \u00e0 recevoir la troisi\u00e8me \u00e9dition","datePublished":"2023-01-25T21:36:50+00:00","dateModified":"2023-01-25T21:36:50+00:00","mainEntityOfPage":{"@id":"https:\/\/universnews224.com\/index.php\/festival-des-arts-de-la-foret-la-region-de-nzerekore-sapprete-a-recevoir-la-troisieme-edition\/"},"wordCount":354,"publisher":{"@id":"https:\/\/universnews224.com\/#organization"},"keywords":["La une"],"articleSection":["ACTU","CULTURE"],"inLanguage":"fr-FR"},{"@type":"WebPage","@id":"https:\/\/universnews224.com\/index.php\/festival-des-arts-de-la-foret-la-region-de-nzerekore-sapprete-a-recevoir-la-troisieme-edition\/","url":"https:\/\/universnews224.com\/index.php\/festival-des-arts-de-la-foret-la-region-de-nzerekore-sapprete-a-recevoir-la-troisieme-edition\/","name":"Festival des arts de la For\u00eat: La r\u00e9gion de N'z\u00e9r\u00e9kor\u00e9 s'appr\u00eate \u00e0 recevoir la troisi\u00e8me \u00e9dition - UNIVERSNEWS224","isPartOf":{"@id":"https:\/\/universnews224.com\/#website"},"datePublished":"2023-01-25T21:36:50+00:00","dateModified":"2023-01-25T21:36:50+00:00","inLanguage":"fr-FR","potentialAction":[{"@type":"ReadAction","target":["https:\/\/universnews224.com\/index.php\/festival-des-arts-de-la-foret-la-region-de-nzerekore-sapprete-a-recevoir-la-troisieme-edition\/"]}]},{"@type":"WebSite","@id":"https:\/\/universnews224.com\/#website","url":"https:\/\/universnews224.com\/","name":"UNIVERSNEWS224","description":"","publisher":{"@id":"https:\/\/universnews224.com\/#organization"},"potentialAction":[{"@type":"SearchAction","target":{"@type":"EntryPoint","urlTemplate":"https:\/\/universnews224.com\/?s={search_term_string}"},"query-input":"required name=search_term_string"}],"inLanguage":"fr-FR"},{"@type":"Organization","@id":"https:\/\/universnews224.com\/#organization","name":"UNIVERSNEWS224","url":"https:\/\/universnews224.com\/","logo":{"@type":"ImageObject","inLanguage":"fr-FR","@id":"https:\/\/universnews224.com\/#\/schema\/logo\/image\/","url":"https:\/\/universnews224.com\/wp-content\/uploads\/2022\/08\/cropped-cropped-logoban.jpg","contentUrl":"https:\/\/universnews224.com\/wp-content\/uploads\/2022\/08\/cropped-cropped-logoban.jpg","width":1080,"height":138,"caption":"UNIVERSNEWS224"},"image":{"@id":"https:\/\/universnews224.com\/#\/schema\/logo\/image\/"}},{"@type":"Person","@id":"https:\/\/universnews224.com\/#\/schema\/person\/a4b7d4f94a4716df60456a491260485e","name":"La R\u00e9daction","image":{"@type":"ImageObject","inLanguage":"fr-FR","@id":"https:\/\/universnews224.com\/#\/schema\/person\/image\/","url":"https:\/\/secure.gravatar.com\/avatar\/edb90acc7752b23e1b3307ad36c14f0d?s=96&d=mm&r=g","contentUrl":"https:\/\/secure.gravatar.com\/avatar\/edb90acc7752b23e1b3307ad36c14f0d?s=96&d=mm&r=g","caption":"La R\u00e9daction"},"sameAs":["https:\/\/universnews224.com"],"url":"https:\/\/universnews224.com\/index.php\/author\/m-camara\/"}]}},"_links":{"self":[{"href":"https:\/\/universnews224.com\/index.php\/wp-json\/wp\/v2\/posts\/2840"}],"collection":[{"href":"https:\/\/universnews224.com\/index.php\/wp-json\/wp\/v2\/posts"}],"about":[{"href":"https:\/\/universnews224.com\/index.php\/wp-json\/wp\/v2\/types\/post"}],"author":[{"embeddable":true,"href":"https:\/\/universnews224.com\/index.php\/wp-json\/wp\/v2\/users\/2"}],"replies":[{"embeddable":true,"href":"https:\/\/universnews224.com\/index.php\/wp-json\/wp\/v2\/comments?post=2840"}],"version-history":[{"count":1,"href":"https:\/\/universnews224.com\/index.php\/wp-json\/wp\/v2\/posts\/2840\/revisions"}],"predecessor-version":[{"id":2843,"href":"https:\/\/universnews224.com\/index.php\/wp-json\/wp\/v2\/posts\/2840\/revisions\/2843"}],"wp:featuredmedia":[{"embeddable":true,"href":"https:\/\/universnews224.com\/index.php\/wp-json\/wp\/v2\/media\/2841"}],"wp:attachment":[{"href":"https:\/\/universnews224.com\/index.php\/wp-json\/wp\/v2\/media?parent=2840"}],"wp:term":[{"taxonomy":"category","embeddable":true,"href":"https:\/\/universnews224.com\/index.php\/wp-json\/wp\/v2\/categories?post=2840"},{"taxonomy":"post_tag","embeddable":true,"href":"https:\/\/universnews224.com\/index.php\/wp-json\/wp\/v2\/tags?post=2840"}],"curies":[{"name":"wp","href":"https:\/\/api.w.org\/{rel}","templated":true}]}}