{"id":2844,"date":"2023-01-26T12:48:20","date_gmt":"2023-01-26T11:48:20","guid":{"rendered":"https:\/\/universnews224.com\/?p=2844"},"modified":"2023-01-26T12:48:20","modified_gmt":"2023-01-26T11:48:20","slug":"makanera-sur-le-piratage-de-lhelico-du-general-konate-lhelico-na-jamais-ete-trafique-ca-na-jamais-sabote-cest-pour-des-raisons-meteorologiques","status":"publish","type":"post","link":"https:\/\/universnews224.com\/index.php\/makanera-sur-le-piratage-de-lhelico-du-general-konate-lhelico-na-jamais-ete-trafique-ca-na-jamais-sabote-cest-pour-des-raisons-meteorologiques\/","title":{"rendered":"Makan\u00e9ra sur le piratage de l\u2019h\u00e9lico du g\u00e9n\u00e9ral Konat\u00e9: \u00abl\u2019h\u00e9lico n\u2019a jamais \u00e9t\u00e9 trafiqu\u00e9, \u00e7a n\u2019a jamais sabot\u00e9, c\u2019est pour des raisons m\u00e9t\u00e9orologiques\u00bb Il"},"content":{"rendered":"<div>Lors sa comparution devant le tribunal criminel de Dixinn dans l\u2019affaire des massacres du 28 septembre 2009, le commandant Aboubacar Sidiki Diakit\u00e9 alias\u00abToumba\u00bb avait soutenu que l\u2019h\u00e9licopt\u00e8re du G\u00e9n\u00e9ral Sekouba Konat\u00e9 a \u00e9t\u00e9 trafiqu\u00e9 par les hommes de Moussa Dadis Camara dans le but d\u2019\u00e9liminer ce dernier.<\/div>\n<div>\n<div><\/div>\n<div>Interrog\u00e9 sur cette question par nos confr\u00e8res de la radio Fim Fm dans l\u2019\u00e9mission Mirador de ce jeudi, 26 janvier 2023, Alhousseiny Makan\u00e9ra Kak\u00e9, l\u2019une des personnes qui \u00e9tait \u00e0 abord de l\u2019avion a r\u00e9v\u00e9l\u00e9 que l\u2019h\u00e9licopt\u00e8re n\u2019a jamais \u00e9t\u00e9 trafiqu\u00e9, ni sabot\u00e9.<\/div>\n<div><\/div>\n<div>\u00abJe vais vous dire quelque chose, je ne suis ni pour Dadis, ni pour Toumba. Moi, je ne prends de camp dh\u00e8, je dis ce que je sais pour la manifestation de la v\u00e9rit\u00e9. Je vous dis l\u2019h\u00e9lico n\u2019a jamais \u00e9t\u00e9 trafiqu\u00e9, \u00e7a n\u2019a jamais sabot\u00e9, c\u2019est pour des raisons m\u00e9t\u00e9orologiques. C\u2019est une averse qui a failli nous co\u00fbter\u00bb, a t-il pr\u00e9cis\u00e9.<\/div>\n<div><\/div>\n<div>Camara Mamadouba<\/div>\n<div>611 46 04 10<\/p>\n<div><\/div>\n<div>\n<div><\/div>\n<\/div>\n<\/div>\n<\/div>\n","protected":false},"excerpt":{"rendered":"<p>Lors sa comparution devant le tribunal criminel de Dixinn dans l\u2019affaire des massacres du 28<\/p>\n","protected":false},"author":2,"featured_media":2499,"comment_status":"closed","ping_status":"open","sticky":false,"template":"","format":"standard","meta":[],"categories":[3,4],"tags":[229],"yoast_head":"<!-- This site is optimized with the Yoast SEO plugin v19.13 - https:\/\/yoast.com\/wordpress\/plugins\/seo\/ -->\n<title>Makan\u00e9ra sur le piratage de l\u2019h\u00e9lico du g\u00e9n\u00e9ral Konat\u00e9: \u00abl\u2019h\u00e9lico n\u2019a jamais \u00e9t\u00e9 trafiqu\u00e9, \u00e7a n\u2019a jamais sabot\u00e9, c\u2019est pour des raisons m\u00e9t\u00e9orologiques\u00bb Il - UNIVERSNEWS224<\/title>\n<meta name=\"robots\" content=\"index, follow, max-snippet:-1, max-image-preview:large, max-video-preview:-1\" \/>\n<link rel=\"canonical\" href=\"https:\/\/universnews224.com\/index.php\/makanera-sur-le-piratage-de-lhelico-du-general-konate-lhelico-na-jamais-ete-trafique-ca-na-jamais-sabote-cest-pour-des-raisons-meteorologiques\/\" \/>\n<meta property=\"og:locale\" content=\"fr_FR\" \/>\n<meta property=\"og:type\" content=\"article\" \/>\n<meta property=\"og:title\" content=\"Makan\u00e9ra sur le piratage de l\u2019h\u00e9lico du g\u00e9n\u00e9ral Konat\u00e9: \u00abl\u2019h\u00e9lico n\u2019a jamais \u00e9t\u00e9 trafiqu\u00e9, \u00e7a n\u2019a jamais sabot\u00e9, c\u2019est pour des raisons m\u00e9t\u00e9orologiques\u00bb Il - UNIVERSNEWS224\" \/>\n<meta property=\"og:description\" content=\"Lors sa comparution devant le tribunal criminel de Dixinn dans l\u2019affaire des massacres du 28\" \/>\n<meta property=\"og:url\" content=\"https:\/\/universnews224.com\/index.php\/makanera-sur-le-piratage-de-lhelico-du-general-konate-lhelico-na-jamais-ete-trafique-ca-na-jamais-sabote-cest-pour-des-raisons-meteorologiques\/\" \/>\n<meta property=\"og:site_name\" content=\"UNIVERSNEWS224\" \/>\n<meta property=\"article:published_time\" content=\"2023-01-26T11:48:20+00:00\" \/>\n<meta property=\"og:image\" content=\"https:\/\/universnews224.com\/wp-content\/uploads\/2022\/11\/7E2875A1-632A-4FC6-B1CE-A2BA58D5FD46.jpeg\" \/>\n\t<meta property=\"og:image:width\" content=\"700\" \/>\n\t<meta property=\"og:image:height\" content=\"400\" \/>\n\t<meta property=\"og:image:type\" content=\"image\/jpeg\" \/>\n<meta name=\"author\" content=\"La R\u00e9daction\" \/>\n<meta name=\"twitter:label1\" content=\"\u00c9crit par\" \/>\n\t<meta name=\"twitter:data1\" content=\"La R\u00e9daction\" \/>\n\t<meta name=\"twitter:label2\" content=\"Dur\u00e9e de lecture estim\u00e9e\" \/>\n\t<meta name=\"twitter:data2\" content=\"1 minute\" \/>\n<script type=\"application\/ld+json\" class=\"yoast-schema-graph\">{\"@context\":\"https:\/\/schema.org\",\"@graph\":[{\"@type\":\"Article\",\"@id\":\"https:\/\/universnews224.com\/index.php\/makanera-sur-le-piratage-de-lhelico-du-general-konate-lhelico-na-jamais-ete-trafique-ca-na-jamais-sabote-cest-pour-des-raisons-meteorologiques\/#article\",\"isPartOf\":{\"@id\":\"https:\/\/universnews224.com\/index.php\/makanera-sur-le-piratage-de-lhelico-du-general-konate-lhelico-na-jamais-ete-trafique-ca-na-jamais-sabote-cest-pour-des-raisons-meteorologiques\/\"},\"author\":{\"name\":\"La R\u00e9daction\",\"@id\":\"https:\/\/universnews224.com\/#\/schema\/person\/a4b7d4f94a4716df60456a491260485e\"},\"headline\":\"Makan\u00e9ra sur le piratage de l\u2019h\u00e9lico du g\u00e9n\u00e9ral Konat\u00e9: \u00abl\u2019h\u00e9lico n\u2019a jamais \u00e9t\u00e9 trafiqu\u00e9, \u00e7a n\u2019a jamais sabot\u00e9, c\u2019est pour des raisons m\u00e9t\u00e9orologiques\u00bb Il\",\"datePublished\":\"2023-01-26T11:48:20+00:00\",\"dateModified\":\"2023-01-26T11:48:20+00:00\",\"mainEntityOfPage\":{\"@id\":\"https:\/\/universnews224.com\/index.php\/makanera-sur-le-piratage-de-lhelico-du-general-konate-lhelico-na-jamais-ete-trafique-ca-na-jamais-sabote-cest-pour-des-raisons-meteorologiques\/\"},\"wordCount\":215,\"publisher\":{\"@id\":\"https:\/\/universnews224.com\/#organization\"},\"keywords\":[\"La une\"],\"articleSection\":[\"ACTU\",\"POLITIQUE\"],\"inLanguage\":\"fr-FR\"},{\"@type\":\"WebPage\",\"@id\":\"https:\/\/universnews224.com\/index.php\/makanera-sur-le-piratage-de-lhelico-du-general-konate-lhelico-na-jamais-ete-trafique-ca-na-jamais-sabote-cest-pour-des-raisons-meteorologiques\/\",\"url\":\"https:\/\/universnews224.com\/index.php\/makanera-sur-le-piratage-de-lhelico-du-general-konate-lhelico-na-jamais-ete-trafique-ca-na-jamais-sabote-cest-pour-des-raisons-meteorologiques\/\",\"name\":\"Makan\u00e9ra sur le piratage de l\u2019h\u00e9lico du g\u00e9n\u00e9ral Konat\u00e9: \u00abl\u2019h\u00e9lico n\u2019a jamais \u00e9t\u00e9 trafiqu\u00e9, \u00e7a n\u2019a jamais sabot\u00e9, c\u2019est pour des raisons m\u00e9t\u00e9orologiques\u00bb Il - UNIVERSNEWS224\",\"isPartOf\":{\"@id\":\"https:\/\/universnews224.com\/#website\"},\"datePublished\":\"2023-01-26T11:48:20+00:00\",\"dateModified\":\"2023-01-26T11:48:20+00:00\",\"inLanguage\":\"fr-FR\",\"potentialAction\":[{\"@type\":\"ReadAction\",\"target\":[\"https:\/\/universnews224.com\/index.php\/makanera-sur-le-piratage-de-lhelico-du-general-konate-lhelico-na-jamais-ete-trafique-ca-na-jamais-sabote-cest-pour-des-raisons-meteorologiques\/\"]}]},{\"@type\":\"WebSite\",\"@id\":\"https:\/\/universnews224.com\/#website\",\"url\":\"https:\/\/universnews224.com\/\",\"name\":\"UNIVERSNEWS224\",\"description\":\"\",\"publisher\":{\"@id\":\"https:\/\/universnews224.com\/#organization\"},\"potentialAction\":[{\"@type\":\"SearchAction\",\"target\":{\"@type\":\"EntryPoint\",\"urlTemplate\":\"https:\/\/universnews224.com\/?s={search_term_string}\"},\"query-input\":\"required name=search_term_string\"}],\"inLanguage\":\"fr-FR\"},{\"@type\":\"Organization\",\"@id\":\"https:\/\/universnews224.com\/#organization\",\"name\":\"UNIVERSNEWS224\",\"url\":\"https:\/\/universnews224.com\/\",\"logo\":{\"@type\":\"ImageObject\",\"inLanguage\":\"fr-FR\",\"@id\":\"https:\/\/universnews224.com\/#\/schema\/logo\/image\/\",\"url\":\"https:\/\/universnews224.com\/wp-content\/uploads\/2022\/08\/cropped-cropped-logoban.jpg\",\"contentUrl\":\"https:\/\/universnews224.com\/wp-content\/uploads\/2022\/08\/cropped-cropped-logoban.jpg\",\"width\":1080,\"height\":138,\"caption\":\"UNIVERSNEWS224\"},\"image\":{\"@id\":\"https:\/\/universnews224.com\/#\/schema\/logo\/image\/\"}},{\"@type\":\"Person\",\"@id\":\"https:\/\/universnews224.com\/#\/schema\/person\/a4b7d4f94a4716df60456a491260485e\",\"name\":\"La R\u00e9daction\",\"image\":{\"@type\":\"ImageObject\",\"inLanguage\":\"fr-FR\",\"@id\":\"https:\/\/universnews224.com\/#\/schema\/person\/image\/\",\"url\":\"https:\/\/secure.gravatar.com\/avatar\/edb90acc7752b23e1b3307ad36c14f0d?s=96&d=mm&r=g\",\"contentUrl\":\"https:\/\/secure.gravatar.com\/avatar\/edb90acc7752b23e1b3307ad36c14f0d?s=96&d=mm&r=g\",\"caption\":\"La R\u00e9daction\"},\"sameAs\":[\"https:\/\/universnews224.com\"],\"url\":\"https:\/\/universnews224.com\/index.php\/author\/m-camara\/\"}]}<\/script>\n<!-- \/ Yoast SEO plugin. -->","yoast_head_json":{"title":"Makan\u00e9ra sur le piratage de l\u2019h\u00e9lico du g\u00e9n\u00e9ral Konat\u00e9: \u00abl\u2019h\u00e9lico n\u2019a jamais \u00e9t\u00e9 trafiqu\u00e9, \u00e7a n\u2019a jamais sabot\u00e9, c\u2019est pour des raisons m\u00e9t\u00e9orologiques\u00bb Il - UNIVERSNEWS224","robots":{"index":"index","follow":"follow","max-snippet":"max-snippet:-1","max-image-preview":"max-image-preview:large","max-video-preview":"max-video-preview:-1"},"canonical":"https:\/\/universnews224.com\/index.php\/makanera-sur-le-piratage-de-lhelico-du-general-konate-lhelico-na-jamais-ete-trafique-ca-na-jamais-sabote-cest-pour-des-raisons-meteorologiques\/","og_locale":"fr_FR","og_type":"article","og_title":"Makan\u00e9ra sur le piratage de l\u2019h\u00e9lico du g\u00e9n\u00e9ral Konat\u00e9: \u00abl\u2019h\u00e9lico n\u2019a jamais \u00e9t\u00e9 trafiqu\u00e9, \u00e7a n\u2019a jamais sabot\u00e9, c\u2019est pour des raisons m\u00e9t\u00e9orologiques\u00bb Il - UNIVERSNEWS224","og_description":"Lors sa comparution devant le tribunal criminel de Dixinn dans l\u2019affaire des massacres du 28","og_url":"https:\/\/universnews224.com\/index.php\/makanera-sur-le-piratage-de-lhelico-du-general-konate-lhelico-na-jamais-ete-trafique-ca-na-jamais-sabote-cest-pour-des-raisons-meteorologiques\/","og_site_name":"UNIVERSNEWS224","article_published_time":"2023-01-26T11:48:20+00:00","og_image":[{"width":700,"height":400,"url":"https:\/\/universnews224.com\/wp-content\/uploads\/2022\/11\/7E2875A1-632A-4FC6-B1CE-A2BA58D5FD46.jpeg","type":"image\/jpeg"}],"author":"La R\u00e9daction","twitter_misc":{"\u00c9crit par":"La R\u00e9daction","Dur\u00e9e de lecture estim\u00e9e":"1 minute"},"schema":{"@context":"https:\/\/schema.org","@graph":[{"@type":"Article","@id":"https:\/\/universnews224.com\/index.php\/makanera-sur-le-piratage-de-lhelico-du-general-konate-lhelico-na-jamais-ete-trafique-ca-na-jamais-sabote-cest-pour-des-raisons-meteorologiques\/#article","isPartOf":{"@id":"https:\/\/universnews224.com\/index.php\/makanera-sur-le-piratage-de-lhelico-du-general-konate-lhelico-na-jamais-ete-trafique-ca-na-jamais-sabote-cest-pour-des-raisons-meteorologiques\/"},"author":{"name":"La R\u00e9daction","@id":"https:\/\/universnews224.com\/#\/schema\/person\/a4b7d4f94a4716df60456a491260485e"},"headline":"Makan\u00e9ra sur le piratage de l\u2019h\u00e9lico du g\u00e9n\u00e9ral Konat\u00e9: \u00abl\u2019h\u00e9lico n\u2019a jamais \u00e9t\u00e9 trafiqu\u00e9, \u00e7a n\u2019a jamais sabot\u00e9, c\u2019est pour des raisons m\u00e9t\u00e9orologiques\u00bb Il","datePublished":"2023-01-26T11:48:20+00:00","dateModified":"2023-01-26T11:48:20+00:00","mainEntityOfPage":{"@id":"https:\/\/universnews224.com\/index.php\/makanera-sur-le-piratage-de-lhelico-du-general-konate-lhelico-na-jamais-ete-trafique-ca-na-jamais-sabote-cest-pour-des-raisons-meteorologiques\/"},"wordCount":215,"publisher":{"@id":"https:\/\/universnews224.com\/#organization"},"keywords":["La une"],"articleSection":["ACTU","POLITIQUE"],"inLanguage":"fr-FR"},{"@type":"WebPage","@id":"https:\/\/universnews224.com\/index.php\/makanera-sur-le-piratage-de-lhelico-du-general-konate-lhelico-na-jamais-ete-trafique-ca-na-jamais-sabote-cest-pour-des-raisons-meteorologiques\/","url":"https:\/\/universnews224.com\/index.php\/makanera-sur-le-piratage-de-lhelico-du-general-konate-lhelico-na-jamais-ete-trafique-ca-na-jamais-sabote-cest-pour-des-raisons-meteorologiques\/","name":"Makan\u00e9ra sur le piratage de l\u2019h\u00e9lico du g\u00e9n\u00e9ral Konat\u00e9: \u00abl\u2019h\u00e9lico n\u2019a jamais \u00e9t\u00e9 trafiqu\u00e9, \u00e7a n\u2019a jamais sabot\u00e9, c\u2019est pour des raisons m\u00e9t\u00e9orologiques\u00bb Il - UNIVERSNEWS224","isPartOf":{"@id":"https:\/\/universnews224.com\/#website"},"datePublished":"2023-01-26T11:48:20+00:00","dateModified":"2023-01-26T11:48:20+00:00","inLanguage":"fr-FR","potentialAction":[{"@type":"ReadAction","target":["https:\/\/universnews224.com\/index.php\/makanera-sur-le-piratage-de-lhelico-du-general-konate-lhelico-na-jamais-ete-trafique-ca-na-jamais-sabote-cest-pour-des-raisons-meteorologiques\/"]}]},{"@type":"WebSite","@id":"https:\/\/universnews224.com\/#website","url":"https:\/\/universnews224.com\/","name":"UNIVERSNEWS224","description":"","publisher":{"@id":"https:\/\/universnews224.com\/#organization"},"potentialAction":[{"@type":"SearchAction","target":{"@type":"EntryPoint","urlTemplate":"https:\/\/universnews224.com\/?s={search_term_string}"},"query-input":"required name=search_term_string"}],"inLanguage":"fr-FR"},{"@type":"Organization","@id":"https:\/\/universnews224.com\/#organization","name":"UNIVERSNEWS224","url":"https:\/\/universnews224.com\/","logo":{"@type":"ImageObject","inLanguage":"fr-FR","@id":"https:\/\/universnews224.com\/#\/schema\/logo\/image\/","url":"https:\/\/universnews224.com\/wp-content\/uploads\/2022\/08\/cropped-cropped-logoban.jpg","contentUrl":"https:\/\/universnews224.com\/wp-content\/uploads\/2022\/08\/cropped-cropped-logoban.jpg","width":1080,"height":138,"caption":"UNIVERSNEWS224"},"image":{"@id":"https:\/\/universnews224.com\/#\/schema\/logo\/image\/"}},{"@type":"Person","@id":"https:\/\/universnews224.com\/#\/schema\/person\/a4b7d4f94a4716df60456a491260485e","name":"La R\u00e9daction","image":{"@type":"ImageObject","inLanguage":"fr-FR","@id":"https:\/\/universnews224.com\/#\/schema\/person\/image\/","url":"https:\/\/secure.gravatar.com\/avatar\/edb90acc7752b23e1b3307ad36c14f0d?s=96&d=mm&r=g","contentUrl":"https:\/\/secure.gravatar.com\/avatar\/edb90acc7752b23e1b3307ad36c14f0d?s=96&d=mm&r=g","caption":"La R\u00e9daction"},"sameAs":["https:\/\/universnews224.com"],"url":"https:\/\/universnews224.com\/index.php\/author\/m-camara\/"}]}},"_links":{"self":[{"href":"https:\/\/universnews224.com\/index.php\/wp-json\/wp\/v2\/posts\/2844"}],"collection":[{"href":"https:\/\/universnews224.com\/index.php\/wp-json\/wp\/v2\/posts"}],"about":[{"href":"https:\/\/universnews224.com\/index.php\/wp-json\/wp\/v2\/types\/post"}],"author":[{"embeddable":true,"href":"https:\/\/universnews224.com\/index.php\/wp-json\/wp\/v2\/users\/2"}],"replies":[{"embeddable":true,"href":"https:\/\/universnews224.com\/index.php\/wp-json\/wp\/v2\/comments?post=2844"}],"version-history":[{"count":1,"href":"https:\/\/universnews224.com\/index.php\/wp-json\/wp\/v2\/posts\/2844\/revisions"}],"predecessor-version":[{"id":2845,"href":"https:\/\/universnews224.com\/index.php\/wp-json\/wp\/v2\/posts\/2844\/revisions\/2845"}],"wp:featuredmedia":[{"embeddable":true,"href":"https:\/\/universnews224.com\/index.php\/wp-json\/wp\/v2\/media\/2499"}],"wp:attachment":[{"href":"https:\/\/universnews224.com\/index.php\/wp-json\/wp\/v2\/media?parent=2844"}],"wp:term":[{"taxonomy":"category","embeddable":true,"href":"https:\/\/universnews224.com\/index.php\/wp-json\/wp\/v2\/categories?post=2844"},{"taxonomy":"post_tag","embeddable":true,"href":"https:\/\/universnews224.com\/index.php\/wp-json\/wp\/v2\/tags?post=2844"}],"curies":[{"name":"wp","href":"https:\/\/api.w.org\/{rel}","templated":true}]}}