{"id":2848,"date":"2023-01-27T13:53:52","date_gmt":"2023-01-27T12:53:52","guid":{"rendered":"https:\/\/universnews224.com\/?p=2848"},"modified":"2023-01-27T13:53:52","modified_gmt":"2023-01-27T12:53:52","slug":"me-lancinet-sylla-apres-le-passage-de-dadis-a-la-barre-jai-ete-tout-simplement-decu-de-sa-prestation","status":"publish","type":"post","link":"https:\/\/universnews224.com\/index.php\/me-lancinet-sylla-apres-le-passage-de-dadis-a-la-barre-jai-ete-tout-simplement-decu-de-sa-prestation\/","title":{"rendered":"Me Lancinet Sylla apr\u00e8s le passage de Dadis \u00e0 la barre: \u00abJ\u2019ai \u00e9t\u00e9 tout simplement d\u00e9\u00e7u de sa prestation\u00bb"},"content":{"rendered":"<p>Apr\u00e8s un mois pass\u00e9 devant le tribunal criminel de Dixinn d\u00e9localis\u00e9 \u00e0 la cour d\u2019appel de Conakry pour livrer sa part de v\u00e9rit\u00e9 dans les \u00e9v\u00e9nements du 28 septembre 2023, l\u2019audition de l\u2019ancien pr\u00e9sident a pris le 25 janvier dernier. Quel bilan peut-on tirer de ce passage du pr\u00e9sident Dadis?<\/p>\n<p>Interrog\u00e9 sur cette question par nos confr\u00e8res de Djoma m\u00e9dia dans l\u2019\u00e9mission \u00abOn refait le monde\u00bb de ce jeudi 26 janvier, Me Lancinet Sylla, l\u2019un des avocats d\u2019Aboubacar Diakit\u00e9 dit \u00abToumba\u00bb d\u00e9clare:<\/p>\n<p>\u00abJ\u2019ai \u00e9t\u00e9 tout simplement d\u00e9\u00e7u de sa prestation. Vous savez que le pr\u00e9sident Dadis \u00e9tait beaucoup plus attendu apr\u00e8s le passage de M Aboubacar Diakit\u00e9 dit\u00abToumba\u00bb. Et tr\u00e8s malheureusement, plut\u00f4t que \u00a0de contribuer \u00e0 la manifestation de la v\u00e9rit\u00e9, on a vu un pr\u00e9sident Dadis qui s\u2019est s\u2019inscrit dans la d\u00e9n\u00e9gation totale du d\u00e9but \u00e0 la fin de son passage. Celui qui, pour le moment par la v\u00e9rit\u00e9, \u00a0par ses efforts, sa contribution \u00e0 la manifestation de la v\u00e9rit\u00e9, qui a opt\u00e9 pour la v\u00e9rit\u00e9 et qui a adopt\u00e9 la v\u00e9rit\u00e9 comme strat\u00e9gie de d\u00e9fense, c\u2019est bien M Aboubacar Toumba Diakit\u00e9. Au point que deux organes de presse de notre pays l\u2019ont d\u00e9sign\u00e9 comme \u00abpersonnalit\u00e9 de l\u2019ann\u00e9e. C\u2019est pour dire qu\u2019\u00e0 ce stade de la proc\u00e9dure M Toumba Diakit\u00e9 a gagn\u00e9 la bataille de l\u2019opinion parce que tout simplement, il dit la v\u00e9rit\u00e9. Si aujourd\u2019hui il y a une grande opinion qui soutient Toumba, c\u2019est d\u00fb \u00e0 la ligne de d\u00e9fense que M Diakit\u00e9 a adopt\u00e9 dans ce proc\u00e8s qui semble \u00eatre la meilleure\u00bb, a t-il soutenu avant d\u2019ajouter:<\/p>\n<p>\u00abIl est regrettable de relever que M Dadis en tant qu\u2019acteur principal des \u00e9v\u00e9nements malheureux soit venu \u00e0 ce proc\u00e8s, ne livrer que sa v\u00e9rit\u00e9 et non toute la v\u00e9rit\u00e9. Et qui, aujourd\u2019hui s\u2019est inscrit \u00e0 l\u2019\u00e9cole de la d\u00e9n\u00e9gation totale au m\u00eame titre que Tiegboro et Pivi et de Marcel. Ce qui est tout \u00e0 fait regrettable parce qu\u2019au dossier de la proc\u00e9dure, les preuves ne manquent pas. Et vous avez vu sa fuite en avant qui consiste \u00e0 d\u00e9velopper une th\u00e9orie de complot alors qu\u2019il n\u2019est pas renvoy\u00e9 devant cette juridiction pour des faits de complot\u00bb, a t-il martel\u00e9.<\/p>\n<p>Camara Mamadouba<br \/>\n611 46 04 10<\/p>\n","protected":false},"excerpt":{"rendered":"<p>Apr\u00e8s un mois pass\u00e9 devant le tribunal criminel de Dixinn d\u00e9localis\u00e9 \u00e0 la cour d\u2019appel<\/p>\n","protected":false},"author":2,"featured_media":2849,"comment_status":"closed","ping_status":"open","sticky":false,"template":"","format":"standard","meta":[],"categories":[3,4],"tags":[229],"yoast_head":"<!-- This site is optimized with the Yoast SEO plugin v19.13 - https:\/\/yoast.com\/wordpress\/plugins\/seo\/ -->\n<title>Me Lancinet Sylla apr\u00e8s le passage de Dadis \u00e0 la barre: \u00abJ\u2019ai \u00e9t\u00e9 tout simplement d\u00e9\u00e7u de sa prestation\u00bb - UNIVERSNEWS224<\/title>\n<meta name=\"robots\" content=\"index, follow, max-snippet:-1, max-image-preview:large, max-video-preview:-1\" \/>\n<link rel=\"canonical\" href=\"https:\/\/universnews224.com\/index.php\/me-lancinet-sylla-apres-le-passage-de-dadis-a-la-barre-jai-ete-tout-simplement-decu-de-sa-prestation\/\" \/>\n<meta property=\"og:locale\" content=\"fr_FR\" \/>\n<meta property=\"og:type\" content=\"article\" \/>\n<meta property=\"og:title\" content=\"Me Lancinet Sylla apr\u00e8s le passage de Dadis \u00e0 la barre: \u00abJ\u2019ai \u00e9t\u00e9 tout simplement d\u00e9\u00e7u de sa prestation\u00bb - UNIVERSNEWS224\" \/>\n<meta property=\"og:description\" content=\"Apr\u00e8s un mois pass\u00e9 devant le tribunal criminel de Dixinn d\u00e9localis\u00e9 \u00e0 la cour d\u2019appel\" \/>\n<meta property=\"og:url\" content=\"https:\/\/universnews224.com\/index.php\/me-lancinet-sylla-apres-le-passage-de-dadis-a-la-barre-jai-ete-tout-simplement-decu-de-sa-prestation\/\" \/>\n<meta property=\"og:site_name\" content=\"UNIVERSNEWS224\" \/>\n<meta property=\"article:published_time\" content=\"2023-01-27T12:53:52+00:00\" \/>\n<meta property=\"og:image\" content=\"https:\/\/universnews224.com\/wp-content\/uploads\/2023\/01\/93B38E71-4D8A-4E8B-B0CD-8C72D8C0AC36.jpeg\" \/>\n\t<meta property=\"og:image:width\" content=\"700\" \/>\n\t<meta property=\"og:image:height\" content=\"326\" \/>\n\t<meta property=\"og:image:type\" content=\"image\/jpeg\" \/>\n<meta name=\"author\" content=\"La R\u00e9daction\" \/>\n<meta name=\"twitter:label1\" content=\"\u00c9crit par\" \/>\n\t<meta name=\"twitter:data1\" content=\"La R\u00e9daction\" \/>\n\t<meta name=\"twitter:label2\" content=\"Dur\u00e9e de lecture estim\u00e9e\" \/>\n\t<meta name=\"twitter:data2\" content=\"2 minutes\" \/>\n<script type=\"application\/ld+json\" class=\"yoast-schema-graph\">{\"@context\":\"https:\/\/schema.org\",\"@graph\":[{\"@type\":\"Article\",\"@id\":\"https:\/\/universnews224.com\/index.php\/me-lancinet-sylla-apres-le-passage-de-dadis-a-la-barre-jai-ete-tout-simplement-decu-de-sa-prestation\/#article\",\"isPartOf\":{\"@id\":\"https:\/\/universnews224.com\/index.php\/me-lancinet-sylla-apres-le-passage-de-dadis-a-la-barre-jai-ete-tout-simplement-decu-de-sa-prestation\/\"},\"author\":{\"name\":\"La R\u00e9daction\",\"@id\":\"https:\/\/universnews224.com\/#\/schema\/person\/a4b7d4f94a4716df60456a491260485e\"},\"headline\":\"Me Lancinet Sylla apr\u00e8s le passage de Dadis \u00e0 la barre: \u00abJ\u2019ai \u00e9t\u00e9 tout simplement d\u00e9\u00e7u de sa prestation\u00bb\",\"datePublished\":\"2023-01-27T12:53:52+00:00\",\"dateModified\":\"2023-01-27T12:53:52+00:00\",\"mainEntityOfPage\":{\"@id\":\"https:\/\/universnews224.com\/index.php\/me-lancinet-sylla-apres-le-passage-de-dadis-a-la-barre-jai-ete-tout-simplement-decu-de-sa-prestation\/\"},\"wordCount\":438,\"publisher\":{\"@id\":\"https:\/\/universnews224.com\/#organization\"},\"keywords\":[\"La une\"],\"articleSection\":[\"ACTU\",\"POLITIQUE\"],\"inLanguage\":\"fr-FR\"},{\"@type\":\"WebPage\",\"@id\":\"https:\/\/universnews224.com\/index.php\/me-lancinet-sylla-apres-le-passage-de-dadis-a-la-barre-jai-ete-tout-simplement-decu-de-sa-prestation\/\",\"url\":\"https:\/\/universnews224.com\/index.php\/me-lancinet-sylla-apres-le-passage-de-dadis-a-la-barre-jai-ete-tout-simplement-decu-de-sa-prestation\/\",\"name\":\"Me Lancinet Sylla apr\u00e8s le passage de Dadis \u00e0 la barre: \u00abJ\u2019ai \u00e9t\u00e9 tout simplement d\u00e9\u00e7u de sa prestation\u00bb - UNIVERSNEWS224\",\"isPartOf\":{\"@id\":\"https:\/\/universnews224.com\/#website\"},\"datePublished\":\"2023-01-27T12:53:52+00:00\",\"dateModified\":\"2023-01-27T12:53:52+00:00\",\"inLanguage\":\"fr-FR\",\"potentialAction\":[{\"@type\":\"ReadAction\",\"target\":[\"https:\/\/universnews224.com\/index.php\/me-lancinet-sylla-apres-le-passage-de-dadis-a-la-barre-jai-ete-tout-simplement-decu-de-sa-prestation\/\"]}]},{\"@type\":\"WebSite\",\"@id\":\"https:\/\/universnews224.com\/#website\",\"url\":\"https:\/\/universnews224.com\/\",\"name\":\"UNIVERSNEWS224\",\"description\":\"\",\"publisher\":{\"@id\":\"https:\/\/universnews224.com\/#organization\"},\"potentialAction\":[{\"@type\":\"SearchAction\",\"target\":{\"@type\":\"EntryPoint\",\"urlTemplate\":\"https:\/\/universnews224.com\/?s={search_term_string}\"},\"query-input\":\"required name=search_term_string\"}],\"inLanguage\":\"fr-FR\"},{\"@type\":\"Organization\",\"@id\":\"https:\/\/universnews224.com\/#organization\",\"name\":\"UNIVERSNEWS224\",\"url\":\"https:\/\/universnews224.com\/\",\"logo\":{\"@type\":\"ImageObject\",\"inLanguage\":\"fr-FR\",\"@id\":\"https:\/\/universnews224.com\/#\/schema\/logo\/image\/\",\"url\":\"https:\/\/universnews224.com\/wp-content\/uploads\/2022\/08\/cropped-cropped-logoban.jpg\",\"contentUrl\":\"https:\/\/universnews224.com\/wp-content\/uploads\/2022\/08\/cropped-cropped-logoban.jpg\",\"width\":1080,\"height\":138,\"caption\":\"UNIVERSNEWS224\"},\"image\":{\"@id\":\"https:\/\/universnews224.com\/#\/schema\/logo\/image\/\"}},{\"@type\":\"Person\",\"@id\":\"https:\/\/universnews224.com\/#\/schema\/person\/a4b7d4f94a4716df60456a491260485e\",\"name\":\"La R\u00e9daction\",\"image\":{\"@type\":\"ImageObject\",\"inLanguage\":\"fr-FR\",\"@id\":\"https:\/\/universnews224.com\/#\/schema\/person\/image\/\",\"url\":\"https:\/\/secure.gravatar.com\/avatar\/edb90acc7752b23e1b3307ad36c14f0d?s=96&d=mm&r=g\",\"contentUrl\":\"https:\/\/secure.gravatar.com\/avatar\/edb90acc7752b23e1b3307ad36c14f0d?s=96&d=mm&r=g\",\"caption\":\"La R\u00e9daction\"},\"sameAs\":[\"https:\/\/universnews224.com\"],\"url\":\"https:\/\/universnews224.com\/index.php\/author\/m-camara\/\"}]}<\/script>\n<!-- \/ Yoast SEO plugin. -->","yoast_head_json":{"title":"Me Lancinet Sylla apr\u00e8s le passage de Dadis \u00e0 la barre: \u00abJ\u2019ai \u00e9t\u00e9 tout simplement d\u00e9\u00e7u de sa prestation\u00bb - UNIVERSNEWS224","robots":{"index":"index","follow":"follow","max-snippet":"max-snippet:-1","max-image-preview":"max-image-preview:large","max-video-preview":"max-video-preview:-1"},"canonical":"https:\/\/universnews224.com\/index.php\/me-lancinet-sylla-apres-le-passage-de-dadis-a-la-barre-jai-ete-tout-simplement-decu-de-sa-prestation\/","og_locale":"fr_FR","og_type":"article","og_title":"Me Lancinet Sylla apr\u00e8s le passage de Dadis \u00e0 la barre: \u00abJ\u2019ai \u00e9t\u00e9 tout simplement d\u00e9\u00e7u de sa prestation\u00bb - UNIVERSNEWS224","og_description":"Apr\u00e8s un mois pass\u00e9 devant le tribunal criminel de Dixinn d\u00e9localis\u00e9 \u00e0 la cour d\u2019appel","og_url":"https:\/\/universnews224.com\/index.php\/me-lancinet-sylla-apres-le-passage-de-dadis-a-la-barre-jai-ete-tout-simplement-decu-de-sa-prestation\/","og_site_name":"UNIVERSNEWS224","article_published_time":"2023-01-27T12:53:52+00:00","og_image":[{"width":700,"height":326,"url":"https:\/\/universnews224.com\/wp-content\/uploads\/2023\/01\/93B38E71-4D8A-4E8B-B0CD-8C72D8C0AC36.jpeg","type":"image\/jpeg"}],"author":"La R\u00e9daction","twitter_misc":{"\u00c9crit par":"La R\u00e9daction","Dur\u00e9e de lecture estim\u00e9e":"2 minutes"},"schema":{"@context":"https:\/\/schema.org","@graph":[{"@type":"Article","@id":"https:\/\/universnews224.com\/index.php\/me-lancinet-sylla-apres-le-passage-de-dadis-a-la-barre-jai-ete-tout-simplement-decu-de-sa-prestation\/#article","isPartOf":{"@id":"https:\/\/universnews224.com\/index.php\/me-lancinet-sylla-apres-le-passage-de-dadis-a-la-barre-jai-ete-tout-simplement-decu-de-sa-prestation\/"},"author":{"name":"La R\u00e9daction","@id":"https:\/\/universnews224.com\/#\/schema\/person\/a4b7d4f94a4716df60456a491260485e"},"headline":"Me Lancinet Sylla apr\u00e8s le passage de Dadis \u00e0 la barre: \u00abJ\u2019ai \u00e9t\u00e9 tout simplement d\u00e9\u00e7u de sa prestation\u00bb","datePublished":"2023-01-27T12:53:52+00:00","dateModified":"2023-01-27T12:53:52+00:00","mainEntityOfPage":{"@id":"https:\/\/universnews224.com\/index.php\/me-lancinet-sylla-apres-le-passage-de-dadis-a-la-barre-jai-ete-tout-simplement-decu-de-sa-prestation\/"},"wordCount":438,"publisher":{"@id":"https:\/\/universnews224.com\/#organization"},"keywords":["La une"],"articleSection":["ACTU","POLITIQUE"],"inLanguage":"fr-FR"},{"@type":"WebPage","@id":"https:\/\/universnews224.com\/index.php\/me-lancinet-sylla-apres-le-passage-de-dadis-a-la-barre-jai-ete-tout-simplement-decu-de-sa-prestation\/","url":"https:\/\/universnews224.com\/index.php\/me-lancinet-sylla-apres-le-passage-de-dadis-a-la-barre-jai-ete-tout-simplement-decu-de-sa-prestation\/","name":"Me Lancinet Sylla apr\u00e8s le passage de Dadis \u00e0 la barre: \u00abJ\u2019ai \u00e9t\u00e9 tout simplement d\u00e9\u00e7u de sa prestation\u00bb - UNIVERSNEWS224","isPartOf":{"@id":"https:\/\/universnews224.com\/#website"},"datePublished":"2023-01-27T12:53:52+00:00","dateModified":"2023-01-27T12:53:52+00:00","inLanguage":"fr-FR","potentialAction":[{"@type":"ReadAction","target":["https:\/\/universnews224.com\/index.php\/me-lancinet-sylla-apres-le-passage-de-dadis-a-la-barre-jai-ete-tout-simplement-decu-de-sa-prestation\/"]}]},{"@type":"WebSite","@id":"https:\/\/universnews224.com\/#website","url":"https:\/\/universnews224.com\/","name":"UNIVERSNEWS224","description":"","publisher":{"@id":"https:\/\/universnews224.com\/#organization"},"potentialAction":[{"@type":"SearchAction","target":{"@type":"EntryPoint","urlTemplate":"https:\/\/universnews224.com\/?s={search_term_string}"},"query-input":"required name=search_term_string"}],"inLanguage":"fr-FR"},{"@type":"Organization","@id":"https:\/\/universnews224.com\/#organization","name":"UNIVERSNEWS224","url":"https:\/\/universnews224.com\/","logo":{"@type":"ImageObject","inLanguage":"fr-FR","@id":"https:\/\/universnews224.com\/#\/schema\/logo\/image\/","url":"https:\/\/universnews224.com\/wp-content\/uploads\/2022\/08\/cropped-cropped-logoban.jpg","contentUrl":"https:\/\/universnews224.com\/wp-content\/uploads\/2022\/08\/cropped-cropped-logoban.jpg","width":1080,"height":138,"caption":"UNIVERSNEWS224"},"image":{"@id":"https:\/\/universnews224.com\/#\/schema\/logo\/image\/"}},{"@type":"Person","@id":"https:\/\/universnews224.com\/#\/schema\/person\/a4b7d4f94a4716df60456a491260485e","name":"La R\u00e9daction","image":{"@type":"ImageObject","inLanguage":"fr-FR","@id":"https:\/\/universnews224.com\/#\/schema\/person\/image\/","url":"https:\/\/secure.gravatar.com\/avatar\/edb90acc7752b23e1b3307ad36c14f0d?s=96&d=mm&r=g","contentUrl":"https:\/\/secure.gravatar.com\/avatar\/edb90acc7752b23e1b3307ad36c14f0d?s=96&d=mm&r=g","caption":"La R\u00e9daction"},"sameAs":["https:\/\/universnews224.com"],"url":"https:\/\/universnews224.com\/index.php\/author\/m-camara\/"}]}},"_links":{"self":[{"href":"https:\/\/universnews224.com\/index.php\/wp-json\/wp\/v2\/posts\/2848"}],"collection":[{"href":"https:\/\/universnews224.com\/index.php\/wp-json\/wp\/v2\/posts"}],"about":[{"href":"https:\/\/universnews224.com\/index.php\/wp-json\/wp\/v2\/types\/post"}],"author":[{"embeddable":true,"href":"https:\/\/universnews224.com\/index.php\/wp-json\/wp\/v2\/users\/2"}],"replies":[{"embeddable":true,"href":"https:\/\/universnews224.com\/index.php\/wp-json\/wp\/v2\/comments?post=2848"}],"version-history":[{"count":1,"href":"https:\/\/universnews224.com\/index.php\/wp-json\/wp\/v2\/posts\/2848\/revisions"}],"predecessor-version":[{"id":2850,"href":"https:\/\/universnews224.com\/index.php\/wp-json\/wp\/v2\/posts\/2848\/revisions\/2850"}],"wp:featuredmedia":[{"embeddable":true,"href":"https:\/\/universnews224.com\/index.php\/wp-json\/wp\/v2\/media\/2849"}],"wp:attachment":[{"href":"https:\/\/universnews224.com\/index.php\/wp-json\/wp\/v2\/media?parent=2848"}],"wp:term":[{"taxonomy":"category","embeddable":true,"href":"https:\/\/universnews224.com\/index.php\/wp-json\/wp\/v2\/categories?post=2848"},{"taxonomy":"post_tag","embeddable":true,"href":"https:\/\/universnews224.com\/index.php\/wp-json\/wp\/v2\/tags?post=2848"}],"curies":[{"name":"wp","href":"https:\/\/api.w.org\/{rel}","templated":true}]}}