{"id":2865,"date":"2023-01-29T16:43:24","date_gmt":"2023-01-29T15:43:24","guid":{"rendered":"https:\/\/universnews224.com\/?p=2865"},"modified":"2023-01-29T16:43:24","modified_gmt":"2023-01-29T15:43:24","slug":"nouvel-an-la-direction-generale-dalport-conakry-en-diner-gala-avec-ses-employes","status":"publish","type":"post","link":"https:\/\/universnews224.com\/index.php\/nouvel-an-la-direction-generale-dalport-conakry-en-diner-gala-avec-ses-employes\/","title":{"rendered":"Nouvel an : la Direction g\u00e9n\u00e9rale d\u2019Alport Conakry en d\u00eener gala avec ses employ\u00e9s."},"content":{"rendered":"<p><strong>Comme les ann\u00e9es pr\u00e9c\u00e9dentes,la Direction G\u00e9n\u00e9rale de la soci\u00e9t\u00e9 Alport-Conakry, filiale du groupe Albayrak a offert ce vendredi, 26 janvier 2023, \u00e0 l\u2019occasion du nouvel, un d\u00eena gala pour ses employ\u00e9s.\u00a0<\/strong><\/p>\n<p><strong>La c\u00e9r\u00e9monie de ce d\u00eena gala s\u2019est d\u00e9roul\u00e9e au chapiteau du palais du peuple de Conakry \u00a0et a connu \u00a0la prestation de plusieurs vedettes de la musique guin\u00e9enne. C\u2019\u00e9tait en pr\u00e9sence de plusieurs personnalit\u00e9s du pays, des travailleurs d\u2019Alport-Conakry et une forte d\u00e9l\u00e9gation malienne conduite par le ministre du D\u00e9veloppement Rural.<\/strong><\/p>\n<p>Une occasion que Mustapha Levent Agadi, Directeur g\u00e9n\u00e9ral d\u2019Aport-Conakry a mis \u00e0 profit pour formuler ses souhaits de r\u00e9ussite \u00e0 l\u2019ensemble des travailleurs pour cette nouvelle ann\u00e9e, avant de rappeler \u00a0les r\u00e9sultats obtenus par la soci\u00e9t\u00e9 Alport-Conakry durant l\u2019ann\u00e9e \u00e9coul\u00e9e.<br \/>\n<a href=\"https:\/\/universnews224.com\/wp-content\/uploads\/2023\/01\/5D8841CB-7063-4C73-843E-AC5CCF7CDD11.jpeg\"><img loading=\"lazy\" class=\"alignnone size-medium wp-image-2866\" src=\"https:\/\/universnews224.com\/wp-content\/uploads\/2023\/01\/5D8841CB-7063-4C73-843E-AC5CCF7CDD11-300x200.jpeg\" alt=\"\" width=\"300\" height=\"200\" srcset=\"https:\/\/universnews224.com\/wp-content\/uploads\/2023\/01\/5D8841CB-7063-4C73-843E-AC5CCF7CDD11-300x200.jpeg 300w, https:\/\/universnews224.com\/wp-content\/uploads\/2023\/01\/5D8841CB-7063-4C73-843E-AC5CCF7CDD11-1024x683.jpeg 1024w, https:\/\/universnews224.com\/wp-content\/uploads\/2023\/01\/5D8841CB-7063-4C73-843E-AC5CCF7CDD11-768x512.jpeg 768w, https:\/\/universnews224.com\/wp-content\/uploads\/2023\/01\/5D8841CB-7063-4C73-843E-AC5CCF7CDD11.jpeg 1080w\" sizes=\"(max-width: 300px) 100vw, 300px\" \/><\/a>I<\/p>\n<p>\u00abEn peu de temps, le Port de Conakry est devenu le Port le plus performant de la sous-r\u00e9gion. Ce n\u2019est pas nous qui le disons, c\u2019est la banque mondiale qui l\u2019a annonc\u00e9 tout r\u00e9cemment. Cette r\u00e9ussite, on la doit \u00e0 tous les \u00a0travailleurs et tous les partenaires d\u2019Alport-Conakry. Je suis heureux d\u2019\u00eatre parmi vous les travailleurs d\u2019Alport et on va continuer \u00e0 progresser dans ce sens\u00bb a t-il soulign\u00e9, invitant les travailleurs d\u2019Alport-Conakry \u00a0\u00e0 redoubler plus d\u2019efforts cette ann\u00e9e afin de maintenir le cap.<\/p>\n<p>\u00abVous souvenez de l\u2019ann\u00e9e derni\u00e8re, on avait pris des engagement.Vous avez demand\u00e9 de nous souvenir main dans la main et de travailler au maximum possible, avec le soutien du syndicat \u00a0et de tous les travailleurs du Port, \u00e7a on l\u2019a r\u00e9uni. \u00a0Par la gr\u00e2ce de Dieu. Cette ann\u00e9e, je vous demande la chose pour qu\u2019on puisse doubler la capacit\u00e9 du Port\u00bb, a t-il dit.<\/p>\n<p>Abordant dans le sens,Ousmane Savan\u00e9, Directeur g\u00e9n\u00e9ral Adjoint Alport-Conakry , a remerci\u00e9 l\u2019ensemble des travailleurs pour le travail abattu durant l\u2019ann\u00e9e 2022 avant de souligner que l\u2019ann\u00e9e 2022 a \u00e9t\u00e9 particuli\u00e8rement marqu\u00e9e par des \u00e9v\u00e9nements tr\u00e8s importants pour l\u2019histoire du Port de Conakry.<br \/>\n<a href=\"https:\/\/universnews224.com\/wp-content\/uploads\/2023\/01\/D16EEFF9-956F-4D92-BF41-930D1E95AD0B.jpeg\"><img loading=\"lazy\" class=\"alignnone size-medium wp-image-2867\" src=\"https:\/\/universnews224.com\/wp-content\/uploads\/2023\/01\/D16EEFF9-956F-4D92-BF41-930D1E95AD0B-300x200.jpeg\" alt=\"\" width=\"300\" height=\"200\" srcset=\"https:\/\/universnews224.com\/wp-content\/uploads\/2023\/01\/D16EEFF9-956F-4D92-BF41-930D1E95AD0B-300x200.jpeg 300w, https:\/\/universnews224.com\/wp-content\/uploads\/2023\/01\/D16EEFF9-956F-4D92-BF41-930D1E95AD0B-1024x683.jpeg 1024w, https:\/\/universnews224.com\/wp-content\/uploads\/2023\/01\/D16EEFF9-956F-4D92-BF41-930D1E95AD0B-768x512.jpeg 768w, https:\/\/universnews224.com\/wp-content\/uploads\/2023\/01\/D16EEFF9-956F-4D92-BF41-930D1E95AD0B.jpeg 1080w\" sizes=\"(max-width: 300px) 100vw, 300px\" \/><\/a><br \/>\n\u00abD\u2019abord le classement du Port de Conakry comme le premier port performant de la sous-r\u00e9gion. Ensuite, le d\u00e9clenchement de l\u2019exportation du coton Malien via le Port de Conakry apr\u00e8s 20 ans d\u2019interruption gr\u00e2ce au deux efforts conjugu\u00e9s des gouvernements Guin\u00e9en et Malien. Le Port de Conakry a acquis cette ann\u00e9e et pour la premi\u00e8re fois en Afrique de l\u2019Ouest, deux grilles de grandes capacit\u00e9s op\u00e9rable en tandem, t\u00e9l\u00e9guidable \u00e0 vitesse, permettant de faire du Port de Conakry, le Port le plus puissant en terme de levage des colis de gros lots. Cette 2022 a \u00e9t\u00e9 marqu\u00e9e aussi par l\u2019inauguration de la p\u00e9n\u00e9trante et la mise \u00e0 disposition des transporteurs maliens d\u2019un parking et d\u2019un auberge de 70 lits, \u00e9quip\u00e9 d\u2019une mosqu\u00e9e, des bureaux et une caf\u00e9t\u00e9ria\u00bb, a t-il indiqu\u00e9.<\/p>\n<p>Prenant part cette c\u00e9r\u00e9monie au nom<br \/>\ndu gouvernement Malien Modibo Ke\u00efta, ministre du D\u00e9veloppement Rural, \u00a0a salu\u00e9 les efforts fournis par la soci\u00e9t\u00e9 Alport-Conakry pour l\u2019expansion et la modernisation du Port de Conakry dans un laps de temps, avant d\u2019inviter les op\u00e9rateurs \u00e9conomiques maliens \u00e0 se tourner vers le Port de Conakry.<br \/>\n<a href=\"https:\/\/universnews224.com\/wp-content\/uploads\/2023\/01\/175ED511-7AFC-4C1B-94BF-73D31DF1ED99.jpeg\"><img loading=\"lazy\" class=\"alignnone size-medium wp-image-2868\" src=\"https:\/\/universnews224.com\/wp-content\/uploads\/2023\/01\/175ED511-7AFC-4C1B-94BF-73D31DF1ED99-300x200.jpeg\" alt=\"\" width=\"300\" height=\"200\" srcset=\"https:\/\/universnews224.com\/wp-content\/uploads\/2023\/01\/175ED511-7AFC-4C1B-94BF-73D31DF1ED99-300x200.jpeg 300w, https:\/\/universnews224.com\/wp-content\/uploads\/2023\/01\/175ED511-7AFC-4C1B-94BF-73D31DF1ED99-1024x683.jpeg 1024w, https:\/\/universnews224.com\/wp-content\/uploads\/2023\/01\/175ED511-7AFC-4C1B-94BF-73D31DF1ED99-768x512.jpeg 768w, https:\/\/universnews224.com\/wp-content\/uploads\/2023\/01\/175ED511-7AFC-4C1B-94BF-73D31DF1ED99.jpeg 1080w\" sizes=\"(max-width: 300px) 100vw, 300px\" \/><\/a><br \/>\n\u00abNous tenons \u00e0 remercier la Direction g\u00e9n\u00e9rale d\u2019Alport-Conakry pour les efforts qu\u2019elle a fourni. Parce que quand je venais ici avant d\u2019\u00eatre ministre, j\u2019ai vu le Port de Conakry. \u00a0\u00a0Et quelques ann\u00e9es apr\u00e8s, on vient de me dire que le Port de Conakry est le port le plus performant de la sous-r\u00e9gion, c\u2019est une v\u00e9ritable prouesse de la part d\u2019Alport qu\u2019il faut saluer. C\u2019est pourquoi, nous demandons \u00e0 tous les op\u00e9rateurs \u00e9conomiques maliens qui accompagnent pour que tout soit mis en \u0153uvre pour qu\u2019une part substantielle du transit malien passe par le Port de Conakry. Car, ce Port a toujours d\u00e9montr\u00e9 que c\u2019est le naturel du Mali\u00bb, a t-il d\u00e9clar\u00e9.<\/p>\n<p>Prenant la parole, au nom du ministre des Transports et des Infrastructures, le secr\u00e9taire g\u00e9n\u00e9ral dudit minist\u00e8re s\u2019est r\u00e9joui des r\u00e9sultats obtenus par la soci\u00e9t\u00e9 Alport depuis son arriv\u00e9e au Port de Conakry.<\/p>\n<p>\u00abLe minist\u00e8re des Transports se r\u00e9jouit des investissements majeurs consentis par les concessionnaires portuaires en particulier Alport-Conakry \u00e0 travers des r\u00e9sultats tangibles. On peut citer entre autres: la r\u00e9habilitation et \u00a0la reconstruction des quais et l\u2019\u00e9clairage public du Port, la finalisation des travaux de la p\u00e9n\u00e9trante routi\u00e8re et le parking de stationnement qui d\u00e9sengorge le centre administratif de la ville etc. Ces investissements \u00e0 fort potentiel positionne \u00e0 coup s\u00fbr le Port de Conakry dans les pelotons des Ports comp\u00e9titifs de la sous-r\u00e9gion\u00bb, a t-il martel\u00e9.<br \/>\n<a href=\"https:\/\/universnews224.com\/wp-content\/uploads\/2023\/01\/BFA22F2D-2026-4A23-B53A-3B668B23D070.jpeg\"><img loading=\"lazy\" class=\"alignnone size-medium wp-image-2869\" src=\"https:\/\/universnews224.com\/wp-content\/uploads\/2023\/01\/BFA22F2D-2026-4A23-B53A-3B668B23D070-300x200.jpeg\" alt=\"\" width=\"300\" height=\"200\" srcset=\"https:\/\/universnews224.com\/wp-content\/uploads\/2023\/01\/BFA22F2D-2026-4A23-B53A-3B668B23D070-300x200.jpeg 300w, https:\/\/universnews224.com\/wp-content\/uploads\/2023\/01\/BFA22F2D-2026-4A23-B53A-3B668B23D070-1024x683.jpeg 1024w, https:\/\/universnews224.com\/wp-content\/uploads\/2023\/01\/BFA22F2D-2026-4A23-B53A-3B668B23D070-768x512.jpeg 768w, https:\/\/universnews224.com\/wp-content\/uploads\/2023\/01\/BFA22F2D-2026-4A23-B53A-3B668B23D070.jpeg 1080w\" sizes=\"(max-width: 300px) 100vw, 300px\" \/><\/a><br \/>\nPar ailleurs, il faut noter que cette c\u00e9r\u00e9monie a pris fin par la remise des satisf\u00e9cits aux meilleurs travailleurs qui se sont distingu\u00e9s durant l\u2019ann\u00e9e \u00e9coul\u00e9e. Et le tirage au sort qui a permis \u00e0 cinq travailleurs de la soci\u00e9t\u00e9 Alport-Conakry de b\u00e9n\u00e9ficier pour bourse pour aller se former en Turquie.<\/p>\n<p>Sana Sylla<\/p>\n","protected":false},"excerpt":{"rendered":"<p>Comme les ann\u00e9es pr\u00e9c\u00e9dentes,la Direction G\u00e9n\u00e9rale de la soci\u00e9t\u00e9 Alport-Conakry, filiale du groupe Albayrak a<\/p>\n","protected":false},"author":2,"featured_media":2870,"comment_status":"closed","ping_status":"open","sticky":false,"template":"","format":"standard","meta":[],"categories":[3,17],"tags":[229],"yoast_head":"<!-- This site is optimized with the Yoast SEO plugin v19.13 - https:\/\/yoast.com\/wordpress\/plugins\/seo\/ -->\n<title>Nouvel an : la Direction g\u00e9n\u00e9rale d\u2019Alport Conakry en d\u00eener gala avec ses employ\u00e9s. - UNIVERSNEWS224<\/title>\n<meta name=\"robots\" content=\"index, follow, max-snippet:-1, max-image-preview:large, max-video-preview:-1\" \/>\n<link rel=\"canonical\" href=\"https:\/\/universnews224.com\/index.php\/nouvel-an-la-direction-generale-dalport-conakry-en-diner-gala-avec-ses-employes\/\" \/>\n<meta property=\"og:locale\" content=\"fr_FR\" \/>\n<meta property=\"og:type\" content=\"article\" \/>\n<meta property=\"og:title\" content=\"Nouvel an : la Direction g\u00e9n\u00e9rale d\u2019Alport Conakry en d\u00eener gala avec ses employ\u00e9s. - UNIVERSNEWS224\" \/>\n<meta property=\"og:description\" content=\"Comme les ann\u00e9es pr\u00e9c\u00e9dentes,la Direction G\u00e9n\u00e9rale de la soci\u00e9t\u00e9 Alport-Conakry, filiale du groupe Albayrak a\" \/>\n<meta property=\"og:url\" content=\"https:\/\/universnews224.com\/index.php\/nouvel-an-la-direction-generale-dalport-conakry-en-diner-gala-avec-ses-employes\/\" \/>\n<meta property=\"og:site_name\" content=\"UNIVERSNEWS224\" \/>\n<meta property=\"article:published_time\" content=\"2023-01-29T15:43:24+00:00\" \/>\n<meta property=\"og:image\" content=\"https:\/\/universnews224.com\/wp-content\/uploads\/2023\/01\/04B5C452-B6CD-488E-BF57-FC40FBB2FD7D.jpeg\" \/>\n\t<meta property=\"og:image:width\" content=\"1080\" \/>\n\t<meta property=\"og:image:height\" content=\"720\" \/>\n\t<meta property=\"og:image:type\" content=\"image\/jpeg\" \/>\n<meta name=\"author\" content=\"La R\u00e9daction\" \/>\n<meta name=\"twitter:label1\" content=\"\u00c9crit par\" \/>\n\t<meta name=\"twitter:data1\" content=\"La R\u00e9daction\" \/>\n\t<meta name=\"twitter:label2\" content=\"Dur\u00e9e de lecture estim\u00e9e\" \/>\n\t<meta name=\"twitter:data2\" content=\"5 minutes\" \/>\n<script type=\"application\/ld+json\" class=\"yoast-schema-graph\">{\"@context\":\"https:\/\/schema.org\",\"@graph\":[{\"@type\":\"Article\",\"@id\":\"https:\/\/universnews224.com\/index.php\/nouvel-an-la-direction-generale-dalport-conakry-en-diner-gala-avec-ses-employes\/#article\",\"isPartOf\":{\"@id\":\"https:\/\/universnews224.com\/index.php\/nouvel-an-la-direction-generale-dalport-conakry-en-diner-gala-avec-ses-employes\/\"},\"author\":{\"name\":\"La R\u00e9daction\",\"@id\":\"https:\/\/universnews224.com\/#\/schema\/person\/a4b7d4f94a4716df60456a491260485e\"},\"headline\":\"Nouvel an : la Direction g\u00e9n\u00e9rale d\u2019Alport Conakry en d\u00eener gala avec ses employ\u00e9s.\",\"datePublished\":\"2023-01-29T15:43:24+00:00\",\"dateModified\":\"2023-01-29T15:43:24+00:00\",\"mainEntityOfPage\":{\"@id\":\"https:\/\/universnews224.com\/index.php\/nouvel-an-la-direction-generale-dalport-conakry-en-diner-gala-avec-ses-employes\/\"},\"wordCount\":925,\"publisher\":{\"@id\":\"https:\/\/universnews224.com\/#organization\"},\"keywords\":[\"La une\"],\"articleSection\":[\"ACTU\",\"GRANDS DOSSIERS\"],\"inLanguage\":\"fr-FR\"},{\"@type\":\"WebPage\",\"@id\":\"https:\/\/universnews224.com\/index.php\/nouvel-an-la-direction-generale-dalport-conakry-en-diner-gala-avec-ses-employes\/\",\"url\":\"https:\/\/universnews224.com\/index.php\/nouvel-an-la-direction-generale-dalport-conakry-en-diner-gala-avec-ses-employes\/\",\"name\":\"Nouvel an : la Direction g\u00e9n\u00e9rale d\u2019Alport Conakry en d\u00eener gala avec ses employ\u00e9s. - UNIVERSNEWS224\",\"isPartOf\":{\"@id\":\"https:\/\/universnews224.com\/#website\"},\"datePublished\":\"2023-01-29T15:43:24+00:00\",\"dateModified\":\"2023-01-29T15:43:24+00:00\",\"inLanguage\":\"fr-FR\",\"potentialAction\":[{\"@type\":\"ReadAction\",\"target\":[\"https:\/\/universnews224.com\/index.php\/nouvel-an-la-direction-generale-dalport-conakry-en-diner-gala-avec-ses-employes\/\"]}]},{\"@type\":\"WebSite\",\"@id\":\"https:\/\/universnews224.com\/#website\",\"url\":\"https:\/\/universnews224.com\/\",\"name\":\"UNIVERSNEWS224\",\"description\":\"\",\"publisher\":{\"@id\":\"https:\/\/universnews224.com\/#organization\"},\"potentialAction\":[{\"@type\":\"SearchAction\",\"target\":{\"@type\":\"EntryPoint\",\"urlTemplate\":\"https:\/\/universnews224.com\/?s={search_term_string}\"},\"query-input\":\"required name=search_term_string\"}],\"inLanguage\":\"fr-FR\"},{\"@type\":\"Organization\",\"@id\":\"https:\/\/universnews224.com\/#organization\",\"name\":\"UNIVERSNEWS224\",\"url\":\"https:\/\/universnews224.com\/\",\"logo\":{\"@type\":\"ImageObject\",\"inLanguage\":\"fr-FR\",\"@id\":\"https:\/\/universnews224.com\/#\/schema\/logo\/image\/\",\"url\":\"https:\/\/universnews224.com\/wp-content\/uploads\/2022\/08\/cropped-cropped-logoban.jpg\",\"contentUrl\":\"https:\/\/universnews224.com\/wp-content\/uploads\/2022\/08\/cropped-cropped-logoban.jpg\",\"width\":1080,\"height\":138,\"caption\":\"UNIVERSNEWS224\"},\"image\":{\"@id\":\"https:\/\/universnews224.com\/#\/schema\/logo\/image\/\"}},{\"@type\":\"Person\",\"@id\":\"https:\/\/universnews224.com\/#\/schema\/person\/a4b7d4f94a4716df60456a491260485e\",\"name\":\"La R\u00e9daction\",\"image\":{\"@type\":\"ImageObject\",\"inLanguage\":\"fr-FR\",\"@id\":\"https:\/\/universnews224.com\/#\/schema\/person\/image\/\",\"url\":\"https:\/\/secure.gravatar.com\/avatar\/edb90acc7752b23e1b3307ad36c14f0d?s=96&d=mm&r=g\",\"contentUrl\":\"https:\/\/secure.gravatar.com\/avatar\/edb90acc7752b23e1b3307ad36c14f0d?s=96&d=mm&r=g\",\"caption\":\"La R\u00e9daction\"},\"sameAs\":[\"https:\/\/universnews224.com\"],\"url\":\"https:\/\/universnews224.com\/index.php\/author\/m-camara\/\"}]}<\/script>\n<!-- \/ Yoast SEO plugin. -->","yoast_head_json":{"title":"Nouvel an : la Direction g\u00e9n\u00e9rale d\u2019Alport Conakry en d\u00eener gala avec ses employ\u00e9s. - UNIVERSNEWS224","robots":{"index":"index","follow":"follow","max-snippet":"max-snippet:-1","max-image-preview":"max-image-preview:large","max-video-preview":"max-video-preview:-1"},"canonical":"https:\/\/universnews224.com\/index.php\/nouvel-an-la-direction-generale-dalport-conakry-en-diner-gala-avec-ses-employes\/","og_locale":"fr_FR","og_type":"article","og_title":"Nouvel an : la Direction g\u00e9n\u00e9rale d\u2019Alport Conakry en d\u00eener gala avec ses employ\u00e9s. - UNIVERSNEWS224","og_description":"Comme les ann\u00e9es pr\u00e9c\u00e9dentes,la Direction G\u00e9n\u00e9rale de la soci\u00e9t\u00e9 Alport-Conakry, filiale du groupe Albayrak a","og_url":"https:\/\/universnews224.com\/index.php\/nouvel-an-la-direction-generale-dalport-conakry-en-diner-gala-avec-ses-employes\/","og_site_name":"UNIVERSNEWS224","article_published_time":"2023-01-29T15:43:24+00:00","og_image":[{"width":1080,"height":720,"url":"https:\/\/universnews224.com\/wp-content\/uploads\/2023\/01\/04B5C452-B6CD-488E-BF57-FC40FBB2FD7D.jpeg","type":"image\/jpeg"}],"author":"La R\u00e9daction","twitter_misc":{"\u00c9crit par":"La R\u00e9daction","Dur\u00e9e de lecture estim\u00e9e":"5 minutes"},"schema":{"@context":"https:\/\/schema.org","@graph":[{"@type":"Article","@id":"https:\/\/universnews224.com\/index.php\/nouvel-an-la-direction-generale-dalport-conakry-en-diner-gala-avec-ses-employes\/#article","isPartOf":{"@id":"https:\/\/universnews224.com\/index.php\/nouvel-an-la-direction-generale-dalport-conakry-en-diner-gala-avec-ses-employes\/"},"author":{"name":"La R\u00e9daction","@id":"https:\/\/universnews224.com\/#\/schema\/person\/a4b7d4f94a4716df60456a491260485e"},"headline":"Nouvel an : la Direction g\u00e9n\u00e9rale d\u2019Alport Conakry en d\u00eener gala avec ses employ\u00e9s.","datePublished":"2023-01-29T15:43:24+00:00","dateModified":"2023-01-29T15:43:24+00:00","mainEntityOfPage":{"@id":"https:\/\/universnews224.com\/index.php\/nouvel-an-la-direction-generale-dalport-conakry-en-diner-gala-avec-ses-employes\/"},"wordCount":925,"publisher":{"@id":"https:\/\/universnews224.com\/#organization"},"keywords":["La une"],"articleSection":["ACTU","GRANDS DOSSIERS"],"inLanguage":"fr-FR"},{"@type":"WebPage","@id":"https:\/\/universnews224.com\/index.php\/nouvel-an-la-direction-generale-dalport-conakry-en-diner-gala-avec-ses-employes\/","url":"https:\/\/universnews224.com\/index.php\/nouvel-an-la-direction-generale-dalport-conakry-en-diner-gala-avec-ses-employes\/","name":"Nouvel an : la Direction g\u00e9n\u00e9rale d\u2019Alport Conakry en d\u00eener gala avec ses employ\u00e9s. - UNIVERSNEWS224","isPartOf":{"@id":"https:\/\/universnews224.com\/#website"},"datePublished":"2023-01-29T15:43:24+00:00","dateModified":"2023-01-29T15:43:24+00:00","inLanguage":"fr-FR","potentialAction":[{"@type":"ReadAction","target":["https:\/\/universnews224.com\/index.php\/nouvel-an-la-direction-generale-dalport-conakry-en-diner-gala-avec-ses-employes\/"]}]},{"@type":"WebSite","@id":"https:\/\/universnews224.com\/#website","url":"https:\/\/universnews224.com\/","name":"UNIVERSNEWS224","description":"","publisher":{"@id":"https:\/\/universnews224.com\/#organization"},"potentialAction":[{"@type":"SearchAction","target":{"@type":"EntryPoint","urlTemplate":"https:\/\/universnews224.com\/?s={search_term_string}"},"query-input":"required name=search_term_string"}],"inLanguage":"fr-FR"},{"@type":"Organization","@id":"https:\/\/universnews224.com\/#organization","name":"UNIVERSNEWS224","url":"https:\/\/universnews224.com\/","logo":{"@type":"ImageObject","inLanguage":"fr-FR","@id":"https:\/\/universnews224.com\/#\/schema\/logo\/image\/","url":"https:\/\/universnews224.com\/wp-content\/uploads\/2022\/08\/cropped-cropped-logoban.jpg","contentUrl":"https:\/\/universnews224.com\/wp-content\/uploads\/2022\/08\/cropped-cropped-logoban.jpg","width":1080,"height":138,"caption":"UNIVERSNEWS224"},"image":{"@id":"https:\/\/universnews224.com\/#\/schema\/logo\/image\/"}},{"@type":"Person","@id":"https:\/\/universnews224.com\/#\/schema\/person\/a4b7d4f94a4716df60456a491260485e","name":"La R\u00e9daction","image":{"@type":"ImageObject","inLanguage":"fr-FR","@id":"https:\/\/universnews224.com\/#\/schema\/person\/image\/","url":"https:\/\/secure.gravatar.com\/avatar\/edb90acc7752b23e1b3307ad36c14f0d?s=96&d=mm&r=g","contentUrl":"https:\/\/secure.gravatar.com\/avatar\/edb90acc7752b23e1b3307ad36c14f0d?s=96&d=mm&r=g","caption":"La R\u00e9daction"},"sameAs":["https:\/\/universnews224.com"],"url":"https:\/\/universnews224.com\/index.php\/author\/m-camara\/"}]}},"_links":{"self":[{"href":"https:\/\/universnews224.com\/index.php\/wp-json\/wp\/v2\/posts\/2865"}],"collection":[{"href":"https:\/\/universnews224.com\/index.php\/wp-json\/wp\/v2\/posts"}],"about":[{"href":"https:\/\/universnews224.com\/index.php\/wp-json\/wp\/v2\/types\/post"}],"author":[{"embeddable":true,"href":"https:\/\/universnews224.com\/index.php\/wp-json\/wp\/v2\/users\/2"}],"replies":[{"embeddable":true,"href":"https:\/\/universnews224.com\/index.php\/wp-json\/wp\/v2\/comments?post=2865"}],"version-history":[{"count":1,"href":"https:\/\/universnews224.com\/index.php\/wp-json\/wp\/v2\/posts\/2865\/revisions"}],"predecessor-version":[{"id":2871,"href":"https:\/\/universnews224.com\/index.php\/wp-json\/wp\/v2\/posts\/2865\/revisions\/2871"}],"wp:featuredmedia":[{"embeddable":true,"href":"https:\/\/universnews224.com\/index.php\/wp-json\/wp\/v2\/media\/2870"}],"wp:attachment":[{"href":"https:\/\/universnews224.com\/index.php\/wp-json\/wp\/v2\/media?parent=2865"}],"wp:term":[{"taxonomy":"category","embeddable":true,"href":"https:\/\/universnews224.com\/index.php\/wp-json\/wp\/v2\/categories?post=2865"},{"taxonomy":"post_tag","embeddable":true,"href":"https:\/\/universnews224.com\/index.php\/wp-json\/wp\/v2\/tags?post=2865"}],"curies":[{"name":"wp","href":"https:\/\/api.w.org\/{rel}","templated":true}]}}