{"id":2877,"date":"2023-01-30T22:01:36","date_gmt":"2023-01-30T21:01:36","guid":{"rendered":"https:\/\/universnews224.com\/?p=2877"},"modified":"2023-01-30T22:01:36","modified_gmt":"2023-01-30T21:01:36","slug":"le-sppg-obtient-2-places-au-conseil-dadministration-de-la-maison-de-la-presse","status":"publish","type":"post","link":"https:\/\/universnews224.com\/index.php\/le-sppg-obtient-2-places-au-conseil-dadministration-de-la-maison-de-la-presse\/","title":{"rendered":"Le SPPG obtient 2 places au conseil d\u2019administration de la maison de la presse"},"content":{"rendered":"<p>\u00c9lus le 14 janvier dernier pour un mandat de 3 ans, les membres du conseil d\u2019administration de la maison de la presse de Guin\u00e9e ont officiellement pris fonction ce week-end lors d\u2019une c\u00e9r\u00e9monie pr\u00e9sid\u00e9e par le pr\u00e9sident de la HAC(haute autorit\u00e9 de la communication).<\/p>\n<p>Le syndicat des professionnels de la presse de Guin\u00e9e qui a sign\u00e9 cette ann\u00e9e son entr\u00e9e au CA y est repr\u00e9sent\u00e9 par le G\u00e9n\u00e9ral Pendessa et le camarade Abdoulaye Ciss\u00e9, devenant ainsi la 3e organisation ayant le plus grand nombre de repr\u00e9sentants \u00e0 la MDP derri\u00e8re l\u2019URTELGUI(3) et l\u2019AGEPI(3).<\/p>\n<p>En plus de ce nombre, le SPPG se r\u00e9jouit du poste qu\u2019occupe son Secr\u00e9taire G\u00e9n\u00e9ral, S\u00e9kou Jamal PENDESSA qui est membre du bureau ex\u00e9cutif du CA et coordinateur des maisons de la presse r\u00e9gionales de la Haute Guin\u00e9e et de la Guin\u00e9e Foresti\u00e8re.<\/p>\n<div class=\"jeg_ad jeg_ad_article jnews_content_inline_3_ads  \">\n<div class=\"ads-wrapper align-center \"><\/div>\n<\/div>\n<h1>Vive le SPPG!<\/h1>\n<h1>La lutte continue!<\/h1>\n<h1>Service communication du SPPG<\/h1>\n","protected":false},"excerpt":{"rendered":"<p>\u00c9lus le 14 janvier dernier pour un mandat de 3 ans, les membres du conseil<\/p>\n","protected":false},"author":2,"featured_media":2878,"comment_status":"closed","ping_status":"open","sticky":false,"template":"","format":"standard","meta":[],"categories":[3,4],"tags":[229],"yoast_head":"<!-- This site is optimized with the Yoast SEO plugin v19.13 - https:\/\/yoast.com\/wordpress\/plugins\/seo\/ -->\n<title>Le SPPG obtient 2 places au conseil d\u2019administration de la maison de la presse - UNIVERSNEWS224<\/title>\n<meta name=\"robots\" content=\"index, follow, max-snippet:-1, max-image-preview:large, max-video-preview:-1\" \/>\n<link rel=\"canonical\" href=\"https:\/\/universnews224.com\/index.php\/le-sppg-obtient-2-places-au-conseil-dadministration-de-la-maison-de-la-presse\/\" \/>\n<meta property=\"og:locale\" content=\"fr_FR\" \/>\n<meta property=\"og:type\" content=\"article\" \/>\n<meta property=\"og:title\" content=\"Le SPPG obtient 2 places au conseil d\u2019administration de la maison de la presse - UNIVERSNEWS224\" \/>\n<meta property=\"og:description\" content=\"\u00c9lus le 14 janvier dernier pour un mandat de 3 ans, les membres du conseil\" \/>\n<meta property=\"og:url\" content=\"https:\/\/universnews224.com\/index.php\/le-sppg-obtient-2-places-au-conseil-dadministration-de-la-maison-de-la-presse\/\" \/>\n<meta property=\"og:site_name\" content=\"UNIVERSNEWS224\" \/>\n<meta property=\"article:published_time\" content=\"2023-01-30T21:01:36+00:00\" \/>\n<meta property=\"og:image\" content=\"https:\/\/universnews224.com\/wp-content\/uploads\/2023\/01\/5514C4AB-970E-4E55-8991-1D031878CA3B.jpeg\" \/>\n\t<meta property=\"og:image:width\" content=\"1024\" \/>\n\t<meta property=\"og:image:height\" content=\"768\" \/>\n\t<meta property=\"og:image:type\" content=\"image\/jpeg\" \/>\n<meta name=\"author\" content=\"La R\u00e9daction\" \/>\n<meta name=\"twitter:label1\" content=\"\u00c9crit par\" \/>\n\t<meta name=\"twitter:data1\" content=\"La R\u00e9daction\" \/>\n\t<meta name=\"twitter:label2\" content=\"Dur\u00e9e de lecture estim\u00e9e\" \/>\n\t<meta name=\"twitter:data2\" content=\"1 minute\" \/>\n<script type=\"application\/ld+json\" class=\"yoast-schema-graph\">{\"@context\":\"https:\/\/schema.org\",\"@graph\":[{\"@type\":\"Article\",\"@id\":\"https:\/\/universnews224.com\/index.php\/le-sppg-obtient-2-places-au-conseil-dadministration-de-la-maison-de-la-presse\/#article\",\"isPartOf\":{\"@id\":\"https:\/\/universnews224.com\/index.php\/le-sppg-obtient-2-places-au-conseil-dadministration-de-la-maison-de-la-presse\/\"},\"author\":{\"name\":\"La R\u00e9daction\",\"@id\":\"https:\/\/universnews224.com\/#\/schema\/person\/a4b7d4f94a4716df60456a491260485e\"},\"headline\":\"Le SPPG obtient 2 places au conseil d\u2019administration de la maison de la presse\",\"datePublished\":\"2023-01-30T21:01:36+00:00\",\"dateModified\":\"2023-01-30T21:01:36+00:00\",\"mainEntityOfPage\":{\"@id\":\"https:\/\/universnews224.com\/index.php\/le-sppg-obtient-2-places-au-conseil-dadministration-de-la-maison-de-la-presse\/\"},\"wordCount\":187,\"publisher\":{\"@id\":\"https:\/\/universnews224.com\/#organization\"},\"keywords\":[\"La une\"],\"articleSection\":[\"ACTU\",\"POLITIQUE\"],\"inLanguage\":\"fr-FR\"},{\"@type\":\"WebPage\",\"@id\":\"https:\/\/universnews224.com\/index.php\/le-sppg-obtient-2-places-au-conseil-dadministration-de-la-maison-de-la-presse\/\",\"url\":\"https:\/\/universnews224.com\/index.php\/le-sppg-obtient-2-places-au-conseil-dadministration-de-la-maison-de-la-presse\/\",\"name\":\"Le SPPG obtient 2 places au conseil d\u2019administration de la maison de la presse - UNIVERSNEWS224\",\"isPartOf\":{\"@id\":\"https:\/\/universnews224.com\/#website\"},\"datePublished\":\"2023-01-30T21:01:36+00:00\",\"dateModified\":\"2023-01-30T21:01:36+00:00\",\"inLanguage\":\"fr-FR\",\"potentialAction\":[{\"@type\":\"ReadAction\",\"target\":[\"https:\/\/universnews224.com\/index.php\/le-sppg-obtient-2-places-au-conseil-dadministration-de-la-maison-de-la-presse\/\"]}]},{\"@type\":\"WebSite\",\"@id\":\"https:\/\/universnews224.com\/#website\",\"url\":\"https:\/\/universnews224.com\/\",\"name\":\"UNIVERSNEWS224\",\"description\":\"\",\"publisher\":{\"@id\":\"https:\/\/universnews224.com\/#organization\"},\"potentialAction\":[{\"@type\":\"SearchAction\",\"target\":{\"@type\":\"EntryPoint\",\"urlTemplate\":\"https:\/\/universnews224.com\/?s={search_term_string}\"},\"query-input\":\"required name=search_term_string\"}],\"inLanguage\":\"fr-FR\"},{\"@type\":\"Organization\",\"@id\":\"https:\/\/universnews224.com\/#organization\",\"name\":\"UNIVERSNEWS224\",\"url\":\"https:\/\/universnews224.com\/\",\"logo\":{\"@type\":\"ImageObject\",\"inLanguage\":\"fr-FR\",\"@id\":\"https:\/\/universnews224.com\/#\/schema\/logo\/image\/\",\"url\":\"https:\/\/universnews224.com\/wp-content\/uploads\/2022\/08\/cropped-cropped-logoban.jpg\",\"contentUrl\":\"https:\/\/universnews224.com\/wp-content\/uploads\/2022\/08\/cropped-cropped-logoban.jpg\",\"width\":1080,\"height\":138,\"caption\":\"UNIVERSNEWS224\"},\"image\":{\"@id\":\"https:\/\/universnews224.com\/#\/schema\/logo\/image\/\"}},{\"@type\":\"Person\",\"@id\":\"https:\/\/universnews224.com\/#\/schema\/person\/a4b7d4f94a4716df60456a491260485e\",\"name\":\"La R\u00e9daction\",\"image\":{\"@type\":\"ImageObject\",\"inLanguage\":\"fr-FR\",\"@id\":\"https:\/\/universnews224.com\/#\/schema\/person\/image\/\",\"url\":\"https:\/\/secure.gravatar.com\/avatar\/edb90acc7752b23e1b3307ad36c14f0d?s=96&d=mm&r=g\",\"contentUrl\":\"https:\/\/secure.gravatar.com\/avatar\/edb90acc7752b23e1b3307ad36c14f0d?s=96&d=mm&r=g\",\"caption\":\"La R\u00e9daction\"},\"sameAs\":[\"https:\/\/universnews224.com\"],\"url\":\"https:\/\/universnews224.com\/index.php\/author\/m-camara\/\"}]}<\/script>\n<!-- \/ Yoast SEO plugin. -->","yoast_head_json":{"title":"Le SPPG obtient 2 places au conseil d\u2019administration de la maison de la presse - UNIVERSNEWS224","robots":{"index":"index","follow":"follow","max-snippet":"max-snippet:-1","max-image-preview":"max-image-preview:large","max-video-preview":"max-video-preview:-1"},"canonical":"https:\/\/universnews224.com\/index.php\/le-sppg-obtient-2-places-au-conseil-dadministration-de-la-maison-de-la-presse\/","og_locale":"fr_FR","og_type":"article","og_title":"Le SPPG obtient 2 places au conseil d\u2019administration de la maison de la presse - UNIVERSNEWS224","og_description":"\u00c9lus le 14 janvier dernier pour un mandat de 3 ans, les membres du conseil","og_url":"https:\/\/universnews224.com\/index.php\/le-sppg-obtient-2-places-au-conseil-dadministration-de-la-maison-de-la-presse\/","og_site_name":"UNIVERSNEWS224","article_published_time":"2023-01-30T21:01:36+00:00","og_image":[{"width":1024,"height":768,"url":"https:\/\/universnews224.com\/wp-content\/uploads\/2023\/01\/5514C4AB-970E-4E55-8991-1D031878CA3B.jpeg","type":"image\/jpeg"}],"author":"La R\u00e9daction","twitter_misc":{"\u00c9crit par":"La R\u00e9daction","Dur\u00e9e de lecture estim\u00e9e":"1 minute"},"schema":{"@context":"https:\/\/schema.org","@graph":[{"@type":"Article","@id":"https:\/\/universnews224.com\/index.php\/le-sppg-obtient-2-places-au-conseil-dadministration-de-la-maison-de-la-presse\/#article","isPartOf":{"@id":"https:\/\/universnews224.com\/index.php\/le-sppg-obtient-2-places-au-conseil-dadministration-de-la-maison-de-la-presse\/"},"author":{"name":"La R\u00e9daction","@id":"https:\/\/universnews224.com\/#\/schema\/person\/a4b7d4f94a4716df60456a491260485e"},"headline":"Le SPPG obtient 2 places au conseil d\u2019administration de la maison de la presse","datePublished":"2023-01-30T21:01:36+00:00","dateModified":"2023-01-30T21:01:36+00:00","mainEntityOfPage":{"@id":"https:\/\/universnews224.com\/index.php\/le-sppg-obtient-2-places-au-conseil-dadministration-de-la-maison-de-la-presse\/"},"wordCount":187,"publisher":{"@id":"https:\/\/universnews224.com\/#organization"},"keywords":["La une"],"articleSection":["ACTU","POLITIQUE"],"inLanguage":"fr-FR"},{"@type":"WebPage","@id":"https:\/\/universnews224.com\/index.php\/le-sppg-obtient-2-places-au-conseil-dadministration-de-la-maison-de-la-presse\/","url":"https:\/\/universnews224.com\/index.php\/le-sppg-obtient-2-places-au-conseil-dadministration-de-la-maison-de-la-presse\/","name":"Le SPPG obtient 2 places au conseil d\u2019administration de la maison de la presse - UNIVERSNEWS224","isPartOf":{"@id":"https:\/\/universnews224.com\/#website"},"datePublished":"2023-01-30T21:01:36+00:00","dateModified":"2023-01-30T21:01:36+00:00","inLanguage":"fr-FR","potentialAction":[{"@type":"ReadAction","target":["https:\/\/universnews224.com\/index.php\/le-sppg-obtient-2-places-au-conseil-dadministration-de-la-maison-de-la-presse\/"]}]},{"@type":"WebSite","@id":"https:\/\/universnews224.com\/#website","url":"https:\/\/universnews224.com\/","name":"UNIVERSNEWS224","description":"","publisher":{"@id":"https:\/\/universnews224.com\/#organization"},"potentialAction":[{"@type":"SearchAction","target":{"@type":"EntryPoint","urlTemplate":"https:\/\/universnews224.com\/?s={search_term_string}"},"query-input":"required name=search_term_string"}],"inLanguage":"fr-FR"},{"@type":"Organization","@id":"https:\/\/universnews224.com\/#organization","name":"UNIVERSNEWS224","url":"https:\/\/universnews224.com\/","logo":{"@type":"ImageObject","inLanguage":"fr-FR","@id":"https:\/\/universnews224.com\/#\/schema\/logo\/image\/","url":"https:\/\/universnews224.com\/wp-content\/uploads\/2022\/08\/cropped-cropped-logoban.jpg","contentUrl":"https:\/\/universnews224.com\/wp-content\/uploads\/2022\/08\/cropped-cropped-logoban.jpg","width":1080,"height":138,"caption":"UNIVERSNEWS224"},"image":{"@id":"https:\/\/universnews224.com\/#\/schema\/logo\/image\/"}},{"@type":"Person","@id":"https:\/\/universnews224.com\/#\/schema\/person\/a4b7d4f94a4716df60456a491260485e","name":"La R\u00e9daction","image":{"@type":"ImageObject","inLanguage":"fr-FR","@id":"https:\/\/universnews224.com\/#\/schema\/person\/image\/","url":"https:\/\/secure.gravatar.com\/avatar\/edb90acc7752b23e1b3307ad36c14f0d?s=96&d=mm&r=g","contentUrl":"https:\/\/secure.gravatar.com\/avatar\/edb90acc7752b23e1b3307ad36c14f0d?s=96&d=mm&r=g","caption":"La R\u00e9daction"},"sameAs":["https:\/\/universnews224.com"],"url":"https:\/\/universnews224.com\/index.php\/author\/m-camara\/"}]}},"_links":{"self":[{"href":"https:\/\/universnews224.com\/index.php\/wp-json\/wp\/v2\/posts\/2877"}],"collection":[{"href":"https:\/\/universnews224.com\/index.php\/wp-json\/wp\/v2\/posts"}],"about":[{"href":"https:\/\/universnews224.com\/index.php\/wp-json\/wp\/v2\/types\/post"}],"author":[{"embeddable":true,"href":"https:\/\/universnews224.com\/index.php\/wp-json\/wp\/v2\/users\/2"}],"replies":[{"embeddable":true,"href":"https:\/\/universnews224.com\/index.php\/wp-json\/wp\/v2\/comments?post=2877"}],"version-history":[{"count":1,"href":"https:\/\/universnews224.com\/index.php\/wp-json\/wp\/v2\/posts\/2877\/revisions"}],"predecessor-version":[{"id":2879,"href":"https:\/\/universnews224.com\/index.php\/wp-json\/wp\/v2\/posts\/2877\/revisions\/2879"}],"wp:featuredmedia":[{"embeddable":true,"href":"https:\/\/universnews224.com\/index.php\/wp-json\/wp\/v2\/media\/2878"}],"wp:attachment":[{"href":"https:\/\/universnews224.com\/index.php\/wp-json\/wp\/v2\/media?parent=2877"}],"wp:term":[{"taxonomy":"category","embeddable":true,"href":"https:\/\/universnews224.com\/index.php\/wp-json\/wp\/v2\/categories?post=2877"},{"taxonomy":"post_tag","embeddable":true,"href":"https:\/\/universnews224.com\/index.php\/wp-json\/wp\/v2\/tags?post=2877"}],"curies":[{"name":"wp","href":"https:\/\/api.w.org\/{rel}","templated":true}]}}