{"id":2880,"date":"2023-01-31T12:22:40","date_gmt":"2023-01-31T11:22:40","guid":{"rendered":"https:\/\/universnews224.com\/?p=2880"},"modified":"2023-01-31T12:22:40","modified_gmt":"2023-01-31T11:22:40","slug":"12eme-journee-ligue-1-guicopres-kerfalla-personne-camara-kpc-invite-les-supporters-a-faire-le-deplacement","status":"publish","type":"post","link":"https:\/\/universnews224.com\/index.php\/12eme-journee-ligue-1-guicopres-kerfalla-personne-camara-kpc-invite-les-supporters-a-faire-le-deplacement\/","title":{"rendered":"12\u00e9me journ\u00e9e ligue 1 Guicopres: Kerfalla Personne Camara KPC invite les supporters \u00e0 faire le d\u00e9placement."},"content":{"rendered":"<p>Dans le cadre de la 12\u00e8me journ\u00e9e opposant ce dimanche 15 janvier 2023 le Horoya, Champion de Guin\u00e9e sortant et Premier au classement du championnat ligue 1 Guicopres et le Hafia Football Club, actuel 2\u00e9me au classement, le pr\u00e9sident du club l\u00e9gendaire HAFIA FC, Kerfalla Personne Camara KPC souhaite bon match aux deux \u00e9quipes dans le mythique stade du 28 septembrede Conakry.<br \/>\nLe v\u00e9ritable m\u00e9c\u00e8ne invite le public sportif de Conakry \u00e0 faire le d\u00e9placement pour soutenir ces hra des \u00e9curies. \u00a0\u00bb Et j\u2019invite surtout le public sportif de Conakry \u00e0 faire le d\u00e9placement pour soutenir ces deux grandes \u00e9quipes qui font la fiert\u00e9 de notre championnat national.<br \/>\nEt je saisis l\u2019occasion pour demander aux joueurs du HAFIA de se battre dans l\u2019esprit de fair play\u00a0\u00bb, a-t-il d\u00e9clar\u00e9.<br \/>\nVenez tous au stade du 28 septembre le dimanche 15 janvier 2023 \u00e0 16h00 pour le coup d\u2019envoi de la rencontre .<br \/>\nVive le Football Guin\u00e9en et le Grand Hafia Football Club : LA L\u00c9GENDE CONTINUE<br \/>\n<strong>Kerfalla CAMARA \u2013 KPC<\/strong><\/p>\n","protected":false},"excerpt":{"rendered":"<p>Dans le cadre de la 12\u00e8me journ\u00e9e opposant ce dimanche 15 janvier 2023 le Horoya,<\/p>\n","protected":false},"author":2,"featured_media":2881,"comment_status":"closed","ping_status":"open","sticky":false,"template":"","format":"standard","meta":[],"categories":[3,9],"tags":[229],"yoast_head":"<!-- This site is optimized with the Yoast SEO plugin v19.13 - https:\/\/yoast.com\/wordpress\/plugins\/seo\/ -->\n<title>12\u00e9me journ\u00e9e ligue 1 Guicopres: Kerfalla Personne Camara KPC invite les supporters \u00e0 faire le d\u00e9placement. - UNIVERSNEWS224<\/title>\n<meta name=\"robots\" content=\"index, follow, max-snippet:-1, max-image-preview:large, max-video-preview:-1\" \/>\n<link rel=\"canonical\" href=\"https:\/\/universnews224.com\/index.php\/12eme-journee-ligue-1-guicopres-kerfalla-personne-camara-kpc-invite-les-supporters-a-faire-le-deplacement\/\" \/>\n<meta property=\"og:locale\" content=\"fr_FR\" \/>\n<meta property=\"og:type\" content=\"article\" \/>\n<meta property=\"og:title\" content=\"12\u00e9me journ\u00e9e ligue 1 Guicopres: Kerfalla Personne Camara KPC invite les supporters \u00e0 faire le d\u00e9placement. - UNIVERSNEWS224\" \/>\n<meta property=\"og:description\" content=\"Dans le cadre de la 12\u00e8me journ\u00e9e opposant ce dimanche 15 janvier 2023 le Horoya,\" \/>\n<meta property=\"og:url\" content=\"https:\/\/universnews224.com\/index.php\/12eme-journee-ligue-1-guicopres-kerfalla-personne-camara-kpc-invite-les-supporters-a-faire-le-deplacement\/\" \/>\n<meta property=\"og:site_name\" content=\"UNIVERSNEWS224\" \/>\n<meta property=\"article:published_time\" content=\"2023-01-31T11:22:40+00:00\" \/>\n<meta property=\"og:image\" content=\"https:\/\/universnews224.com\/wp-content\/uploads\/2023\/01\/883631F1-D1FE-40DE-AE5D-C1BBD9E84640.jpeg\" \/>\n\t<meta property=\"og:image:width\" content=\"800\" \/>\n\t<meta property=\"og:image:height\" content=\"531\" \/>\n\t<meta property=\"og:image:type\" content=\"image\/jpeg\" \/>\n<meta name=\"author\" content=\"La R\u00e9daction\" \/>\n<meta name=\"twitter:label1\" content=\"\u00c9crit par\" \/>\n\t<meta name=\"twitter:data1\" content=\"La R\u00e9daction\" \/>\n\t<meta name=\"twitter:label2\" content=\"Dur\u00e9e de lecture estim\u00e9e\" \/>\n\t<meta name=\"twitter:data2\" content=\"1 minute\" \/>\n<script type=\"application\/ld+json\" class=\"yoast-schema-graph\">{\"@context\":\"https:\/\/schema.org\",\"@graph\":[{\"@type\":\"Article\",\"@id\":\"https:\/\/universnews224.com\/index.php\/12eme-journee-ligue-1-guicopres-kerfalla-personne-camara-kpc-invite-les-supporters-a-faire-le-deplacement\/#article\",\"isPartOf\":{\"@id\":\"https:\/\/universnews224.com\/index.php\/12eme-journee-ligue-1-guicopres-kerfalla-personne-camara-kpc-invite-les-supporters-a-faire-le-deplacement\/\"},\"author\":{\"name\":\"La R\u00e9daction\",\"@id\":\"https:\/\/universnews224.com\/#\/schema\/person\/a4b7d4f94a4716df60456a491260485e\"},\"headline\":\"12\u00e9me journ\u00e9e ligue 1 Guicopres: Kerfalla Personne Camara KPC invite les supporters \u00e0 faire le d\u00e9placement.\",\"datePublished\":\"2023-01-31T11:22:40+00:00\",\"dateModified\":\"2023-01-31T11:22:40+00:00\",\"mainEntityOfPage\":{\"@id\":\"https:\/\/universnews224.com\/index.php\/12eme-journee-ligue-1-guicopres-kerfalla-personne-camara-kpc-invite-les-supporters-a-faire-le-deplacement\/\"},\"wordCount\":186,\"publisher\":{\"@id\":\"https:\/\/universnews224.com\/#organization\"},\"keywords\":[\"La une\"],\"articleSection\":[\"ACTU\",\"SPORT\"],\"inLanguage\":\"fr-FR\"},{\"@type\":\"WebPage\",\"@id\":\"https:\/\/universnews224.com\/index.php\/12eme-journee-ligue-1-guicopres-kerfalla-personne-camara-kpc-invite-les-supporters-a-faire-le-deplacement\/\",\"url\":\"https:\/\/universnews224.com\/index.php\/12eme-journee-ligue-1-guicopres-kerfalla-personne-camara-kpc-invite-les-supporters-a-faire-le-deplacement\/\",\"name\":\"12\u00e9me journ\u00e9e ligue 1 Guicopres: Kerfalla Personne Camara KPC invite les supporters \u00e0 faire le d\u00e9placement. - UNIVERSNEWS224\",\"isPartOf\":{\"@id\":\"https:\/\/universnews224.com\/#website\"},\"datePublished\":\"2023-01-31T11:22:40+00:00\",\"dateModified\":\"2023-01-31T11:22:40+00:00\",\"inLanguage\":\"fr-FR\",\"potentialAction\":[{\"@type\":\"ReadAction\",\"target\":[\"https:\/\/universnews224.com\/index.php\/12eme-journee-ligue-1-guicopres-kerfalla-personne-camara-kpc-invite-les-supporters-a-faire-le-deplacement\/\"]}]},{\"@type\":\"WebSite\",\"@id\":\"https:\/\/universnews224.com\/#website\",\"url\":\"https:\/\/universnews224.com\/\",\"name\":\"UNIVERSNEWS224\",\"description\":\"\",\"publisher\":{\"@id\":\"https:\/\/universnews224.com\/#organization\"},\"potentialAction\":[{\"@type\":\"SearchAction\",\"target\":{\"@type\":\"EntryPoint\",\"urlTemplate\":\"https:\/\/universnews224.com\/?s={search_term_string}\"},\"query-input\":\"required name=search_term_string\"}],\"inLanguage\":\"fr-FR\"},{\"@type\":\"Organization\",\"@id\":\"https:\/\/universnews224.com\/#organization\",\"name\":\"UNIVERSNEWS224\",\"url\":\"https:\/\/universnews224.com\/\",\"logo\":{\"@type\":\"ImageObject\",\"inLanguage\":\"fr-FR\",\"@id\":\"https:\/\/universnews224.com\/#\/schema\/logo\/image\/\",\"url\":\"https:\/\/universnews224.com\/wp-content\/uploads\/2022\/08\/cropped-cropped-logoban.jpg\",\"contentUrl\":\"https:\/\/universnews224.com\/wp-content\/uploads\/2022\/08\/cropped-cropped-logoban.jpg\",\"width\":1080,\"height\":138,\"caption\":\"UNIVERSNEWS224\"},\"image\":{\"@id\":\"https:\/\/universnews224.com\/#\/schema\/logo\/image\/\"}},{\"@type\":\"Person\",\"@id\":\"https:\/\/universnews224.com\/#\/schema\/person\/a4b7d4f94a4716df60456a491260485e\",\"name\":\"La R\u00e9daction\",\"image\":{\"@type\":\"ImageObject\",\"inLanguage\":\"fr-FR\",\"@id\":\"https:\/\/universnews224.com\/#\/schema\/person\/image\/\",\"url\":\"https:\/\/secure.gravatar.com\/avatar\/edb90acc7752b23e1b3307ad36c14f0d?s=96&d=mm&r=g\",\"contentUrl\":\"https:\/\/secure.gravatar.com\/avatar\/edb90acc7752b23e1b3307ad36c14f0d?s=96&d=mm&r=g\",\"caption\":\"La R\u00e9daction\"},\"sameAs\":[\"https:\/\/universnews224.com\"],\"url\":\"https:\/\/universnews224.com\/index.php\/author\/m-camara\/\"}]}<\/script>\n<!-- \/ Yoast SEO plugin. -->","yoast_head_json":{"title":"12\u00e9me journ\u00e9e ligue 1 Guicopres: Kerfalla Personne Camara KPC invite les supporters \u00e0 faire le d\u00e9placement. - UNIVERSNEWS224","robots":{"index":"index","follow":"follow","max-snippet":"max-snippet:-1","max-image-preview":"max-image-preview:large","max-video-preview":"max-video-preview:-1"},"canonical":"https:\/\/universnews224.com\/index.php\/12eme-journee-ligue-1-guicopres-kerfalla-personne-camara-kpc-invite-les-supporters-a-faire-le-deplacement\/","og_locale":"fr_FR","og_type":"article","og_title":"12\u00e9me journ\u00e9e ligue 1 Guicopres: Kerfalla Personne Camara KPC invite les supporters \u00e0 faire le d\u00e9placement. - UNIVERSNEWS224","og_description":"Dans le cadre de la 12\u00e8me journ\u00e9e opposant ce dimanche 15 janvier 2023 le Horoya,","og_url":"https:\/\/universnews224.com\/index.php\/12eme-journee-ligue-1-guicopres-kerfalla-personne-camara-kpc-invite-les-supporters-a-faire-le-deplacement\/","og_site_name":"UNIVERSNEWS224","article_published_time":"2023-01-31T11:22:40+00:00","og_image":[{"width":800,"height":531,"url":"https:\/\/universnews224.com\/wp-content\/uploads\/2023\/01\/883631F1-D1FE-40DE-AE5D-C1BBD9E84640.jpeg","type":"image\/jpeg"}],"author":"La R\u00e9daction","twitter_misc":{"\u00c9crit par":"La R\u00e9daction","Dur\u00e9e de lecture estim\u00e9e":"1 minute"},"schema":{"@context":"https:\/\/schema.org","@graph":[{"@type":"Article","@id":"https:\/\/universnews224.com\/index.php\/12eme-journee-ligue-1-guicopres-kerfalla-personne-camara-kpc-invite-les-supporters-a-faire-le-deplacement\/#article","isPartOf":{"@id":"https:\/\/universnews224.com\/index.php\/12eme-journee-ligue-1-guicopres-kerfalla-personne-camara-kpc-invite-les-supporters-a-faire-le-deplacement\/"},"author":{"name":"La R\u00e9daction","@id":"https:\/\/universnews224.com\/#\/schema\/person\/a4b7d4f94a4716df60456a491260485e"},"headline":"12\u00e9me journ\u00e9e ligue 1 Guicopres: Kerfalla Personne Camara KPC invite les supporters \u00e0 faire le d\u00e9placement.","datePublished":"2023-01-31T11:22:40+00:00","dateModified":"2023-01-31T11:22:40+00:00","mainEntityOfPage":{"@id":"https:\/\/universnews224.com\/index.php\/12eme-journee-ligue-1-guicopres-kerfalla-personne-camara-kpc-invite-les-supporters-a-faire-le-deplacement\/"},"wordCount":186,"publisher":{"@id":"https:\/\/universnews224.com\/#organization"},"keywords":["La une"],"articleSection":["ACTU","SPORT"],"inLanguage":"fr-FR"},{"@type":"WebPage","@id":"https:\/\/universnews224.com\/index.php\/12eme-journee-ligue-1-guicopres-kerfalla-personne-camara-kpc-invite-les-supporters-a-faire-le-deplacement\/","url":"https:\/\/universnews224.com\/index.php\/12eme-journee-ligue-1-guicopres-kerfalla-personne-camara-kpc-invite-les-supporters-a-faire-le-deplacement\/","name":"12\u00e9me journ\u00e9e ligue 1 Guicopres: Kerfalla Personne Camara KPC invite les supporters \u00e0 faire le d\u00e9placement. - UNIVERSNEWS224","isPartOf":{"@id":"https:\/\/universnews224.com\/#website"},"datePublished":"2023-01-31T11:22:40+00:00","dateModified":"2023-01-31T11:22:40+00:00","inLanguage":"fr-FR","potentialAction":[{"@type":"ReadAction","target":["https:\/\/universnews224.com\/index.php\/12eme-journee-ligue-1-guicopres-kerfalla-personne-camara-kpc-invite-les-supporters-a-faire-le-deplacement\/"]}]},{"@type":"WebSite","@id":"https:\/\/universnews224.com\/#website","url":"https:\/\/universnews224.com\/","name":"UNIVERSNEWS224","description":"","publisher":{"@id":"https:\/\/universnews224.com\/#organization"},"potentialAction":[{"@type":"SearchAction","target":{"@type":"EntryPoint","urlTemplate":"https:\/\/universnews224.com\/?s={search_term_string}"},"query-input":"required name=search_term_string"}],"inLanguage":"fr-FR"},{"@type":"Organization","@id":"https:\/\/universnews224.com\/#organization","name":"UNIVERSNEWS224","url":"https:\/\/universnews224.com\/","logo":{"@type":"ImageObject","inLanguage":"fr-FR","@id":"https:\/\/universnews224.com\/#\/schema\/logo\/image\/","url":"https:\/\/universnews224.com\/wp-content\/uploads\/2022\/08\/cropped-cropped-logoban.jpg","contentUrl":"https:\/\/universnews224.com\/wp-content\/uploads\/2022\/08\/cropped-cropped-logoban.jpg","width":1080,"height":138,"caption":"UNIVERSNEWS224"},"image":{"@id":"https:\/\/universnews224.com\/#\/schema\/logo\/image\/"}},{"@type":"Person","@id":"https:\/\/universnews224.com\/#\/schema\/person\/a4b7d4f94a4716df60456a491260485e","name":"La R\u00e9daction","image":{"@type":"ImageObject","inLanguage":"fr-FR","@id":"https:\/\/universnews224.com\/#\/schema\/person\/image\/","url":"https:\/\/secure.gravatar.com\/avatar\/edb90acc7752b23e1b3307ad36c14f0d?s=96&d=mm&r=g","contentUrl":"https:\/\/secure.gravatar.com\/avatar\/edb90acc7752b23e1b3307ad36c14f0d?s=96&d=mm&r=g","caption":"La R\u00e9daction"},"sameAs":["https:\/\/universnews224.com"],"url":"https:\/\/universnews224.com\/index.php\/author\/m-camara\/"}]}},"_links":{"self":[{"href":"https:\/\/universnews224.com\/index.php\/wp-json\/wp\/v2\/posts\/2880"}],"collection":[{"href":"https:\/\/universnews224.com\/index.php\/wp-json\/wp\/v2\/posts"}],"about":[{"href":"https:\/\/universnews224.com\/index.php\/wp-json\/wp\/v2\/types\/post"}],"author":[{"embeddable":true,"href":"https:\/\/universnews224.com\/index.php\/wp-json\/wp\/v2\/users\/2"}],"replies":[{"embeddable":true,"href":"https:\/\/universnews224.com\/index.php\/wp-json\/wp\/v2\/comments?post=2880"}],"version-history":[{"count":1,"href":"https:\/\/universnews224.com\/index.php\/wp-json\/wp\/v2\/posts\/2880\/revisions"}],"predecessor-version":[{"id":2882,"href":"https:\/\/universnews224.com\/index.php\/wp-json\/wp\/v2\/posts\/2880\/revisions\/2882"}],"wp:featuredmedia":[{"embeddable":true,"href":"https:\/\/universnews224.com\/index.php\/wp-json\/wp\/v2\/media\/2881"}],"wp:attachment":[{"href":"https:\/\/universnews224.com\/index.php\/wp-json\/wp\/v2\/media?parent=2880"}],"wp:term":[{"taxonomy":"category","embeddable":true,"href":"https:\/\/universnews224.com\/index.php\/wp-json\/wp\/v2\/categories?post=2880"},{"taxonomy":"post_tag","embeddable":true,"href":"https:\/\/universnews224.com\/index.php\/wp-json\/wp\/v2\/tags?post=2880"}],"curies":[{"name":"wp","href":"https:\/\/api.w.org\/{rel}","templated":true}]}}