{"id":2886,"date":"2023-01-31T23:07:30","date_gmt":"2023-01-31T22:07:30","guid":{"rendered":"https:\/\/universnews224.com\/?p=2886"},"modified":"2023-01-31T23:07:30","modified_gmt":"2023-01-31T22:07:30","slug":"cartes-didentite-pour-les-enseignants-nous-demandons-au-gouvernement-de-repousser-la-date-butoir-qui-est-fixe-31-mars-jusquaux-periodes-des-vacances-michel-pepe-balamo","status":"publish","type":"post","link":"https:\/\/universnews224.com\/index.php\/cartes-didentite-pour-les-enseignants-nous-demandons-au-gouvernement-de-repousser-la-date-butoir-qui-est-fixe-31-mars-jusquaux-periodes-des-vacances-michel-pepe-balamo\/","title":{"rendered":"Cartes d\u2019identit\u00e9 pour les enseignants: \u00abNous demandons au gouvernement de repousser la date butoir qui est fix\u00e9 31 mars  jusqu\u2019aux p\u00e9riodes des vacances\u00bb, Michel P\u00e9p\u00e9 Balamou."},"content":{"rendered":"<p>Pour recevoir d\u00e9sormais leurs salaires en R\u00e9publique de Guin\u00e9e, le gouvernement a exig\u00e9 aux fonctionnaires de se munir de carte d&rsquo;identit\u00e9 biom\u00e9trique d\u2019ici 31 mars prochain. Alors que l&rsquo;\u00e9ch\u00e9ance donn\u00e9e par le gouvernement approche, l&rsquo;obtention de ce fameux s\u00e9same est devenue un v\u00e9ritable casse t\u00eate pour les fonctionnaires, notamment les enseignants qui d\u00e9sertent aujourd\u2019hui les cours pour aller se procurer de ses documents.<\/p>\n<p>Invit\u00e9 de l\u2019\u00e9mission \u201cles GG\u00a0\u00bbla radio Espace Fm, le secr\u00e9taire g\u00e9n\u00e9ral du Syndicat National de l\u2019\u00c9ducation, Michel P\u00e9p\u00e9 Balamou a demand\u00e9 au gouvernement de repousser cette date qu\u2019aux grandes vacances pour permettre aux enseignants de dispenser librement les cours.<\/p>\n<p>\u00abNous demandons au gouvernement de repousser la date butoir qui est fix\u00e9 au 31 mars 2023 et de permettre aux enseignants de d\u00e9penser librement les cours jusqu\u2019aux p\u00e9riodes des vacances\u00bba t-il indiqu\u00e9, ajoutant que les enseignants sont pr\u00eats \u00e0 se procurer des cartes identit\u00e9s biom\u00e9triques.<\/p>\n<p>\u00abNous enseignants, nous n\u2019avons pas refus\u00e9 de payer, nous sommes pr\u00eats, la carte identit\u00e9 biom\u00e9trique, c\u2019est pour nous. \u00c0 part m\u00eame ce recensement, \u00e7a peut nous servir \u00e0 autre chose. M\u00eame les extraits dates de naissance biom\u00e9trique, nous les voulons non seulement pour nous-m\u00eames, mais pour l\u2019ensemble des membres de nos familles. C\u2019est n\u2019est pas un refus\u00bb a t-il soulign\u00e9.<\/p>\n<p>Poursuivant, M Balamou a laiss\u00e9 entendre que m\u00eame 20% des enseignants ne sont pas enr\u00f4l\u00e9s.<\/p>\n<p>Aujourd\u2019hui, on a m\u00eame pas 20% d\u2019enseignants qui sont enr\u00f4l\u00e9s. Vous prenez d\u2019abord Conakry. Matoto, la commune dans laquelle vous vous trouvez, aller demander \u00e0 monsieur Dioubat\u00e9, l\u2019officier de l\u2019\u00e9tat civil. Lui-m\u00eame, il nous a clairement dit qu\u2019il a remont\u00e9 les informations pour dire que les ordinateurs sont insuffisants. Ils n\u2019ont que 5 ordinateurs et la connexion n\u2019est pas bonne. Certains de nos camarades de matoto o\u00f9 nous sommes ont d\u00e9pos\u00e9 depuis le mois d\u2019octobre, d\u2019autres d\u00e9cembre, jusqu\u2019\u00e0 pr\u00e9sent ils ne sont rentr\u00e9s en possession de leurs extraits de naissance biom\u00e9trique. Et on leur dit de passer entre le 23 f\u00e9vrier et 28 f\u00e9vrier. Dites-moi, quelqu\u2019un qui passe tout ce temps pour obtenir ce papier \u00e0 ce niveau, comment est-ce qu\u2019il peut avoir la carte identit\u00e9 nationale biom\u00e9trique dans l\u2019espace de 15 jours avant le 31 mars? C\u2019est l\u00e0 le probl\u00e8me. \u00c0 l\u2019int\u00e9rieur du pays, les gens n\u2019en ont m\u00eame pas. Vous trouvez une pr\u00e9fecture, il n\u2019 y a que 2 ou 3 enseignants qui en ont et ceux-l\u00e0 l\u2019ont eu parce qu\u2019ils sont venus \u00e0 Conakry pendant la correction du bac, ils ont profit\u00e9 pour se munir de la carte identit\u00e9 nationale biom\u00e9trique et l\u2019extrait de naissance biom\u00e9trique\u00bb, a t-il martel\u00e9.<\/p>\n<p>Camara Mamadouba<br \/>\n611 46 04 10<\/p>\n","protected":false},"excerpt":{"rendered":"<p>Pour recevoir d\u00e9sormais leurs salaires en R\u00e9publique de Guin\u00e9e, le gouvernement a exig\u00e9 aux fonctionnaires<\/p>\n","protected":false},"author":2,"featured_media":2887,"comment_status":"closed","ping_status":"open","sticky":false,"template":"","format":"standard","meta":[],"categories":[3,4],"tags":[229],"yoast_head":"<!-- This site is optimized with the Yoast SEO plugin v19.13 - https:\/\/yoast.com\/wordpress\/plugins\/seo\/ -->\n<title>Cartes d\u2019identit\u00e9 pour les enseignants: \u00abNous demandons au gouvernement de repousser la date butoir qui est fix\u00e9 31 mars jusqu\u2019aux p\u00e9riodes des vacances\u00bb, Michel P\u00e9p\u00e9 Balamou. - UNIVERSNEWS224<\/title>\n<meta name=\"robots\" content=\"index, follow, max-snippet:-1, max-image-preview:large, max-video-preview:-1\" \/>\n<link rel=\"canonical\" href=\"https:\/\/universnews224.com\/index.php\/cartes-didentite-pour-les-enseignants-nous-demandons-au-gouvernement-de-repousser-la-date-butoir-qui-est-fixe-31-mars-jusquaux-periodes-des-vacances-michel-pepe-balamo\/\" \/>\n<meta property=\"og:locale\" content=\"fr_FR\" \/>\n<meta property=\"og:type\" content=\"article\" \/>\n<meta property=\"og:title\" content=\"Cartes d\u2019identit\u00e9 pour les enseignants: \u00abNous demandons au gouvernement de repousser la date butoir qui est fix\u00e9 31 mars jusqu\u2019aux p\u00e9riodes des vacances\u00bb, Michel P\u00e9p\u00e9 Balamou. - UNIVERSNEWS224\" \/>\n<meta property=\"og:description\" content=\"Pour recevoir d\u00e9sormais leurs salaires en R\u00e9publique de Guin\u00e9e, le gouvernement a exig\u00e9 aux fonctionnaires\" \/>\n<meta property=\"og:url\" content=\"https:\/\/universnews224.com\/index.php\/cartes-didentite-pour-les-enseignants-nous-demandons-au-gouvernement-de-repousser-la-date-butoir-qui-est-fixe-31-mars-jusquaux-periodes-des-vacances-michel-pepe-balamo\/\" \/>\n<meta property=\"og:site_name\" content=\"UNIVERSNEWS224\" \/>\n<meta property=\"article:published_time\" content=\"2023-01-31T22:07:30+00:00\" \/>\n<meta property=\"og:image\" content=\"https:\/\/universnews224.com\/wp-content\/uploads\/2023\/01\/C6E84138-0A28-4671-9B1D-ED39FE471B8F.jpeg\" \/>\n\t<meta property=\"og:image:width\" content=\"1080\" \/>\n\t<meta property=\"og:image:height\" content=\"720\" \/>\n\t<meta property=\"og:image:type\" content=\"image\/jpeg\" \/>\n<meta name=\"author\" content=\"La R\u00e9daction\" \/>\n<meta name=\"twitter:label1\" content=\"\u00c9crit par\" \/>\n\t<meta name=\"twitter:data1\" content=\"La R\u00e9daction\" \/>\n\t<meta name=\"twitter:label2\" content=\"Dur\u00e9e de lecture estim\u00e9e\" \/>\n\t<meta name=\"twitter:data2\" content=\"3 minutes\" \/>\n<script type=\"application\/ld+json\" class=\"yoast-schema-graph\">{\"@context\":\"https:\/\/schema.org\",\"@graph\":[{\"@type\":\"Article\",\"@id\":\"https:\/\/universnews224.com\/index.php\/cartes-didentite-pour-les-enseignants-nous-demandons-au-gouvernement-de-repousser-la-date-butoir-qui-est-fixe-31-mars-jusquaux-periodes-des-vacances-michel-pepe-balamo\/#article\",\"isPartOf\":{\"@id\":\"https:\/\/universnews224.com\/index.php\/cartes-didentite-pour-les-enseignants-nous-demandons-au-gouvernement-de-repousser-la-date-butoir-qui-est-fixe-31-mars-jusquaux-periodes-des-vacances-michel-pepe-balamo\/\"},\"author\":{\"name\":\"La R\u00e9daction\",\"@id\":\"https:\/\/universnews224.com\/#\/schema\/person\/a4b7d4f94a4716df60456a491260485e\"},\"headline\":\"Cartes d\u2019identit\u00e9 pour les enseignants: \u00abNous demandons au gouvernement de repousser la date butoir qui est fix\u00e9 31 mars jusqu\u2019aux p\u00e9riodes des vacances\u00bb, Michel P\u00e9p\u00e9 Balamou.\",\"datePublished\":\"2023-01-31T22:07:30+00:00\",\"dateModified\":\"2023-01-31T22:07:30+00:00\",\"mainEntityOfPage\":{\"@id\":\"https:\/\/universnews224.com\/index.php\/cartes-didentite-pour-les-enseignants-nous-demandons-au-gouvernement-de-repousser-la-date-butoir-qui-est-fixe-31-mars-jusquaux-periodes-des-vacances-michel-pepe-balamo\/\"},\"wordCount\":515,\"publisher\":{\"@id\":\"https:\/\/universnews224.com\/#organization\"},\"keywords\":[\"La une\"],\"articleSection\":[\"ACTU\",\"POLITIQUE\"],\"inLanguage\":\"fr-FR\"},{\"@type\":\"WebPage\",\"@id\":\"https:\/\/universnews224.com\/index.php\/cartes-didentite-pour-les-enseignants-nous-demandons-au-gouvernement-de-repousser-la-date-butoir-qui-est-fixe-31-mars-jusquaux-periodes-des-vacances-michel-pepe-balamo\/\",\"url\":\"https:\/\/universnews224.com\/index.php\/cartes-didentite-pour-les-enseignants-nous-demandons-au-gouvernement-de-repousser-la-date-butoir-qui-est-fixe-31-mars-jusquaux-periodes-des-vacances-michel-pepe-balamo\/\",\"name\":\"Cartes d\u2019identit\u00e9 pour les enseignants: \u00abNous demandons au gouvernement de repousser la date butoir qui est fix\u00e9 31 mars jusqu\u2019aux p\u00e9riodes des vacances\u00bb, Michel P\u00e9p\u00e9 Balamou. - UNIVERSNEWS224\",\"isPartOf\":{\"@id\":\"https:\/\/universnews224.com\/#website\"},\"datePublished\":\"2023-01-31T22:07:30+00:00\",\"dateModified\":\"2023-01-31T22:07:30+00:00\",\"inLanguage\":\"fr-FR\",\"potentialAction\":[{\"@type\":\"ReadAction\",\"target\":[\"https:\/\/universnews224.com\/index.php\/cartes-didentite-pour-les-enseignants-nous-demandons-au-gouvernement-de-repousser-la-date-butoir-qui-est-fixe-31-mars-jusquaux-periodes-des-vacances-michel-pepe-balamo\/\"]}]},{\"@type\":\"WebSite\",\"@id\":\"https:\/\/universnews224.com\/#website\",\"url\":\"https:\/\/universnews224.com\/\",\"name\":\"UNIVERSNEWS224\",\"description\":\"\",\"publisher\":{\"@id\":\"https:\/\/universnews224.com\/#organization\"},\"potentialAction\":[{\"@type\":\"SearchAction\",\"target\":{\"@type\":\"EntryPoint\",\"urlTemplate\":\"https:\/\/universnews224.com\/?s={search_term_string}\"},\"query-input\":\"required name=search_term_string\"}],\"inLanguage\":\"fr-FR\"},{\"@type\":\"Organization\",\"@id\":\"https:\/\/universnews224.com\/#organization\",\"name\":\"UNIVERSNEWS224\",\"url\":\"https:\/\/universnews224.com\/\",\"logo\":{\"@type\":\"ImageObject\",\"inLanguage\":\"fr-FR\",\"@id\":\"https:\/\/universnews224.com\/#\/schema\/logo\/image\/\",\"url\":\"https:\/\/universnews224.com\/wp-content\/uploads\/2022\/08\/cropped-cropped-logoban.jpg\",\"contentUrl\":\"https:\/\/universnews224.com\/wp-content\/uploads\/2022\/08\/cropped-cropped-logoban.jpg\",\"width\":1080,\"height\":138,\"caption\":\"UNIVERSNEWS224\"},\"image\":{\"@id\":\"https:\/\/universnews224.com\/#\/schema\/logo\/image\/\"}},{\"@type\":\"Person\",\"@id\":\"https:\/\/universnews224.com\/#\/schema\/person\/a4b7d4f94a4716df60456a491260485e\",\"name\":\"La R\u00e9daction\",\"image\":{\"@type\":\"ImageObject\",\"inLanguage\":\"fr-FR\",\"@id\":\"https:\/\/universnews224.com\/#\/schema\/person\/image\/\",\"url\":\"https:\/\/secure.gravatar.com\/avatar\/edb90acc7752b23e1b3307ad36c14f0d?s=96&d=mm&r=g\",\"contentUrl\":\"https:\/\/secure.gravatar.com\/avatar\/edb90acc7752b23e1b3307ad36c14f0d?s=96&d=mm&r=g\",\"caption\":\"La R\u00e9daction\"},\"sameAs\":[\"https:\/\/universnews224.com\"],\"url\":\"https:\/\/universnews224.com\/index.php\/author\/m-camara\/\"}]}<\/script>\n<!-- \/ Yoast SEO plugin. -->","yoast_head_json":{"title":"Cartes d\u2019identit\u00e9 pour les enseignants: \u00abNous demandons au gouvernement de repousser la date butoir qui est fix\u00e9 31 mars jusqu\u2019aux p\u00e9riodes des vacances\u00bb, Michel P\u00e9p\u00e9 Balamou. - UNIVERSNEWS224","robots":{"index":"index","follow":"follow","max-snippet":"max-snippet:-1","max-image-preview":"max-image-preview:large","max-video-preview":"max-video-preview:-1"},"canonical":"https:\/\/universnews224.com\/index.php\/cartes-didentite-pour-les-enseignants-nous-demandons-au-gouvernement-de-repousser-la-date-butoir-qui-est-fixe-31-mars-jusquaux-periodes-des-vacances-michel-pepe-balamo\/","og_locale":"fr_FR","og_type":"article","og_title":"Cartes d\u2019identit\u00e9 pour les enseignants: \u00abNous demandons au gouvernement de repousser la date butoir qui est fix\u00e9 31 mars jusqu\u2019aux p\u00e9riodes des vacances\u00bb, Michel P\u00e9p\u00e9 Balamou. - UNIVERSNEWS224","og_description":"Pour recevoir d\u00e9sormais leurs salaires en R\u00e9publique de Guin\u00e9e, le gouvernement a exig\u00e9 aux fonctionnaires","og_url":"https:\/\/universnews224.com\/index.php\/cartes-didentite-pour-les-enseignants-nous-demandons-au-gouvernement-de-repousser-la-date-butoir-qui-est-fixe-31-mars-jusquaux-periodes-des-vacances-michel-pepe-balamo\/","og_site_name":"UNIVERSNEWS224","article_published_time":"2023-01-31T22:07:30+00:00","og_image":[{"width":1080,"height":720,"url":"https:\/\/universnews224.com\/wp-content\/uploads\/2023\/01\/C6E84138-0A28-4671-9B1D-ED39FE471B8F.jpeg","type":"image\/jpeg"}],"author":"La R\u00e9daction","twitter_misc":{"\u00c9crit par":"La R\u00e9daction","Dur\u00e9e de lecture estim\u00e9e":"3 minutes"},"schema":{"@context":"https:\/\/schema.org","@graph":[{"@type":"Article","@id":"https:\/\/universnews224.com\/index.php\/cartes-didentite-pour-les-enseignants-nous-demandons-au-gouvernement-de-repousser-la-date-butoir-qui-est-fixe-31-mars-jusquaux-periodes-des-vacances-michel-pepe-balamo\/#article","isPartOf":{"@id":"https:\/\/universnews224.com\/index.php\/cartes-didentite-pour-les-enseignants-nous-demandons-au-gouvernement-de-repousser-la-date-butoir-qui-est-fixe-31-mars-jusquaux-periodes-des-vacances-michel-pepe-balamo\/"},"author":{"name":"La R\u00e9daction","@id":"https:\/\/universnews224.com\/#\/schema\/person\/a4b7d4f94a4716df60456a491260485e"},"headline":"Cartes d\u2019identit\u00e9 pour les enseignants: \u00abNous demandons au gouvernement de repousser la date butoir qui est fix\u00e9 31 mars jusqu\u2019aux p\u00e9riodes des vacances\u00bb, Michel P\u00e9p\u00e9 Balamou.","datePublished":"2023-01-31T22:07:30+00:00","dateModified":"2023-01-31T22:07:30+00:00","mainEntityOfPage":{"@id":"https:\/\/universnews224.com\/index.php\/cartes-didentite-pour-les-enseignants-nous-demandons-au-gouvernement-de-repousser-la-date-butoir-qui-est-fixe-31-mars-jusquaux-periodes-des-vacances-michel-pepe-balamo\/"},"wordCount":515,"publisher":{"@id":"https:\/\/universnews224.com\/#organization"},"keywords":["La une"],"articleSection":["ACTU","POLITIQUE"],"inLanguage":"fr-FR"},{"@type":"WebPage","@id":"https:\/\/universnews224.com\/index.php\/cartes-didentite-pour-les-enseignants-nous-demandons-au-gouvernement-de-repousser-la-date-butoir-qui-est-fixe-31-mars-jusquaux-periodes-des-vacances-michel-pepe-balamo\/","url":"https:\/\/universnews224.com\/index.php\/cartes-didentite-pour-les-enseignants-nous-demandons-au-gouvernement-de-repousser-la-date-butoir-qui-est-fixe-31-mars-jusquaux-periodes-des-vacances-michel-pepe-balamo\/","name":"Cartes d\u2019identit\u00e9 pour les enseignants: \u00abNous demandons au gouvernement de repousser la date butoir qui est fix\u00e9 31 mars jusqu\u2019aux p\u00e9riodes des vacances\u00bb, Michel P\u00e9p\u00e9 Balamou. - UNIVERSNEWS224","isPartOf":{"@id":"https:\/\/universnews224.com\/#website"},"datePublished":"2023-01-31T22:07:30+00:00","dateModified":"2023-01-31T22:07:30+00:00","inLanguage":"fr-FR","potentialAction":[{"@type":"ReadAction","target":["https:\/\/universnews224.com\/index.php\/cartes-didentite-pour-les-enseignants-nous-demandons-au-gouvernement-de-repousser-la-date-butoir-qui-est-fixe-31-mars-jusquaux-periodes-des-vacances-michel-pepe-balamo\/"]}]},{"@type":"WebSite","@id":"https:\/\/universnews224.com\/#website","url":"https:\/\/universnews224.com\/","name":"UNIVERSNEWS224","description":"","publisher":{"@id":"https:\/\/universnews224.com\/#organization"},"potentialAction":[{"@type":"SearchAction","target":{"@type":"EntryPoint","urlTemplate":"https:\/\/universnews224.com\/?s={search_term_string}"},"query-input":"required name=search_term_string"}],"inLanguage":"fr-FR"},{"@type":"Organization","@id":"https:\/\/universnews224.com\/#organization","name":"UNIVERSNEWS224","url":"https:\/\/universnews224.com\/","logo":{"@type":"ImageObject","inLanguage":"fr-FR","@id":"https:\/\/universnews224.com\/#\/schema\/logo\/image\/","url":"https:\/\/universnews224.com\/wp-content\/uploads\/2022\/08\/cropped-cropped-logoban.jpg","contentUrl":"https:\/\/universnews224.com\/wp-content\/uploads\/2022\/08\/cropped-cropped-logoban.jpg","width":1080,"height":138,"caption":"UNIVERSNEWS224"},"image":{"@id":"https:\/\/universnews224.com\/#\/schema\/logo\/image\/"}},{"@type":"Person","@id":"https:\/\/universnews224.com\/#\/schema\/person\/a4b7d4f94a4716df60456a491260485e","name":"La R\u00e9daction","image":{"@type":"ImageObject","inLanguage":"fr-FR","@id":"https:\/\/universnews224.com\/#\/schema\/person\/image\/","url":"https:\/\/secure.gravatar.com\/avatar\/edb90acc7752b23e1b3307ad36c14f0d?s=96&d=mm&r=g","contentUrl":"https:\/\/secure.gravatar.com\/avatar\/edb90acc7752b23e1b3307ad36c14f0d?s=96&d=mm&r=g","caption":"La R\u00e9daction"},"sameAs":["https:\/\/universnews224.com"],"url":"https:\/\/universnews224.com\/index.php\/author\/m-camara\/"}]}},"_links":{"self":[{"href":"https:\/\/universnews224.com\/index.php\/wp-json\/wp\/v2\/posts\/2886"}],"collection":[{"href":"https:\/\/universnews224.com\/index.php\/wp-json\/wp\/v2\/posts"}],"about":[{"href":"https:\/\/universnews224.com\/index.php\/wp-json\/wp\/v2\/types\/post"}],"author":[{"embeddable":true,"href":"https:\/\/universnews224.com\/index.php\/wp-json\/wp\/v2\/users\/2"}],"replies":[{"embeddable":true,"href":"https:\/\/universnews224.com\/index.php\/wp-json\/wp\/v2\/comments?post=2886"}],"version-history":[{"count":1,"href":"https:\/\/universnews224.com\/index.php\/wp-json\/wp\/v2\/posts\/2886\/revisions"}],"predecessor-version":[{"id":2888,"href":"https:\/\/universnews224.com\/index.php\/wp-json\/wp\/v2\/posts\/2886\/revisions\/2888"}],"wp:featuredmedia":[{"embeddable":true,"href":"https:\/\/universnews224.com\/index.php\/wp-json\/wp\/v2\/media\/2887"}],"wp:attachment":[{"href":"https:\/\/universnews224.com\/index.php\/wp-json\/wp\/v2\/media?parent=2886"}],"wp:term":[{"taxonomy":"category","embeddable":true,"href":"https:\/\/universnews224.com\/index.php\/wp-json\/wp\/v2\/categories?post=2886"},{"taxonomy":"post_tag","embeddable":true,"href":"https:\/\/universnews224.com\/index.php\/wp-json\/wp\/v2\/tags?post=2886"}],"curies":[{"name":"wp","href":"https:\/\/api.w.org\/{rel}","templated":true}]}}