{"id":2892,"date":"2023-02-01T18:46:12","date_gmt":"2023-02-01T17:46:12","guid":{"rendered":"https:\/\/universnews224.com\/?p=2892"},"modified":"2023-02-01T18:46:12","modified_gmt":"2023-02-01T17:46:12","slug":"blaise-goumou-jen-veux-a-toumba-parce-que-cest-a-cause-de-ses-agissements-que-je-suis-devant-ce-tribunal","status":"publish","type":"post","link":"https:\/\/universnews224.com\/index.php\/blaise-goumou-jen-veux-a-toumba-parce-que-cest-a-cause-de-ses-agissements-que-je-suis-devant-ce-tribunal\/","title":{"rendered":"Blaise Goumou : \u00ab j\u2019en veux \u00e0 Toumba parce que, c\u2019est \u00e0 cause de ses agissements que je suis devant ce tribunal \u00bb"},"content":{"rendered":"<p>Depuis qu\u2019il a commenc\u00e9 son interrogatoire le mercredi dernier, le colonel Blaise Goumou n\u2019a pas cach\u00e9 sa col\u00e8re contre l\u2019ancien aide de camp au temps du CNDD, le commandant Aboubacar Sidiki Diakit\u00e9 dit Toumba.<\/p>\n<p>Alors qu\u2019il r\u00e9pondait ce mercredi 1er f\u00e9vrier aux questions des avocats de ce dernier, le colonel Blaise a d\u00e9clar\u00e9 qu\u2019il en veut \u00e0 Toumba parce que, selon lui, c\u2019est \u00e0 cause des agissements de celui-ci qu\u2019il comparait par devant ce tribunal.<\/p>\n<p>Au cours des d\u00e9bats, une photo du chauffeur du colonel Blaise, le nomm\u00e9 M\u00f6t\u00f6 M\u00f6t\u00f6 coiff\u00e9 de b\u00e9ret rouge, a \u00e9t\u00e9 vers\u00e9e au dossier.<\/p>\n<div class=\"jeg_ad jeg_ad_article jnews_content_inline_ads \">\n<div class=\"ads-wrapper align-center \">\n<div class=\"ads_code\"><ins class=\"adsbygoogle\" data-ad-client=\"ca-pub-1870189416508001\" data-ad-slot=\"5141807392\" data-ad-format=\"auto\" data-full-width-responsive=\"true\"><\/ins>R\u00e9agissant \u00e0 cette photo, le colonel Blaise qui a soutenu au d\u00e9part que M\u00f6t\u00f6 M\u00f6t\u00f6 \u00e9tait gendarme et ne portait que le b\u00e9ret vert. Il a par ailleurs affirm\u00e9 que cette photo a, certainement \u00e9t\u00e9 prise quand celui-ci \u00e9tait agent du g\u00e9n\u00e9ral Konat\u00e9.<\/p>\n<p><em>\u00ab Parce que, M\u00f6t\u00f6 M\u00f6t\u00f6 \u00e9tait d\u2019abord avec Konat\u00e9 et les agents de Konat\u00e9 portent le b\u00e9ret rouge. Mais il ne faisait que monter et descendre avec celui-ci. J\u2019ai alors demand\u00e9 de venir aupr\u00e8s de nous pour apprendre. Mais avec moi, il ne portait que le b\u00e9ret vert, il \u00e9tait gendarme \u00bb<\/em>, a-t-il lanc\u00e9.<\/p>\n<p>S\u2019adressant au colonel Goumou, Me Lancinet a demand\u00e9 si celui-ci est pr\u00eat \u00e0 une confrontation corps \u00e0 vers le commandant Toumba, celui-ci a r\u00e9pondu que \u00ab <em>malheureusement, il n\u2019est pas chef d\u2019\u00e9tat-major \u00bb.<\/em><\/p>\n<p>Le colonel Goumou a aussi soutenu qu\u2019en 2009, il n\u2019a pas \u00e9t\u00e9 dans le cercle du CNDD. <em>\u00ab Si je l\u2019avais \u00e9t\u00e9, peut-\u00eatre que moi aussi j\u2019aurai \u00e9t\u00e9 post\u00e9 quelque part. Apportez-moi un acte qui prouve que j\u2019\u00e9tais dans le cercle du pouvoir \u00bb,<\/em> a-t-il r\u00e9pliqu\u00e9 \u00e0 Me Lancinet Sylla.<\/p>\n<p><em>\u00ab Je n\u2019ai pas perturb\u00e9 le pouvoir de Dadis, je n\u2019ai pas \u00e9t\u00e9 \u00e0 la base de la perte du pouvoir de Dadis. Celui qui a \u00e9t\u00e9 \u00e0 la base, c\u2019est bien votre client Toumba. C\u2019est lui qui a pris la mesure de tirer sur le pr\u00e9sident Dadis (\u2026). Il a tir\u00e9 sur Dadis pour l\u2019\u00e9liminer comme il a fait avec Makambo \u00bb, <\/em>s\u2019est-il d\u00e9fendu.<\/p>\n<p>L\u2019accus\u00e9 colonel Blaise Goumou, est maintenant en train d\u2019\u00eatre interrog\u00e9 par le conseil Marcel Guilavogui.<\/p>\n<p>Mosaiqueguin\u00e9e<\/p>\n<\/div>\n<\/div>\n<\/div>\n","protected":false},"excerpt":{"rendered":"<p>Depuis qu\u2019il a commenc\u00e9 son interrogatoire le mercredi dernier, le colonel Blaise Goumou n\u2019a pas<\/p>\n","protected":false},"author":2,"featured_media":2893,"comment_status":"closed","ping_status":"open","sticky":false,"template":"","format":"standard","meta":[],"categories":[3,4],"tags":[229],"yoast_head":"<!-- This site is optimized with the Yoast SEO plugin v19.13 - https:\/\/yoast.com\/wordpress\/plugins\/seo\/ -->\n<title>Blaise Goumou : \u00ab j\u2019en veux \u00e0 Toumba parce que, c\u2019est \u00e0 cause de ses agissements que je suis devant ce tribunal \u00bb - UNIVERSNEWS224<\/title>\n<meta name=\"robots\" content=\"index, follow, max-snippet:-1, max-image-preview:large, max-video-preview:-1\" \/>\n<link rel=\"canonical\" href=\"https:\/\/universnews224.com\/index.php\/blaise-goumou-jen-veux-a-toumba-parce-que-cest-a-cause-de-ses-agissements-que-je-suis-devant-ce-tribunal\/\" \/>\n<meta property=\"og:locale\" content=\"fr_FR\" \/>\n<meta property=\"og:type\" content=\"article\" \/>\n<meta property=\"og:title\" content=\"Blaise Goumou : \u00ab j\u2019en veux \u00e0 Toumba parce que, c\u2019est \u00e0 cause de ses agissements que je suis devant ce tribunal \u00bb - UNIVERSNEWS224\" \/>\n<meta property=\"og:description\" content=\"Depuis qu\u2019il a commenc\u00e9 son interrogatoire le mercredi dernier, le colonel Blaise Goumou n\u2019a pas\" \/>\n<meta property=\"og:url\" content=\"https:\/\/universnews224.com\/index.php\/blaise-goumou-jen-veux-a-toumba-parce-que-cest-a-cause-de-ses-agissements-que-je-suis-devant-ce-tribunal\/\" \/>\n<meta property=\"og:site_name\" content=\"UNIVERSNEWS224\" \/>\n<meta property=\"article:published_time\" content=\"2023-02-01T17:46:12+00:00\" \/>\n<meta property=\"og:image\" content=\"https:\/\/universnews224.com\/wp-content\/uploads\/2023\/02\/6E4B7881-9FF5-4B01-8994-D62F27B30A0F.jpeg\" \/>\n\t<meta property=\"og:image:width\" content=\"1152\" \/>\n\t<meta property=\"og:image:height\" content=\"745\" \/>\n\t<meta property=\"og:image:type\" content=\"image\/jpeg\" \/>\n<meta name=\"author\" content=\"La R\u00e9daction\" \/>\n<meta name=\"twitter:label1\" content=\"\u00c9crit par\" \/>\n\t<meta name=\"twitter:data1\" content=\"La R\u00e9daction\" \/>\n\t<meta name=\"twitter:label2\" content=\"Dur\u00e9e de lecture estim\u00e9e\" \/>\n\t<meta name=\"twitter:data2\" content=\"2 minutes\" \/>\n<script type=\"application\/ld+json\" class=\"yoast-schema-graph\">{\"@context\":\"https:\/\/schema.org\",\"@graph\":[{\"@type\":\"Article\",\"@id\":\"https:\/\/universnews224.com\/index.php\/blaise-goumou-jen-veux-a-toumba-parce-que-cest-a-cause-de-ses-agissements-que-je-suis-devant-ce-tribunal\/#article\",\"isPartOf\":{\"@id\":\"https:\/\/universnews224.com\/index.php\/blaise-goumou-jen-veux-a-toumba-parce-que-cest-a-cause-de-ses-agissements-que-je-suis-devant-ce-tribunal\/\"},\"author\":{\"name\":\"La R\u00e9daction\",\"@id\":\"https:\/\/universnews224.com\/#\/schema\/person\/a4b7d4f94a4716df60456a491260485e\"},\"headline\":\"Blaise Goumou : \u00ab j\u2019en veux \u00e0 Toumba parce que, c\u2019est \u00e0 cause de ses agissements que je suis devant ce tribunal \u00bb\",\"datePublished\":\"2023-02-01T17:46:12+00:00\",\"dateModified\":\"2023-02-01T17:46:12+00:00\",\"mainEntityOfPage\":{\"@id\":\"https:\/\/universnews224.com\/index.php\/blaise-goumou-jen-veux-a-toumba-parce-que-cest-a-cause-de-ses-agissements-que-je-suis-devant-ce-tribunal\/\"},\"wordCount\":415,\"publisher\":{\"@id\":\"https:\/\/universnews224.com\/#organization\"},\"keywords\":[\"La une\"],\"articleSection\":[\"ACTU\",\"POLITIQUE\"],\"inLanguage\":\"fr-FR\"},{\"@type\":\"WebPage\",\"@id\":\"https:\/\/universnews224.com\/index.php\/blaise-goumou-jen-veux-a-toumba-parce-que-cest-a-cause-de-ses-agissements-que-je-suis-devant-ce-tribunal\/\",\"url\":\"https:\/\/universnews224.com\/index.php\/blaise-goumou-jen-veux-a-toumba-parce-que-cest-a-cause-de-ses-agissements-que-je-suis-devant-ce-tribunal\/\",\"name\":\"Blaise Goumou : \u00ab j\u2019en veux \u00e0 Toumba parce que, c\u2019est \u00e0 cause de ses agissements que je suis devant ce tribunal \u00bb - UNIVERSNEWS224\",\"isPartOf\":{\"@id\":\"https:\/\/universnews224.com\/#website\"},\"datePublished\":\"2023-02-01T17:46:12+00:00\",\"dateModified\":\"2023-02-01T17:46:12+00:00\",\"inLanguage\":\"fr-FR\",\"potentialAction\":[{\"@type\":\"ReadAction\",\"target\":[\"https:\/\/universnews224.com\/index.php\/blaise-goumou-jen-veux-a-toumba-parce-que-cest-a-cause-de-ses-agissements-que-je-suis-devant-ce-tribunal\/\"]}]},{\"@type\":\"WebSite\",\"@id\":\"https:\/\/universnews224.com\/#website\",\"url\":\"https:\/\/universnews224.com\/\",\"name\":\"UNIVERSNEWS224\",\"description\":\"\",\"publisher\":{\"@id\":\"https:\/\/universnews224.com\/#organization\"},\"potentialAction\":[{\"@type\":\"SearchAction\",\"target\":{\"@type\":\"EntryPoint\",\"urlTemplate\":\"https:\/\/universnews224.com\/?s={search_term_string}\"},\"query-input\":\"required name=search_term_string\"}],\"inLanguage\":\"fr-FR\"},{\"@type\":\"Organization\",\"@id\":\"https:\/\/universnews224.com\/#organization\",\"name\":\"UNIVERSNEWS224\",\"url\":\"https:\/\/universnews224.com\/\",\"logo\":{\"@type\":\"ImageObject\",\"inLanguage\":\"fr-FR\",\"@id\":\"https:\/\/universnews224.com\/#\/schema\/logo\/image\/\",\"url\":\"https:\/\/universnews224.com\/wp-content\/uploads\/2022\/08\/cropped-cropped-logoban.jpg\",\"contentUrl\":\"https:\/\/universnews224.com\/wp-content\/uploads\/2022\/08\/cropped-cropped-logoban.jpg\",\"width\":1080,\"height\":138,\"caption\":\"UNIVERSNEWS224\"},\"image\":{\"@id\":\"https:\/\/universnews224.com\/#\/schema\/logo\/image\/\"}},{\"@type\":\"Person\",\"@id\":\"https:\/\/universnews224.com\/#\/schema\/person\/a4b7d4f94a4716df60456a491260485e\",\"name\":\"La R\u00e9daction\",\"image\":{\"@type\":\"ImageObject\",\"inLanguage\":\"fr-FR\",\"@id\":\"https:\/\/universnews224.com\/#\/schema\/person\/image\/\",\"url\":\"https:\/\/secure.gravatar.com\/avatar\/edb90acc7752b23e1b3307ad36c14f0d?s=96&d=mm&r=g\",\"contentUrl\":\"https:\/\/secure.gravatar.com\/avatar\/edb90acc7752b23e1b3307ad36c14f0d?s=96&d=mm&r=g\",\"caption\":\"La R\u00e9daction\"},\"sameAs\":[\"https:\/\/universnews224.com\"],\"url\":\"https:\/\/universnews224.com\/index.php\/author\/m-camara\/\"}]}<\/script>\n<!-- \/ Yoast SEO plugin. -->","yoast_head_json":{"title":"Blaise Goumou : \u00ab j\u2019en veux \u00e0 Toumba parce que, c\u2019est \u00e0 cause de ses agissements que je suis devant ce tribunal \u00bb - UNIVERSNEWS224","robots":{"index":"index","follow":"follow","max-snippet":"max-snippet:-1","max-image-preview":"max-image-preview:large","max-video-preview":"max-video-preview:-1"},"canonical":"https:\/\/universnews224.com\/index.php\/blaise-goumou-jen-veux-a-toumba-parce-que-cest-a-cause-de-ses-agissements-que-je-suis-devant-ce-tribunal\/","og_locale":"fr_FR","og_type":"article","og_title":"Blaise Goumou : \u00ab j\u2019en veux \u00e0 Toumba parce que, c\u2019est \u00e0 cause de ses agissements que je suis devant ce tribunal \u00bb - UNIVERSNEWS224","og_description":"Depuis qu\u2019il a commenc\u00e9 son interrogatoire le mercredi dernier, le colonel Blaise Goumou n\u2019a pas","og_url":"https:\/\/universnews224.com\/index.php\/blaise-goumou-jen-veux-a-toumba-parce-que-cest-a-cause-de-ses-agissements-que-je-suis-devant-ce-tribunal\/","og_site_name":"UNIVERSNEWS224","article_published_time":"2023-02-01T17:46:12+00:00","og_image":[{"width":1152,"height":745,"url":"https:\/\/universnews224.com\/wp-content\/uploads\/2023\/02\/6E4B7881-9FF5-4B01-8994-D62F27B30A0F.jpeg","type":"image\/jpeg"}],"author":"La R\u00e9daction","twitter_misc":{"\u00c9crit par":"La R\u00e9daction","Dur\u00e9e de lecture estim\u00e9e":"2 minutes"},"schema":{"@context":"https:\/\/schema.org","@graph":[{"@type":"Article","@id":"https:\/\/universnews224.com\/index.php\/blaise-goumou-jen-veux-a-toumba-parce-que-cest-a-cause-de-ses-agissements-que-je-suis-devant-ce-tribunal\/#article","isPartOf":{"@id":"https:\/\/universnews224.com\/index.php\/blaise-goumou-jen-veux-a-toumba-parce-que-cest-a-cause-de-ses-agissements-que-je-suis-devant-ce-tribunal\/"},"author":{"name":"La R\u00e9daction","@id":"https:\/\/universnews224.com\/#\/schema\/person\/a4b7d4f94a4716df60456a491260485e"},"headline":"Blaise Goumou : \u00ab j\u2019en veux \u00e0 Toumba parce que, c\u2019est \u00e0 cause de ses agissements que je suis devant ce tribunal \u00bb","datePublished":"2023-02-01T17:46:12+00:00","dateModified":"2023-02-01T17:46:12+00:00","mainEntityOfPage":{"@id":"https:\/\/universnews224.com\/index.php\/blaise-goumou-jen-veux-a-toumba-parce-que-cest-a-cause-de-ses-agissements-que-je-suis-devant-ce-tribunal\/"},"wordCount":415,"publisher":{"@id":"https:\/\/universnews224.com\/#organization"},"keywords":["La une"],"articleSection":["ACTU","POLITIQUE"],"inLanguage":"fr-FR"},{"@type":"WebPage","@id":"https:\/\/universnews224.com\/index.php\/blaise-goumou-jen-veux-a-toumba-parce-que-cest-a-cause-de-ses-agissements-que-je-suis-devant-ce-tribunal\/","url":"https:\/\/universnews224.com\/index.php\/blaise-goumou-jen-veux-a-toumba-parce-que-cest-a-cause-de-ses-agissements-que-je-suis-devant-ce-tribunal\/","name":"Blaise Goumou : \u00ab j\u2019en veux \u00e0 Toumba parce que, c\u2019est \u00e0 cause de ses agissements que je suis devant ce tribunal \u00bb - UNIVERSNEWS224","isPartOf":{"@id":"https:\/\/universnews224.com\/#website"},"datePublished":"2023-02-01T17:46:12+00:00","dateModified":"2023-02-01T17:46:12+00:00","inLanguage":"fr-FR","potentialAction":[{"@type":"ReadAction","target":["https:\/\/universnews224.com\/index.php\/blaise-goumou-jen-veux-a-toumba-parce-que-cest-a-cause-de-ses-agissements-que-je-suis-devant-ce-tribunal\/"]}]},{"@type":"WebSite","@id":"https:\/\/universnews224.com\/#website","url":"https:\/\/universnews224.com\/","name":"UNIVERSNEWS224","description":"","publisher":{"@id":"https:\/\/universnews224.com\/#organization"},"potentialAction":[{"@type":"SearchAction","target":{"@type":"EntryPoint","urlTemplate":"https:\/\/universnews224.com\/?s={search_term_string}"},"query-input":"required name=search_term_string"}],"inLanguage":"fr-FR"},{"@type":"Organization","@id":"https:\/\/universnews224.com\/#organization","name":"UNIVERSNEWS224","url":"https:\/\/universnews224.com\/","logo":{"@type":"ImageObject","inLanguage":"fr-FR","@id":"https:\/\/universnews224.com\/#\/schema\/logo\/image\/","url":"https:\/\/universnews224.com\/wp-content\/uploads\/2022\/08\/cropped-cropped-logoban.jpg","contentUrl":"https:\/\/universnews224.com\/wp-content\/uploads\/2022\/08\/cropped-cropped-logoban.jpg","width":1080,"height":138,"caption":"UNIVERSNEWS224"},"image":{"@id":"https:\/\/universnews224.com\/#\/schema\/logo\/image\/"}},{"@type":"Person","@id":"https:\/\/universnews224.com\/#\/schema\/person\/a4b7d4f94a4716df60456a491260485e","name":"La R\u00e9daction","image":{"@type":"ImageObject","inLanguage":"fr-FR","@id":"https:\/\/universnews224.com\/#\/schema\/person\/image\/","url":"https:\/\/secure.gravatar.com\/avatar\/edb90acc7752b23e1b3307ad36c14f0d?s=96&d=mm&r=g","contentUrl":"https:\/\/secure.gravatar.com\/avatar\/edb90acc7752b23e1b3307ad36c14f0d?s=96&d=mm&r=g","caption":"La R\u00e9daction"},"sameAs":["https:\/\/universnews224.com"],"url":"https:\/\/universnews224.com\/index.php\/author\/m-camara\/"}]}},"_links":{"self":[{"href":"https:\/\/universnews224.com\/index.php\/wp-json\/wp\/v2\/posts\/2892"}],"collection":[{"href":"https:\/\/universnews224.com\/index.php\/wp-json\/wp\/v2\/posts"}],"about":[{"href":"https:\/\/universnews224.com\/index.php\/wp-json\/wp\/v2\/types\/post"}],"author":[{"embeddable":true,"href":"https:\/\/universnews224.com\/index.php\/wp-json\/wp\/v2\/users\/2"}],"replies":[{"embeddable":true,"href":"https:\/\/universnews224.com\/index.php\/wp-json\/wp\/v2\/comments?post=2892"}],"version-history":[{"count":1,"href":"https:\/\/universnews224.com\/index.php\/wp-json\/wp\/v2\/posts\/2892\/revisions"}],"predecessor-version":[{"id":2894,"href":"https:\/\/universnews224.com\/index.php\/wp-json\/wp\/v2\/posts\/2892\/revisions\/2894"}],"wp:featuredmedia":[{"embeddable":true,"href":"https:\/\/universnews224.com\/index.php\/wp-json\/wp\/v2\/media\/2893"}],"wp:attachment":[{"href":"https:\/\/universnews224.com\/index.php\/wp-json\/wp\/v2\/media?parent=2892"}],"wp:term":[{"taxonomy":"category","embeddable":true,"href":"https:\/\/universnews224.com\/index.php\/wp-json\/wp\/v2\/categories?post=2892"},{"taxonomy":"post_tag","embeddable":true,"href":"https:\/\/universnews224.com\/index.php\/wp-json\/wp\/v2\/tags?post=2892"}],"curies":[{"name":"wp","href":"https:\/\/api.w.org\/{rel}","templated":true}]}}