{"id":2906,"date":"2023-02-03T13:36:51","date_gmt":"2023-02-03T12:36:51","guid":{"rendered":"https:\/\/universnews224.com\/?p=2906"},"modified":"2023-02-03T13:36:51","modified_gmt":"2023-02-03T12:36:51","slug":"me-bea-sur-le-cas-de-nanfo-nous-remercions-monsieur-le-ministre-de-la-justice-pour-cette-sortie","status":"publish","type":"post","link":"https:\/\/universnews224.com\/index.php\/me-bea-sur-le-cas-de-nanfo-nous-remercions-monsieur-le-ministre-de-la-justice-pour-cette-sortie\/","title":{"rendered":"Me B\u00e9a sur le cas de Nanfo: \u00abNous remercions monsieur le ministre de la justice pour cette sortie\u00bb"},"content":{"rendered":"<p class=\"p1\">Lors de sa rencontre avec le grand imam de Kankan, le ministre de la justice, garde des sceaux Alphonse Charles a \u00e9t\u00e9 interpell\u00e9 sur le cas de Nanfo Diaby, ce pr\u00e9dicateur qui officie en langue N\u2019ko. En r\u00e9ponse Charles Wright a d\u00e9clar\u00e9 que \u00absi Nanfo veut, il n\u2019a qu\u2019\u00e0 prier en Chinois, je dois respecter son droit\u00bb. Une sortie qui fait couler beaucoup d\u2019encre et de salive au sein de l\u2019opinion.<\/p>\n<p class=\"p1\"><span class=\"s1\">Interrog\u00e9 sur cette sortie du garde des sceaux, Me Salifou B\u00e9avogui, l\u2019un des avocats d\u2019Ismael Nanfo Diaby se r\u00e9jouit de cette d\u00e9claration qui vient r\u00e9conforter son client dans sa position. <\/span><\/p>\n<p class=\"p1\"><span class=\"s1\">\u00abNous remercions monsieur le ministre de la justice pour cette sortie. C\u2019est r\u00e9confortant, c\u2019est \u00e7a le droit. Sans le droit, c\u2019est l\u2019injustice qui s\u2019installe malheureusement . Dieu merci, je suis tr\u00e8s content, je pense que mon client est tr\u00e8s content aussi. \u00c0 travers cette sortie, je pense qu\u2019il pourrait avoir la paix du c\u0153ur\u00bb, a t-il indiqu\u00e9. <\/span><\/p>\n<p class=\"p1\"><span class=\"s1\">Pour Me B\u00e9a, cette sortie du ministre de la justice vient r\u00e9parer l\u2019injustice que son client a subie pendant plusieurs ann\u00e9es. <\/span><\/p>\n<p class=\"p1\"><span class=\"s1\">\u00abDepuis 2000 ce pr\u00e9dicateur, ce professeur d\u2019arabe dou\u00e9 d\u2019un savoir in\u00e9puisable fait l\u2019objet de menaces de pers\u00e9cution, d\u2019intimidation de tout genre pour sa foi religieuse. Il a \u00e9t\u00e9 violent\u00e9,<span class=\"Apple-converted-space\">\u00a0 <\/span>arr\u00eat\u00e9 et emprisonn\u00e9 dans une injustice inqualifiable. Par la suite, le secr\u00e9taire g\u00e9n\u00e9ral des affaires religieuses a pris une d\u00e9cision et cette d\u00e9cision l\u2019interdisait de toutes les activit\u00e9s religieuses R\u00e9publique de Guin\u00e9e. Face \u00e0 cette atteinte grave et intol\u00e9rable notamment, aux articles 10 et 11 de l\u2019ancienne constitution et reconduite dans la charte de la transition qui fait de la Guin\u00e9e, une R\u00e9publique la\u00efque. Donc, monsieur Ismael Nanfo Diaby a subit toute sorte d\u2019injustice. Il a \u00e9t\u00e9 gaz\u00e9 pendant une f\u00eate religieuse, la police a fait irruption dans son domicile. On l\u2019a arr\u00eat\u00e9, nous nous sommes battus, les juges n\u2019ont pas compris, il a \u00e9t\u00e9 condamn\u00e9 pour 4 mois de prison. La cour supr\u00eame a infirm\u00e9 cette d\u00e9cision pour dire que c\u2019est une contravention. Alors qu\u2019il ne m\u00e9ritait pas d\u2019\u00eatre emprisonn\u00e9, priv\u00e9 de sa libert\u00e9. Il a toujours \u00e9t\u00e9 pers\u00e9cut\u00e9, intimid\u00e9, violent\u00e9 par des personnes qui \u00e9taient au dessus de la loi. Donc, cette sortie du ministre vient rectifier cette injustice\u00bb, a t-il indiqu\u00e9. <\/span><\/p>\n<p class=\"p1\"><span class=\"s1\">Plus loin, Me Salifou B\u00e9avogui compte saisir le ministre de la justice pour que celui-ci puisse enjoindre au procureur g\u00e9n\u00e9ral pr\u00e8s de la cour supr\u00eame, d\u2019ouvrir ce dossier pour exc\u00e8s de pouvoir. <\/span><\/p>\n<p class=\"p1\"><span class=\"s1\">\u00abAujourd\u2019hui, Dieu merci avec la sortie de garde des sceaux, nous allons<span class=\"Apple-converted-space\">\u00a0 <\/span>imm\u00e9diatement introduire un recours en bonne et d\u00fb forme. Nous avons la d\u00e9cision de la cour supr\u00eame dans le dossier de la proc\u00e9dure. Nous allons revenir \u00e0 la charge,<span class=\"Apple-converted-space\">\u00a0 <\/span>nous allons saisir le ministre de la justice pour qu\u2019il puisse enjoindre \u00e0 monsieur le procureur g\u00e9n\u00e9ral pr\u00e8s de la cour supr\u00eame de Guin\u00e9e d\u2019ouvrir ce dossier pour exc\u00e8s de pouvoir et pour fausse application de la loi. Nous allons le solliciter et nous pensons l\u2019obtenir\u00bb, a t-il martel\u00e9. <\/span><\/p>\n<p class=\"p1\"><span class=\"s1\">Camara Mamadouba <\/span><\/p>\n<p class=\"p1\"><span class=\"s1\">611 46 04 10 <\/span><\/p>\n","protected":false},"excerpt":{"rendered":"<p>Lors de sa rencontre avec le grand imam de Kankan, le ministre de la justice,<\/p>\n","protected":false},"author":2,"featured_media":2907,"comment_status":"closed","ping_status":"open","sticky":false,"template":"","format":"standard","meta":[],"categories":[3,4],"tags":[229],"yoast_head":"<!-- This site is optimized with the Yoast SEO plugin v19.13 - https:\/\/yoast.com\/wordpress\/plugins\/seo\/ -->\n<title>Me B\u00e9a sur le cas de Nanfo: \u00abNous remercions monsieur le ministre de la justice pour cette sortie\u00bb - UNIVERSNEWS224<\/title>\n<meta name=\"robots\" content=\"index, follow, max-snippet:-1, max-image-preview:large, max-video-preview:-1\" \/>\n<link rel=\"canonical\" href=\"https:\/\/universnews224.com\/index.php\/me-bea-sur-le-cas-de-nanfo-nous-remercions-monsieur-le-ministre-de-la-justice-pour-cette-sortie\/\" \/>\n<meta property=\"og:locale\" content=\"fr_FR\" \/>\n<meta property=\"og:type\" content=\"article\" \/>\n<meta property=\"og:title\" content=\"Me B\u00e9a sur le cas de Nanfo: \u00abNous remercions monsieur le ministre de la justice pour cette sortie\u00bb - UNIVERSNEWS224\" \/>\n<meta property=\"og:description\" content=\"Lors de sa rencontre avec le grand imam de Kankan, le ministre de la justice,\" \/>\n<meta property=\"og:url\" content=\"https:\/\/universnews224.com\/index.php\/me-bea-sur-le-cas-de-nanfo-nous-remercions-monsieur-le-ministre-de-la-justice-pour-cette-sortie\/\" \/>\n<meta property=\"og:site_name\" content=\"UNIVERSNEWS224\" \/>\n<meta property=\"article:published_time\" content=\"2023-02-03T12:36:51+00:00\" \/>\n<meta property=\"og:image\" content=\"https:\/\/universnews224.com\/wp-content\/uploads\/2023\/02\/C68110A2-7A4A-4E35-9423-29C83C168F74.jpeg\" \/>\n\t<meta property=\"og:image:width\" content=\"480\" \/>\n\t<meta property=\"og:image:height\" content=\"360\" \/>\n\t<meta property=\"og:image:type\" content=\"image\/jpeg\" \/>\n<meta name=\"author\" content=\"La R\u00e9daction\" \/>\n<meta name=\"twitter:label1\" content=\"\u00c9crit par\" \/>\n\t<meta name=\"twitter:data1\" content=\"La R\u00e9daction\" \/>\n\t<meta name=\"twitter:label2\" content=\"Dur\u00e9e de lecture estim\u00e9e\" \/>\n\t<meta name=\"twitter:data2\" content=\"3 minutes\" \/>\n<script type=\"application\/ld+json\" class=\"yoast-schema-graph\">{\"@context\":\"https:\/\/schema.org\",\"@graph\":[{\"@type\":\"Article\",\"@id\":\"https:\/\/universnews224.com\/index.php\/me-bea-sur-le-cas-de-nanfo-nous-remercions-monsieur-le-ministre-de-la-justice-pour-cette-sortie\/#article\",\"isPartOf\":{\"@id\":\"https:\/\/universnews224.com\/index.php\/me-bea-sur-le-cas-de-nanfo-nous-remercions-monsieur-le-ministre-de-la-justice-pour-cette-sortie\/\"},\"author\":{\"name\":\"La R\u00e9daction\",\"@id\":\"https:\/\/universnews224.com\/#\/schema\/person\/a4b7d4f94a4716df60456a491260485e\"},\"headline\":\"Me B\u00e9a sur le cas de Nanfo: \u00abNous remercions monsieur le ministre de la justice pour cette sortie\u00bb\",\"datePublished\":\"2023-02-03T12:36:51+00:00\",\"dateModified\":\"2023-02-03T12:36:51+00:00\",\"mainEntityOfPage\":{\"@id\":\"https:\/\/universnews224.com\/index.php\/me-bea-sur-le-cas-de-nanfo-nous-remercions-monsieur-le-ministre-de-la-justice-pour-cette-sortie\/\"},\"wordCount\":588,\"publisher\":{\"@id\":\"https:\/\/universnews224.com\/#organization\"},\"keywords\":[\"La une\"],\"articleSection\":[\"ACTU\",\"POLITIQUE\"],\"inLanguage\":\"fr-FR\"},{\"@type\":\"WebPage\",\"@id\":\"https:\/\/universnews224.com\/index.php\/me-bea-sur-le-cas-de-nanfo-nous-remercions-monsieur-le-ministre-de-la-justice-pour-cette-sortie\/\",\"url\":\"https:\/\/universnews224.com\/index.php\/me-bea-sur-le-cas-de-nanfo-nous-remercions-monsieur-le-ministre-de-la-justice-pour-cette-sortie\/\",\"name\":\"Me B\u00e9a sur le cas de Nanfo: \u00abNous remercions monsieur le ministre de la justice pour cette sortie\u00bb - UNIVERSNEWS224\",\"isPartOf\":{\"@id\":\"https:\/\/universnews224.com\/#website\"},\"datePublished\":\"2023-02-03T12:36:51+00:00\",\"dateModified\":\"2023-02-03T12:36:51+00:00\",\"inLanguage\":\"fr-FR\",\"potentialAction\":[{\"@type\":\"ReadAction\",\"target\":[\"https:\/\/universnews224.com\/index.php\/me-bea-sur-le-cas-de-nanfo-nous-remercions-monsieur-le-ministre-de-la-justice-pour-cette-sortie\/\"]}]},{\"@type\":\"WebSite\",\"@id\":\"https:\/\/universnews224.com\/#website\",\"url\":\"https:\/\/universnews224.com\/\",\"name\":\"UNIVERSNEWS224\",\"description\":\"\",\"publisher\":{\"@id\":\"https:\/\/universnews224.com\/#organization\"},\"potentialAction\":[{\"@type\":\"SearchAction\",\"target\":{\"@type\":\"EntryPoint\",\"urlTemplate\":\"https:\/\/universnews224.com\/?s={search_term_string}\"},\"query-input\":\"required name=search_term_string\"}],\"inLanguage\":\"fr-FR\"},{\"@type\":\"Organization\",\"@id\":\"https:\/\/universnews224.com\/#organization\",\"name\":\"UNIVERSNEWS224\",\"url\":\"https:\/\/universnews224.com\/\",\"logo\":{\"@type\":\"ImageObject\",\"inLanguage\":\"fr-FR\",\"@id\":\"https:\/\/universnews224.com\/#\/schema\/logo\/image\/\",\"url\":\"https:\/\/universnews224.com\/wp-content\/uploads\/2022\/08\/cropped-cropped-logoban.jpg\",\"contentUrl\":\"https:\/\/universnews224.com\/wp-content\/uploads\/2022\/08\/cropped-cropped-logoban.jpg\",\"width\":1080,\"height\":138,\"caption\":\"UNIVERSNEWS224\"},\"image\":{\"@id\":\"https:\/\/universnews224.com\/#\/schema\/logo\/image\/\"}},{\"@type\":\"Person\",\"@id\":\"https:\/\/universnews224.com\/#\/schema\/person\/a4b7d4f94a4716df60456a491260485e\",\"name\":\"La R\u00e9daction\",\"image\":{\"@type\":\"ImageObject\",\"inLanguage\":\"fr-FR\",\"@id\":\"https:\/\/universnews224.com\/#\/schema\/person\/image\/\",\"url\":\"https:\/\/secure.gravatar.com\/avatar\/edb90acc7752b23e1b3307ad36c14f0d?s=96&d=mm&r=g\",\"contentUrl\":\"https:\/\/secure.gravatar.com\/avatar\/edb90acc7752b23e1b3307ad36c14f0d?s=96&d=mm&r=g\",\"caption\":\"La R\u00e9daction\"},\"sameAs\":[\"https:\/\/universnews224.com\"],\"url\":\"https:\/\/universnews224.com\/index.php\/author\/m-camara\/\"}]}<\/script>\n<!-- \/ Yoast SEO plugin. -->","yoast_head_json":{"title":"Me B\u00e9a sur le cas de Nanfo: \u00abNous remercions monsieur le ministre de la justice pour cette sortie\u00bb - UNIVERSNEWS224","robots":{"index":"index","follow":"follow","max-snippet":"max-snippet:-1","max-image-preview":"max-image-preview:large","max-video-preview":"max-video-preview:-1"},"canonical":"https:\/\/universnews224.com\/index.php\/me-bea-sur-le-cas-de-nanfo-nous-remercions-monsieur-le-ministre-de-la-justice-pour-cette-sortie\/","og_locale":"fr_FR","og_type":"article","og_title":"Me B\u00e9a sur le cas de Nanfo: \u00abNous remercions monsieur le ministre de la justice pour cette sortie\u00bb - UNIVERSNEWS224","og_description":"Lors de sa rencontre avec le grand imam de Kankan, le ministre de la justice,","og_url":"https:\/\/universnews224.com\/index.php\/me-bea-sur-le-cas-de-nanfo-nous-remercions-monsieur-le-ministre-de-la-justice-pour-cette-sortie\/","og_site_name":"UNIVERSNEWS224","article_published_time":"2023-02-03T12:36:51+00:00","og_image":[{"width":480,"height":360,"url":"https:\/\/universnews224.com\/wp-content\/uploads\/2023\/02\/C68110A2-7A4A-4E35-9423-29C83C168F74.jpeg","type":"image\/jpeg"}],"author":"La R\u00e9daction","twitter_misc":{"\u00c9crit par":"La R\u00e9daction","Dur\u00e9e de lecture estim\u00e9e":"3 minutes"},"schema":{"@context":"https:\/\/schema.org","@graph":[{"@type":"Article","@id":"https:\/\/universnews224.com\/index.php\/me-bea-sur-le-cas-de-nanfo-nous-remercions-monsieur-le-ministre-de-la-justice-pour-cette-sortie\/#article","isPartOf":{"@id":"https:\/\/universnews224.com\/index.php\/me-bea-sur-le-cas-de-nanfo-nous-remercions-monsieur-le-ministre-de-la-justice-pour-cette-sortie\/"},"author":{"name":"La R\u00e9daction","@id":"https:\/\/universnews224.com\/#\/schema\/person\/a4b7d4f94a4716df60456a491260485e"},"headline":"Me B\u00e9a sur le cas de Nanfo: \u00abNous remercions monsieur le ministre de la justice pour cette sortie\u00bb","datePublished":"2023-02-03T12:36:51+00:00","dateModified":"2023-02-03T12:36:51+00:00","mainEntityOfPage":{"@id":"https:\/\/universnews224.com\/index.php\/me-bea-sur-le-cas-de-nanfo-nous-remercions-monsieur-le-ministre-de-la-justice-pour-cette-sortie\/"},"wordCount":588,"publisher":{"@id":"https:\/\/universnews224.com\/#organization"},"keywords":["La une"],"articleSection":["ACTU","POLITIQUE"],"inLanguage":"fr-FR"},{"@type":"WebPage","@id":"https:\/\/universnews224.com\/index.php\/me-bea-sur-le-cas-de-nanfo-nous-remercions-monsieur-le-ministre-de-la-justice-pour-cette-sortie\/","url":"https:\/\/universnews224.com\/index.php\/me-bea-sur-le-cas-de-nanfo-nous-remercions-monsieur-le-ministre-de-la-justice-pour-cette-sortie\/","name":"Me B\u00e9a sur le cas de Nanfo: \u00abNous remercions monsieur le ministre de la justice pour cette sortie\u00bb - UNIVERSNEWS224","isPartOf":{"@id":"https:\/\/universnews224.com\/#website"},"datePublished":"2023-02-03T12:36:51+00:00","dateModified":"2023-02-03T12:36:51+00:00","inLanguage":"fr-FR","potentialAction":[{"@type":"ReadAction","target":["https:\/\/universnews224.com\/index.php\/me-bea-sur-le-cas-de-nanfo-nous-remercions-monsieur-le-ministre-de-la-justice-pour-cette-sortie\/"]}]},{"@type":"WebSite","@id":"https:\/\/universnews224.com\/#website","url":"https:\/\/universnews224.com\/","name":"UNIVERSNEWS224","description":"","publisher":{"@id":"https:\/\/universnews224.com\/#organization"},"potentialAction":[{"@type":"SearchAction","target":{"@type":"EntryPoint","urlTemplate":"https:\/\/universnews224.com\/?s={search_term_string}"},"query-input":"required name=search_term_string"}],"inLanguage":"fr-FR"},{"@type":"Organization","@id":"https:\/\/universnews224.com\/#organization","name":"UNIVERSNEWS224","url":"https:\/\/universnews224.com\/","logo":{"@type":"ImageObject","inLanguage":"fr-FR","@id":"https:\/\/universnews224.com\/#\/schema\/logo\/image\/","url":"https:\/\/universnews224.com\/wp-content\/uploads\/2022\/08\/cropped-cropped-logoban.jpg","contentUrl":"https:\/\/universnews224.com\/wp-content\/uploads\/2022\/08\/cropped-cropped-logoban.jpg","width":1080,"height":138,"caption":"UNIVERSNEWS224"},"image":{"@id":"https:\/\/universnews224.com\/#\/schema\/logo\/image\/"}},{"@type":"Person","@id":"https:\/\/universnews224.com\/#\/schema\/person\/a4b7d4f94a4716df60456a491260485e","name":"La R\u00e9daction","image":{"@type":"ImageObject","inLanguage":"fr-FR","@id":"https:\/\/universnews224.com\/#\/schema\/person\/image\/","url":"https:\/\/secure.gravatar.com\/avatar\/edb90acc7752b23e1b3307ad36c14f0d?s=96&d=mm&r=g","contentUrl":"https:\/\/secure.gravatar.com\/avatar\/edb90acc7752b23e1b3307ad36c14f0d?s=96&d=mm&r=g","caption":"La R\u00e9daction"},"sameAs":["https:\/\/universnews224.com"],"url":"https:\/\/universnews224.com\/index.php\/author\/m-camara\/"}]}},"_links":{"self":[{"href":"https:\/\/universnews224.com\/index.php\/wp-json\/wp\/v2\/posts\/2906"}],"collection":[{"href":"https:\/\/universnews224.com\/index.php\/wp-json\/wp\/v2\/posts"}],"about":[{"href":"https:\/\/universnews224.com\/index.php\/wp-json\/wp\/v2\/types\/post"}],"author":[{"embeddable":true,"href":"https:\/\/universnews224.com\/index.php\/wp-json\/wp\/v2\/users\/2"}],"replies":[{"embeddable":true,"href":"https:\/\/universnews224.com\/index.php\/wp-json\/wp\/v2\/comments?post=2906"}],"version-history":[{"count":1,"href":"https:\/\/universnews224.com\/index.php\/wp-json\/wp\/v2\/posts\/2906\/revisions"}],"predecessor-version":[{"id":2908,"href":"https:\/\/universnews224.com\/index.php\/wp-json\/wp\/v2\/posts\/2906\/revisions\/2908"}],"wp:featuredmedia":[{"embeddable":true,"href":"https:\/\/universnews224.com\/index.php\/wp-json\/wp\/v2\/media\/2907"}],"wp:attachment":[{"href":"https:\/\/universnews224.com\/index.php\/wp-json\/wp\/v2\/media?parent=2906"}],"wp:term":[{"taxonomy":"category","embeddable":true,"href":"https:\/\/universnews224.com\/index.php\/wp-json\/wp\/v2\/categories?post=2906"},{"taxonomy":"post_tag","embeddable":true,"href":"https:\/\/universnews224.com\/index.php\/wp-json\/wp\/v2\/tags?post=2906"}],"curies":[{"name":"wp","href":"https:\/\/api.w.org\/{rel}","templated":true}]}}