{"id":2909,"date":"2023-02-03T15:24:47","date_gmt":"2023-02-03T14:24:47","guid":{"rendered":"https:\/\/universnews224.com\/?p=2909"},"modified":"2023-02-03T15:24:47","modified_gmt":"2023-02-03T14:24:47","slug":"compte-rendu-du-conseil-des-ministres-du-jeudi-02-fevrier-2023","status":"publish","type":"post","link":"https:\/\/universnews224.com\/index.php\/compte-rendu-du-conseil-des-ministres-du-jeudi-02-fevrier-2023\/","title":{"rendered":"COMPTE RENDU DU CONSEIL DES MINISTRES DU JEUDI 02 F\u00c9VRIER 2023"},"content":{"rendered":"<p>La Session Ordinaire du Conseil des Ministres s\u2019est tenue ce <b>jeudi 02 F\u00e9vrier 2023 de 10H \u00e0 12H<\/b>, sous la\u00a0Haute Autorit\u00e9 de <b>son Excellence Monsieur le Pr\u00e9sident du CNRD, Pr\u00e9sident de la Transition, Chef de l\u2019Etat, Chef Supr\u00eame des Arm\u00e9es, le Colonel Mamadi DOUMBOUYA.<\/b><b><\/b><\/p>\n<p>Les points suivants \u00e9taient inscrits \u00e0 l\u2019ordre du jour\u00a0:<\/p>\n<p><b>I. MESSAGE DE SON EXCELLENCE MONSIEUR LE PRESIDENT DE LA TRANSITION\u00a0<\/b><b>;<\/b><b><\/b><\/p>\n<p><b>II. COMPTE RENDU DE LA SESSION ORDINAIRE DU CONSEIL INTERMINISTERIEL DU MARDI 31 JANVIER 2023\u00a0<\/b><b>;<\/b><b><\/b><\/p>\n<p><b>III. D\u00c9CISIONS DU CONSEIL DES MINISTRES\u00a0<\/b><b>;<\/b><b><\/b><\/p>\n<p><b>IV. DIVERS<\/b><b>.<\/b><\/p>\n<div><\/div>\n<div><\/div>\n<p><b>I. MESSAGE DE SON EXCELLENCE MONSIEUR LE PR\u00c9SIDENT DE LA TRANSITION<\/b><b><\/b><\/p>\n<p><b>Monsieur le Pr\u00e9sident du CNRD, Pr\u00e9sident de la Transition, Chef de l\u2019Etat, Chef Supr\u00eame des Arm\u00e9es<\/b><b>,<\/b><b>\u00a0Son Excellence\u00a0<\/b><b>le\u00a0<\/b><b>Colonel Mamadi Doumbouya<\/b> a,\u00a0dans son message,\u00a0fait le rappel des trois (03) d\u00e9cisions prises en Conseil des Ministres \u00e0 savoir :<\/p>\n<p>1. Des dividendes vers\u00e9es \u00e0 l\u2019Etat ;<\/p>\n<p>2. Des projets en cours ;<\/p>\n<p>3. Du rapatriement des avoirs de l\u2019Etat.<\/p>\n<p>Au titre du premier point : le Chef de l\u2019Etat a rappel\u00e9 qu\u2019un compte-rendu d\u2019\u00e9tape sur les dividendes avait \u00e9t\u00e9 fait pour les deux premi\u00e8res semaines de recouvrement.<\/p>\n<p>A date, le Pr\u00e9sident de la Transition a instruit les Ministres concern\u00e9s de lui faire un point global sur le niveau d\u2019ex\u00e9cution de recouvrement des dividendes.<\/p>\n<p>Dans la m\u00eame dynamique, il a \u00e9mis le souhait de savoir le montant global issu de l\u2019ex\u00e9cution de cette instruction et\u00a0conna\u00eetre\u00a0quelles sont les mesures prises pour pallier les manquements, notamment l\u2019op\u00e9rationnalisation effective de la Direction du Portefeuille,\u00a0pour une gestion efficiente des avoirs de l\u2019Etat.<\/p>\n<p>Au titre du deuxi\u00e8me point relatif aux projets en cours, le Chef de l\u2019Etat a rappel\u00e9 \u00e9galement avoir instruit chaque Ministre de lui faire parvenir dans un d\u00e9lai d\u2019une semaine par courrier, la liste de l\u2019ensemble des travaux et projets en cours d\u2019ex\u00e9cution et ceux budg\u00e9tis\u00e9s pour l\u2019exercice 2023.<\/p>\n<p>A ce sujet, le Pr\u00e9sident de la Transition a pr\u00e9cis\u00e9 que cette instruction ne souffrira pas\u00a0de retard\u00a0d\u2019ex\u00e9cution et mieux,\u00a0il faudra faire parvenir \u00e0 son Cabinet l\u2019ensemble des documents synth\u00e8ses.<\/p>\n<p>Aussi, le Chef de l\u2019Etat a ordonn\u00e9 \u00e0 son cabinet de proc\u00e9der \u00e0 une analyse minutieuse de ces projets pour en faire un compte-rendu sur ceux n\u00e9cessitant un suivi particulier et\/ou un accompagnement.<\/p>\n<p>Au titre du troisi\u00e8me point relatif au rapatriement des avoirs de l\u2019Etat, le Pr\u00e9sident de la Transition a mis en demeure les Ministres concern\u00e9s de lui apporter des \u00e9claircissements non seulement sur le montant des avoirs rapatri\u00e9s \u00e0 date \u00e0 la Banque Centrale et \u00e0 la Banque Nationale d\u2019Investissement de Guin\u00e9e (BNIG) au compte des EPA et soci\u00e9t\u00e9s publiques, mais aussi sur le nombre d\u2019entit\u00e9s qui ne sont pas encore ex\u00e9cut\u00e9es,\u00a0moyennant justifications.<\/p>\n<p>Au plus tard\u00a0le\u00a0lundi, le Chef de l\u2019Etat a exig\u00e9 du Pool financier avec le Gouverneur de la Banque Centrale, le Directeur de la BNIG sous la coordination du Premier Ministre,\u00a0qu\u2019il lui soit pr\u00e9sent\u00e9 un m\u00e9canisme pour faire tourner la machine en mettant en avant le financement des projets de l\u2019Etat.<\/p>\n<p>Pour le Pr\u00e9sident de la Transition, il ne s\u2019agit pas de garder l\u2019argent dans les caveaux mais plut\u00f4t d\u2019en faire un levier pour supporter :<\/p>\n<p>\u27a2\u00a0L\u2019ex\u00e9cution efficace et efficiente des travaux ;<\/p>\n<p>\u27a2\u00a0Assouplir les m\u00e9canismes de pr\u00eats et les taux d\u2019int\u00e9r\u00eats pour les projets d\u2019investissement ;<\/p>\n<p>\u27a2\u00a0Att\u00e9nuer le recours aux obligations de tr\u00e9sor tout en garantissant le fonctionnement normal des EPA et des soci\u00e9t\u00e9s.<\/p>\n<p>Pour mieux assurer la desserte en \u00e9lectricit\u00e9 \u00e0 quelques mois de la saison pluvieuse et pour \u00e9viter toute \u00e9ventuelle inondation, le Chef de l\u2019Etat a interrog\u00e9 le Ministre de l\u2019Energie sur les mesures d\u2019anticipation prises pour le curage du barrage Tinkisso de Dabola.<\/p>\n<p>Par ailleurs, le Pr\u00e9sident de la Transition a instruit le Premier Ministre,\u00a0Chef du Gouvernement,\u00a0d\u2019apporter l\u2019appui n\u00e9cessaire au Minist\u00e8re du Travail et de la Fonction Publique en vue de la r\u00e9ussite effective de cette importante action de maitrise des effectifs des agents de l\u2019Etat.<\/p>\n<p>Enfin, conscient des vell\u00e9it\u00e9s de pressions inh\u00e9rentes \u00e0 une telle mission, le Chef de l\u2019Etat a exhort\u00e9 les membres du\u00a0Gouvernement de rester dans l\u2019\u00e9quilibre de la serviabilit\u00e9 du pays en vue de produire les r\u00e9sultats escompt\u00e9s pour le bien de l\u2019Administration Publique Guin\u00e9enne, car pour lui, seule la coh\u00e9sion par l\u2019unit\u00e9 d\u2019action sectorielle doit marquer cet assainissement du fichier de la\u00a0Fonction\u00a0Publique.<\/p>\n<p><b>II. COMPTE RENDU DE LA SESSION ORDINAIRE DU CONSEIL INTERMINISTERIEL DU MARDI 31 JANVIER 2023.<\/b><b><\/b><\/p>\n<p>Monsieur le <b>Premier Ministre, Chef du Gouvernement,\u00a0<\/b><b>le\u00a0<\/b><b>DOCTEUR BERNARD GOUMOU<\/b>,\u00a0a port\u00e9 son message sur quatre points (4) \u00e0 savoir :<\/p>\n<p>&#8211;\u00a0 La visite de terrain \u00e0 travers le pays\u00a0;<\/p>\n<p>&#8211; L\u2019attribution des domaines pour la construction des si\u00e8ges des entreprises\u00a0;<\/p>\n<p>&#8211; \u00a0La vulgarisation du rapport des Assises Nationales\u00a0;<\/p>\n<p>&#8211;\u00a0 La R\u00e9habilitation des a\u00e9rogares \u00e0 l&rsquo;int\u00e9rieur du pays.<\/p>\n<p>S\u2019agissant du premier point, le\u00a0Premier Ministre a inform\u00e9 qu\u2019il va entamer cette semaine une s\u00e9rie de visites de terrain pour toucher du doigt la r\u00e9alit\u00e9 des chantiers ouverts par le Gouvernement de la Transition \u00e0 travers le pays. A cet effet, pour s\u2019assurer de l&rsquo;\u00e9volution de ces chantiers, le\u00a0Premier Ministre accompagn\u00e9 du Ministre des Infrastructures et des Travaux publics a inform\u00e9 qu\u2019il a commenc\u00e9 hier mercredi 1er f\u00e9vrier 2023 sa visite par une commune de la capitale o\u00f9 les travaux routiers sont en cours.<\/p>\n<p>Dans la m\u00eame logique, le Chef du Gouvernement s\u2019est rendu dans la r\u00e9gion de Bok\u00e9 ce jeudi 02 f\u00e9vrier 2023, d\u00e8s apr\u00e8s le Conseil des Ministres pour s&rsquo;assurer non seulement\u00a0du fonctionnement de l&rsquo;Administration Publique depuis l&rsquo;immersion Gouvernementale il y a 6 mois, mais aussi de l&rsquo;\u00e9tat d&rsquo;avancement des diff\u00e9rents projets publics en cours d&rsquo;ex\u00e9cution.<\/p>\n<p>Pour une meilleure coordination et planification des activit\u00e9s, le\u00a0Chef du Gouvernement a fait savoir que son cabinet a adress\u00e9 des courriers \u00e0 chaque Minist\u00e8re ainsi qu&rsquo;\u00e0 la direction des Programmes d&rsquo;Investissements Publics afin d&rsquo;avoir des indications pr\u00e9cises sur les projets en cours, \u00e0 lancer ou \u00e0 inaugurer.<\/p>\n<p>Afin de recueillir le maximum de donn\u00e9es sectorielles li\u00e9es \u00e0 chaque Pr\u00e9fecture et R\u00e9gion, le Chef du Gouvernement a inform\u00e9 qu\u2019il sera sur le terrain avec les Gouverneurs, Pr\u00e9fets, Administrateurs Territoriaux, Elus ou D\u00e9l\u00e9gations Sp\u00e9ciales, les Entrepreneurs et Ing\u00e9nieurs des diff\u00e9rents chantiers.<\/p>\n<p>Pour le\u00a0Premier Ministre, cette ann\u00e9e \u00e9tant d\u00e9di\u00e9e\u00a0au\u00a0suivi rapproch\u00e9 des projets, il ne sera pas question de tourner en rond car le Gouvernement doit mettre le pays en chantier et veiller \u00e0 la r\u00e9alisation effective de tous les projets financ\u00e9s.<\/p>\n<p>Concernant le deuxi\u00e8me point, le Premier Ministre a inform\u00e9 avoir tenu une r\u00e9union tr\u00e8s fructueuse le lundi 30 janvier 2023 \u00e0 la Primature, autour de la construction des si\u00e8ges des entreprises mini\u00e8res en exploitation, de T\u00e9l\u00e9communications, de Banques et Assurances, de Micro-finances et de Soci\u00e9t\u00e9s Industrielles dans un d\u00e9lai de 18 mois.<\/p>\n<p>Le Chef du Gouvernement a pr\u00e9cis\u00e9 que les Ministres en charge de l&rsquo;Habitat, des T\u00e9l\u00e9communications, du Budget, de l&rsquo;Industrie, le Gouverneur de la Banque\u00a0Centrale et le Secr\u00e9taire G\u00e9n\u00e9ral des Mines ont pris part \u00e0 cette rencontre.<\/p>\n<p>Au cours de l\u2019\u00e9change, le Premier Ministre a expliqu\u00e9 que la vision du Pr\u00e9sident de la Transition \u00e0 travers cette initiative consiste \u00e0 :<\/p>\n<p>&#8211; Cr\u00e9er un \u00e9cosyst\u00e8me urbain favorable \u00e0 une vie d\u00e9cente pour nos populations de l&rsquo;int\u00e9rieur du pays ;<\/p>\n<p>&#8211; Donner une nouvelle allure \u00e0 nos Villes en favorisant des pools de d\u00e9veloppement \u00e9conomique et social.<\/p>\n<p>Pour la faisabilit\u00e9 de cette vision pr\u00e9sidentielle, le Chef du Gouvernement a invit\u00e9 le Ministre de l&rsquo;Habitat \u00e0 trouver quatre domaines tant \u00e0 Conakry que dans chaque R\u00e9gion Administrative pour abriter les diff\u00e9rents pools : Miniers,\u00a0T\u00e9l\u00e9coms et technologies,\u00a0Banques et\u00a0Assurances,\u00a0Industries.<\/p>\n<p>Avant une prochaine r\u00e9union, pr\u00e9vue <span dir=\"ltr\">le 13 f\u00e9vrier 2023<\/span>, le Premier Ministre a instruit les Ministres concern\u00e9s de lui fournir les listes des soci\u00e9t\u00e9s mini\u00e8res, industrielles, bancaires et de t\u00e9l\u00e9communications concern\u00e9es par le projet de construction de si\u00e8ges\u00a0devant \u00eatre \u00e9tablies ;<\/p>\n<p>Dans la m\u00eame lanc\u00e9e, il a instruit le Ministre de l&rsquo;Urbanisme et de l&rsquo;Habitat d\u2019identifier et d\u2019\u00e9valuer le co\u00fbt d&rsquo;am\u00e9nagement des domaines \u00e0 mettre \u00e0 disposition.<\/p>\n<p>Pour le cas des soci\u00e9t\u00e9s qui construisent\u00a0d\u00e9j\u00e0 leurs si\u00e8ges, le Chef du Gouvernement a instruit\u00a0qu\u2019elles poursuivent\u00a0leurs chantiers.<\/p>\n<p>S&rsquo;agissant du troisi\u00e8me point relatif \u00e0 la vulgarisation du rapport des Assises Nationales \u00ab\u00a0V\u00e9rit\u00e9 et Pardon \u00ab\u00a0, le Premier Ministre a rappel\u00e9 que le\u00a0Comit\u00e9 de\u00a0Pilotage s&rsquo;\u00e9tait r\u00e9uni le jeudi 26 janvier 2023 \u00e0 l&rsquo;effet d&rsquo;examiner et de valider les documents \u00e9labor\u00e9s par le\u00a0Comit\u00e9\u00a0Technique (TDR, rapport technique, budget, plan de vulgarisation).<\/p>\n<p>Dans la m\u00eame optique, le Chef du Gouvernement a \u00e9galement rappel\u00e9 que le\u00a0Comit\u00e9 de\u00a0Pilotage a f\u00e9licit\u00e9 le\u00a0Comit\u00e9\u00a0Technique pour la qualit\u00e9 des documents et lui a autoris\u00e9 de proc\u00e9der au lancement de la campagne de vulgarisation du rapport des Assises Nationales sur toute l&rsquo;\u00e9tendue du territoire national <span dir=\"ltr\">\u00e0 partir du 06 f\u00e9vrier 2023<\/span>.<\/p>\n<p>A cette occasion solennelle, le Premier Ministre a demand\u00e9 aux Ministres en charge de l&rsquo;Administration\u00a0du Territoire, des Finances, du Budget et au Gouverneur de la BCRG de mettre tout en \u0153uvre pour la disponibilit\u00e9 des fonds d\u00e9di\u00e9s \u00e0 cette activit\u00e9 de vulgarisation.<\/p>\n<p>Sur le quatri\u00e8me et dernier point relatif \u00e0 la r\u00e9habilitation des a\u00e9rogares \u00e0 l&rsquo;int\u00e9rieur du pays, le Premier Ministre a rappel\u00e9 que le lundi 30 Janvier 2023,\u00a0s\u2019est tenue une\u00a0r\u00e9union technique avec les Ministres en charge de l&rsquo;\u00c9conomie, du Budget, des Transports, des Infrastructures, l&rsquo;Administrateur de l&rsquo;ACGP et les responsables de la soci\u00e9t\u00e9 choisie\u00a0pour ex\u00e9cuter les a\u00e9rogares.<\/p>\n<p>A ce sujet, il a instruit le Ministre des Transports de diriger le comit\u00e9 de suivi de la r\u00e9alisation des travaux dont les dates des <span dir=\"ltr\">10 et 11 f\u00e9vrier 2023<\/span>ont \u00e9t\u00e9 retenues pour la pose des premi\u00e8res pierres dans les R\u00e9gions Administratives de Bok\u00e9, Kankan, Lab\u00e9, Faranah et N\u2019Nz\u00e9r\u00e9kor\u00e9.<\/p>\n<p><b>AU TITRE DES COMMUNICATIONS<\/b><\/p>\n<p>Secr\u00e9tariat G\u00e9n\u00e9ral du Gouvernement\u00a0:<\/p>\n<p><b>Monsieur le Ministre\u00a0<\/b><b>Secr\u00e9taire G\u00e9n\u00e9ral du Gouvernement<\/b><b>\u00a0<\/b>a fait une communication relative au projet de loi portant statut g\u00e9n\u00e9ral des Autorit\u00e9s Administratives Ind\u00e9pendantes.<\/p>\n<p>Il a expliqu\u00e9 que le r\u00f4le d&rsquo;une Autorit\u00e9 Administrative Ind\u00e9pendante (AAI) est d&rsquo;assurer la r\u00e9gulation, c&rsquo;est-\u00e0-dire le fonctionnement correct d&rsquo;un secteur pr\u00e9cis dans lequel le Gouvernement ne devrait pas intervenir directement.<\/p>\n<p><b>Le Ministre de l\u2019Agriculture et de l\u2019Elevage<\/b>assurant l\u2019int\u00e9rim de la <b>Ministre de la P\u00eache et de l&rsquo;\u00c9conomie Maritime<\/b> a fait une communication relative \u00e0\u00a0:<\/p>\n<p>\u27a2\u00a0La probl\u00e9matique des for\u00eats de mangroves et berges des cours d\u2019eau et\u00a0;<\/p>\n<p>\u27a2\u00a0La Gouvernance des d\u00e9barcad\u00e8res.<\/p>\n<p><b>III. D\u00c9CISIONS DU CONSEIL DES MINISTRES\u00a0<\/b><b>;<\/b><b><\/b><\/p>\n<p>Communication relative \u00e0 l\u2019Autorit\u00e9 Administrative Ind\u00e9pendante AAI.<\/p>\n<p>Le Conseil a instruit aux membres du Gouvernement de faire parvenir dans les meilleurs d\u00e9lais leurs observations respectives au Secr\u00e9tariat G\u00e9n\u00e9ral du Gouvernement en vue de leur prise en compte, avant la transmission au Conseil National de la Transition (CNT).<\/p>\n<p><b>Minist\u00e8re de la P\u00eache et de l\u2019\u00c9conomie Maritime<\/b><\/p>\n<p>Communication relative aux probl\u00e9matiques des for\u00eats de mangroves et berges des\u00a0cours\u00a0d\u2019eau et de la gestion des d\u00e9barcad\u00e8res.<\/p>\n<p>Le Conseil a invit\u00e9 la Ministre \u00e0 travailler en synergie avec les autres D\u00e9partements Minist\u00e9riels concern\u00e9s en l\u2019occurrence le Minist\u00e8re de l\u2019Administration du Territoire et de la D\u00e9centralisation, les\u00a0Minist\u00e8res\u00a0des Mines, de l\u2019Environnement, de l\u2019Habitat, de l\u2019Agriculture, de l\u2019Industrie, du Transport, de l\u2019Enseignement Sup\u00e9rieur, de la Recherche Scientifique et de l\u2019Innovation et celui du Plan et de la Coop\u00e9ration Internationale en vue de trouver une solution idoine \u00e0 cette probl\u00e9matique en collaboration avec le Secr\u00e9tariat G\u00e9n\u00e9ral du Gouvernement.<\/p>\n<p><b>IV. DIVERS<\/b><b>.<\/b><\/p>\n<p><b>Madame la Ministre de la Promotion F\u00e9minine, de l\u2019Enfance et des Personnes Vuln\u00e9rables <\/b>a inform\u00e9 le Conseil de la comm\u00e9moration de la Journ\u00e9e Internationale Tol\u00e9rance z\u00e9ro aux Mutilations G\u00e9nitales F\u00e9minines (MGF), pr\u00e9vue <span dir=\"ltr\">le 06 F\u00e9vrier 2023<\/span>.<\/p>\n<p><b>Le Ministre de l\u2019Agriculture et de l\u2019Elevage<\/b> a inform\u00e9 le Conseil du niveau de pr\u00e9paration de la campagne agricole et la n\u00e9cessit\u00e9 de mise en place d&rsquo;une r\u00e9gie pour la m\u00e9canisation et l\u2019achat des semences.<\/p>\n<p><b>La Ministre de l&rsquo;Enseignement Sup\u00e9rieur, de la Recherche Scientifique et de l&rsquo;<\/b><b>I<\/b><b>nnovation<\/b> a fait le compte rendu de sa mission en Arabie Saoudite, relative\u00a0\u00e0 la signature d&rsquo;une convention cadre avec <b>le Minist\u00e8re de l&rsquo;Education du\u00a0<\/b><b>R<\/b><b>oyaume<\/b>. Elle a \u00e9galement eu des \u00e9changes avec <b>le Fonds\u00a0<\/b><b>S<\/b><b>aoudien de D\u00e9veloppement<\/b> et le <b>Ministre saoudien des investissements<\/b> pour les projets de construction des classes pr\u00e9paratoires aux grandes \u00e9coles et l&rsquo;\u00e9quipement des laboratoires des universit\u00e9s et centres de recherches.<\/p>\n<p>Elle a \u00e9galement inform\u00e9 le Conseil de l&rsquo;inauguration de plusieurs infrastructures \u00e0 l&rsquo;Institut Sup\u00e9rieur des Sciences et M\u00e9decine V\u00e9t\u00e9rinaire de Dalaba, \u00e0 l&rsquo;Institut Sup\u00e9rieur Agronomique de Faranah et \u00e0 l&rsquo;Universit\u00e9 de Kankan.<\/p>\n<p><b>Le Ministre de la Culture, du Tourisme et de<\/b><b>l\u2019Artisanat<\/b> a fait un compte rendu succinct de sa mission de travail au Burkina Faso relatif \u00e0 l\u2019o\ud835\udc2e\ud835\udc2f\ud835\udc1e\ud835\udc2b\ud835\udc2d\ud835\udc2e\ud835\udc2b\ud835\udc1e\u00a0\ud835\udc1d\ud835\udc1e\u00a0\ud835\udc25\ud835\udc1a\u00a016\u00e8\ud835\udc26\ud835\udc1e\u00a0\u00e9\ud835\udc1d\ud835\udc22\ud835\udc2d\ud835\udc22\ud835\udc28\ud835\udc27\u00a0\ud835\udc1d\ud835\udc2e\u00a0\ud835\udc12\ud835\udc1a\ud835\udc25\ud835\udc28\ud835\udc27\ud835\udc08\ud835\udc27\ud835\udc2d\ud835\udc1e\ud835\udc2b\ud835\udc27\ud835\udc1a\ud835\udc2d\ud835\udc22\ud835\udc28\ud835\udc27\ud835\udc1a\ud835\udc25\u00a0\ud835\udc1d\ud835\udc1e\u00a0\ud835\udc25&rsquo;\ud835\udc00\ud835\udc2b\ud835\udc2d\ud835\udc22\ud835\udc2c\ud835\udc1a\ud835\udc27\ud835\udc1a\ud835\udc2d\u00a0\ud835\udc1d\ud835\udc1e\u00a0\ud835\udc0e\ud835\udc2e\ud835\udc1a\ud835\udc20\ud835\udc1a\ud835\udc1d\ud835\udc28\ud835\udc2e\ud835\udc20\ud835\udc28\ud835\udc2e.<\/p>\n<p><b>La Ministre du Plan et de la Coop\u00e9ration Internationale<\/b> a inform\u00e9 de l\u2019inauguration du nouveau si\u00e8ge de son d\u00e9partement le vendredi 03 f\u00e9vrier 2023 \u00e0 09H. Elle a en profit\u00e9 pour remercier Son Excellence Monsieur le Pr\u00e9sident de la Transition et le Premier Ministre pour leur soutien ind\u00e9fectible.<\/p>\n<p><b>Le Ministre Directeur de Cabinet de la Pr\u00e9sidence de la R\u00e9publique<\/b> a inform\u00e9 le Conseil que dans le cadre de la refondation de l\u2019Etat et de la Rectification Institutionnelle, la vision du CNRD et celle du Pr\u00e9sident de la Transition et du Gouvernement\u00a0sont\u00a0d\u2019atteindre l\u2019objectif Z\u00e9ro EPA en 2023.<\/p>\n<p>Cela s\u2019explique par le constat selon lequel plusieurs d\u2019entre\u00a0elles\u00a0co\u00fbtent plus ch\u00e8res \u00e0 l\u2019Etat et ne rapportent quasiment rien en retour au budget\u00a0national.<\/p>\n<p><b>Le Conseil des Ministres<\/b><b><\/b><\/p>\n<p>&nbsp;<\/p>\n<p>Porte-Parolat \/La Cellule de Communication du Gouvernement<\/p>\n","protected":false},"excerpt":{"rendered":"<p>La Session Ordinaire du Conseil des Ministres s\u2019est tenue ce jeudi 02 F\u00e9vrier 2023 de<\/p>\n","protected":false},"author":2,"featured_media":2855,"comment_status":"closed","ping_status":"open","sticky":false,"template":"","format":"standard","meta":[],"categories":[3,4],"tags":[229],"yoast_head":"<!-- This site is optimized with the Yoast SEO plugin v19.13 - https:\/\/yoast.com\/wordpress\/plugins\/seo\/ -->\n<title>COMPTE RENDU DU CONSEIL DES MINISTRES DU JEUDI 02 F\u00c9VRIER 2023 - UNIVERSNEWS224<\/title>\n<meta name=\"robots\" content=\"index, follow, max-snippet:-1, max-image-preview:large, max-video-preview:-1\" \/>\n<link rel=\"canonical\" href=\"https:\/\/universnews224.com\/index.php\/compte-rendu-du-conseil-des-ministres-du-jeudi-02-fevrier-2023\/\" \/>\n<meta property=\"og:locale\" content=\"fr_FR\" \/>\n<meta property=\"og:type\" content=\"article\" \/>\n<meta property=\"og:title\" content=\"COMPTE RENDU DU CONSEIL DES MINISTRES DU JEUDI 02 F\u00c9VRIER 2023 - UNIVERSNEWS224\" \/>\n<meta property=\"og:description\" content=\"La Session Ordinaire du Conseil des Ministres s\u2019est tenue ce jeudi 02 F\u00e9vrier 2023 de\" \/>\n<meta property=\"og:url\" content=\"https:\/\/universnews224.com\/index.php\/compte-rendu-du-conseil-des-ministres-du-jeudi-02-fevrier-2023\/\" \/>\n<meta property=\"og:site_name\" content=\"UNIVERSNEWS224\" \/>\n<meta property=\"article:published_time\" content=\"2023-02-03T14:24:47+00:00\" \/>\n<meta property=\"og:image\" content=\"https:\/\/universnews224.com\/wp-content\/uploads\/2023\/01\/091958A9-B17F-4352-8284-0367D59E05BF-scaled.jpeg\" \/>\n\t<meta property=\"og:image:width\" content=\"2560\" \/>\n\t<meta property=\"og:image:height\" content=\"1707\" \/>\n\t<meta property=\"og:image:type\" content=\"image\/jpeg\" \/>\n<meta name=\"author\" content=\"La R\u00e9daction\" \/>\n<meta name=\"twitter:label1\" content=\"\u00c9crit par\" \/>\n\t<meta name=\"twitter:data1\" content=\"La R\u00e9daction\" \/>\n\t<meta name=\"twitter:label2\" content=\"Dur\u00e9e de lecture estim\u00e9e\" \/>\n\t<meta name=\"twitter:data2\" content=\"12 minutes\" \/>\n<script type=\"application\/ld+json\" class=\"yoast-schema-graph\">{\"@context\":\"https:\/\/schema.org\",\"@graph\":[{\"@type\":\"Article\",\"@id\":\"https:\/\/universnews224.com\/index.php\/compte-rendu-du-conseil-des-ministres-du-jeudi-02-fevrier-2023\/#article\",\"isPartOf\":{\"@id\":\"https:\/\/universnews224.com\/index.php\/compte-rendu-du-conseil-des-ministres-du-jeudi-02-fevrier-2023\/\"},\"author\":{\"name\":\"La R\u00e9daction\",\"@id\":\"https:\/\/universnews224.com\/#\/schema\/person\/a4b7d4f94a4716df60456a491260485e\"},\"headline\":\"COMPTE RENDU DU CONSEIL DES MINISTRES DU JEUDI 02 F\u00c9VRIER 2023\",\"datePublished\":\"2023-02-03T14:24:47+00:00\",\"dateModified\":\"2023-02-03T14:24:47+00:00\",\"mainEntityOfPage\":{\"@id\":\"https:\/\/universnews224.com\/index.php\/compte-rendu-du-conseil-des-ministres-du-jeudi-02-fevrier-2023\/\"},\"wordCount\":2470,\"publisher\":{\"@id\":\"https:\/\/universnews224.com\/#organization\"},\"keywords\":[\"La une\"],\"articleSection\":[\"ACTU\",\"POLITIQUE\"],\"inLanguage\":\"fr-FR\"},{\"@type\":\"WebPage\",\"@id\":\"https:\/\/universnews224.com\/index.php\/compte-rendu-du-conseil-des-ministres-du-jeudi-02-fevrier-2023\/\",\"url\":\"https:\/\/universnews224.com\/index.php\/compte-rendu-du-conseil-des-ministres-du-jeudi-02-fevrier-2023\/\",\"name\":\"COMPTE RENDU DU CONSEIL DES MINISTRES DU JEUDI 02 F\u00c9VRIER 2023 - UNIVERSNEWS224\",\"isPartOf\":{\"@id\":\"https:\/\/universnews224.com\/#website\"},\"datePublished\":\"2023-02-03T14:24:47+00:00\",\"dateModified\":\"2023-02-03T14:24:47+00:00\",\"inLanguage\":\"fr-FR\",\"potentialAction\":[{\"@type\":\"ReadAction\",\"target\":[\"https:\/\/universnews224.com\/index.php\/compte-rendu-du-conseil-des-ministres-du-jeudi-02-fevrier-2023\/\"]}]},{\"@type\":\"WebSite\",\"@id\":\"https:\/\/universnews224.com\/#website\",\"url\":\"https:\/\/universnews224.com\/\",\"name\":\"UNIVERSNEWS224\",\"description\":\"\",\"publisher\":{\"@id\":\"https:\/\/universnews224.com\/#organization\"},\"potentialAction\":[{\"@type\":\"SearchAction\",\"target\":{\"@type\":\"EntryPoint\",\"urlTemplate\":\"https:\/\/universnews224.com\/?s={search_term_string}\"},\"query-input\":\"required name=search_term_string\"}],\"inLanguage\":\"fr-FR\"},{\"@type\":\"Organization\",\"@id\":\"https:\/\/universnews224.com\/#organization\",\"name\":\"UNIVERSNEWS224\",\"url\":\"https:\/\/universnews224.com\/\",\"logo\":{\"@type\":\"ImageObject\",\"inLanguage\":\"fr-FR\",\"@id\":\"https:\/\/universnews224.com\/#\/schema\/logo\/image\/\",\"url\":\"https:\/\/universnews224.com\/wp-content\/uploads\/2022\/08\/cropped-cropped-logoban.jpg\",\"contentUrl\":\"https:\/\/universnews224.com\/wp-content\/uploads\/2022\/08\/cropped-cropped-logoban.jpg\",\"width\":1080,\"height\":138,\"caption\":\"UNIVERSNEWS224\"},\"image\":{\"@id\":\"https:\/\/universnews224.com\/#\/schema\/logo\/image\/\"}},{\"@type\":\"Person\",\"@id\":\"https:\/\/universnews224.com\/#\/schema\/person\/a4b7d4f94a4716df60456a491260485e\",\"name\":\"La R\u00e9daction\",\"image\":{\"@type\":\"ImageObject\",\"inLanguage\":\"fr-FR\",\"@id\":\"https:\/\/universnews224.com\/#\/schema\/person\/image\/\",\"url\":\"https:\/\/secure.gravatar.com\/avatar\/edb90acc7752b23e1b3307ad36c14f0d?s=96&d=mm&r=g\",\"contentUrl\":\"https:\/\/secure.gravatar.com\/avatar\/edb90acc7752b23e1b3307ad36c14f0d?s=96&d=mm&r=g\",\"caption\":\"La R\u00e9daction\"},\"sameAs\":[\"https:\/\/universnews224.com\"],\"url\":\"https:\/\/universnews224.com\/index.php\/author\/m-camara\/\"}]}<\/script>\n<!-- \/ Yoast SEO plugin. -->","yoast_head_json":{"title":"COMPTE RENDU DU CONSEIL DES MINISTRES DU JEUDI 02 F\u00c9VRIER 2023 - UNIVERSNEWS224","robots":{"index":"index","follow":"follow","max-snippet":"max-snippet:-1","max-image-preview":"max-image-preview:large","max-video-preview":"max-video-preview:-1"},"canonical":"https:\/\/universnews224.com\/index.php\/compte-rendu-du-conseil-des-ministres-du-jeudi-02-fevrier-2023\/","og_locale":"fr_FR","og_type":"article","og_title":"COMPTE RENDU DU CONSEIL DES MINISTRES DU JEUDI 02 F\u00c9VRIER 2023 - UNIVERSNEWS224","og_description":"La Session Ordinaire du Conseil des Ministres s\u2019est tenue ce jeudi 02 F\u00e9vrier 2023 de","og_url":"https:\/\/universnews224.com\/index.php\/compte-rendu-du-conseil-des-ministres-du-jeudi-02-fevrier-2023\/","og_site_name":"UNIVERSNEWS224","article_published_time":"2023-02-03T14:24:47+00:00","og_image":[{"width":2560,"height":1707,"url":"https:\/\/universnews224.com\/wp-content\/uploads\/2023\/01\/091958A9-B17F-4352-8284-0367D59E05BF-scaled.jpeg","type":"image\/jpeg"}],"author":"La R\u00e9daction","twitter_misc":{"\u00c9crit par":"La R\u00e9daction","Dur\u00e9e de lecture estim\u00e9e":"12 minutes"},"schema":{"@context":"https:\/\/schema.org","@graph":[{"@type":"Article","@id":"https:\/\/universnews224.com\/index.php\/compte-rendu-du-conseil-des-ministres-du-jeudi-02-fevrier-2023\/#article","isPartOf":{"@id":"https:\/\/universnews224.com\/index.php\/compte-rendu-du-conseil-des-ministres-du-jeudi-02-fevrier-2023\/"},"author":{"name":"La R\u00e9daction","@id":"https:\/\/universnews224.com\/#\/schema\/person\/a4b7d4f94a4716df60456a491260485e"},"headline":"COMPTE RENDU DU CONSEIL DES MINISTRES DU JEUDI 02 F\u00c9VRIER 2023","datePublished":"2023-02-03T14:24:47+00:00","dateModified":"2023-02-03T14:24:47+00:00","mainEntityOfPage":{"@id":"https:\/\/universnews224.com\/index.php\/compte-rendu-du-conseil-des-ministres-du-jeudi-02-fevrier-2023\/"},"wordCount":2470,"publisher":{"@id":"https:\/\/universnews224.com\/#organization"},"keywords":["La une"],"articleSection":["ACTU","POLITIQUE"],"inLanguage":"fr-FR"},{"@type":"WebPage","@id":"https:\/\/universnews224.com\/index.php\/compte-rendu-du-conseil-des-ministres-du-jeudi-02-fevrier-2023\/","url":"https:\/\/universnews224.com\/index.php\/compte-rendu-du-conseil-des-ministres-du-jeudi-02-fevrier-2023\/","name":"COMPTE RENDU DU CONSEIL DES MINISTRES DU JEUDI 02 F\u00c9VRIER 2023 - UNIVERSNEWS224","isPartOf":{"@id":"https:\/\/universnews224.com\/#website"},"datePublished":"2023-02-03T14:24:47+00:00","dateModified":"2023-02-03T14:24:47+00:00","inLanguage":"fr-FR","potentialAction":[{"@type":"ReadAction","target":["https:\/\/universnews224.com\/index.php\/compte-rendu-du-conseil-des-ministres-du-jeudi-02-fevrier-2023\/"]}]},{"@type":"WebSite","@id":"https:\/\/universnews224.com\/#website","url":"https:\/\/universnews224.com\/","name":"UNIVERSNEWS224","description":"","publisher":{"@id":"https:\/\/universnews224.com\/#organization"},"potentialAction":[{"@type":"SearchAction","target":{"@type":"EntryPoint","urlTemplate":"https:\/\/universnews224.com\/?s={search_term_string}"},"query-input":"required name=search_term_string"}],"inLanguage":"fr-FR"},{"@type":"Organization","@id":"https:\/\/universnews224.com\/#organization","name":"UNIVERSNEWS224","url":"https:\/\/universnews224.com\/","logo":{"@type":"ImageObject","inLanguage":"fr-FR","@id":"https:\/\/universnews224.com\/#\/schema\/logo\/image\/","url":"https:\/\/universnews224.com\/wp-content\/uploads\/2022\/08\/cropped-cropped-logoban.jpg","contentUrl":"https:\/\/universnews224.com\/wp-content\/uploads\/2022\/08\/cropped-cropped-logoban.jpg","width":1080,"height":138,"caption":"UNIVERSNEWS224"},"image":{"@id":"https:\/\/universnews224.com\/#\/schema\/logo\/image\/"}},{"@type":"Person","@id":"https:\/\/universnews224.com\/#\/schema\/person\/a4b7d4f94a4716df60456a491260485e","name":"La R\u00e9daction","image":{"@type":"ImageObject","inLanguage":"fr-FR","@id":"https:\/\/universnews224.com\/#\/schema\/person\/image\/","url":"https:\/\/secure.gravatar.com\/avatar\/edb90acc7752b23e1b3307ad36c14f0d?s=96&d=mm&r=g","contentUrl":"https:\/\/secure.gravatar.com\/avatar\/edb90acc7752b23e1b3307ad36c14f0d?s=96&d=mm&r=g","caption":"La R\u00e9daction"},"sameAs":["https:\/\/universnews224.com"],"url":"https:\/\/universnews224.com\/index.php\/author\/m-camara\/"}]}},"_links":{"self":[{"href":"https:\/\/universnews224.com\/index.php\/wp-json\/wp\/v2\/posts\/2909"}],"collection":[{"href":"https:\/\/universnews224.com\/index.php\/wp-json\/wp\/v2\/posts"}],"about":[{"href":"https:\/\/universnews224.com\/index.php\/wp-json\/wp\/v2\/types\/post"}],"author":[{"embeddable":true,"href":"https:\/\/universnews224.com\/index.php\/wp-json\/wp\/v2\/users\/2"}],"replies":[{"embeddable":true,"href":"https:\/\/universnews224.com\/index.php\/wp-json\/wp\/v2\/comments?post=2909"}],"version-history":[{"count":1,"href":"https:\/\/universnews224.com\/index.php\/wp-json\/wp\/v2\/posts\/2909\/revisions"}],"predecessor-version":[{"id":2910,"href":"https:\/\/universnews224.com\/index.php\/wp-json\/wp\/v2\/posts\/2909\/revisions\/2910"}],"wp:featuredmedia":[{"embeddable":true,"href":"https:\/\/universnews224.com\/index.php\/wp-json\/wp\/v2\/media\/2855"}],"wp:attachment":[{"href":"https:\/\/universnews224.com\/index.php\/wp-json\/wp\/v2\/media?parent=2909"}],"wp:term":[{"taxonomy":"category","embeddable":true,"href":"https:\/\/universnews224.com\/index.php\/wp-json\/wp\/v2\/categories?post=2909"},{"taxonomy":"post_tag","embeddable":true,"href":"https:\/\/universnews224.com\/index.php\/wp-json\/wp\/v2\/tags?post=2909"}],"curies":[{"name":"wp","href":"https:\/\/api.w.org\/{rel}","templated":true}]}}