{"id":2930,"date":"2023-02-04T19:13:14","date_gmt":"2023-02-04T18:13:14","guid":{"rendered":"https:\/\/universnews224.com\/?p=2930"},"modified":"2023-02-04T19:13:14","modified_gmt":"2023-02-04T18:13:14","slug":"culture-la-fondationje-danse-presente-son-projet-de-construction-dune-ecole-de-danse-2","status":"publish","type":"post","link":"https:\/\/universnews224.com\/index.php\/culture-la-fondationje-danse-presente-son-projet-de-construction-dune-ecole-de-danse-2\/","title":{"rendered":"Culture: la Fondation\u201cJe Danse \u00bb pr\u00e9sente son projet de construction d\u2019une \u00e9cole de danse."},"content":{"rendered":"<div dir=\"ltr\"><strong>Dans le souci de doter la R\u00e9publique de Guin\u00e9e des infrastructures culturelles dignes de nom, les responsables de la Fondation \u201cJe Danse\u00a0\u00bb ont proc\u00e9d\u00e9 ce vendredi, 03 f\u00e9vrier 2022 \u00e0 la pr\u00e9sentation du projet de construction d\u2019une \u00e9cole de danse d\u00e9nomm\u00e9 \u201cCentre des Arts Nimba\u00a0\u00bb aux autorit\u00e9s de la transition et les acteurs culturels.<a href=\"https:\/\/universnews224.com\/wp-content\/uploads\/2023\/02\/F5B9C16B-DA60-4A29-BEFF-808585721935.jpeg\"><img loading=\"lazy\" class=\"alignnone size-medium wp-image-2931\" src=\"https:\/\/universnews224.com\/wp-content\/uploads\/2023\/02\/F5B9C16B-DA60-4A29-BEFF-808585721935-300x117.jpeg\" alt=\"\" width=\"300\" height=\"117\" srcset=\"https:\/\/universnews224.com\/wp-content\/uploads\/2023\/02\/F5B9C16B-DA60-4A29-BEFF-808585721935-300x117.jpeg 300w, https:\/\/universnews224.com\/wp-content\/uploads\/2023\/02\/F5B9C16B-DA60-4A29-BEFF-808585721935-1024x399.jpeg 1024w, https:\/\/universnews224.com\/wp-content\/uploads\/2023\/02\/F5B9C16B-DA60-4A29-BEFF-808585721935-768x299.jpeg 768w, https:\/\/universnews224.com\/wp-content\/uploads\/2023\/02\/F5B9C16B-DA60-4A29-BEFF-808585721935.jpeg 1080w\" sizes=\"(max-width: 300px) 100vw, 300px\" \/><\/a><\/strong><\/div>\n<div dir=\"ltr\"><\/div>\n<div dir=\"ltr\">C\u2019\u00e9tait en pr\u00e9sence du conseiller personnel du pr\u00e9sident de transition Mamadou Thierno Bah, du directeur du fond d\u2019aide \u00e0 la culture, Malick K\u00e9b\u00e9 et de plusieurs personnalit\u00e9s du monde culturel guin\u00e9en.<\/div>\n<div dir=\"ltr\"><a href=\"https:\/\/universnews224.com\/wp-content\/uploads\/2023\/02\/4B5FAA7D-C2A2-499D-B016-9E3778E3F531.jpeg\"><img loading=\"lazy\" class=\"alignnone size-medium wp-image-2932\" src=\"https:\/\/universnews224.com\/wp-content\/uploads\/2023\/02\/4B5FAA7D-C2A2-499D-B016-9E3778E3F531-300x158.jpeg\" alt=\"\" width=\"300\" height=\"158\" srcset=\"https:\/\/universnews224.com\/wp-content\/uploads\/2023\/02\/4B5FAA7D-C2A2-499D-B016-9E3778E3F531-300x158.jpeg 300w, https:\/\/universnews224.com\/wp-content\/uploads\/2023\/02\/4B5FAA7D-C2A2-499D-B016-9E3778E3F531-1024x538.jpeg 1024w, https:\/\/universnews224.com\/wp-content\/uploads\/2023\/02\/4B5FAA7D-C2A2-499D-B016-9E3778E3F531-768x404.jpeg 768w, https:\/\/universnews224.com\/wp-content\/uploads\/2023\/02\/4B5FAA7D-C2A2-499D-B016-9E3778E3F531.jpeg 1073w\" sizes=\"(max-width: 300px) 100vw, 300px\" \/><\/a><\/div>\n<div dir=\"ltr\"><\/div>\n<div dir=\"ltr\">Port\u00e9 par par Amadou Koumbassa alias Legros LKM, artiste chanteur, danseur et ma\u00eetre chor\u00e9graphe et son \u00e9pouse Alice Hawi, institutrice de profession, entrepreneure culturelle et militante des droits de l\u2019homme, l\u2019objectif de projet vise \u00e0 doter la jeunesse guin\u00e9enne d\u2019un centre culturel r\u00e9pondant aux normes internationales.<\/div>\n<div dir=\"ltr\"><a href=\"https:\/\/universnews224.com\/wp-content\/uploads\/2023\/02\/24877577-4BFC-405D-B9A7-ABB2055A538A.jpeg\"><img loading=\"lazy\" class=\"alignnone size-medium wp-image-2918\" src=\"https:\/\/universnews224.com\/wp-content\/uploads\/2023\/02\/24877577-4BFC-405D-B9A7-ABB2055A538A-300x225.jpeg\" alt=\"\" width=\"300\" height=\"225\" srcset=\"https:\/\/universnews224.com\/wp-content\/uploads\/2023\/02\/24877577-4BFC-405D-B9A7-ABB2055A538A-300x225.jpeg 300w, https:\/\/universnews224.com\/wp-content\/uploads\/2023\/02\/24877577-4BFC-405D-B9A7-ABB2055A538A-768x576.jpeg 768w, https:\/\/universnews224.com\/wp-content\/uploads\/2023\/02\/24877577-4BFC-405D-B9A7-ABB2055A538A-720x540.jpeg 720w, https:\/\/universnews224.com\/wp-content\/uploads\/2023\/02\/24877577-4BFC-405D-B9A7-ABB2055A538A.jpeg 1000w\" sizes=\"(max-width: 300px) 100vw, 300px\" \/><\/a><\/div>\n<div dir=\"ltr\"><\/div>\n<div dir=\"ltr\"><span class=\"s1\">\u00abJe suis n\u00e9e dans l\u2019humanitaire parce que toute ma famille a \u0153uvr\u00e9 dans l\u2019humanitaire. Apr\u00e8s la disparition de mon p\u00e8re, j\u2019ai toujours voulu continuer ses \u0153uvres. Donc, j\u2019ai rencontr\u00e9 mon \u00e9poux au m\u00eame moment, c\u2019est ainsi qu\u2019on a fait le brassage de l\u2019id\u00e9e du proc\u00e8s pour qu\u2019en faire un seul. Donc lui, il voulait \u0153uvrer dans tout ce qui \u00e9tait culturel. Moi, j\u2019\u00e9tais plus dans l\u2019\u00e9ducation, dans la sant\u00e9 et le social. Aujourd\u2019hui, on ne peut pas parler de l\u2019\u00e9panouissement de la culture de la jeunesse si on peut pas parler de l\u2019\u00e9ducation, de la sant\u00e9 qui est primaire. Voil\u00e0 d\u2019o\u00f9 le projet est n\u00e9. Donc, la\u00a0<\/span>sp\u00e9cificit\u00e9 de ce projet, c\u2019est que nous allons regrouper 5 grands volets de la vie humaine \u00e0 savoir la culture, la sant\u00e9, le social, l\u2019\u00e9ducation. Aujourd\u2019hui, il y a des jeunes bien qu\u2019ils aient du talent, c\u2019est la formation qui manque. On ne peut pas non plus encadrer des jeunes qui, ont \u00e0 la base ont besoin de remise \u00e0 niveau et qui ont m\u00eame besoin d\u2019\u00e9ducation, qui ont abandonn\u00e9 l\u2019\u00e9ducation par passion de la danse, de l\u2019art. Donc,l\u2019id\u00e9e est aider tous ces jeunes pour s\u2019\u00e9panouir\u00bb, a t-il d\u00e9clar\u00e9 madame Koumbassa Alice Hawi.<\/p>\n<div dir=\"ltr\">\n<p class=\"p1\">Pour la r\u00e9alisation de ce projet artistique ambitieux, la fondation \u201cJe Danse\u00a0\u00bb sollicite le soutien financier, mat\u00e9riel, institutionnel du pr\u00e9sident de la R\u00e9publique, le colonel Mamadi Doumbouya et du premier ministre, Dr Bernard Goumou et de son gouvernement, les institutions nationales et internationales, m\u00e9c\u00e8nes, entreprises et toutes les personnes de bonne volont\u00e9.<\/p>\n<p class=\"p2\">Il faut rappeler que ce centre sera b\u00e2ti dans le grand Conakry pr\u00e9cis\u00e9ment dans la pr\u00e9fecture de Coyah sur une superficie 2 166 Km2. Il sera compos\u00e9 d\u2019une salle \u00a0de classe , des ateliers, une salle de spectacle ( multifonctions), un dortoir, une infirmerie, une biblioth\u00e8que, des aires de jeux, une espace de d\u00e9tente, une salle d\u2019exposition des \u0153uvres d\u2019arts.<\/p>\n<\/div>\n<div dir=\"ltr\"><\/div>\n<div dir=\"ltr\">Mohamed Camara<\/div>\n<div dir=\"ltr\">611 46 04 10<\/div>\n<\/div>\n","protected":false},"excerpt":{"rendered":"<p>Dans le souci de doter la R\u00e9publique de Guin\u00e9e des infrastructures culturelles dignes de nom,<\/p>\n","protected":false},"author":2,"featured_media":2934,"comment_status":"closed","ping_status":"open","sticky":false,"template":"","format":"standard","meta":[],"categories":[3,6],"tags":[229],"yoast_head":"<!-- This site is optimized with the Yoast SEO plugin v19.13 - https:\/\/yoast.com\/wordpress\/plugins\/seo\/ -->\n<title>Culture: la Fondation\u201cJe Danse \u00bb pr\u00e9sente son projet de construction d\u2019une \u00e9cole de danse. - UNIVERSNEWS224<\/title>\n<meta name=\"robots\" content=\"index, follow, max-snippet:-1, max-image-preview:large, max-video-preview:-1\" \/>\n<link rel=\"canonical\" href=\"https:\/\/universnews224.com\/index.php\/culture-la-fondationje-danse-presente-son-projet-de-construction-dune-ecole-de-danse-2\/\" \/>\n<meta property=\"og:locale\" content=\"fr_FR\" \/>\n<meta property=\"og:type\" content=\"article\" \/>\n<meta property=\"og:title\" content=\"Culture: la Fondation\u201cJe Danse \u00bb pr\u00e9sente son projet de construction d\u2019une \u00e9cole de danse. - UNIVERSNEWS224\" \/>\n<meta property=\"og:description\" content=\"Dans le souci de doter la R\u00e9publique de Guin\u00e9e des infrastructures culturelles dignes de nom,\" \/>\n<meta property=\"og:url\" content=\"https:\/\/universnews224.com\/index.php\/culture-la-fondationje-danse-presente-son-projet-de-construction-dune-ecole-de-danse-2\/\" \/>\n<meta property=\"og:site_name\" content=\"UNIVERSNEWS224\" \/>\n<meta property=\"article:published_time\" content=\"2023-02-04T18:13:14+00:00\" \/>\n<meta property=\"og:image\" content=\"https:\/\/universnews224.com\/wp-content\/uploads\/2023\/02\/4EEEED91-489E-4CFA-82B0-AD906DEA29F5.jpeg\" \/>\n\t<meta property=\"og:image:width\" content=\"1074\" \/>\n\t<meta property=\"og:image:height\" content=\"544\" \/>\n\t<meta property=\"og:image:type\" content=\"image\/jpeg\" \/>\n<meta name=\"author\" content=\"La R\u00e9daction\" \/>\n<meta name=\"twitter:label1\" content=\"\u00c9crit par\" \/>\n\t<meta name=\"twitter:data1\" content=\"La R\u00e9daction\" \/>\n\t<meta name=\"twitter:label2\" content=\"Dur\u00e9e de lecture estim\u00e9e\" \/>\n\t<meta name=\"twitter:data2\" content=\"3 minutes\" \/>\n<script type=\"application\/ld+json\" class=\"yoast-schema-graph\">{\"@context\":\"https:\/\/schema.org\",\"@graph\":[{\"@type\":\"Article\",\"@id\":\"https:\/\/universnews224.com\/index.php\/culture-la-fondationje-danse-presente-son-projet-de-construction-dune-ecole-de-danse-2\/#article\",\"isPartOf\":{\"@id\":\"https:\/\/universnews224.com\/index.php\/culture-la-fondationje-danse-presente-son-projet-de-construction-dune-ecole-de-danse-2\/\"},\"author\":{\"name\":\"La R\u00e9daction\",\"@id\":\"https:\/\/universnews224.com\/#\/schema\/person\/a4b7d4f94a4716df60456a491260485e\"},\"headline\":\"Culture: la Fondation\u201cJe Danse \u00bb pr\u00e9sente son projet de construction d\u2019une \u00e9cole de danse.\",\"datePublished\":\"2023-02-04T18:13:14+00:00\",\"dateModified\":\"2023-02-04T18:13:14+00:00\",\"mainEntityOfPage\":{\"@id\":\"https:\/\/universnews224.com\/index.php\/culture-la-fondationje-danse-presente-son-projet-de-construction-dune-ecole-de-danse-2\/\"},\"wordCount\":520,\"publisher\":{\"@id\":\"https:\/\/universnews224.com\/#organization\"},\"keywords\":[\"La une\"],\"articleSection\":[\"ACTU\",\"CULTURE\"],\"inLanguage\":\"fr-FR\"},{\"@type\":\"WebPage\",\"@id\":\"https:\/\/universnews224.com\/index.php\/culture-la-fondationje-danse-presente-son-projet-de-construction-dune-ecole-de-danse-2\/\",\"url\":\"https:\/\/universnews224.com\/index.php\/culture-la-fondationje-danse-presente-son-projet-de-construction-dune-ecole-de-danse-2\/\",\"name\":\"Culture: la Fondation\u201cJe Danse \u00bb pr\u00e9sente son projet de construction d\u2019une \u00e9cole de danse. - UNIVERSNEWS224\",\"isPartOf\":{\"@id\":\"https:\/\/universnews224.com\/#website\"},\"datePublished\":\"2023-02-04T18:13:14+00:00\",\"dateModified\":\"2023-02-04T18:13:14+00:00\",\"inLanguage\":\"fr-FR\",\"potentialAction\":[{\"@type\":\"ReadAction\",\"target\":[\"https:\/\/universnews224.com\/index.php\/culture-la-fondationje-danse-presente-son-projet-de-construction-dune-ecole-de-danse-2\/\"]}]},{\"@type\":\"WebSite\",\"@id\":\"https:\/\/universnews224.com\/#website\",\"url\":\"https:\/\/universnews224.com\/\",\"name\":\"UNIVERSNEWS224\",\"description\":\"\",\"publisher\":{\"@id\":\"https:\/\/universnews224.com\/#organization\"},\"potentialAction\":[{\"@type\":\"SearchAction\",\"target\":{\"@type\":\"EntryPoint\",\"urlTemplate\":\"https:\/\/universnews224.com\/?s={search_term_string}\"},\"query-input\":\"required name=search_term_string\"}],\"inLanguage\":\"fr-FR\"},{\"@type\":\"Organization\",\"@id\":\"https:\/\/universnews224.com\/#organization\",\"name\":\"UNIVERSNEWS224\",\"url\":\"https:\/\/universnews224.com\/\",\"logo\":{\"@type\":\"ImageObject\",\"inLanguage\":\"fr-FR\",\"@id\":\"https:\/\/universnews224.com\/#\/schema\/logo\/image\/\",\"url\":\"https:\/\/universnews224.com\/wp-content\/uploads\/2022\/08\/cropped-cropped-logoban.jpg\",\"contentUrl\":\"https:\/\/universnews224.com\/wp-content\/uploads\/2022\/08\/cropped-cropped-logoban.jpg\",\"width\":1080,\"height\":138,\"caption\":\"UNIVERSNEWS224\"},\"image\":{\"@id\":\"https:\/\/universnews224.com\/#\/schema\/logo\/image\/\"}},{\"@type\":\"Person\",\"@id\":\"https:\/\/universnews224.com\/#\/schema\/person\/a4b7d4f94a4716df60456a491260485e\",\"name\":\"La R\u00e9daction\",\"image\":{\"@type\":\"ImageObject\",\"inLanguage\":\"fr-FR\",\"@id\":\"https:\/\/universnews224.com\/#\/schema\/person\/image\/\",\"url\":\"https:\/\/secure.gravatar.com\/avatar\/edb90acc7752b23e1b3307ad36c14f0d?s=96&d=mm&r=g\",\"contentUrl\":\"https:\/\/secure.gravatar.com\/avatar\/edb90acc7752b23e1b3307ad36c14f0d?s=96&d=mm&r=g\",\"caption\":\"La R\u00e9daction\"},\"sameAs\":[\"https:\/\/universnews224.com\"],\"url\":\"https:\/\/universnews224.com\/index.php\/author\/m-camara\/\"}]}<\/script>\n<!-- \/ Yoast SEO plugin. -->","yoast_head_json":{"title":"Culture: la Fondation\u201cJe Danse \u00bb pr\u00e9sente son projet de construction d\u2019une \u00e9cole de danse. - UNIVERSNEWS224","robots":{"index":"index","follow":"follow","max-snippet":"max-snippet:-1","max-image-preview":"max-image-preview:large","max-video-preview":"max-video-preview:-1"},"canonical":"https:\/\/universnews224.com\/index.php\/culture-la-fondationje-danse-presente-son-projet-de-construction-dune-ecole-de-danse-2\/","og_locale":"fr_FR","og_type":"article","og_title":"Culture: la Fondation\u201cJe Danse \u00bb pr\u00e9sente son projet de construction d\u2019une \u00e9cole de danse. - UNIVERSNEWS224","og_description":"Dans le souci de doter la R\u00e9publique de Guin\u00e9e des infrastructures culturelles dignes de nom,","og_url":"https:\/\/universnews224.com\/index.php\/culture-la-fondationje-danse-presente-son-projet-de-construction-dune-ecole-de-danse-2\/","og_site_name":"UNIVERSNEWS224","article_published_time":"2023-02-04T18:13:14+00:00","og_image":[{"width":1074,"height":544,"url":"https:\/\/universnews224.com\/wp-content\/uploads\/2023\/02\/4EEEED91-489E-4CFA-82B0-AD906DEA29F5.jpeg","type":"image\/jpeg"}],"author":"La R\u00e9daction","twitter_misc":{"\u00c9crit par":"La R\u00e9daction","Dur\u00e9e de lecture estim\u00e9e":"3 minutes"},"schema":{"@context":"https:\/\/schema.org","@graph":[{"@type":"Article","@id":"https:\/\/universnews224.com\/index.php\/culture-la-fondationje-danse-presente-son-projet-de-construction-dune-ecole-de-danse-2\/#article","isPartOf":{"@id":"https:\/\/universnews224.com\/index.php\/culture-la-fondationje-danse-presente-son-projet-de-construction-dune-ecole-de-danse-2\/"},"author":{"name":"La R\u00e9daction","@id":"https:\/\/universnews224.com\/#\/schema\/person\/a4b7d4f94a4716df60456a491260485e"},"headline":"Culture: la Fondation\u201cJe Danse \u00bb pr\u00e9sente son projet de construction d\u2019une \u00e9cole de danse.","datePublished":"2023-02-04T18:13:14+00:00","dateModified":"2023-02-04T18:13:14+00:00","mainEntityOfPage":{"@id":"https:\/\/universnews224.com\/index.php\/culture-la-fondationje-danse-presente-son-projet-de-construction-dune-ecole-de-danse-2\/"},"wordCount":520,"publisher":{"@id":"https:\/\/universnews224.com\/#organization"},"keywords":["La une"],"articleSection":["ACTU","CULTURE"],"inLanguage":"fr-FR"},{"@type":"WebPage","@id":"https:\/\/universnews224.com\/index.php\/culture-la-fondationje-danse-presente-son-projet-de-construction-dune-ecole-de-danse-2\/","url":"https:\/\/universnews224.com\/index.php\/culture-la-fondationje-danse-presente-son-projet-de-construction-dune-ecole-de-danse-2\/","name":"Culture: la Fondation\u201cJe Danse \u00bb pr\u00e9sente son projet de construction d\u2019une \u00e9cole de danse. - UNIVERSNEWS224","isPartOf":{"@id":"https:\/\/universnews224.com\/#website"},"datePublished":"2023-02-04T18:13:14+00:00","dateModified":"2023-02-04T18:13:14+00:00","inLanguage":"fr-FR","potentialAction":[{"@type":"ReadAction","target":["https:\/\/universnews224.com\/index.php\/culture-la-fondationje-danse-presente-son-projet-de-construction-dune-ecole-de-danse-2\/"]}]},{"@type":"WebSite","@id":"https:\/\/universnews224.com\/#website","url":"https:\/\/universnews224.com\/","name":"UNIVERSNEWS224","description":"","publisher":{"@id":"https:\/\/universnews224.com\/#organization"},"potentialAction":[{"@type":"SearchAction","target":{"@type":"EntryPoint","urlTemplate":"https:\/\/universnews224.com\/?s={search_term_string}"},"query-input":"required name=search_term_string"}],"inLanguage":"fr-FR"},{"@type":"Organization","@id":"https:\/\/universnews224.com\/#organization","name":"UNIVERSNEWS224","url":"https:\/\/universnews224.com\/","logo":{"@type":"ImageObject","inLanguage":"fr-FR","@id":"https:\/\/universnews224.com\/#\/schema\/logo\/image\/","url":"https:\/\/universnews224.com\/wp-content\/uploads\/2022\/08\/cropped-cropped-logoban.jpg","contentUrl":"https:\/\/universnews224.com\/wp-content\/uploads\/2022\/08\/cropped-cropped-logoban.jpg","width":1080,"height":138,"caption":"UNIVERSNEWS224"},"image":{"@id":"https:\/\/universnews224.com\/#\/schema\/logo\/image\/"}},{"@type":"Person","@id":"https:\/\/universnews224.com\/#\/schema\/person\/a4b7d4f94a4716df60456a491260485e","name":"La R\u00e9daction","image":{"@type":"ImageObject","inLanguage":"fr-FR","@id":"https:\/\/universnews224.com\/#\/schema\/person\/image\/","url":"https:\/\/secure.gravatar.com\/avatar\/edb90acc7752b23e1b3307ad36c14f0d?s=96&d=mm&r=g","contentUrl":"https:\/\/secure.gravatar.com\/avatar\/edb90acc7752b23e1b3307ad36c14f0d?s=96&d=mm&r=g","caption":"La R\u00e9daction"},"sameAs":["https:\/\/universnews224.com"],"url":"https:\/\/universnews224.com\/index.php\/author\/m-camara\/"}]}},"_links":{"self":[{"href":"https:\/\/universnews224.com\/index.php\/wp-json\/wp\/v2\/posts\/2930"}],"collection":[{"href":"https:\/\/universnews224.com\/index.php\/wp-json\/wp\/v2\/posts"}],"about":[{"href":"https:\/\/universnews224.com\/index.php\/wp-json\/wp\/v2\/types\/post"}],"author":[{"embeddable":true,"href":"https:\/\/universnews224.com\/index.php\/wp-json\/wp\/v2\/users\/2"}],"replies":[{"embeddable":true,"href":"https:\/\/universnews224.com\/index.php\/wp-json\/wp\/v2\/comments?post=2930"}],"version-history":[{"count":1,"href":"https:\/\/universnews224.com\/index.php\/wp-json\/wp\/v2\/posts\/2930\/revisions"}],"predecessor-version":[{"id":2935,"href":"https:\/\/universnews224.com\/index.php\/wp-json\/wp\/v2\/posts\/2930\/revisions\/2935"}],"wp:featuredmedia":[{"embeddable":true,"href":"https:\/\/universnews224.com\/index.php\/wp-json\/wp\/v2\/media\/2934"}],"wp:attachment":[{"href":"https:\/\/universnews224.com\/index.php\/wp-json\/wp\/v2\/media?parent=2930"}],"wp:term":[{"taxonomy":"category","embeddable":true,"href":"https:\/\/universnews224.com\/index.php\/wp-json\/wp\/v2\/categories?post=2930"},{"taxonomy":"post_tag","embeddable":true,"href":"https:\/\/universnews224.com\/index.php\/wp-json\/wp\/v2\/tags?post=2930"}],"curies":[{"name":"wp","href":"https:\/\/api.w.org\/{rel}","templated":true}]}}