{"id":2936,"date":"2023-02-06T13:53:51","date_gmt":"2023-02-06T12:53:51","guid":{"rendered":"https:\/\/universnews224.com\/?p=2936"},"modified":"2023-02-06T13:53:51","modified_gmt":"2023-02-06T12:53:51","slug":"dr-dansa-lance-un-appel-aux-forces-vives-et-quatuor-de-rejoindre-le-cadre-permanent-dialogue","status":"publish","type":"post","link":"https:\/\/universnews224.com\/index.php\/dr-dansa-lance-un-appel-aux-forces-vives-et-quatuor-de-rejoindre-le-cadre-permanent-dialogue\/","title":{"rendered":"Dr Dansa lance un appel aux forces vives et quatuor de rejoindre le cadre permanent dialogue."},"content":{"rendered":"<p class=\"p2\"><span class=\"s2\">dimanche 5 f\u00e9vrier 2023 le premier anniversaire de son installation. \u00c0 cette occasion, le pr\u00e9sident du CNT, Dr Dansa Kourouma a lanc\u00e9 un appel aux forces vives et formations politiques n\u2019ayant pas pris part au cadre de dialogue de rejoindre<span class=\"Apple-converted-space\">\u00a0 <\/span>ledit cadre permanent. <\/span><\/p>\n<p class=\"p2\"><span class=\"s2\">\u00abJe profite de l\u2019opportunit\u00e9 et la solennit\u00e9 de ces instants, pour renouveler l\u2019appel fraternel et pressant lanc\u00e9 \u00e0 toutes les forces vives de la nation, en particulier aux acteurs de la classe politique et de la soci\u00e9t\u00e9 civile, ayant jusqu\u2019ici exprim\u00e9 des r\u00e9serves et pr\u00e9alables, de rejoindre le cadre permanent de dialogue institu\u00e9 par d\u00e9cret du Pr\u00e9sident de la Transition, afin qu\u2019arm\u00e9s de bonne foi, coll\u00e9gialement et dans la s\u00e9r\u00e9nit\u00e9 citoyenne, nous trouvions, ensemble et inclusivement, les r\u00e9ponses pertinentes aux questions que soul\u00e8vent leurs r\u00e9serves et pr\u00e9alables\u00bb, a t-il exhort\u00e9 avant d\u2019inviter le premier ministre, les facilitatrices et les personnes de bonne volont\u00e9 de ce relever ce d\u00e9fis. <\/span><\/p>\n<p class=\"p2\"><span class=\"s2\">\u00abPar ailleurs, le CNT exhorte le Premier Ministre, les facilitatrices et toutes les bonnes volont\u00e9s \u00e0 s\u2019investir davantage dans la recherche des voies et moyens de relever ce d\u00e9fi constituant un v\u00e9ritable ralentisseur de la progression d\u2019une transition apais\u00e9e et r\u00e9ussie, qu\u2019ambitionnent les populations, qui ont it\u00e9rativement affirm\u00e9 le n\u00e9cessaire besoin de stabilit\u00e9, de paix et de d\u00e9veloppement\u00bb, a t-il indiqu\u00e9.<\/span><\/p>\n<p>Decoster Camara<\/p>\n","protected":false},"excerpt":{"rendered":"<p>dimanche 5 f\u00e9vrier 2023 le premier anniversaire de son installation. \u00c0 cette occasion, le pr\u00e9sident<\/p>\n","protected":false},"author":2,"featured_media":2937,"comment_status":"closed","ping_status":"open","sticky":false,"template":"","format":"standard","meta":[],"categories":[3,4],"tags":[229],"yoast_head":"<!-- This site is optimized with the Yoast SEO plugin v19.13 - https:\/\/yoast.com\/wordpress\/plugins\/seo\/ -->\n<title>Dr Dansa lance un appel aux forces vives et quatuor de rejoindre le cadre permanent dialogue. - UNIVERSNEWS224<\/title>\n<meta name=\"robots\" content=\"index, follow, max-snippet:-1, max-image-preview:large, max-video-preview:-1\" \/>\n<link rel=\"canonical\" href=\"https:\/\/universnews224.com\/index.php\/dr-dansa-lance-un-appel-aux-forces-vives-et-quatuor-de-rejoindre-le-cadre-permanent-dialogue\/\" \/>\n<meta property=\"og:locale\" content=\"fr_FR\" \/>\n<meta property=\"og:type\" content=\"article\" \/>\n<meta property=\"og:title\" content=\"Dr Dansa lance un appel aux forces vives et quatuor de rejoindre le cadre permanent dialogue. - UNIVERSNEWS224\" \/>\n<meta property=\"og:description\" content=\"dimanche 5 f\u00e9vrier 2023 le premier anniversaire de son installation. \u00c0 cette occasion, le pr\u00e9sident\" \/>\n<meta property=\"og:url\" content=\"https:\/\/universnews224.com\/index.php\/dr-dansa-lance-un-appel-aux-forces-vives-et-quatuor-de-rejoindre-le-cadre-permanent-dialogue\/\" \/>\n<meta property=\"og:site_name\" content=\"UNIVERSNEWS224\" \/>\n<meta property=\"article:published_time\" content=\"2023-02-06T12:53:51+00:00\" \/>\n<meta property=\"og:image\" content=\"https:\/\/universnews224.com\/wp-content\/uploads\/2023\/02\/A1B3D4B3-1A42-475B-BB8A-02823F9314F8.jpeg\" \/>\n\t<meta property=\"og:image:width\" content=\"1280\" \/>\n\t<meta property=\"og:image:height\" content=\"854\" \/>\n\t<meta property=\"og:image:type\" content=\"image\/jpeg\" \/>\n<meta name=\"author\" content=\"La R\u00e9daction\" \/>\n<meta name=\"twitter:label1\" content=\"\u00c9crit par\" \/>\n\t<meta name=\"twitter:data1\" content=\"La R\u00e9daction\" \/>\n\t<meta name=\"twitter:label2\" content=\"Dur\u00e9e de lecture estim\u00e9e\" \/>\n\t<meta name=\"twitter:data2\" content=\"2 minutes\" \/>\n<script type=\"application\/ld+json\" class=\"yoast-schema-graph\">{\"@context\":\"https:\/\/schema.org\",\"@graph\":[{\"@type\":\"Article\",\"@id\":\"https:\/\/universnews224.com\/index.php\/dr-dansa-lance-un-appel-aux-forces-vives-et-quatuor-de-rejoindre-le-cadre-permanent-dialogue\/#article\",\"isPartOf\":{\"@id\":\"https:\/\/universnews224.com\/index.php\/dr-dansa-lance-un-appel-aux-forces-vives-et-quatuor-de-rejoindre-le-cadre-permanent-dialogue\/\"},\"author\":{\"name\":\"La R\u00e9daction\",\"@id\":\"https:\/\/universnews224.com\/#\/schema\/person\/a4b7d4f94a4716df60456a491260485e\"},\"headline\":\"Dr Dansa lance un appel aux forces vives et quatuor de rejoindre le cadre permanent dialogue.\",\"datePublished\":\"2023-02-06T12:53:51+00:00\",\"dateModified\":\"2023-02-06T12:53:51+00:00\",\"mainEntityOfPage\":{\"@id\":\"https:\/\/universnews224.com\/index.php\/dr-dansa-lance-un-appel-aux-forces-vives-et-quatuor-de-rejoindre-le-cadre-permanent-dialogue\/\"},\"wordCount\":258,\"publisher\":{\"@id\":\"https:\/\/universnews224.com\/#organization\"},\"keywords\":[\"La une\"],\"articleSection\":[\"ACTU\",\"POLITIQUE\"],\"inLanguage\":\"fr-FR\"},{\"@type\":\"WebPage\",\"@id\":\"https:\/\/universnews224.com\/index.php\/dr-dansa-lance-un-appel-aux-forces-vives-et-quatuor-de-rejoindre-le-cadre-permanent-dialogue\/\",\"url\":\"https:\/\/universnews224.com\/index.php\/dr-dansa-lance-un-appel-aux-forces-vives-et-quatuor-de-rejoindre-le-cadre-permanent-dialogue\/\",\"name\":\"Dr Dansa lance un appel aux forces vives et quatuor de rejoindre le cadre permanent dialogue. - UNIVERSNEWS224\",\"isPartOf\":{\"@id\":\"https:\/\/universnews224.com\/#website\"},\"datePublished\":\"2023-02-06T12:53:51+00:00\",\"dateModified\":\"2023-02-06T12:53:51+00:00\",\"inLanguage\":\"fr-FR\",\"potentialAction\":[{\"@type\":\"ReadAction\",\"target\":[\"https:\/\/universnews224.com\/index.php\/dr-dansa-lance-un-appel-aux-forces-vives-et-quatuor-de-rejoindre-le-cadre-permanent-dialogue\/\"]}]},{\"@type\":\"WebSite\",\"@id\":\"https:\/\/universnews224.com\/#website\",\"url\":\"https:\/\/universnews224.com\/\",\"name\":\"UNIVERSNEWS224\",\"description\":\"\",\"publisher\":{\"@id\":\"https:\/\/universnews224.com\/#organization\"},\"potentialAction\":[{\"@type\":\"SearchAction\",\"target\":{\"@type\":\"EntryPoint\",\"urlTemplate\":\"https:\/\/universnews224.com\/?s={search_term_string}\"},\"query-input\":\"required name=search_term_string\"}],\"inLanguage\":\"fr-FR\"},{\"@type\":\"Organization\",\"@id\":\"https:\/\/universnews224.com\/#organization\",\"name\":\"UNIVERSNEWS224\",\"url\":\"https:\/\/universnews224.com\/\",\"logo\":{\"@type\":\"ImageObject\",\"inLanguage\":\"fr-FR\",\"@id\":\"https:\/\/universnews224.com\/#\/schema\/logo\/image\/\",\"url\":\"https:\/\/universnews224.com\/wp-content\/uploads\/2022\/08\/cropped-cropped-logoban.jpg\",\"contentUrl\":\"https:\/\/universnews224.com\/wp-content\/uploads\/2022\/08\/cropped-cropped-logoban.jpg\",\"width\":1080,\"height\":138,\"caption\":\"UNIVERSNEWS224\"},\"image\":{\"@id\":\"https:\/\/universnews224.com\/#\/schema\/logo\/image\/\"}},{\"@type\":\"Person\",\"@id\":\"https:\/\/universnews224.com\/#\/schema\/person\/a4b7d4f94a4716df60456a491260485e\",\"name\":\"La R\u00e9daction\",\"image\":{\"@type\":\"ImageObject\",\"inLanguage\":\"fr-FR\",\"@id\":\"https:\/\/universnews224.com\/#\/schema\/person\/image\/\",\"url\":\"https:\/\/secure.gravatar.com\/avatar\/edb90acc7752b23e1b3307ad36c14f0d?s=96&d=mm&r=g\",\"contentUrl\":\"https:\/\/secure.gravatar.com\/avatar\/edb90acc7752b23e1b3307ad36c14f0d?s=96&d=mm&r=g\",\"caption\":\"La R\u00e9daction\"},\"sameAs\":[\"https:\/\/universnews224.com\"],\"url\":\"https:\/\/universnews224.com\/index.php\/author\/m-camara\/\"}]}<\/script>\n<!-- \/ Yoast SEO plugin. -->","yoast_head_json":{"title":"Dr Dansa lance un appel aux forces vives et quatuor de rejoindre le cadre permanent dialogue. - UNIVERSNEWS224","robots":{"index":"index","follow":"follow","max-snippet":"max-snippet:-1","max-image-preview":"max-image-preview:large","max-video-preview":"max-video-preview:-1"},"canonical":"https:\/\/universnews224.com\/index.php\/dr-dansa-lance-un-appel-aux-forces-vives-et-quatuor-de-rejoindre-le-cadre-permanent-dialogue\/","og_locale":"fr_FR","og_type":"article","og_title":"Dr Dansa lance un appel aux forces vives et quatuor de rejoindre le cadre permanent dialogue. - UNIVERSNEWS224","og_description":"dimanche 5 f\u00e9vrier 2023 le premier anniversaire de son installation. \u00c0 cette occasion, le pr\u00e9sident","og_url":"https:\/\/universnews224.com\/index.php\/dr-dansa-lance-un-appel-aux-forces-vives-et-quatuor-de-rejoindre-le-cadre-permanent-dialogue\/","og_site_name":"UNIVERSNEWS224","article_published_time":"2023-02-06T12:53:51+00:00","og_image":[{"width":1280,"height":854,"url":"https:\/\/universnews224.com\/wp-content\/uploads\/2023\/02\/A1B3D4B3-1A42-475B-BB8A-02823F9314F8.jpeg","type":"image\/jpeg"}],"author":"La R\u00e9daction","twitter_misc":{"\u00c9crit par":"La R\u00e9daction","Dur\u00e9e de lecture estim\u00e9e":"2 minutes"},"schema":{"@context":"https:\/\/schema.org","@graph":[{"@type":"Article","@id":"https:\/\/universnews224.com\/index.php\/dr-dansa-lance-un-appel-aux-forces-vives-et-quatuor-de-rejoindre-le-cadre-permanent-dialogue\/#article","isPartOf":{"@id":"https:\/\/universnews224.com\/index.php\/dr-dansa-lance-un-appel-aux-forces-vives-et-quatuor-de-rejoindre-le-cadre-permanent-dialogue\/"},"author":{"name":"La R\u00e9daction","@id":"https:\/\/universnews224.com\/#\/schema\/person\/a4b7d4f94a4716df60456a491260485e"},"headline":"Dr Dansa lance un appel aux forces vives et quatuor de rejoindre le cadre permanent dialogue.","datePublished":"2023-02-06T12:53:51+00:00","dateModified":"2023-02-06T12:53:51+00:00","mainEntityOfPage":{"@id":"https:\/\/universnews224.com\/index.php\/dr-dansa-lance-un-appel-aux-forces-vives-et-quatuor-de-rejoindre-le-cadre-permanent-dialogue\/"},"wordCount":258,"publisher":{"@id":"https:\/\/universnews224.com\/#organization"},"keywords":["La une"],"articleSection":["ACTU","POLITIQUE"],"inLanguage":"fr-FR"},{"@type":"WebPage","@id":"https:\/\/universnews224.com\/index.php\/dr-dansa-lance-un-appel-aux-forces-vives-et-quatuor-de-rejoindre-le-cadre-permanent-dialogue\/","url":"https:\/\/universnews224.com\/index.php\/dr-dansa-lance-un-appel-aux-forces-vives-et-quatuor-de-rejoindre-le-cadre-permanent-dialogue\/","name":"Dr Dansa lance un appel aux forces vives et quatuor de rejoindre le cadre permanent dialogue. - UNIVERSNEWS224","isPartOf":{"@id":"https:\/\/universnews224.com\/#website"},"datePublished":"2023-02-06T12:53:51+00:00","dateModified":"2023-02-06T12:53:51+00:00","inLanguage":"fr-FR","potentialAction":[{"@type":"ReadAction","target":["https:\/\/universnews224.com\/index.php\/dr-dansa-lance-un-appel-aux-forces-vives-et-quatuor-de-rejoindre-le-cadre-permanent-dialogue\/"]}]},{"@type":"WebSite","@id":"https:\/\/universnews224.com\/#website","url":"https:\/\/universnews224.com\/","name":"UNIVERSNEWS224","description":"","publisher":{"@id":"https:\/\/universnews224.com\/#organization"},"potentialAction":[{"@type":"SearchAction","target":{"@type":"EntryPoint","urlTemplate":"https:\/\/universnews224.com\/?s={search_term_string}"},"query-input":"required name=search_term_string"}],"inLanguage":"fr-FR"},{"@type":"Organization","@id":"https:\/\/universnews224.com\/#organization","name":"UNIVERSNEWS224","url":"https:\/\/universnews224.com\/","logo":{"@type":"ImageObject","inLanguage":"fr-FR","@id":"https:\/\/universnews224.com\/#\/schema\/logo\/image\/","url":"https:\/\/universnews224.com\/wp-content\/uploads\/2022\/08\/cropped-cropped-logoban.jpg","contentUrl":"https:\/\/universnews224.com\/wp-content\/uploads\/2022\/08\/cropped-cropped-logoban.jpg","width":1080,"height":138,"caption":"UNIVERSNEWS224"},"image":{"@id":"https:\/\/universnews224.com\/#\/schema\/logo\/image\/"}},{"@type":"Person","@id":"https:\/\/universnews224.com\/#\/schema\/person\/a4b7d4f94a4716df60456a491260485e","name":"La R\u00e9daction","image":{"@type":"ImageObject","inLanguage":"fr-FR","@id":"https:\/\/universnews224.com\/#\/schema\/person\/image\/","url":"https:\/\/secure.gravatar.com\/avatar\/edb90acc7752b23e1b3307ad36c14f0d?s=96&d=mm&r=g","contentUrl":"https:\/\/secure.gravatar.com\/avatar\/edb90acc7752b23e1b3307ad36c14f0d?s=96&d=mm&r=g","caption":"La R\u00e9daction"},"sameAs":["https:\/\/universnews224.com"],"url":"https:\/\/universnews224.com\/index.php\/author\/m-camara\/"}]}},"_links":{"self":[{"href":"https:\/\/universnews224.com\/index.php\/wp-json\/wp\/v2\/posts\/2936"}],"collection":[{"href":"https:\/\/universnews224.com\/index.php\/wp-json\/wp\/v2\/posts"}],"about":[{"href":"https:\/\/universnews224.com\/index.php\/wp-json\/wp\/v2\/types\/post"}],"author":[{"embeddable":true,"href":"https:\/\/universnews224.com\/index.php\/wp-json\/wp\/v2\/users\/2"}],"replies":[{"embeddable":true,"href":"https:\/\/universnews224.com\/index.php\/wp-json\/wp\/v2\/comments?post=2936"}],"version-history":[{"count":1,"href":"https:\/\/universnews224.com\/index.php\/wp-json\/wp\/v2\/posts\/2936\/revisions"}],"predecessor-version":[{"id":2938,"href":"https:\/\/universnews224.com\/index.php\/wp-json\/wp\/v2\/posts\/2936\/revisions\/2938"}],"wp:featuredmedia":[{"embeddable":true,"href":"https:\/\/universnews224.com\/index.php\/wp-json\/wp\/v2\/media\/2937"}],"wp:attachment":[{"href":"https:\/\/universnews224.com\/index.php\/wp-json\/wp\/v2\/media?parent=2936"}],"wp:term":[{"taxonomy":"category","embeddable":true,"href":"https:\/\/universnews224.com\/index.php\/wp-json\/wp\/v2\/categories?post=2936"},{"taxonomy":"post_tag","embeddable":true,"href":"https:\/\/universnews224.com\/index.php\/wp-json\/wp\/v2\/tags?post=2936"}],"curies":[{"name":"wp","href":"https:\/\/api.w.org\/{rel}","templated":true}]}}