{"id":2940,"date":"2023-02-07T12:58:09","date_gmt":"2023-02-07T11:58:09","guid":{"rendered":"https:\/\/universnews224.com\/?p=2940"},"modified":"2023-02-07T12:58:09","modified_gmt":"2023-02-07T11:58:09","slug":"les-coup-detat-en-afrique-de-louest-que-ca-soit-en-guinee-au-burkina-et-au-mali-les-evenements-qui-se-sont-produits-etaient-previsibles-sani-malan-boukary-2eme-vice","status":"publish","type":"post","link":"https:\/\/universnews224.com\/index.php\/les-coup-detat-en-afrique-de-louest-que-ca-soit-en-guinee-au-burkina-et-au-mali-les-evenements-qui-se-sont-produits-etaient-previsibles-sani-malan-boukary-2eme-vice\/","title":{"rendered":"Les coup d\u2019\u00c9tat en Afrique de l\u2019Ouest: \u00abQue \u00e7a soit en Guin\u00e9e, au Burkina et au Mali, les \u00e9v\u00e9nements qui se sont produits \u00e9taient pr\u00e9visibles\u00bb,  S\u00e2ni Malan Boukary 2\u00e8me vice du parlement de la C\u00c9D\u00c9AO."},"content":{"rendered":"<p class=\"p2\"><span class=\"s1\">Dans le cadre de la c\u00e9l\u00e9bration de son premier anniversaire, le Conseil National de la Transition (CNT) a tenu ce lundi, 6 f\u00e9vrier 2023, une session sp\u00e9ciale dont le th\u00e8me portait sur \u00able parlement et r\u00e9fondation de l\u2019\u00c9tat\u00bb. Cette pl\u00e9ni\u00e8re sp\u00e9ciale a connu la pr\u00e9sence de plusieurs invit\u00e9s de marque essentiellement compos\u00e9 de dirigeants d\u2019institutions parlementaires de transition venus du Mali, du Tchad, du Burkina et la C\u00f4te d\u2019Ivoire.<\/span><\/p>\n<p class=\"p2\"><span class=\"s1\">Au cours cette pl\u00e9ni\u00e8re sp\u00e9ciale, plusieurs questions relatives notamment, \u00e0 la mauvaise gouvernance, les fraudes \u00e9lectorales, l\u2019exclusion, la corruption, l\u2019impunit\u00e9, le non-respect des textes de loi et la recrudescence des coup d\u2019\u00c9tat sur le continent ont \u00e9t\u00e9 abord\u00e9es. <\/span><\/p>\n<p class=\"p2\"><span class=\"s1\">S\u2019exprimant sur la recrudescence des coups d\u2019\u00c9tat en Afrique, le 2\u00e8me Vice-pr\u00e9sident du Parlement de la CEDEAO, S\u00e2ni Malan Boukary explique ce fait par la volont\u00e9 de certains chefs d\u2019\u00c9tat de modifier les constitutions de leurs pays pour se maintenir au pouvoir. Ce qui, selon lui favorise l\u2019av\u00e8nement de l\u2019arm\u00e9e au pouvoir. <\/span><\/p>\n<p class=\"p2\"><span class=\"s1\">\u00abNous sommes en face d\u2019une situation qui est r\u00e9elle. Que \u00e7a soit en Guin\u00e9e, au Burkina et au Mali, les \u00e9v\u00e9nements qui se sont produits \u00e9taient pr\u00e9visibles. Nous avons dit, nous ne voulons plus la<span class=\"Apple-converted-space\">\u00a0 <\/span>prise du pouvoir par les armes dans l\u2019espace C\u00c9D\u00c9AO, mais les gens qui dirigeaient ont amen\u00e9 l\u2019arm\u00e9e \u00e0 intervenir dans la sph\u00e8re politique. Quand vous faites un mandat, deux mandats, allez-y! Les cimeti\u00e8res sont pleins d\u2019hommes indispensables. Vous avez fini deux mandats, vous partez. Notre ancien pr\u00e9sident Youssouf Mahmoudou, il est tr\u00e8s portant, mais apr\u00e8s ces deux mandats, il a organis\u00e9 les \u00e9lections et il est parti. Mais avant d\u2019y parvenir, il s\u2019est toujours rappel\u00e9 et il nous a demand\u00e9 de l\u2019aider, de ne pas \u00e9couter le bruit de la sir\u00e8ne r\u00e9visionniste. Au terme de mes deux mandats, il est parti. Mais les gens ont la m\u00e9moire tr\u00e8s courte, on fait la r\u00e9volution, on dit qu\u2019on veut le multipartisme, on veut la d\u00e9mocratie. On vient au pouvoir, on fait un mandat, deux mandats, on veut s\u2019\u00e9terniser. Mais ce n\u2019est pas possible, s\u2019indigne t-il. <\/span><\/p>\n<p class=\"p2\"><span class=\"s1\">\u00c0 en croire ce parlementaire, tant que les chefs d\u2019\u00c9tat Africains continuent \u00e0 modifier les constitutions pour s\u2019\u00e9terniser au pouvoir, m\u00eame la C\u00c9D\u00c9AO ne pourra rien. <\/span><\/p>\n<p class=\"p2\"><span class=\"s1\">\u00abJe vais vous donner exemple sur le cas du Niger, on a dit qu\u2019on ne plus du coup d\u2019\u00c9tat, mais le pr\u00e9sident Tandian dit que non, qu\u2019il ne voyait pas qui, il allait confier le pays. Qu\u2019est-ce qu\u2019il faut faire, qui va d\u00e9partager, l\u2019arm\u00e9e est intervenue. Vous faites une constitution, vous devez la respecter. Si vous ne respectez pas, c\u2019est qui fait que<span class=\"Apple-converted-space\">\u00a0 <\/span>l\u2019arm\u00e9e intervient pour prendre le pouvoir. Et souvent m\u00eame dans nos d\u00e9bat, nous sommes confront\u00e9s devant un mur o\u00f9 il n y pas de passage. Parce que lorsque vous avez \u00e9lu quelqu\u2019un, il sait quelle base il a \u00e9t\u00e9 \u00e9lu . On lui dit attention, attention il y a un mur( constitution) devant vous, les yeux sont ferm\u00e9s, les oreilles sont bouch\u00e9es, il se cogne contre le mur et le lendemain il se retrouve dans la poubelle. Nous avons r\u00e9clam\u00e9 le multipartisme, nous avons demand\u00e9 que nous voulons la d\u00e9mocratie, m\u00eame quand on finit les \u00e9lections, il faut y ait des hommes de valeur, des hommes honn\u00eates qui ne font pas s\u2019\u00e9terniser au pouvoir. Si nos chefs d\u2019\u00c9tat se disent qu\u2019ils sont indispensables et que sans eux qu\u2019il n\u2019y pas de rel\u00e8ve, m\u00eame la CEDEAO ne peut rien faire contre quelqu\u2019un qui veut demeurer au pouvoir\u00bb, a t-il avou\u00e9. <\/span><\/p>\n<p class=\"p2\"><span class=\"s1\">Camara Mamadouba <\/span><\/p>\n<p class=\"p2\"><span class=\"s1\">611 46 04 10 <\/span><\/p>\n","protected":false},"excerpt":{"rendered":"<p>Dans le cadre de la c\u00e9l\u00e9bration de son premier anniversaire, le Conseil National de la<\/p>\n","protected":false},"author":2,"featured_media":2941,"comment_status":"closed","ping_status":"open","sticky":false,"template":"","format":"standard","meta":[],"categories":[3,4],"tags":[229],"yoast_head":"<!-- This site is optimized with the Yoast SEO plugin v19.13 - https:\/\/yoast.com\/wordpress\/plugins\/seo\/ -->\n<title>Les coup d\u2019\u00c9tat en Afrique de l\u2019Ouest: \u00abQue \u00e7a soit en Guin\u00e9e, au Burkina et au Mali, les \u00e9v\u00e9nements qui se sont produits \u00e9taient pr\u00e9visibles\u00bb, S\u00e2ni Malan Boukary 2\u00e8me vice du parlement de la C\u00c9D\u00c9AO. - UNIVERSNEWS224<\/title>\n<meta name=\"robots\" content=\"index, follow, max-snippet:-1, max-image-preview:large, max-video-preview:-1\" \/>\n<link rel=\"canonical\" href=\"https:\/\/universnews224.com\/index.php\/les-coup-detat-en-afrique-de-louest-que-ca-soit-en-guinee-au-burkina-et-au-mali-les-evenements-qui-se-sont-produits-etaient-previsibles-sani-malan-boukary-2eme-vice\/\" \/>\n<meta property=\"og:locale\" content=\"fr_FR\" \/>\n<meta property=\"og:type\" content=\"article\" \/>\n<meta property=\"og:title\" content=\"Les coup d\u2019\u00c9tat en Afrique de l\u2019Ouest: \u00abQue \u00e7a soit en Guin\u00e9e, au Burkina et au Mali, les \u00e9v\u00e9nements qui se sont produits \u00e9taient pr\u00e9visibles\u00bb, S\u00e2ni Malan Boukary 2\u00e8me vice du parlement de la C\u00c9D\u00c9AO. - UNIVERSNEWS224\" \/>\n<meta property=\"og:description\" content=\"Dans le cadre de la c\u00e9l\u00e9bration de son premier anniversaire, le Conseil National de la\" \/>\n<meta property=\"og:url\" content=\"https:\/\/universnews224.com\/index.php\/les-coup-detat-en-afrique-de-louest-que-ca-soit-en-guinee-au-burkina-et-au-mali-les-evenements-qui-se-sont-produits-etaient-previsibles-sani-malan-boukary-2eme-vice\/\" \/>\n<meta property=\"og:site_name\" content=\"UNIVERSNEWS224\" \/>\n<meta property=\"article:published_time\" content=\"2023-02-07T11:58:09+00:00\" \/>\n<meta property=\"og:image\" content=\"https:\/\/universnews224.com\/wp-content\/uploads\/2023\/02\/CD6B3272-3B03-4119-ACF4-AC6D08F1A752.jpeg\" \/>\n\t<meta property=\"og:image:width\" content=\"1280\" \/>\n\t<meta property=\"og:image:height\" content=\"854\" \/>\n\t<meta property=\"og:image:type\" content=\"image\/jpeg\" \/>\n<meta name=\"author\" content=\"La R\u00e9daction\" \/>\n<meta name=\"twitter:label1\" content=\"\u00c9crit par\" \/>\n\t<meta name=\"twitter:data1\" content=\"La R\u00e9daction\" \/>\n\t<meta name=\"twitter:label2\" content=\"Dur\u00e9e de lecture estim\u00e9e\" \/>\n\t<meta name=\"twitter:data2\" content=\"3 minutes\" \/>\n<script type=\"application\/ld+json\" class=\"yoast-schema-graph\">{\"@context\":\"https:\/\/schema.org\",\"@graph\":[{\"@type\":\"Article\",\"@id\":\"https:\/\/universnews224.com\/index.php\/les-coup-detat-en-afrique-de-louest-que-ca-soit-en-guinee-au-burkina-et-au-mali-les-evenements-qui-se-sont-produits-etaient-previsibles-sani-malan-boukary-2eme-vice\/#article\",\"isPartOf\":{\"@id\":\"https:\/\/universnews224.com\/index.php\/les-coup-detat-en-afrique-de-louest-que-ca-soit-en-guinee-au-burkina-et-au-mali-les-evenements-qui-se-sont-produits-etaient-previsibles-sani-malan-boukary-2eme-vice\/\"},\"author\":{\"name\":\"La R\u00e9daction\",\"@id\":\"https:\/\/universnews224.com\/#\/schema\/person\/a4b7d4f94a4716df60456a491260485e\"},\"headline\":\"Les coup d\u2019\u00c9tat en Afrique de l\u2019Ouest: \u00abQue \u00e7a soit en Guin\u00e9e, au Burkina et au Mali, les \u00e9v\u00e9nements qui se sont produits \u00e9taient pr\u00e9visibles\u00bb, S\u00e2ni Malan Boukary 2\u00e8me vice du parlement de la C\u00c9D\u00c9AO.\",\"datePublished\":\"2023-02-07T11:58:09+00:00\",\"dateModified\":\"2023-02-07T11:58:09+00:00\",\"mainEntityOfPage\":{\"@id\":\"https:\/\/universnews224.com\/index.php\/les-coup-detat-en-afrique-de-louest-que-ca-soit-en-guinee-au-burkina-et-au-mali-les-evenements-qui-se-sont-produits-etaient-previsibles-sani-malan-boukary-2eme-vice\/\"},\"wordCount\":708,\"publisher\":{\"@id\":\"https:\/\/universnews224.com\/#organization\"},\"keywords\":[\"La une\"],\"articleSection\":[\"ACTU\",\"POLITIQUE\"],\"inLanguage\":\"fr-FR\"},{\"@type\":\"WebPage\",\"@id\":\"https:\/\/universnews224.com\/index.php\/les-coup-detat-en-afrique-de-louest-que-ca-soit-en-guinee-au-burkina-et-au-mali-les-evenements-qui-se-sont-produits-etaient-previsibles-sani-malan-boukary-2eme-vice\/\",\"url\":\"https:\/\/universnews224.com\/index.php\/les-coup-detat-en-afrique-de-louest-que-ca-soit-en-guinee-au-burkina-et-au-mali-les-evenements-qui-se-sont-produits-etaient-previsibles-sani-malan-boukary-2eme-vice\/\",\"name\":\"Les coup d\u2019\u00c9tat en Afrique de l\u2019Ouest: \u00abQue \u00e7a soit en Guin\u00e9e, au Burkina et au Mali, les \u00e9v\u00e9nements qui se sont produits \u00e9taient pr\u00e9visibles\u00bb, S\u00e2ni Malan Boukary 2\u00e8me vice du parlement de la C\u00c9D\u00c9AO. - UNIVERSNEWS224\",\"isPartOf\":{\"@id\":\"https:\/\/universnews224.com\/#website\"},\"datePublished\":\"2023-02-07T11:58:09+00:00\",\"dateModified\":\"2023-02-07T11:58:09+00:00\",\"inLanguage\":\"fr-FR\",\"potentialAction\":[{\"@type\":\"ReadAction\",\"target\":[\"https:\/\/universnews224.com\/index.php\/les-coup-detat-en-afrique-de-louest-que-ca-soit-en-guinee-au-burkina-et-au-mali-les-evenements-qui-se-sont-produits-etaient-previsibles-sani-malan-boukary-2eme-vice\/\"]}]},{\"@type\":\"WebSite\",\"@id\":\"https:\/\/universnews224.com\/#website\",\"url\":\"https:\/\/universnews224.com\/\",\"name\":\"UNIVERSNEWS224\",\"description\":\"\",\"publisher\":{\"@id\":\"https:\/\/universnews224.com\/#organization\"},\"potentialAction\":[{\"@type\":\"SearchAction\",\"target\":{\"@type\":\"EntryPoint\",\"urlTemplate\":\"https:\/\/universnews224.com\/?s={search_term_string}\"},\"query-input\":\"required name=search_term_string\"}],\"inLanguage\":\"fr-FR\"},{\"@type\":\"Organization\",\"@id\":\"https:\/\/universnews224.com\/#organization\",\"name\":\"UNIVERSNEWS224\",\"url\":\"https:\/\/universnews224.com\/\",\"logo\":{\"@type\":\"ImageObject\",\"inLanguage\":\"fr-FR\",\"@id\":\"https:\/\/universnews224.com\/#\/schema\/logo\/image\/\",\"url\":\"https:\/\/universnews224.com\/wp-content\/uploads\/2022\/08\/cropped-cropped-logoban.jpg\",\"contentUrl\":\"https:\/\/universnews224.com\/wp-content\/uploads\/2022\/08\/cropped-cropped-logoban.jpg\",\"width\":1080,\"height\":138,\"caption\":\"UNIVERSNEWS224\"},\"image\":{\"@id\":\"https:\/\/universnews224.com\/#\/schema\/logo\/image\/\"}},{\"@type\":\"Person\",\"@id\":\"https:\/\/universnews224.com\/#\/schema\/person\/a4b7d4f94a4716df60456a491260485e\",\"name\":\"La R\u00e9daction\",\"image\":{\"@type\":\"ImageObject\",\"inLanguage\":\"fr-FR\",\"@id\":\"https:\/\/universnews224.com\/#\/schema\/person\/image\/\",\"url\":\"https:\/\/secure.gravatar.com\/avatar\/edb90acc7752b23e1b3307ad36c14f0d?s=96&d=mm&r=g\",\"contentUrl\":\"https:\/\/secure.gravatar.com\/avatar\/edb90acc7752b23e1b3307ad36c14f0d?s=96&d=mm&r=g\",\"caption\":\"La R\u00e9daction\"},\"sameAs\":[\"https:\/\/universnews224.com\"],\"url\":\"https:\/\/universnews224.com\/index.php\/author\/m-camara\/\"}]}<\/script>\n<!-- \/ Yoast SEO plugin. -->","yoast_head_json":{"title":"Les coup d\u2019\u00c9tat en Afrique de l\u2019Ouest: \u00abQue \u00e7a soit en Guin\u00e9e, au Burkina et au Mali, les \u00e9v\u00e9nements qui se sont produits \u00e9taient pr\u00e9visibles\u00bb, S\u00e2ni Malan Boukary 2\u00e8me vice du parlement de la C\u00c9D\u00c9AO. - UNIVERSNEWS224","robots":{"index":"index","follow":"follow","max-snippet":"max-snippet:-1","max-image-preview":"max-image-preview:large","max-video-preview":"max-video-preview:-1"},"canonical":"https:\/\/universnews224.com\/index.php\/les-coup-detat-en-afrique-de-louest-que-ca-soit-en-guinee-au-burkina-et-au-mali-les-evenements-qui-se-sont-produits-etaient-previsibles-sani-malan-boukary-2eme-vice\/","og_locale":"fr_FR","og_type":"article","og_title":"Les coup d\u2019\u00c9tat en Afrique de l\u2019Ouest: \u00abQue \u00e7a soit en Guin\u00e9e, au Burkina et au Mali, les \u00e9v\u00e9nements qui se sont produits \u00e9taient pr\u00e9visibles\u00bb, S\u00e2ni Malan Boukary 2\u00e8me vice du parlement de la C\u00c9D\u00c9AO. - UNIVERSNEWS224","og_description":"Dans le cadre de la c\u00e9l\u00e9bration de son premier anniversaire, le Conseil National de la","og_url":"https:\/\/universnews224.com\/index.php\/les-coup-detat-en-afrique-de-louest-que-ca-soit-en-guinee-au-burkina-et-au-mali-les-evenements-qui-se-sont-produits-etaient-previsibles-sani-malan-boukary-2eme-vice\/","og_site_name":"UNIVERSNEWS224","article_published_time":"2023-02-07T11:58:09+00:00","og_image":[{"width":1280,"height":854,"url":"https:\/\/universnews224.com\/wp-content\/uploads\/2023\/02\/CD6B3272-3B03-4119-ACF4-AC6D08F1A752.jpeg","type":"image\/jpeg"}],"author":"La R\u00e9daction","twitter_misc":{"\u00c9crit par":"La R\u00e9daction","Dur\u00e9e de lecture estim\u00e9e":"3 minutes"},"schema":{"@context":"https:\/\/schema.org","@graph":[{"@type":"Article","@id":"https:\/\/universnews224.com\/index.php\/les-coup-detat-en-afrique-de-louest-que-ca-soit-en-guinee-au-burkina-et-au-mali-les-evenements-qui-se-sont-produits-etaient-previsibles-sani-malan-boukary-2eme-vice\/#article","isPartOf":{"@id":"https:\/\/universnews224.com\/index.php\/les-coup-detat-en-afrique-de-louest-que-ca-soit-en-guinee-au-burkina-et-au-mali-les-evenements-qui-se-sont-produits-etaient-previsibles-sani-malan-boukary-2eme-vice\/"},"author":{"name":"La R\u00e9daction","@id":"https:\/\/universnews224.com\/#\/schema\/person\/a4b7d4f94a4716df60456a491260485e"},"headline":"Les coup d\u2019\u00c9tat en Afrique de l\u2019Ouest: \u00abQue \u00e7a soit en Guin\u00e9e, au Burkina et au Mali, les \u00e9v\u00e9nements qui se sont produits \u00e9taient pr\u00e9visibles\u00bb, S\u00e2ni Malan Boukary 2\u00e8me vice du parlement de la C\u00c9D\u00c9AO.","datePublished":"2023-02-07T11:58:09+00:00","dateModified":"2023-02-07T11:58:09+00:00","mainEntityOfPage":{"@id":"https:\/\/universnews224.com\/index.php\/les-coup-detat-en-afrique-de-louest-que-ca-soit-en-guinee-au-burkina-et-au-mali-les-evenements-qui-se-sont-produits-etaient-previsibles-sani-malan-boukary-2eme-vice\/"},"wordCount":708,"publisher":{"@id":"https:\/\/universnews224.com\/#organization"},"keywords":["La une"],"articleSection":["ACTU","POLITIQUE"],"inLanguage":"fr-FR"},{"@type":"WebPage","@id":"https:\/\/universnews224.com\/index.php\/les-coup-detat-en-afrique-de-louest-que-ca-soit-en-guinee-au-burkina-et-au-mali-les-evenements-qui-se-sont-produits-etaient-previsibles-sani-malan-boukary-2eme-vice\/","url":"https:\/\/universnews224.com\/index.php\/les-coup-detat-en-afrique-de-louest-que-ca-soit-en-guinee-au-burkina-et-au-mali-les-evenements-qui-se-sont-produits-etaient-previsibles-sani-malan-boukary-2eme-vice\/","name":"Les coup d\u2019\u00c9tat en Afrique de l\u2019Ouest: \u00abQue \u00e7a soit en Guin\u00e9e, au Burkina et au Mali, les \u00e9v\u00e9nements qui se sont produits \u00e9taient pr\u00e9visibles\u00bb, S\u00e2ni Malan Boukary 2\u00e8me vice du parlement de la C\u00c9D\u00c9AO. - UNIVERSNEWS224","isPartOf":{"@id":"https:\/\/universnews224.com\/#website"},"datePublished":"2023-02-07T11:58:09+00:00","dateModified":"2023-02-07T11:58:09+00:00","inLanguage":"fr-FR","potentialAction":[{"@type":"ReadAction","target":["https:\/\/universnews224.com\/index.php\/les-coup-detat-en-afrique-de-louest-que-ca-soit-en-guinee-au-burkina-et-au-mali-les-evenements-qui-se-sont-produits-etaient-previsibles-sani-malan-boukary-2eme-vice\/"]}]},{"@type":"WebSite","@id":"https:\/\/universnews224.com\/#website","url":"https:\/\/universnews224.com\/","name":"UNIVERSNEWS224","description":"","publisher":{"@id":"https:\/\/universnews224.com\/#organization"},"potentialAction":[{"@type":"SearchAction","target":{"@type":"EntryPoint","urlTemplate":"https:\/\/universnews224.com\/?s={search_term_string}"},"query-input":"required name=search_term_string"}],"inLanguage":"fr-FR"},{"@type":"Organization","@id":"https:\/\/universnews224.com\/#organization","name":"UNIVERSNEWS224","url":"https:\/\/universnews224.com\/","logo":{"@type":"ImageObject","inLanguage":"fr-FR","@id":"https:\/\/universnews224.com\/#\/schema\/logo\/image\/","url":"https:\/\/universnews224.com\/wp-content\/uploads\/2022\/08\/cropped-cropped-logoban.jpg","contentUrl":"https:\/\/universnews224.com\/wp-content\/uploads\/2022\/08\/cropped-cropped-logoban.jpg","width":1080,"height":138,"caption":"UNIVERSNEWS224"},"image":{"@id":"https:\/\/universnews224.com\/#\/schema\/logo\/image\/"}},{"@type":"Person","@id":"https:\/\/universnews224.com\/#\/schema\/person\/a4b7d4f94a4716df60456a491260485e","name":"La R\u00e9daction","image":{"@type":"ImageObject","inLanguage":"fr-FR","@id":"https:\/\/universnews224.com\/#\/schema\/person\/image\/","url":"https:\/\/secure.gravatar.com\/avatar\/edb90acc7752b23e1b3307ad36c14f0d?s=96&d=mm&r=g","contentUrl":"https:\/\/secure.gravatar.com\/avatar\/edb90acc7752b23e1b3307ad36c14f0d?s=96&d=mm&r=g","caption":"La R\u00e9daction"},"sameAs":["https:\/\/universnews224.com"],"url":"https:\/\/universnews224.com\/index.php\/author\/m-camara\/"}]}},"_links":{"self":[{"href":"https:\/\/universnews224.com\/index.php\/wp-json\/wp\/v2\/posts\/2940"}],"collection":[{"href":"https:\/\/universnews224.com\/index.php\/wp-json\/wp\/v2\/posts"}],"about":[{"href":"https:\/\/universnews224.com\/index.php\/wp-json\/wp\/v2\/types\/post"}],"author":[{"embeddable":true,"href":"https:\/\/universnews224.com\/index.php\/wp-json\/wp\/v2\/users\/2"}],"replies":[{"embeddable":true,"href":"https:\/\/universnews224.com\/index.php\/wp-json\/wp\/v2\/comments?post=2940"}],"version-history":[{"count":1,"href":"https:\/\/universnews224.com\/index.php\/wp-json\/wp\/v2\/posts\/2940\/revisions"}],"predecessor-version":[{"id":2942,"href":"https:\/\/universnews224.com\/index.php\/wp-json\/wp\/v2\/posts\/2940\/revisions\/2942"}],"wp:featuredmedia":[{"embeddable":true,"href":"https:\/\/universnews224.com\/index.php\/wp-json\/wp\/v2\/media\/2941"}],"wp:attachment":[{"href":"https:\/\/universnews224.com\/index.php\/wp-json\/wp\/v2\/media?parent=2940"}],"wp:term":[{"taxonomy":"category","embeddable":true,"href":"https:\/\/universnews224.com\/index.php\/wp-json\/wp\/v2\/categories?post=2940"},{"taxonomy":"post_tag","embeddable":true,"href":"https:\/\/universnews224.com\/index.php\/wp-json\/wp\/v2\/tags?post=2940"}],"curies":[{"name":"wp","href":"https:\/\/api.w.org\/{rel}","templated":true}]}}