{"id":2943,"date":"2023-02-07T13:05:48","date_gmt":"2023-02-07T12:05:48","guid":{"rendered":"https:\/\/universnews224.com\/?p=2943"},"modified":"2023-02-07T13:05:48","modified_gmt":"2023-02-07T12:05:48","slug":"formation-technique-et-professionnelle-dr-bernard-goumou-inaugure-lanae-de-koba","status":"publish","type":"post","link":"https:\/\/universnews224.com\/index.php\/formation-technique-et-professionnelle-dr-bernard-goumou-inaugure-lanae-de-koba\/","title":{"rendered":"Formation Technique et Professionnelle : Dr Bernard Goumou inaugure l\u2019ANAE de Koba"},"content":{"rendered":"<p>Le Pr\u00e9sident de la Transition, le Colonel Mamadi Doumbouya\u00a0dans un esprit patriotique a d\u00e9cid\u00e9 de r\u00e9habiliter l\u2019\u00c9cole Nationale de l\u2019Agriculture et d\u2019\u00c9levage de Koba avec les atouts de la modernit\u00e9 et les moyens judicieux.<\/p>\n<p>Dr Bernard Goumou a proc\u00e9d\u00e9 \u00e0 l\u2019inauguration de l\u2019\u00e9tablissement en compagnie du Ministre de l\u2019Enseignement Technique, de la Formation Professionnelle et de l\u2019Emploi et du Ministre de l\u2019\u00c9conomie et des Finances.<\/p>\n<p>Le monde agricole guin\u00e9en a un potentiel \u00e9norme, mais tr\u00e8s peu profitable \u00e0 ses acteurs a indiqu\u00e9 le ministre de l\u2019Enseignement Technique de la Formation Professionnelle et de l\u2019Emploi.<\/p>\n<div class=\"jeg_ad jeg_ad_article jnews_content_inline_ads \">\n<div class=\"ads-wrapper align-center \">\n<div class=\"ads_code\"><ins class=\"adsbygoogle\" data-ad-client=\"ca-pub-1870189416508001\" data-ad-slot=\"5141807392\" data-ad-format=\"auto\" data-full-width-responsive=\"true\"><\/ins>\u00ab\u00a0Plus des 2\/3 de sa population habitent dans les zones rurales et vivent de la p\u00eache, l\u2019agriculture et l\u2019\u00e9levage\u2026Cependant, toutes ces pratiques en cours restent rudimentaires et m\u00e9ritent d\u2019\u00eatre am\u00e9lior\u00e9es\u00a0\u00bb, a-t-il indiqu\u00e9.<\/p>\n<p>Et cela passe par la Formation des jeunes techniciens agricoles, qualifi\u00e9s et \u00e9quip\u00e9s ;<\/p>\n<p>L\u2019introduction de nouvelles pratiques agricoles ;<\/p>\n<p>La bonne organisation du secteur et de ses ramifications pr\u00e9cise le Ministre Alpha Bacar Barry.<\/p>\n<p>L\u2019\u00c9cole Nationale de l\u2019Agriculture et de l\u2019\u00c9levage de Koba doit r\u00e9volutionner les pratiques agricoles et d\u2019\u00e9levage de la r\u00e9gion en vue d\u2019une rentabilit\u00e9 \u00e9conomique a d\u00e9clar\u00e9 le Premier ministre.<\/p>\n<p>Avec un accompagnement cons\u00e9quent, l\u2019\u00c9tat ambitionne le grand d\u00e9clic du secteur Agricole \u00e0 partir de Koba.<\/p>\n<p><em>\u00ab\u00a0Les fonds qui ont toujours fait d\u00e9faut aux jeunes entrepreneurs sont disponibles. Remuez votre champ\u2026Creusez, fouiller, b\u00eachez ; ne laissez nulle place o\u00f9 la main ne passe et repasse. \u00bb<\/em>, a conclu le Premier ministre.<\/p>\n<p>&nbsp;<\/p>\n<p><strong>Avec la Cellule de Communication du Gouvernement<\/strong><\/p>\n<\/div>\n<\/div>\n<\/div>\n","protected":false},"excerpt":{"rendered":"<p>Le Pr\u00e9sident de la Transition, le Colonel Mamadi Doumbouya\u00a0dans un esprit patriotique a d\u00e9cid\u00e9 de<\/p>\n","protected":false},"author":2,"featured_media":2944,"comment_status":"closed","ping_status":"open","sticky":false,"template":"","format":"standard","meta":[],"categories":[3],"tags":[229],"yoast_head":"<!-- This site is optimized with the Yoast SEO plugin v19.13 - https:\/\/yoast.com\/wordpress\/plugins\/seo\/ -->\n<title>Formation Technique et Professionnelle : Dr Bernard Goumou inaugure l\u2019ANAE de Koba - UNIVERSNEWS224<\/title>\n<meta name=\"robots\" content=\"index, follow, max-snippet:-1, max-image-preview:large, max-video-preview:-1\" \/>\n<link rel=\"canonical\" href=\"https:\/\/universnews224.com\/index.php\/formation-technique-et-professionnelle-dr-bernard-goumou-inaugure-lanae-de-koba\/\" \/>\n<meta property=\"og:locale\" content=\"fr_FR\" \/>\n<meta property=\"og:type\" content=\"article\" \/>\n<meta property=\"og:title\" content=\"Formation Technique et Professionnelle : Dr Bernard Goumou inaugure l\u2019ANAE de Koba - UNIVERSNEWS224\" \/>\n<meta property=\"og:description\" content=\"Le Pr\u00e9sident de la Transition, le Colonel Mamadi Doumbouya\u00a0dans un esprit patriotique a d\u00e9cid\u00e9 de\" \/>\n<meta property=\"og:url\" content=\"https:\/\/universnews224.com\/index.php\/formation-technique-et-professionnelle-dr-bernard-goumou-inaugure-lanae-de-koba\/\" \/>\n<meta property=\"og:site_name\" content=\"UNIVERSNEWS224\" \/>\n<meta property=\"article:published_time\" content=\"2023-02-07T12:05:48+00:00\" \/>\n<meta property=\"og:image\" content=\"https:\/\/universnews224.com\/wp-content\/uploads\/2023\/02\/CD7639E5-BC84-4432-AF58-08D722EEF67A.png\" \/>\n\t<meta property=\"og:image:width\" content=\"700\" \/>\n\t<meta property=\"og:image:height\" content=\"337\" \/>\n\t<meta property=\"og:image:type\" content=\"image\/png\" \/>\n<meta name=\"author\" content=\"La R\u00e9daction\" \/>\n<meta name=\"twitter:label1\" content=\"\u00c9crit par\" \/>\n\t<meta name=\"twitter:data1\" content=\"La R\u00e9daction\" \/>\n\t<meta name=\"twitter:label2\" content=\"Dur\u00e9e de lecture estim\u00e9e\" \/>\n\t<meta name=\"twitter:data2\" content=\"2 minutes\" \/>\n<script type=\"application\/ld+json\" class=\"yoast-schema-graph\">{\"@context\":\"https:\/\/schema.org\",\"@graph\":[{\"@type\":\"Article\",\"@id\":\"https:\/\/universnews224.com\/index.php\/formation-technique-et-professionnelle-dr-bernard-goumou-inaugure-lanae-de-koba\/#article\",\"isPartOf\":{\"@id\":\"https:\/\/universnews224.com\/index.php\/formation-technique-et-professionnelle-dr-bernard-goumou-inaugure-lanae-de-koba\/\"},\"author\":{\"name\":\"La R\u00e9daction\",\"@id\":\"https:\/\/universnews224.com\/#\/schema\/person\/a4b7d4f94a4716df60456a491260485e\"},\"headline\":\"Formation Technique et Professionnelle : Dr Bernard Goumou inaugure l\u2019ANAE de Koba\",\"datePublished\":\"2023-02-07T12:05:48+00:00\",\"dateModified\":\"2023-02-07T12:05:48+00:00\",\"mainEntityOfPage\":{\"@id\":\"https:\/\/universnews224.com\/index.php\/formation-technique-et-professionnelle-dr-bernard-goumou-inaugure-lanae-de-koba\/\"},\"wordCount\":296,\"publisher\":{\"@id\":\"https:\/\/universnews224.com\/#organization\"},\"keywords\":[\"La une\"],\"articleSection\":[\"ACTU\"],\"inLanguage\":\"fr-FR\"},{\"@type\":\"WebPage\",\"@id\":\"https:\/\/universnews224.com\/index.php\/formation-technique-et-professionnelle-dr-bernard-goumou-inaugure-lanae-de-koba\/\",\"url\":\"https:\/\/universnews224.com\/index.php\/formation-technique-et-professionnelle-dr-bernard-goumou-inaugure-lanae-de-koba\/\",\"name\":\"Formation Technique et Professionnelle : Dr Bernard Goumou inaugure l\u2019ANAE de Koba - UNIVERSNEWS224\",\"isPartOf\":{\"@id\":\"https:\/\/universnews224.com\/#website\"},\"datePublished\":\"2023-02-07T12:05:48+00:00\",\"dateModified\":\"2023-02-07T12:05:48+00:00\",\"inLanguage\":\"fr-FR\",\"potentialAction\":[{\"@type\":\"ReadAction\",\"target\":[\"https:\/\/universnews224.com\/index.php\/formation-technique-et-professionnelle-dr-bernard-goumou-inaugure-lanae-de-koba\/\"]}]},{\"@type\":\"WebSite\",\"@id\":\"https:\/\/universnews224.com\/#website\",\"url\":\"https:\/\/universnews224.com\/\",\"name\":\"UNIVERSNEWS224\",\"description\":\"\",\"publisher\":{\"@id\":\"https:\/\/universnews224.com\/#organization\"},\"potentialAction\":[{\"@type\":\"SearchAction\",\"target\":{\"@type\":\"EntryPoint\",\"urlTemplate\":\"https:\/\/universnews224.com\/?s={search_term_string}\"},\"query-input\":\"required name=search_term_string\"}],\"inLanguage\":\"fr-FR\"},{\"@type\":\"Organization\",\"@id\":\"https:\/\/universnews224.com\/#organization\",\"name\":\"UNIVERSNEWS224\",\"url\":\"https:\/\/universnews224.com\/\",\"logo\":{\"@type\":\"ImageObject\",\"inLanguage\":\"fr-FR\",\"@id\":\"https:\/\/universnews224.com\/#\/schema\/logo\/image\/\",\"url\":\"https:\/\/universnews224.com\/wp-content\/uploads\/2022\/08\/cropped-cropped-logoban.jpg\",\"contentUrl\":\"https:\/\/universnews224.com\/wp-content\/uploads\/2022\/08\/cropped-cropped-logoban.jpg\",\"width\":1080,\"height\":138,\"caption\":\"UNIVERSNEWS224\"},\"image\":{\"@id\":\"https:\/\/universnews224.com\/#\/schema\/logo\/image\/\"}},{\"@type\":\"Person\",\"@id\":\"https:\/\/universnews224.com\/#\/schema\/person\/a4b7d4f94a4716df60456a491260485e\",\"name\":\"La R\u00e9daction\",\"image\":{\"@type\":\"ImageObject\",\"inLanguage\":\"fr-FR\",\"@id\":\"https:\/\/universnews224.com\/#\/schema\/person\/image\/\",\"url\":\"https:\/\/secure.gravatar.com\/avatar\/edb90acc7752b23e1b3307ad36c14f0d?s=96&d=mm&r=g\",\"contentUrl\":\"https:\/\/secure.gravatar.com\/avatar\/edb90acc7752b23e1b3307ad36c14f0d?s=96&d=mm&r=g\",\"caption\":\"La R\u00e9daction\"},\"sameAs\":[\"https:\/\/universnews224.com\"],\"url\":\"https:\/\/universnews224.com\/index.php\/author\/m-camara\/\"}]}<\/script>\n<!-- \/ Yoast SEO plugin. -->","yoast_head_json":{"title":"Formation Technique et Professionnelle : Dr Bernard Goumou inaugure l\u2019ANAE de Koba - UNIVERSNEWS224","robots":{"index":"index","follow":"follow","max-snippet":"max-snippet:-1","max-image-preview":"max-image-preview:large","max-video-preview":"max-video-preview:-1"},"canonical":"https:\/\/universnews224.com\/index.php\/formation-technique-et-professionnelle-dr-bernard-goumou-inaugure-lanae-de-koba\/","og_locale":"fr_FR","og_type":"article","og_title":"Formation Technique et Professionnelle : Dr Bernard Goumou inaugure l\u2019ANAE de Koba - UNIVERSNEWS224","og_description":"Le Pr\u00e9sident de la Transition, le Colonel Mamadi Doumbouya\u00a0dans un esprit patriotique a d\u00e9cid\u00e9 de","og_url":"https:\/\/universnews224.com\/index.php\/formation-technique-et-professionnelle-dr-bernard-goumou-inaugure-lanae-de-koba\/","og_site_name":"UNIVERSNEWS224","article_published_time":"2023-02-07T12:05:48+00:00","og_image":[{"width":700,"height":337,"url":"https:\/\/universnews224.com\/wp-content\/uploads\/2023\/02\/CD7639E5-BC84-4432-AF58-08D722EEF67A.png","type":"image\/png"}],"author":"La R\u00e9daction","twitter_misc":{"\u00c9crit par":"La R\u00e9daction","Dur\u00e9e de lecture estim\u00e9e":"2 minutes"},"schema":{"@context":"https:\/\/schema.org","@graph":[{"@type":"Article","@id":"https:\/\/universnews224.com\/index.php\/formation-technique-et-professionnelle-dr-bernard-goumou-inaugure-lanae-de-koba\/#article","isPartOf":{"@id":"https:\/\/universnews224.com\/index.php\/formation-technique-et-professionnelle-dr-bernard-goumou-inaugure-lanae-de-koba\/"},"author":{"name":"La R\u00e9daction","@id":"https:\/\/universnews224.com\/#\/schema\/person\/a4b7d4f94a4716df60456a491260485e"},"headline":"Formation Technique et Professionnelle : Dr Bernard Goumou inaugure l\u2019ANAE de Koba","datePublished":"2023-02-07T12:05:48+00:00","dateModified":"2023-02-07T12:05:48+00:00","mainEntityOfPage":{"@id":"https:\/\/universnews224.com\/index.php\/formation-technique-et-professionnelle-dr-bernard-goumou-inaugure-lanae-de-koba\/"},"wordCount":296,"publisher":{"@id":"https:\/\/universnews224.com\/#organization"},"keywords":["La une"],"articleSection":["ACTU"],"inLanguage":"fr-FR"},{"@type":"WebPage","@id":"https:\/\/universnews224.com\/index.php\/formation-technique-et-professionnelle-dr-bernard-goumou-inaugure-lanae-de-koba\/","url":"https:\/\/universnews224.com\/index.php\/formation-technique-et-professionnelle-dr-bernard-goumou-inaugure-lanae-de-koba\/","name":"Formation Technique et Professionnelle : Dr Bernard Goumou inaugure l\u2019ANAE de Koba - UNIVERSNEWS224","isPartOf":{"@id":"https:\/\/universnews224.com\/#website"},"datePublished":"2023-02-07T12:05:48+00:00","dateModified":"2023-02-07T12:05:48+00:00","inLanguage":"fr-FR","potentialAction":[{"@type":"ReadAction","target":["https:\/\/universnews224.com\/index.php\/formation-technique-et-professionnelle-dr-bernard-goumou-inaugure-lanae-de-koba\/"]}]},{"@type":"WebSite","@id":"https:\/\/universnews224.com\/#website","url":"https:\/\/universnews224.com\/","name":"UNIVERSNEWS224","description":"","publisher":{"@id":"https:\/\/universnews224.com\/#organization"},"potentialAction":[{"@type":"SearchAction","target":{"@type":"EntryPoint","urlTemplate":"https:\/\/universnews224.com\/?s={search_term_string}"},"query-input":"required name=search_term_string"}],"inLanguage":"fr-FR"},{"@type":"Organization","@id":"https:\/\/universnews224.com\/#organization","name":"UNIVERSNEWS224","url":"https:\/\/universnews224.com\/","logo":{"@type":"ImageObject","inLanguage":"fr-FR","@id":"https:\/\/universnews224.com\/#\/schema\/logo\/image\/","url":"https:\/\/universnews224.com\/wp-content\/uploads\/2022\/08\/cropped-cropped-logoban.jpg","contentUrl":"https:\/\/universnews224.com\/wp-content\/uploads\/2022\/08\/cropped-cropped-logoban.jpg","width":1080,"height":138,"caption":"UNIVERSNEWS224"},"image":{"@id":"https:\/\/universnews224.com\/#\/schema\/logo\/image\/"}},{"@type":"Person","@id":"https:\/\/universnews224.com\/#\/schema\/person\/a4b7d4f94a4716df60456a491260485e","name":"La R\u00e9daction","image":{"@type":"ImageObject","inLanguage":"fr-FR","@id":"https:\/\/universnews224.com\/#\/schema\/person\/image\/","url":"https:\/\/secure.gravatar.com\/avatar\/edb90acc7752b23e1b3307ad36c14f0d?s=96&d=mm&r=g","contentUrl":"https:\/\/secure.gravatar.com\/avatar\/edb90acc7752b23e1b3307ad36c14f0d?s=96&d=mm&r=g","caption":"La R\u00e9daction"},"sameAs":["https:\/\/universnews224.com"],"url":"https:\/\/universnews224.com\/index.php\/author\/m-camara\/"}]}},"_links":{"self":[{"href":"https:\/\/universnews224.com\/index.php\/wp-json\/wp\/v2\/posts\/2943"}],"collection":[{"href":"https:\/\/universnews224.com\/index.php\/wp-json\/wp\/v2\/posts"}],"about":[{"href":"https:\/\/universnews224.com\/index.php\/wp-json\/wp\/v2\/types\/post"}],"author":[{"embeddable":true,"href":"https:\/\/universnews224.com\/index.php\/wp-json\/wp\/v2\/users\/2"}],"replies":[{"embeddable":true,"href":"https:\/\/universnews224.com\/index.php\/wp-json\/wp\/v2\/comments?post=2943"}],"version-history":[{"count":1,"href":"https:\/\/universnews224.com\/index.php\/wp-json\/wp\/v2\/posts\/2943\/revisions"}],"predecessor-version":[{"id":2945,"href":"https:\/\/universnews224.com\/index.php\/wp-json\/wp\/v2\/posts\/2943\/revisions\/2945"}],"wp:featuredmedia":[{"embeddable":true,"href":"https:\/\/universnews224.com\/index.php\/wp-json\/wp\/v2\/media\/2944"}],"wp:attachment":[{"href":"https:\/\/universnews224.com\/index.php\/wp-json\/wp\/v2\/media?parent=2943"}],"wp:term":[{"taxonomy":"category","embeddable":true,"href":"https:\/\/universnews224.com\/index.php\/wp-json\/wp\/v2\/categories?post=2943"},{"taxonomy":"post_tag","embeddable":true,"href":"https:\/\/universnews224.com\/index.php\/wp-json\/wp\/v2\/tags?post=2943"}],"curies":[{"name":"wp","href":"https:\/\/api.w.org\/{rel}","templated":true}]}}