{"id":2957,"date":"2023-02-08T19:32:55","date_gmt":"2023-02-08T18:32:55","guid":{"rendered":"https:\/\/universnews224.com\/?p=2957"},"modified":"2023-02-08T19:32:55","modified_gmt":"2023-02-08T18:32:55","slug":"ousmane-gaoul-sur-la-manifestation-du-fndc-je-ne-commente-pas-des-conneries","status":"publish","type":"post","link":"https:\/\/universnews224.com\/index.php\/ousmane-gaoul-sur-la-manifestation-du-fndc-je-ne-commente-pas-des-conneries\/","title":{"rendered":"Ousmane Gaoul sur la manifestation du FNDC: \u00abJe ne commente pas des conneries\u00bb"},"content":{"rendered":"<p>Le Ministre porte-parole du gouvernement, Ousmane Gaoual Diallo s\u2019est prononc\u00e9 sur la manifestation projet\u00e9e par le FNDC le 16 f\u00e9vrier prochain.<\/p>\n<p>Interrog\u00e9 sur cette actualit\u00e9 par nos confr\u00e8res de la radio Fim Fm dans l\u2019\u00e9mission \u00abMirador\u00bb de ce mercredi 07 f\u00e9vrier 2023, Ousmane Gaoul Diallo d\u00e9clare ne pas vouloir commenter la manifestation d\u2019une organisation qui n\u2019existe pas.<\/p>\n<p>\u00abJe ne commente pas des conneries comme \u00e7a. Qu\u2019ils disent ce qu\u2019ils veulent, moi \u00e7a ne m\u2019int\u00e9resse pas \u00bb, a t-il laiss\u00e9 entendre.<\/p>\n<p>Camara Mamadouba<br \/>\n611 46 04 10<\/p>\n","protected":false},"excerpt":{"rendered":"<p>Le Ministre porte-parole du gouvernement, Ousmane Gaoual Diallo s\u2019est prononc\u00e9 sur la manifestation projet\u00e9e par<\/p>\n","protected":false},"author":2,"featured_media":2188,"comment_status":"closed","ping_status":"open","sticky":false,"template":"","format":"standard","meta":[],"categories":[3,4],"tags":[229],"yoast_head":"<!-- This site is optimized with the Yoast SEO plugin v19.13 - https:\/\/yoast.com\/wordpress\/plugins\/seo\/ -->\n<title>Ousmane Gaoul sur la manifestation du FNDC: \u00abJe ne commente pas des conneries\u00bb - UNIVERSNEWS224<\/title>\n<meta name=\"robots\" content=\"index, follow, max-snippet:-1, max-image-preview:large, max-video-preview:-1\" \/>\n<link rel=\"canonical\" href=\"https:\/\/universnews224.com\/index.php\/ousmane-gaoul-sur-la-manifestation-du-fndc-je-ne-commente-pas-des-conneries\/\" \/>\n<meta property=\"og:locale\" content=\"fr_FR\" \/>\n<meta property=\"og:type\" content=\"article\" \/>\n<meta property=\"og:title\" content=\"Ousmane Gaoul sur la manifestation du FNDC: \u00abJe ne commente pas des conneries\u00bb - UNIVERSNEWS224\" \/>\n<meta property=\"og:description\" content=\"Le Ministre porte-parole du gouvernement, Ousmane Gaoual Diallo s\u2019est prononc\u00e9 sur la manifestation projet\u00e9e par\" \/>\n<meta property=\"og:url\" content=\"https:\/\/universnews224.com\/index.php\/ousmane-gaoul-sur-la-manifestation-du-fndc-je-ne-commente-pas-des-conneries\/\" \/>\n<meta property=\"og:site_name\" content=\"UNIVERSNEWS224\" \/>\n<meta property=\"article:published_time\" content=\"2023-02-08T18:32:55+00:00\" \/>\n<meta property=\"og:image\" content=\"https:\/\/universnews224.com\/wp-content\/uploads\/2022\/10\/06FEFAD0-366C-4466-9929-E7DA465A48AE.jpeg\" \/>\n\t<meta property=\"og:image:width\" content=\"936\" \/>\n\t<meta property=\"og:image:height\" content=\"630\" \/>\n\t<meta property=\"og:image:type\" content=\"image\/jpeg\" \/>\n<meta name=\"author\" content=\"La R\u00e9daction\" \/>\n<meta name=\"twitter:label1\" content=\"\u00c9crit par\" \/>\n\t<meta name=\"twitter:data1\" content=\"La R\u00e9daction\" \/>\n\t<meta name=\"twitter:label2\" content=\"Dur\u00e9e de lecture estim\u00e9e\" \/>\n\t<meta name=\"twitter:data2\" content=\"1 minute\" \/>\n<script type=\"application\/ld+json\" class=\"yoast-schema-graph\">{\"@context\":\"https:\/\/schema.org\",\"@graph\":[{\"@type\":\"Article\",\"@id\":\"https:\/\/universnews224.com\/index.php\/ousmane-gaoul-sur-la-manifestation-du-fndc-je-ne-commente-pas-des-conneries\/#article\",\"isPartOf\":{\"@id\":\"https:\/\/universnews224.com\/index.php\/ousmane-gaoul-sur-la-manifestation-du-fndc-je-ne-commente-pas-des-conneries\/\"},\"author\":{\"name\":\"La R\u00e9daction\",\"@id\":\"https:\/\/universnews224.com\/#\/schema\/person\/a4b7d4f94a4716df60456a491260485e\"},\"headline\":\"Ousmane Gaoul sur la manifestation du FNDC: \u00abJe ne commente pas des conneries\u00bb\",\"datePublished\":\"2023-02-08T18:32:55+00:00\",\"dateModified\":\"2023-02-08T18:32:55+00:00\",\"mainEntityOfPage\":{\"@id\":\"https:\/\/universnews224.com\/index.php\/ousmane-gaoul-sur-la-manifestation-du-fndc-je-ne-commente-pas-des-conneries\/\"},\"wordCount\":104,\"publisher\":{\"@id\":\"https:\/\/universnews224.com\/#organization\"},\"keywords\":[\"La une\"],\"articleSection\":[\"ACTU\",\"POLITIQUE\"],\"inLanguage\":\"fr-FR\"},{\"@type\":\"WebPage\",\"@id\":\"https:\/\/universnews224.com\/index.php\/ousmane-gaoul-sur-la-manifestation-du-fndc-je-ne-commente-pas-des-conneries\/\",\"url\":\"https:\/\/universnews224.com\/index.php\/ousmane-gaoul-sur-la-manifestation-du-fndc-je-ne-commente-pas-des-conneries\/\",\"name\":\"Ousmane Gaoul sur la manifestation du FNDC: \u00abJe ne commente pas des conneries\u00bb - UNIVERSNEWS224\",\"isPartOf\":{\"@id\":\"https:\/\/universnews224.com\/#website\"},\"datePublished\":\"2023-02-08T18:32:55+00:00\",\"dateModified\":\"2023-02-08T18:32:55+00:00\",\"inLanguage\":\"fr-FR\",\"potentialAction\":[{\"@type\":\"ReadAction\",\"target\":[\"https:\/\/universnews224.com\/index.php\/ousmane-gaoul-sur-la-manifestation-du-fndc-je-ne-commente-pas-des-conneries\/\"]}]},{\"@type\":\"WebSite\",\"@id\":\"https:\/\/universnews224.com\/#website\",\"url\":\"https:\/\/universnews224.com\/\",\"name\":\"UNIVERSNEWS224\",\"description\":\"\",\"publisher\":{\"@id\":\"https:\/\/universnews224.com\/#organization\"},\"potentialAction\":[{\"@type\":\"SearchAction\",\"target\":{\"@type\":\"EntryPoint\",\"urlTemplate\":\"https:\/\/universnews224.com\/?s={search_term_string}\"},\"query-input\":\"required name=search_term_string\"}],\"inLanguage\":\"fr-FR\"},{\"@type\":\"Organization\",\"@id\":\"https:\/\/universnews224.com\/#organization\",\"name\":\"UNIVERSNEWS224\",\"url\":\"https:\/\/universnews224.com\/\",\"logo\":{\"@type\":\"ImageObject\",\"inLanguage\":\"fr-FR\",\"@id\":\"https:\/\/universnews224.com\/#\/schema\/logo\/image\/\",\"url\":\"https:\/\/universnews224.com\/wp-content\/uploads\/2022\/08\/cropped-cropped-logoban.jpg\",\"contentUrl\":\"https:\/\/universnews224.com\/wp-content\/uploads\/2022\/08\/cropped-cropped-logoban.jpg\",\"width\":1080,\"height\":138,\"caption\":\"UNIVERSNEWS224\"},\"image\":{\"@id\":\"https:\/\/universnews224.com\/#\/schema\/logo\/image\/\"}},{\"@type\":\"Person\",\"@id\":\"https:\/\/universnews224.com\/#\/schema\/person\/a4b7d4f94a4716df60456a491260485e\",\"name\":\"La R\u00e9daction\",\"image\":{\"@type\":\"ImageObject\",\"inLanguage\":\"fr-FR\",\"@id\":\"https:\/\/universnews224.com\/#\/schema\/person\/image\/\",\"url\":\"https:\/\/secure.gravatar.com\/avatar\/edb90acc7752b23e1b3307ad36c14f0d?s=96&d=mm&r=g\",\"contentUrl\":\"https:\/\/secure.gravatar.com\/avatar\/edb90acc7752b23e1b3307ad36c14f0d?s=96&d=mm&r=g\",\"caption\":\"La R\u00e9daction\"},\"sameAs\":[\"https:\/\/universnews224.com\"],\"url\":\"https:\/\/universnews224.com\/index.php\/author\/m-camara\/\"}]}<\/script>\n<!-- \/ Yoast SEO plugin. -->","yoast_head_json":{"title":"Ousmane Gaoul sur la manifestation du FNDC: \u00abJe ne commente pas des conneries\u00bb - UNIVERSNEWS224","robots":{"index":"index","follow":"follow","max-snippet":"max-snippet:-1","max-image-preview":"max-image-preview:large","max-video-preview":"max-video-preview:-1"},"canonical":"https:\/\/universnews224.com\/index.php\/ousmane-gaoul-sur-la-manifestation-du-fndc-je-ne-commente-pas-des-conneries\/","og_locale":"fr_FR","og_type":"article","og_title":"Ousmane Gaoul sur la manifestation du FNDC: \u00abJe ne commente pas des conneries\u00bb - UNIVERSNEWS224","og_description":"Le Ministre porte-parole du gouvernement, Ousmane Gaoual Diallo s\u2019est prononc\u00e9 sur la manifestation projet\u00e9e par","og_url":"https:\/\/universnews224.com\/index.php\/ousmane-gaoul-sur-la-manifestation-du-fndc-je-ne-commente-pas-des-conneries\/","og_site_name":"UNIVERSNEWS224","article_published_time":"2023-02-08T18:32:55+00:00","og_image":[{"width":936,"height":630,"url":"https:\/\/universnews224.com\/wp-content\/uploads\/2022\/10\/06FEFAD0-366C-4466-9929-E7DA465A48AE.jpeg","type":"image\/jpeg"}],"author":"La R\u00e9daction","twitter_misc":{"\u00c9crit par":"La R\u00e9daction","Dur\u00e9e de lecture estim\u00e9e":"1 minute"},"schema":{"@context":"https:\/\/schema.org","@graph":[{"@type":"Article","@id":"https:\/\/universnews224.com\/index.php\/ousmane-gaoul-sur-la-manifestation-du-fndc-je-ne-commente-pas-des-conneries\/#article","isPartOf":{"@id":"https:\/\/universnews224.com\/index.php\/ousmane-gaoul-sur-la-manifestation-du-fndc-je-ne-commente-pas-des-conneries\/"},"author":{"name":"La R\u00e9daction","@id":"https:\/\/universnews224.com\/#\/schema\/person\/a4b7d4f94a4716df60456a491260485e"},"headline":"Ousmane Gaoul sur la manifestation du FNDC: \u00abJe ne commente pas des conneries\u00bb","datePublished":"2023-02-08T18:32:55+00:00","dateModified":"2023-02-08T18:32:55+00:00","mainEntityOfPage":{"@id":"https:\/\/universnews224.com\/index.php\/ousmane-gaoul-sur-la-manifestation-du-fndc-je-ne-commente-pas-des-conneries\/"},"wordCount":104,"publisher":{"@id":"https:\/\/universnews224.com\/#organization"},"keywords":["La une"],"articleSection":["ACTU","POLITIQUE"],"inLanguage":"fr-FR"},{"@type":"WebPage","@id":"https:\/\/universnews224.com\/index.php\/ousmane-gaoul-sur-la-manifestation-du-fndc-je-ne-commente-pas-des-conneries\/","url":"https:\/\/universnews224.com\/index.php\/ousmane-gaoul-sur-la-manifestation-du-fndc-je-ne-commente-pas-des-conneries\/","name":"Ousmane Gaoul sur la manifestation du FNDC: \u00abJe ne commente pas des conneries\u00bb - UNIVERSNEWS224","isPartOf":{"@id":"https:\/\/universnews224.com\/#website"},"datePublished":"2023-02-08T18:32:55+00:00","dateModified":"2023-02-08T18:32:55+00:00","inLanguage":"fr-FR","potentialAction":[{"@type":"ReadAction","target":["https:\/\/universnews224.com\/index.php\/ousmane-gaoul-sur-la-manifestation-du-fndc-je-ne-commente-pas-des-conneries\/"]}]},{"@type":"WebSite","@id":"https:\/\/universnews224.com\/#website","url":"https:\/\/universnews224.com\/","name":"UNIVERSNEWS224","description":"","publisher":{"@id":"https:\/\/universnews224.com\/#organization"},"potentialAction":[{"@type":"SearchAction","target":{"@type":"EntryPoint","urlTemplate":"https:\/\/universnews224.com\/?s={search_term_string}"},"query-input":"required name=search_term_string"}],"inLanguage":"fr-FR"},{"@type":"Organization","@id":"https:\/\/universnews224.com\/#organization","name":"UNIVERSNEWS224","url":"https:\/\/universnews224.com\/","logo":{"@type":"ImageObject","inLanguage":"fr-FR","@id":"https:\/\/universnews224.com\/#\/schema\/logo\/image\/","url":"https:\/\/universnews224.com\/wp-content\/uploads\/2022\/08\/cropped-cropped-logoban.jpg","contentUrl":"https:\/\/universnews224.com\/wp-content\/uploads\/2022\/08\/cropped-cropped-logoban.jpg","width":1080,"height":138,"caption":"UNIVERSNEWS224"},"image":{"@id":"https:\/\/universnews224.com\/#\/schema\/logo\/image\/"}},{"@type":"Person","@id":"https:\/\/universnews224.com\/#\/schema\/person\/a4b7d4f94a4716df60456a491260485e","name":"La R\u00e9daction","image":{"@type":"ImageObject","inLanguage":"fr-FR","@id":"https:\/\/universnews224.com\/#\/schema\/person\/image\/","url":"https:\/\/secure.gravatar.com\/avatar\/edb90acc7752b23e1b3307ad36c14f0d?s=96&d=mm&r=g","contentUrl":"https:\/\/secure.gravatar.com\/avatar\/edb90acc7752b23e1b3307ad36c14f0d?s=96&d=mm&r=g","caption":"La R\u00e9daction"},"sameAs":["https:\/\/universnews224.com"],"url":"https:\/\/universnews224.com\/index.php\/author\/m-camara\/"}]}},"_links":{"self":[{"href":"https:\/\/universnews224.com\/index.php\/wp-json\/wp\/v2\/posts\/2957"}],"collection":[{"href":"https:\/\/universnews224.com\/index.php\/wp-json\/wp\/v2\/posts"}],"about":[{"href":"https:\/\/universnews224.com\/index.php\/wp-json\/wp\/v2\/types\/post"}],"author":[{"embeddable":true,"href":"https:\/\/universnews224.com\/index.php\/wp-json\/wp\/v2\/users\/2"}],"replies":[{"embeddable":true,"href":"https:\/\/universnews224.com\/index.php\/wp-json\/wp\/v2\/comments?post=2957"}],"version-history":[{"count":1,"href":"https:\/\/universnews224.com\/index.php\/wp-json\/wp\/v2\/posts\/2957\/revisions"}],"predecessor-version":[{"id":2958,"href":"https:\/\/universnews224.com\/index.php\/wp-json\/wp\/v2\/posts\/2957\/revisions\/2958"}],"wp:featuredmedia":[{"embeddable":true,"href":"https:\/\/universnews224.com\/index.php\/wp-json\/wp\/v2\/media\/2188"}],"wp:attachment":[{"href":"https:\/\/universnews224.com\/index.php\/wp-json\/wp\/v2\/media?parent=2957"}],"wp:term":[{"taxonomy":"category","embeddable":true,"href":"https:\/\/universnews224.com\/index.php\/wp-json\/wp\/v2\/categories?post=2957"},{"taxonomy":"post_tag","embeddable":true,"href":"https:\/\/universnews224.com\/index.php\/wp-json\/wp\/v2\/tags?post=2957"}],"curies":[{"name":"wp","href":"https:\/\/api.w.org\/{rel}","templated":true}]}}