{"id":2966,"date":"2023-02-09T15:36:00","date_gmt":"2023-02-09T14:36:00","guid":{"rendered":"https:\/\/universnews224.com\/?p=2966"},"modified":"2023-02-09T15:36:00","modified_gmt":"2023-02-09T14:36:00","slug":"acheick-mouctar-youla-dg-de-aree-nous-appelons-la-population-a-paye-les-factures-delectricite-et-de-leau-pour-le-developpement-de-ces-deux-secteursinterview","status":"publish","type":"post","link":"https:\/\/universnews224.com\/index.php\/acheick-mouctar-youla-dg-de-aree-nous-appelons-la-population-a-paye-les-factures-delectricite-et-de-leau-pour-le-developpement-de-ces-deux-secteursinterview\/","title":{"rendered":"Acheick Mouctar Youla, DG de AREE : \u00abNous appelons la population a pay\u00e9 les factures d&rsquo;\u00e9lectricit\u00e9 et de l&rsquo;eau, pour le d\u00e9veloppement  de ces deux secteurs(interview)"},"content":{"rendered":"<p class=\"p3\">Dans une interview exclusive qu\u2019il a accord\u00e9e \u00e0 la r\u00e9daction de Universnews224.com mardi, 6 janvier 2023, Acheick Mouctar Youla, Directeur G\u00e9n\u00e9ral de l\u2019Autorit\u00e9 R\u00e9gulation des Secteurs de l&rsquo;Electricit\u00e9 et de l&rsquo;Eau Potable (AREE) est revenu sur les objectifs, les missions et de perspectives de sa direction.<\/p>\n<p class=\"p2\"><span class=\"s2\"><span class=\"Apple-converted-space\">\u00a0\u00a0<\/span><\/span><\/p>\n<p class=\"p3\"><span class=\"s2\">Universnews224.com: Parlez-nous de votre direction et des r\u00e9centes r\u00e9formes engag\u00e9es et vos objectifs ?<\/span><\/p>\n<p class=\"p3\"><span class=\"s2\">Acheick Mouctar Youla : L&rsquo;AREE est l\u2019organe \u00c9tatique responsable de la r\u00e9gulation du secteur de l&rsquo;\u00e9lectricit\u00e9 et du service public de l&rsquo;eau potable. Et nous sommes en face d&rsquo;op\u00e9ralisation, nous venons \u00e0 peine de lancer nos activit\u00e9s, \u00e7a pris un peu de retard parce qu\u2019il y a des grandes d\u00e9cisions qui devraient \u00eatre prises \u00e0 la faveur du CNRD. Les lignes sont entrain de boug\u00e9es et nous avan\u00e7ons. L&rsquo;essentiel de nos missions sont entre autres : La facilitation du d\u00e9veloppement rationnel de l&rsquo;offre d&rsquo;\u00e9nergie \u00e9lectrique et d&rsquo;eau potable. L\u2019\u00e9quilibre \u00e9conomique et financier. Le suivi correct de l&rsquo;approvisionnement en \u00e9lectricit\u00e9 et en eau potable des populations. Le suivi, le contr\u00f4le et la formulation d&rsquo;un avis sur le syst\u00e8me tarifaire-autorisations, concessions et licences des op\u00e9rateurs. La promotion de la concurrence et de la participation du secteur priv\u00e9 aux segments &#8211; production, transport, distribution et vente d&rsquo;\u00e9nergie \u00e9lectrique et d&rsquo;eau potable. La veille sur les conditions de viabilit\u00e9 financi\u00e8re des entreprises op\u00e9rant sur les deux secteurs. La d\u00e9fense des int\u00e9r\u00eats des usagers. Le respect des normes de la qualit\u00e9 du service public. Le contr\u00f4le des concessions locales. Arbitrage des conflits entre op\u00e9rateurs et entre op\u00e9rateurs et ma\u00eetres d&rsquo;ouvrages; D\u00e9termination des tarifs de consommation des services et enfin d\u00e9fense des int\u00e9r\u00eats des usagers consommateurs(&#8230;)<\/span><\/p>\n<p class=\"p3\"><span class=\"s2\">Universnews224.com: Depuis le d\u00e9marrage des projets, chaque ann\u00e9e des am\u00e9liorations sont constat\u00e9es dans la production d&rsquo;\u00e9lectricit\u00e9. Quel est votre secret ?<\/span><\/p>\n<p class=\"p3\"><span class=\"s2\">Acheick Mouctar Youla: \u00abNous n&rsquo;avons pas de secret particulier, d&rsquo;ailleurs l&rsquo;am\u00e9lioration ressentie ce n&rsquo;est pas une am\u00e9lioration directement de notre faites, c&rsquo;est dans la charge et le chapeau du CNRD qui poursuit les r\u00e9formes engag\u00e9es et nous sommes un fruit de cette r\u00e9forme. L\u2019appui institutionnel et financier apport\u00e9 au secteur de l&rsquo;\u00e9lectricit\u00e9 \u00e0 op\u00e9rationnel. C\u2019est-\u00e0-dire la direction g\u00e9n\u00e9rale de EDG qui a permis cette am\u00e9lioration. Maintenant, nous devrions veiller par les contr\u00f4les techniques par l&rsquo;appellation de la l\u00e9gislation entre l&rsquo;EDG et les producteurs ind\u00e9pendants d&rsquo;\u00e9lectricit\u00e9 install\u00e9s pour fortifier cet acquis, l&rsquo;acquis<span class=\"Apple-converted-space\">\u00a0 <\/span>en soit n&rsquo;est pas notre commune, c&rsquo;est d\u00fb au CNRD.<\/span><\/p>\n<p class=\"p3\"><span class=\"s2\">Universnews224.com: Quel r\u00e9sultats attendez-vous? <\/span><\/p>\n<p class=\"p3\"><span class=\"s2\">Acheick Mouctar Youla: L\u2019unes des missions essentielle de l&rsquo;AREE, c&rsquo;est la tarification , avec l&rsquo;appui des partenaires notamment, la banque mondiale, nous sommes entrain de travailler avec un consultant sur la m\u00e9thodologie tarifaire \u00e0 partir de la quelle un module de r\u00e9gulation tarifaire va \u00eatre effectu\u00e9. \u00c7a se passe partout comme \u00e7a. Aujourd&rsquo;hui, l\u2019EDG fournit de l&rsquo;\u00e9lectricit\u00e9 \u00e0 perte, les \u00e9normes efforts financiers que l&rsquo;\u00c9tat re\u00e7oit, on maintient \u00e0 flot EDG. Donc, cela nous permet \u00e0 l&rsquo;issue de cette \u00e9tude de travail de d\u00e9terminer le prix juste de l&rsquo;\u00e9lectricit\u00e9. Et nous proposons \u00e0 l&rsquo;\u00c9tat \u00e0 partir de ce prix, selon le nouveau de performance de l&rsquo;EDG, il y&rsquo;a ce que l&rsquo;EDG peut supporter le reste et le reste l&rsquo;\u00c9tat prend en charge par voie de subvention. Notre concours est de veiller \u00e0 la performance de mani\u00e8re \u00e0 ce que par le biais de cette grille tarifaire,diminuer les charges de l&rsquo;\u00c9tat dans la subvention de l&rsquo;ann\u00e9e en l&rsquo;ann\u00e9e pour permettre \u00e0 l&rsquo;EDG d&rsquo;engranger suffisamment de ressources jusqu&rsquo;\u00e0 atteindre leur \u00e9quilibre financier.Car, on doit arriver \u00e0 un point z\u00e9ro et EDG devient automatique une soci\u00e9t\u00e9 marchande qui produit l&rsquo;\u00e9lectricit\u00e9 et vendre au consommateur, encaisse avec la march\u00e9 b\u00e9n\u00e9ficiaire sans exception d&rsquo;un franc de l&rsquo;\u00c9tat. Mais le plus important, l&rsquo;\u00c9tat doit sentir la pr\u00e9sence de l&rsquo;effet de l&rsquo;AREE chaque ann\u00e9e par la diminution des subventions que l&rsquo;accorde \u00e0 une zone c&rsquo;est les centaines de milliards qui sont actuellement inject\u00e9s et si l&rsquo;\u00c9tat \u00e9conomise ces fonds, \u00e7a peut aller dans le secteur de l&rsquo;\u00e9ducation et le d\u00e9veloppement rural (&#8230;) . <\/span><\/p>\n<p class=\"p3\"><span class=\"s2\">Universnews224.com: Parlez-nous des <\/span><\/p>\n<p class=\"p3\"><span class=\"s2\">perspectives? <\/span><\/p>\n<p class=\"p3\"><span class=\"s2\">Acheick Mouctar Youla: Notre souhait aujourd\u2019hui, c\u2019est que nous devons parvenir, au bout de quelque p\u00e9riode r\u00e9gulatoire \u00e0 atteindre et \u00e0 maintenir l&rsquo;\u00e9quilibre financier de PDG. C\u2019est-\u00e0-dire soustraire l&rsquo;\u00c9tat de ses obligations de subvention vis-\u00e0-vis de PDG pour lui permettre d&rsquo;utiliser ses ressource dans l&rsquo;autre secteur. Cela attend dans notre mission d\u00e9velopper les performances de l&rsquo;EDG, par la diminution des plus grandes coupure de temps, assurer la transition \u00e9nerg\u00e9tique. La Guin\u00e9e est l&rsquo;un des pays qui a pour le moment un mixte \u00e9nerg\u00e9tique qui n&rsquo;est pas mal, parce que plus de 70% de notre production est hydro\u00e9lectrique, de l&rsquo;\u00e9nergie propre. Bous devons avancer dans ce sens pour diminuer le maximum les centrales thermiques, les remplacer par les \u00e9nergies propres. C&rsquo;est \u00e7a \u00e0 court terme et<span class=\"Apple-converted-space\">\u00a0 <\/span>\u00e0 long terme, veiller sur le march\u00e9 de l&rsquo;\u00e9lectricit\u00e9 par lequel la Guin\u00e9e est rendue, le march\u00e9 de l&rsquo;\u00e9lectricit\u00e9 c&rsquo;est quoi ? C&rsquo;est par le biais d&rsquo;inter-connexion les quatorze \u00c9tats continentaux<span class=\"Apple-converted-space\">\u00a0 <\/span>de la CEDEAO dans un m\u00eame r\u00e9seau pour permettre au moins entier en \u00e9nergie moins co\u00fbteuse et le plus propre dans le pays o\u00f9 \u00e7a se trouve.<\/span><\/p>\n<p class=\"p3\"><span class=\"s2\">Universnews.com: Quelles sont les actions entreprises en terme de sensibilisation des populations ? <\/span><\/p>\n<p class=\"p3\"><span class=\"s2\">Acheick Mouctar Youla: Nous avons un vaste programme qui va bient\u00f4t d\u00e9marrer qui est la journ\u00e9e porte ouverte de l&rsquo;autorit\u00e9 de r\u00e9gulation. Aujourd\u2019hui , peu de guin\u00e9ens savent notre structure, nous allons sur la tutelle du pr\u00e9sident de la transition organis\u00e9 des journ\u00e9es de sensibilisation et d&rsquo;explications pour permettre \u00e0 tout le monde de savoir, encourager et<span class=\"Apple-converted-space\">\u00a0 <\/span>participer \u00e0 tout le monde au d\u00e9veloppement tout en payant leur facture d&rsquo;\u00e9lectricit\u00e9 et les assurant aussi qu&rsquo;ils ont une porte \u00e0 la quelle se plaindre. Il arrive souvent ce qui n&rsquo;est pas aussi vrai, \u00e0 chaque fois qu&rsquo;il y&rsquo;a incendie dans une maison on dit, c&rsquo;est la faute \u00e0 l&rsquo;EDG, c&rsquo;est un co\u00fbt circuit. Ce n&rsquo;est pas \u00e9vident que \u00e7a soit la faute de EDG, nous sommes l\u00e0 comme l&rsquo;arbitre pour le d\u00e9finir, parce que l&rsquo;alimentation de EDG s&rsquo;arr\u00eate \u00e0 la limite de la propri\u00e9t\u00e9. Il n&rsquo;est pas responsable de la qualit\u00e9,ni du syst\u00e8me d&rsquo;alimentation \u00e0 \u00e9lectricit\u00e9 \u00e0 int\u00e9rieur. Donc, sensibiliser la population pour que chacun connaisse les responsables devoir et obligations pour permettre \u00e0 la Guin\u00e9e de fonctionner sur le plan de l&rsquo;\u00e9lectricit\u00e9 et de l&rsquo;eau potable comme les autres pays.<\/span><\/p>\n<p class=\"p3\"><span class=\"s2\">Universnew224.com Quel est votre mot de la fin ?<\/span><\/p>\n<p class=\"p3\"><span class=\"s2\">Acheick Mouctar Youla: C&rsquo;est toujours la sensibilisation, le pays se d\u00e9veloppe par les guin\u00e9ens, il faut qu&rsquo;on aide l&rsquo;\u00c9tat en faisant quoi? Chacun d\u00e9j\u00e0 en \u00e9vitant la fraude de \u00e9lectricit\u00e9 et de l&rsquo;eau potable aide son pays au d\u00e9veloppement, en payant sa facture de consommation aide l&rsquo;\u00c9tat, en refusant la fraude, la corruption aide l&rsquo;\u00c9tat. Malheureusement, nous avons toujours des agents ind\u00e9licats par moment qu&rsquo;ils ne travaillent m\u00eame dans nos secteurs qui peuvent venir propos\u00e9 un branchement clandestin et empocher. C\u2019est un manque a gagn\u00e9 pour l&rsquo;\u00c9tat, l&rsquo;EDG perd cette qualit\u00e9 d&rsquo;\u00e9nergie, la SEG produits ce volume d&rsquo;eau mais il n&rsquo;en caisse pas, alors que la production \u00e0 un co\u00fbt. <\/span><\/p>\n<p class=\"p3\"><span class=\"s2\">Sana Sylla pour universnews224.com<\/span><\/p>\n<p class=\"p3\"><span class=\"s2\">00224625480252<\/span><\/p>\n","protected":false},"excerpt":{"rendered":"<p>Dans une interview exclusive qu\u2019il a accord\u00e9e \u00e0 la r\u00e9daction de Universnews224.com mardi, 6 janvier<\/p>\n","protected":false},"author":2,"featured_media":2967,"comment_status":"closed","ping_status":"open","sticky":false,"template":"","format":"standard","meta":[],"categories":[3,17],"tags":[229],"yoast_head":"<!-- This site is optimized with the Yoast SEO plugin v19.13 - https:\/\/yoast.com\/wordpress\/plugins\/seo\/ -->\n<title>Acheick Mouctar Youla, DG de AREE : \u00abNous appelons la population a pay\u00e9 les factures d&#039;\u00e9lectricit\u00e9 et de l&#039;eau, pour le d\u00e9veloppement de ces deux secteurs(interview) - UNIVERSNEWS224<\/title>\n<meta name=\"robots\" content=\"index, follow, max-snippet:-1, max-image-preview:large, max-video-preview:-1\" \/>\n<link rel=\"canonical\" href=\"https:\/\/universnews224.com\/index.php\/acheick-mouctar-youla-dg-de-aree-nous-appelons-la-population-a-paye-les-factures-delectricite-et-de-leau-pour-le-developpement-de-ces-deux-secteursinterview\/\" \/>\n<meta property=\"og:locale\" content=\"fr_FR\" \/>\n<meta property=\"og:type\" content=\"article\" \/>\n<meta property=\"og:title\" content=\"Acheick Mouctar Youla, DG de AREE : \u00abNous appelons la population a pay\u00e9 les factures d&#039;\u00e9lectricit\u00e9 et de l&#039;eau, pour le d\u00e9veloppement de ces deux secteurs(interview) - UNIVERSNEWS224\" \/>\n<meta property=\"og:description\" content=\"Dans une interview exclusive qu\u2019il a accord\u00e9e \u00e0 la r\u00e9daction de Universnews224.com mardi, 6 janvier\" \/>\n<meta property=\"og:url\" content=\"https:\/\/universnews224.com\/index.php\/acheick-mouctar-youla-dg-de-aree-nous-appelons-la-population-a-paye-les-factures-delectricite-et-de-leau-pour-le-developpement-de-ces-deux-secteursinterview\/\" \/>\n<meta property=\"og:site_name\" content=\"UNIVERSNEWS224\" \/>\n<meta property=\"article:published_time\" content=\"2023-02-09T14:36:00+00:00\" \/>\n<meta property=\"og:image\" content=\"https:\/\/universnews224.com\/wp-content\/uploads\/2023\/02\/6B3C2DD8-8F85-4AD0-8F06-FCE4BDCFD5D3.jpeg\" \/>\n\t<meta property=\"og:image:width\" content=\"1024\" \/>\n\t<meta property=\"og:image:height\" content=\"576\" \/>\n\t<meta property=\"og:image:type\" content=\"image\/jpeg\" \/>\n<meta name=\"author\" content=\"La R\u00e9daction\" \/>\n<meta name=\"twitter:label1\" content=\"\u00c9crit par\" \/>\n\t<meta name=\"twitter:data1\" content=\"La R\u00e9daction\" \/>\n\t<meta name=\"twitter:label2\" content=\"Dur\u00e9e de lecture estim\u00e9e\" \/>\n\t<meta name=\"twitter:data2\" content=\"6 minutes\" \/>\n<script type=\"application\/ld+json\" class=\"yoast-schema-graph\">{\"@context\":\"https:\/\/schema.org\",\"@graph\":[{\"@type\":\"Article\",\"@id\":\"https:\/\/universnews224.com\/index.php\/acheick-mouctar-youla-dg-de-aree-nous-appelons-la-population-a-paye-les-factures-delectricite-et-de-leau-pour-le-developpement-de-ces-deux-secteursinterview\/#article\",\"isPartOf\":{\"@id\":\"https:\/\/universnews224.com\/index.php\/acheick-mouctar-youla-dg-de-aree-nous-appelons-la-population-a-paye-les-factures-delectricite-et-de-leau-pour-le-developpement-de-ces-deux-secteursinterview\/\"},\"author\":{\"name\":\"La R\u00e9daction\",\"@id\":\"https:\/\/universnews224.com\/#\/schema\/person\/a4b7d4f94a4716df60456a491260485e\"},\"headline\":\"Acheick Mouctar Youla, DG de AREE : \u00abNous appelons la population a pay\u00e9 les factures d&rsquo;\u00e9lectricit\u00e9 et de l&rsquo;eau, pour le d\u00e9veloppement de ces deux secteurs(interview)\",\"datePublished\":\"2023-02-09T14:36:00+00:00\",\"dateModified\":\"2023-02-09T14:36:00+00:00\",\"mainEntityOfPage\":{\"@id\":\"https:\/\/universnews224.com\/index.php\/acheick-mouctar-youla-dg-de-aree-nous-appelons-la-population-a-paye-les-factures-delectricite-et-de-leau-pour-le-developpement-de-ces-deux-secteursinterview\/\"},\"wordCount\":1304,\"publisher\":{\"@id\":\"https:\/\/universnews224.com\/#organization\"},\"keywords\":[\"La une\"],\"articleSection\":[\"ACTU\",\"GRANDS DOSSIERS\"],\"inLanguage\":\"fr-FR\"},{\"@type\":\"WebPage\",\"@id\":\"https:\/\/universnews224.com\/index.php\/acheick-mouctar-youla-dg-de-aree-nous-appelons-la-population-a-paye-les-factures-delectricite-et-de-leau-pour-le-developpement-de-ces-deux-secteursinterview\/\",\"url\":\"https:\/\/universnews224.com\/index.php\/acheick-mouctar-youla-dg-de-aree-nous-appelons-la-population-a-paye-les-factures-delectricite-et-de-leau-pour-le-developpement-de-ces-deux-secteursinterview\/\",\"name\":\"Acheick Mouctar Youla, DG de AREE : \u00abNous appelons la population a pay\u00e9 les factures d'\u00e9lectricit\u00e9 et de l'eau, pour le d\u00e9veloppement de ces deux secteurs(interview) - UNIVERSNEWS224\",\"isPartOf\":{\"@id\":\"https:\/\/universnews224.com\/#website\"},\"datePublished\":\"2023-02-09T14:36:00+00:00\",\"dateModified\":\"2023-02-09T14:36:00+00:00\",\"inLanguage\":\"fr-FR\",\"potentialAction\":[{\"@type\":\"ReadAction\",\"target\":[\"https:\/\/universnews224.com\/index.php\/acheick-mouctar-youla-dg-de-aree-nous-appelons-la-population-a-paye-les-factures-delectricite-et-de-leau-pour-le-developpement-de-ces-deux-secteursinterview\/\"]}]},{\"@type\":\"WebSite\",\"@id\":\"https:\/\/universnews224.com\/#website\",\"url\":\"https:\/\/universnews224.com\/\",\"name\":\"UNIVERSNEWS224\",\"description\":\"\",\"publisher\":{\"@id\":\"https:\/\/universnews224.com\/#organization\"},\"potentialAction\":[{\"@type\":\"SearchAction\",\"target\":{\"@type\":\"EntryPoint\",\"urlTemplate\":\"https:\/\/universnews224.com\/?s={search_term_string}\"},\"query-input\":\"required name=search_term_string\"}],\"inLanguage\":\"fr-FR\"},{\"@type\":\"Organization\",\"@id\":\"https:\/\/universnews224.com\/#organization\",\"name\":\"UNIVERSNEWS224\",\"url\":\"https:\/\/universnews224.com\/\",\"logo\":{\"@type\":\"ImageObject\",\"inLanguage\":\"fr-FR\",\"@id\":\"https:\/\/universnews224.com\/#\/schema\/logo\/image\/\",\"url\":\"https:\/\/universnews224.com\/wp-content\/uploads\/2022\/08\/cropped-cropped-logoban.jpg\",\"contentUrl\":\"https:\/\/universnews224.com\/wp-content\/uploads\/2022\/08\/cropped-cropped-logoban.jpg\",\"width\":1080,\"height\":138,\"caption\":\"UNIVERSNEWS224\"},\"image\":{\"@id\":\"https:\/\/universnews224.com\/#\/schema\/logo\/image\/\"}},{\"@type\":\"Person\",\"@id\":\"https:\/\/universnews224.com\/#\/schema\/person\/a4b7d4f94a4716df60456a491260485e\",\"name\":\"La R\u00e9daction\",\"image\":{\"@type\":\"ImageObject\",\"inLanguage\":\"fr-FR\",\"@id\":\"https:\/\/universnews224.com\/#\/schema\/person\/image\/\",\"url\":\"https:\/\/secure.gravatar.com\/avatar\/edb90acc7752b23e1b3307ad36c14f0d?s=96&d=mm&r=g\",\"contentUrl\":\"https:\/\/secure.gravatar.com\/avatar\/edb90acc7752b23e1b3307ad36c14f0d?s=96&d=mm&r=g\",\"caption\":\"La R\u00e9daction\"},\"sameAs\":[\"https:\/\/universnews224.com\"],\"url\":\"https:\/\/universnews224.com\/index.php\/author\/m-camara\/\"}]}<\/script>\n<!-- \/ Yoast SEO plugin. -->","yoast_head_json":{"title":"Acheick Mouctar Youla, DG de AREE : \u00abNous appelons la population a pay\u00e9 les factures d'\u00e9lectricit\u00e9 et de l'eau, pour le d\u00e9veloppement de ces deux secteurs(interview) - UNIVERSNEWS224","robots":{"index":"index","follow":"follow","max-snippet":"max-snippet:-1","max-image-preview":"max-image-preview:large","max-video-preview":"max-video-preview:-1"},"canonical":"https:\/\/universnews224.com\/index.php\/acheick-mouctar-youla-dg-de-aree-nous-appelons-la-population-a-paye-les-factures-delectricite-et-de-leau-pour-le-developpement-de-ces-deux-secteursinterview\/","og_locale":"fr_FR","og_type":"article","og_title":"Acheick Mouctar Youla, DG de AREE : \u00abNous appelons la population a pay\u00e9 les factures d'\u00e9lectricit\u00e9 et de l'eau, pour le d\u00e9veloppement de ces deux secteurs(interview) - UNIVERSNEWS224","og_description":"Dans une interview exclusive qu\u2019il a accord\u00e9e \u00e0 la r\u00e9daction de Universnews224.com mardi, 6 janvier","og_url":"https:\/\/universnews224.com\/index.php\/acheick-mouctar-youla-dg-de-aree-nous-appelons-la-population-a-paye-les-factures-delectricite-et-de-leau-pour-le-developpement-de-ces-deux-secteursinterview\/","og_site_name":"UNIVERSNEWS224","article_published_time":"2023-02-09T14:36:00+00:00","og_image":[{"width":1024,"height":576,"url":"https:\/\/universnews224.com\/wp-content\/uploads\/2023\/02\/6B3C2DD8-8F85-4AD0-8F06-FCE4BDCFD5D3.jpeg","type":"image\/jpeg"}],"author":"La R\u00e9daction","twitter_misc":{"\u00c9crit par":"La R\u00e9daction","Dur\u00e9e de lecture estim\u00e9e":"6 minutes"},"schema":{"@context":"https:\/\/schema.org","@graph":[{"@type":"Article","@id":"https:\/\/universnews224.com\/index.php\/acheick-mouctar-youla-dg-de-aree-nous-appelons-la-population-a-paye-les-factures-delectricite-et-de-leau-pour-le-developpement-de-ces-deux-secteursinterview\/#article","isPartOf":{"@id":"https:\/\/universnews224.com\/index.php\/acheick-mouctar-youla-dg-de-aree-nous-appelons-la-population-a-paye-les-factures-delectricite-et-de-leau-pour-le-developpement-de-ces-deux-secteursinterview\/"},"author":{"name":"La R\u00e9daction","@id":"https:\/\/universnews224.com\/#\/schema\/person\/a4b7d4f94a4716df60456a491260485e"},"headline":"Acheick Mouctar Youla, DG de AREE : \u00abNous appelons la population a pay\u00e9 les factures d&rsquo;\u00e9lectricit\u00e9 et de l&rsquo;eau, pour le d\u00e9veloppement de ces deux secteurs(interview)","datePublished":"2023-02-09T14:36:00+00:00","dateModified":"2023-02-09T14:36:00+00:00","mainEntityOfPage":{"@id":"https:\/\/universnews224.com\/index.php\/acheick-mouctar-youla-dg-de-aree-nous-appelons-la-population-a-paye-les-factures-delectricite-et-de-leau-pour-le-developpement-de-ces-deux-secteursinterview\/"},"wordCount":1304,"publisher":{"@id":"https:\/\/universnews224.com\/#organization"},"keywords":["La une"],"articleSection":["ACTU","GRANDS DOSSIERS"],"inLanguage":"fr-FR"},{"@type":"WebPage","@id":"https:\/\/universnews224.com\/index.php\/acheick-mouctar-youla-dg-de-aree-nous-appelons-la-population-a-paye-les-factures-delectricite-et-de-leau-pour-le-developpement-de-ces-deux-secteursinterview\/","url":"https:\/\/universnews224.com\/index.php\/acheick-mouctar-youla-dg-de-aree-nous-appelons-la-population-a-paye-les-factures-delectricite-et-de-leau-pour-le-developpement-de-ces-deux-secteursinterview\/","name":"Acheick Mouctar Youla, DG de AREE : \u00abNous appelons la population a pay\u00e9 les factures d'\u00e9lectricit\u00e9 et de l'eau, pour le d\u00e9veloppement de ces deux secteurs(interview) - UNIVERSNEWS224","isPartOf":{"@id":"https:\/\/universnews224.com\/#website"},"datePublished":"2023-02-09T14:36:00+00:00","dateModified":"2023-02-09T14:36:00+00:00","inLanguage":"fr-FR","potentialAction":[{"@type":"ReadAction","target":["https:\/\/universnews224.com\/index.php\/acheick-mouctar-youla-dg-de-aree-nous-appelons-la-population-a-paye-les-factures-delectricite-et-de-leau-pour-le-developpement-de-ces-deux-secteursinterview\/"]}]},{"@type":"WebSite","@id":"https:\/\/universnews224.com\/#website","url":"https:\/\/universnews224.com\/","name":"UNIVERSNEWS224","description":"","publisher":{"@id":"https:\/\/universnews224.com\/#organization"},"potentialAction":[{"@type":"SearchAction","target":{"@type":"EntryPoint","urlTemplate":"https:\/\/universnews224.com\/?s={search_term_string}"},"query-input":"required name=search_term_string"}],"inLanguage":"fr-FR"},{"@type":"Organization","@id":"https:\/\/universnews224.com\/#organization","name":"UNIVERSNEWS224","url":"https:\/\/universnews224.com\/","logo":{"@type":"ImageObject","inLanguage":"fr-FR","@id":"https:\/\/universnews224.com\/#\/schema\/logo\/image\/","url":"https:\/\/universnews224.com\/wp-content\/uploads\/2022\/08\/cropped-cropped-logoban.jpg","contentUrl":"https:\/\/universnews224.com\/wp-content\/uploads\/2022\/08\/cropped-cropped-logoban.jpg","width":1080,"height":138,"caption":"UNIVERSNEWS224"},"image":{"@id":"https:\/\/universnews224.com\/#\/schema\/logo\/image\/"}},{"@type":"Person","@id":"https:\/\/universnews224.com\/#\/schema\/person\/a4b7d4f94a4716df60456a491260485e","name":"La R\u00e9daction","image":{"@type":"ImageObject","inLanguage":"fr-FR","@id":"https:\/\/universnews224.com\/#\/schema\/person\/image\/","url":"https:\/\/secure.gravatar.com\/avatar\/edb90acc7752b23e1b3307ad36c14f0d?s=96&d=mm&r=g","contentUrl":"https:\/\/secure.gravatar.com\/avatar\/edb90acc7752b23e1b3307ad36c14f0d?s=96&d=mm&r=g","caption":"La R\u00e9daction"},"sameAs":["https:\/\/universnews224.com"],"url":"https:\/\/universnews224.com\/index.php\/author\/m-camara\/"}]}},"_links":{"self":[{"href":"https:\/\/universnews224.com\/index.php\/wp-json\/wp\/v2\/posts\/2966"}],"collection":[{"href":"https:\/\/universnews224.com\/index.php\/wp-json\/wp\/v2\/posts"}],"about":[{"href":"https:\/\/universnews224.com\/index.php\/wp-json\/wp\/v2\/types\/post"}],"author":[{"embeddable":true,"href":"https:\/\/universnews224.com\/index.php\/wp-json\/wp\/v2\/users\/2"}],"replies":[{"embeddable":true,"href":"https:\/\/universnews224.com\/index.php\/wp-json\/wp\/v2\/comments?post=2966"}],"version-history":[{"count":1,"href":"https:\/\/universnews224.com\/index.php\/wp-json\/wp\/v2\/posts\/2966\/revisions"}],"predecessor-version":[{"id":2968,"href":"https:\/\/universnews224.com\/index.php\/wp-json\/wp\/v2\/posts\/2966\/revisions\/2968"}],"wp:featuredmedia":[{"embeddable":true,"href":"https:\/\/universnews224.com\/index.php\/wp-json\/wp\/v2\/media\/2967"}],"wp:attachment":[{"href":"https:\/\/universnews224.com\/index.php\/wp-json\/wp\/v2\/media?parent=2966"}],"wp:term":[{"taxonomy":"category","embeddable":true,"href":"https:\/\/universnews224.com\/index.php\/wp-json\/wp\/v2\/categories?post=2966"},{"taxonomy":"post_tag","embeddable":true,"href":"https:\/\/universnews224.com\/index.php\/wp-json\/wp\/v2\/tags?post=2966"}],"curies":[{"name":"wp","href":"https:\/\/api.w.org\/{rel}","templated":true}]}}