{"id":2979,"date":"2023-02-11T20:49:12","date_gmt":"2023-02-11T19:49:12","guid":{"rendered":"https:\/\/universnews224.com\/?p=2979"},"modified":"2023-02-11T20:49:12","modified_gmt":"2023-02-11T19:49:12","slug":"fode-balde-sur-la-volonte-du-colonel-mamadi-doumbouya-de-rendre-le-pouvoir-a-lissue-des-24-mois-on-ne-va-pas-croire-a-ses-illusions","status":"publish","type":"post","link":"https:\/\/universnews224.com\/index.php\/fode-balde-sur-la-volonte-du-colonel-mamadi-doumbouya-de-rendre-le-pouvoir-a-lissue-des-24-mois-on-ne-va-pas-croire-a-ses-illusions\/","title":{"rendered":"Fod\u00e9 Bald\u00e9 sur la volont\u00e9 du colonel Mamadi Doumbouya de rendre le pouvoir \u00e0 l\u2019issue des 24 mois: \u00abOn ne va pas croire \u00e0 ses illusions\u00bb"},"content":{"rendered":"<p class=\"p2\"><span class=\"s2\">L\u2019Union des Forces R\u00e9publicaines \u00e0 l\u2019image des autres formations politiques a tenu son assembl\u00e9e g\u00e9n\u00e9rale hebdomadaire ce samedi, 11 f\u00e9vrier 2023 \u00e0 Matam Mido. <\/span><\/p>\n<p class=\"p3\">Au cours cette assembl\u00e9e g\u00e9n\u00e9rale, plusieurs sujets li\u00e9s \u00e0 la conduite de la transition \u00e9t\u00e9 ont abord\u00e9s, notamment le dernier compte rendu du conseil des ministres o\u00f9 le porte-parole du gouvernement a d\u00e9clar\u00e9 que le pr\u00e9sident de la transition ne fera pas un mois de plus apr\u00e8s des 24 mois que le gouvernement a conclu avec la C\u00c9D\u00c9AO.<\/p>\n<p class=\"p2\"><span class=\"s2\">S\u2019exprimant sur cette actualit\u00e9, Fod\u00e9 Bald\u00e9, responsable de communication de l\u2019UFR \u00e9met des doutes sur la la sinc\u00e9rit\u00e9 de ce discours. <\/span><\/p>\n<p class=\"p2\"><span class=\"s2\">\u00abLe m\u00eame porte-parole du gouvernement que nous d\u00e9couvrons tous les jours a eu \u00e0 dire que pr\u00e9sident de la transition a dit qu\u2019il ne fera pas un jour de plus apr\u00e8s le 24 mois qu\u2019ils auront obtenu je ne sais pas avec qui.<span class=\"Apple-converted-space\">\u00a0 <\/span>Ce qui est curieux, c\u2019est que bien avant lui, le concern\u00e9 m\u00eame (Colonel Mamadi Doumbouya) a eu \u00e0 dire des choses le 5 septembre qui<span class=\"Apple-converted-space\">\u00a0 <\/span>n\u2019ont \u00e9t\u00e9 observ\u00e9es aujourd\u2019hui. Ce qui est encore curieux, c\u2019est que ces propos ne se retrouvent pas dans le compte rendu du conseil des ministres \u00e9crit. Est-ce qu\u2019on peut croire \u00e0 \u00e7a?On ne va pas croire \u00e0 ses illusions\u00bb a t-il martel\u00e9. <\/span><\/p>\n<p class=\"p2\"><span class=\"s2\">Camara Mamadouba <\/span><\/p>\n<p class=\"p2\"><span class=\"s2\">611 46 04 10 <\/span><\/p>\n","protected":false},"excerpt":{"rendered":"<p>L\u2019Union des Forces R\u00e9publicaines \u00e0 l\u2019image des autres formations politiques a tenu son assembl\u00e9e g\u00e9n\u00e9rale<\/p>\n","protected":false},"author":2,"featured_media":2980,"comment_status":"closed","ping_status":"open","sticky":false,"template":"","format":"standard","meta":[],"categories":[3,4],"tags":[229],"yoast_head":"<!-- This site is optimized with the Yoast SEO plugin v19.13 - https:\/\/yoast.com\/wordpress\/plugins\/seo\/ -->\n<title>Fod\u00e9 Bald\u00e9 sur la volont\u00e9 du colonel Mamadi Doumbouya de rendre le pouvoir \u00e0 l\u2019issue des 24 mois: \u00abOn ne va pas croire \u00e0 ses illusions\u00bb - UNIVERSNEWS224<\/title>\n<meta name=\"robots\" content=\"index, follow, max-snippet:-1, max-image-preview:large, max-video-preview:-1\" \/>\n<link rel=\"canonical\" href=\"https:\/\/universnews224.com\/index.php\/fode-balde-sur-la-volonte-du-colonel-mamadi-doumbouya-de-rendre-le-pouvoir-a-lissue-des-24-mois-on-ne-va-pas-croire-a-ses-illusions\/\" \/>\n<meta property=\"og:locale\" content=\"fr_FR\" \/>\n<meta property=\"og:type\" content=\"article\" \/>\n<meta property=\"og:title\" content=\"Fod\u00e9 Bald\u00e9 sur la volont\u00e9 du colonel Mamadi Doumbouya de rendre le pouvoir \u00e0 l\u2019issue des 24 mois: \u00abOn ne va pas croire \u00e0 ses illusions\u00bb - UNIVERSNEWS224\" \/>\n<meta property=\"og:description\" content=\"L\u2019Union des Forces R\u00e9publicaines \u00e0 l\u2019image des autres formations politiques a tenu son assembl\u00e9e g\u00e9n\u00e9rale\" \/>\n<meta property=\"og:url\" content=\"https:\/\/universnews224.com\/index.php\/fode-balde-sur-la-volonte-du-colonel-mamadi-doumbouya-de-rendre-le-pouvoir-a-lissue-des-24-mois-on-ne-va-pas-croire-a-ses-illusions\/\" \/>\n<meta property=\"og:site_name\" content=\"UNIVERSNEWS224\" \/>\n<meta property=\"article:published_time\" content=\"2023-02-11T19:49:12+00:00\" \/>\n<meta property=\"og:image\" content=\"https:\/\/universnews224.com\/wp-content\/uploads\/2023\/02\/0CF92BB6-66FB-42B3-BAC3-2E5CBE3AE9D5.jpeg\" \/>\n\t<meta property=\"og:image:width\" content=\"357\" \/>\n\t<meta property=\"og:image:height\" content=\"210\" \/>\n\t<meta property=\"og:image:type\" content=\"image\/jpeg\" \/>\n<meta name=\"author\" content=\"La R\u00e9daction\" \/>\n<meta name=\"twitter:label1\" content=\"\u00c9crit par\" \/>\n\t<meta name=\"twitter:data1\" content=\"La R\u00e9daction\" \/>\n\t<meta name=\"twitter:label2\" content=\"Dur\u00e9e de lecture estim\u00e9e\" \/>\n\t<meta name=\"twitter:data2\" content=\"2 minutes\" \/>\n<script type=\"application\/ld+json\" class=\"yoast-schema-graph\">{\"@context\":\"https:\/\/schema.org\",\"@graph\":[{\"@type\":\"Article\",\"@id\":\"https:\/\/universnews224.com\/index.php\/fode-balde-sur-la-volonte-du-colonel-mamadi-doumbouya-de-rendre-le-pouvoir-a-lissue-des-24-mois-on-ne-va-pas-croire-a-ses-illusions\/#article\",\"isPartOf\":{\"@id\":\"https:\/\/universnews224.com\/index.php\/fode-balde-sur-la-volonte-du-colonel-mamadi-doumbouya-de-rendre-le-pouvoir-a-lissue-des-24-mois-on-ne-va-pas-croire-a-ses-illusions\/\"},\"author\":{\"name\":\"La R\u00e9daction\",\"@id\":\"https:\/\/universnews224.com\/#\/schema\/person\/a4b7d4f94a4716df60456a491260485e\"},\"headline\":\"Fod\u00e9 Bald\u00e9 sur la volont\u00e9 du colonel Mamadi Doumbouya de rendre le pouvoir \u00e0 l\u2019issue des 24 mois: \u00abOn ne va pas croire \u00e0 ses illusions\u00bb\",\"datePublished\":\"2023-02-11T19:49:12+00:00\",\"dateModified\":\"2023-02-11T19:49:12+00:00\",\"mainEntityOfPage\":{\"@id\":\"https:\/\/universnews224.com\/index.php\/fode-balde-sur-la-volonte-du-colonel-mamadi-doumbouya-de-rendre-le-pouvoir-a-lissue-des-24-mois-on-ne-va-pas-croire-a-ses-illusions\/\"},\"wordCount\":261,\"publisher\":{\"@id\":\"https:\/\/universnews224.com\/#organization\"},\"keywords\":[\"La une\"],\"articleSection\":[\"ACTU\",\"POLITIQUE\"],\"inLanguage\":\"fr-FR\"},{\"@type\":\"WebPage\",\"@id\":\"https:\/\/universnews224.com\/index.php\/fode-balde-sur-la-volonte-du-colonel-mamadi-doumbouya-de-rendre-le-pouvoir-a-lissue-des-24-mois-on-ne-va-pas-croire-a-ses-illusions\/\",\"url\":\"https:\/\/universnews224.com\/index.php\/fode-balde-sur-la-volonte-du-colonel-mamadi-doumbouya-de-rendre-le-pouvoir-a-lissue-des-24-mois-on-ne-va-pas-croire-a-ses-illusions\/\",\"name\":\"Fod\u00e9 Bald\u00e9 sur la volont\u00e9 du colonel Mamadi Doumbouya de rendre le pouvoir \u00e0 l\u2019issue des 24 mois: \u00abOn ne va pas croire \u00e0 ses illusions\u00bb - UNIVERSNEWS224\",\"isPartOf\":{\"@id\":\"https:\/\/universnews224.com\/#website\"},\"datePublished\":\"2023-02-11T19:49:12+00:00\",\"dateModified\":\"2023-02-11T19:49:12+00:00\",\"inLanguage\":\"fr-FR\",\"potentialAction\":[{\"@type\":\"ReadAction\",\"target\":[\"https:\/\/universnews224.com\/index.php\/fode-balde-sur-la-volonte-du-colonel-mamadi-doumbouya-de-rendre-le-pouvoir-a-lissue-des-24-mois-on-ne-va-pas-croire-a-ses-illusions\/\"]}]},{\"@type\":\"WebSite\",\"@id\":\"https:\/\/universnews224.com\/#website\",\"url\":\"https:\/\/universnews224.com\/\",\"name\":\"UNIVERSNEWS224\",\"description\":\"\",\"publisher\":{\"@id\":\"https:\/\/universnews224.com\/#organization\"},\"potentialAction\":[{\"@type\":\"SearchAction\",\"target\":{\"@type\":\"EntryPoint\",\"urlTemplate\":\"https:\/\/universnews224.com\/?s={search_term_string}\"},\"query-input\":\"required name=search_term_string\"}],\"inLanguage\":\"fr-FR\"},{\"@type\":\"Organization\",\"@id\":\"https:\/\/universnews224.com\/#organization\",\"name\":\"UNIVERSNEWS224\",\"url\":\"https:\/\/universnews224.com\/\",\"logo\":{\"@type\":\"ImageObject\",\"inLanguage\":\"fr-FR\",\"@id\":\"https:\/\/universnews224.com\/#\/schema\/logo\/image\/\",\"url\":\"https:\/\/universnews224.com\/wp-content\/uploads\/2022\/08\/cropped-cropped-logoban.jpg\",\"contentUrl\":\"https:\/\/universnews224.com\/wp-content\/uploads\/2022\/08\/cropped-cropped-logoban.jpg\",\"width\":1080,\"height\":138,\"caption\":\"UNIVERSNEWS224\"},\"image\":{\"@id\":\"https:\/\/universnews224.com\/#\/schema\/logo\/image\/\"}},{\"@type\":\"Person\",\"@id\":\"https:\/\/universnews224.com\/#\/schema\/person\/a4b7d4f94a4716df60456a491260485e\",\"name\":\"La R\u00e9daction\",\"image\":{\"@type\":\"ImageObject\",\"inLanguage\":\"fr-FR\",\"@id\":\"https:\/\/universnews224.com\/#\/schema\/person\/image\/\",\"url\":\"https:\/\/secure.gravatar.com\/avatar\/edb90acc7752b23e1b3307ad36c14f0d?s=96&d=mm&r=g\",\"contentUrl\":\"https:\/\/secure.gravatar.com\/avatar\/edb90acc7752b23e1b3307ad36c14f0d?s=96&d=mm&r=g\",\"caption\":\"La R\u00e9daction\"},\"sameAs\":[\"https:\/\/universnews224.com\"],\"url\":\"https:\/\/universnews224.com\/index.php\/author\/m-camara\/\"}]}<\/script>\n<!-- \/ Yoast SEO plugin. -->","yoast_head_json":{"title":"Fod\u00e9 Bald\u00e9 sur la volont\u00e9 du colonel Mamadi Doumbouya de rendre le pouvoir \u00e0 l\u2019issue des 24 mois: \u00abOn ne va pas croire \u00e0 ses illusions\u00bb - UNIVERSNEWS224","robots":{"index":"index","follow":"follow","max-snippet":"max-snippet:-1","max-image-preview":"max-image-preview:large","max-video-preview":"max-video-preview:-1"},"canonical":"https:\/\/universnews224.com\/index.php\/fode-balde-sur-la-volonte-du-colonel-mamadi-doumbouya-de-rendre-le-pouvoir-a-lissue-des-24-mois-on-ne-va-pas-croire-a-ses-illusions\/","og_locale":"fr_FR","og_type":"article","og_title":"Fod\u00e9 Bald\u00e9 sur la volont\u00e9 du colonel Mamadi Doumbouya de rendre le pouvoir \u00e0 l\u2019issue des 24 mois: \u00abOn ne va pas croire \u00e0 ses illusions\u00bb - UNIVERSNEWS224","og_description":"L\u2019Union des Forces R\u00e9publicaines \u00e0 l\u2019image des autres formations politiques a tenu son assembl\u00e9e g\u00e9n\u00e9rale","og_url":"https:\/\/universnews224.com\/index.php\/fode-balde-sur-la-volonte-du-colonel-mamadi-doumbouya-de-rendre-le-pouvoir-a-lissue-des-24-mois-on-ne-va-pas-croire-a-ses-illusions\/","og_site_name":"UNIVERSNEWS224","article_published_time":"2023-02-11T19:49:12+00:00","og_image":[{"width":357,"height":210,"url":"https:\/\/universnews224.com\/wp-content\/uploads\/2023\/02\/0CF92BB6-66FB-42B3-BAC3-2E5CBE3AE9D5.jpeg","type":"image\/jpeg"}],"author":"La R\u00e9daction","twitter_misc":{"\u00c9crit par":"La R\u00e9daction","Dur\u00e9e de lecture estim\u00e9e":"2 minutes"},"schema":{"@context":"https:\/\/schema.org","@graph":[{"@type":"Article","@id":"https:\/\/universnews224.com\/index.php\/fode-balde-sur-la-volonte-du-colonel-mamadi-doumbouya-de-rendre-le-pouvoir-a-lissue-des-24-mois-on-ne-va-pas-croire-a-ses-illusions\/#article","isPartOf":{"@id":"https:\/\/universnews224.com\/index.php\/fode-balde-sur-la-volonte-du-colonel-mamadi-doumbouya-de-rendre-le-pouvoir-a-lissue-des-24-mois-on-ne-va-pas-croire-a-ses-illusions\/"},"author":{"name":"La R\u00e9daction","@id":"https:\/\/universnews224.com\/#\/schema\/person\/a4b7d4f94a4716df60456a491260485e"},"headline":"Fod\u00e9 Bald\u00e9 sur la volont\u00e9 du colonel Mamadi Doumbouya de rendre le pouvoir \u00e0 l\u2019issue des 24 mois: \u00abOn ne va pas croire \u00e0 ses illusions\u00bb","datePublished":"2023-02-11T19:49:12+00:00","dateModified":"2023-02-11T19:49:12+00:00","mainEntityOfPage":{"@id":"https:\/\/universnews224.com\/index.php\/fode-balde-sur-la-volonte-du-colonel-mamadi-doumbouya-de-rendre-le-pouvoir-a-lissue-des-24-mois-on-ne-va-pas-croire-a-ses-illusions\/"},"wordCount":261,"publisher":{"@id":"https:\/\/universnews224.com\/#organization"},"keywords":["La une"],"articleSection":["ACTU","POLITIQUE"],"inLanguage":"fr-FR"},{"@type":"WebPage","@id":"https:\/\/universnews224.com\/index.php\/fode-balde-sur-la-volonte-du-colonel-mamadi-doumbouya-de-rendre-le-pouvoir-a-lissue-des-24-mois-on-ne-va-pas-croire-a-ses-illusions\/","url":"https:\/\/universnews224.com\/index.php\/fode-balde-sur-la-volonte-du-colonel-mamadi-doumbouya-de-rendre-le-pouvoir-a-lissue-des-24-mois-on-ne-va-pas-croire-a-ses-illusions\/","name":"Fod\u00e9 Bald\u00e9 sur la volont\u00e9 du colonel Mamadi Doumbouya de rendre le pouvoir \u00e0 l\u2019issue des 24 mois: \u00abOn ne va pas croire \u00e0 ses illusions\u00bb - UNIVERSNEWS224","isPartOf":{"@id":"https:\/\/universnews224.com\/#website"},"datePublished":"2023-02-11T19:49:12+00:00","dateModified":"2023-02-11T19:49:12+00:00","inLanguage":"fr-FR","potentialAction":[{"@type":"ReadAction","target":["https:\/\/universnews224.com\/index.php\/fode-balde-sur-la-volonte-du-colonel-mamadi-doumbouya-de-rendre-le-pouvoir-a-lissue-des-24-mois-on-ne-va-pas-croire-a-ses-illusions\/"]}]},{"@type":"WebSite","@id":"https:\/\/universnews224.com\/#website","url":"https:\/\/universnews224.com\/","name":"UNIVERSNEWS224","description":"","publisher":{"@id":"https:\/\/universnews224.com\/#organization"},"potentialAction":[{"@type":"SearchAction","target":{"@type":"EntryPoint","urlTemplate":"https:\/\/universnews224.com\/?s={search_term_string}"},"query-input":"required name=search_term_string"}],"inLanguage":"fr-FR"},{"@type":"Organization","@id":"https:\/\/universnews224.com\/#organization","name":"UNIVERSNEWS224","url":"https:\/\/universnews224.com\/","logo":{"@type":"ImageObject","inLanguage":"fr-FR","@id":"https:\/\/universnews224.com\/#\/schema\/logo\/image\/","url":"https:\/\/universnews224.com\/wp-content\/uploads\/2022\/08\/cropped-cropped-logoban.jpg","contentUrl":"https:\/\/universnews224.com\/wp-content\/uploads\/2022\/08\/cropped-cropped-logoban.jpg","width":1080,"height":138,"caption":"UNIVERSNEWS224"},"image":{"@id":"https:\/\/universnews224.com\/#\/schema\/logo\/image\/"}},{"@type":"Person","@id":"https:\/\/universnews224.com\/#\/schema\/person\/a4b7d4f94a4716df60456a491260485e","name":"La R\u00e9daction","image":{"@type":"ImageObject","inLanguage":"fr-FR","@id":"https:\/\/universnews224.com\/#\/schema\/person\/image\/","url":"https:\/\/secure.gravatar.com\/avatar\/edb90acc7752b23e1b3307ad36c14f0d?s=96&d=mm&r=g","contentUrl":"https:\/\/secure.gravatar.com\/avatar\/edb90acc7752b23e1b3307ad36c14f0d?s=96&d=mm&r=g","caption":"La R\u00e9daction"},"sameAs":["https:\/\/universnews224.com"],"url":"https:\/\/universnews224.com\/index.php\/author\/m-camara\/"}]}},"_links":{"self":[{"href":"https:\/\/universnews224.com\/index.php\/wp-json\/wp\/v2\/posts\/2979"}],"collection":[{"href":"https:\/\/universnews224.com\/index.php\/wp-json\/wp\/v2\/posts"}],"about":[{"href":"https:\/\/universnews224.com\/index.php\/wp-json\/wp\/v2\/types\/post"}],"author":[{"embeddable":true,"href":"https:\/\/universnews224.com\/index.php\/wp-json\/wp\/v2\/users\/2"}],"replies":[{"embeddable":true,"href":"https:\/\/universnews224.com\/index.php\/wp-json\/wp\/v2\/comments?post=2979"}],"version-history":[{"count":1,"href":"https:\/\/universnews224.com\/index.php\/wp-json\/wp\/v2\/posts\/2979\/revisions"}],"predecessor-version":[{"id":2981,"href":"https:\/\/universnews224.com\/index.php\/wp-json\/wp\/v2\/posts\/2979\/revisions\/2981"}],"wp:featuredmedia":[{"embeddable":true,"href":"https:\/\/universnews224.com\/index.php\/wp-json\/wp\/v2\/media\/2980"}],"wp:attachment":[{"href":"https:\/\/universnews224.com\/index.php\/wp-json\/wp\/v2\/media?parent=2979"}],"wp:term":[{"taxonomy":"category","embeddable":true,"href":"https:\/\/universnews224.com\/index.php\/wp-json\/wp\/v2\/categories?post=2979"},{"taxonomy":"post_tag","embeddable":true,"href":"https:\/\/universnews224.com\/index.php\/wp-json\/wp\/v2\/tags?post=2979"}],"curies":[{"name":"wp","href":"https:\/\/api.w.org\/{rel}","templated":true}]}}