{"id":2993,"date":"2023-02-14T20:56:59","date_gmt":"2023-02-14T19:56:59","guid":{"rendered":"https:\/\/universnews224.com\/?p=2993"},"modified":"2023-02-14T20:56:59","modified_gmt":"2023-02-14T19:56:59","slug":"conakry-vers-organisation-de-la-2eme-edition-du-salon-des-etudiants-entrepreneurs-see","status":"publish","type":"post","link":"https:\/\/universnews224.com\/index.php\/conakry-vers-organisation-de-la-2eme-edition-du-salon-des-etudiants-entrepreneurs-see\/","title":{"rendered":"Conakry : vers organisation de la 2\u00e8me \u00e9dition du salon des \u00e9tudiants entrepreneurs (SEE)"},"content":{"rendered":"<p class=\"p2\"><strong><span class=\"s2\">Le Salon des Etudiants Entrepreneurs (SEE) aura lieu le 16 \u2013 17 \u2013 18 mars<span class=\"Apple-converted-space\">\u00a0 <\/span>2023 au sein de l\u2019Universit\u00e9 Fran\u00e7aise de Guin\u00e9e ( kayce Acad\u00e9my). L&rsquo;annonce a \u00e9t\u00e9 faite par les organisateurs au cours d&rsquo;une conf\u00e9rence de presse anim\u00e9 ce mardi 14 f\u00e9vrier 2023 \u00e0 Conakry.<\/span><\/strong><\/p>\n<p class=\"p2\"><span class=\"s2\">Selon les conf\u00e9renciers cette 2\u00e8me \u00e9dition mettra en lumi\u00e8re l\u2019effervescence entrepreneuriale des jeunes qui r\u00e8gne en R\u00e9publique de Guin\u00e9e. \u00ab<span class=\"Apple-converted-space\">\u00a0 <\/span>Le salon va \u00eatre reconduit dans sa deuxi\u00e8me \u00e9dition et on attend mille visiteurs par jours, il y&rsquo;a 250 dossiers de candidature des jeunes guin\u00e9ens et 100 dossiers ont \u00e9t\u00e9 s\u00e9lectionn\u00e9s, qui vont venir pr\u00e9senter leurs projets dans trois jours exposition les 16, 17 et 18 mars prochain \u00e0 Ratoma. Et il aura des jurys qui vont venir \u00e9couter ces entrepreneurs, les trois meilleurs r\u00e9compens\u00e9 vont avoir une somme globale de 50.000.000FG qui vont les permettre de \u00e0 ces entrepreneurs d&rsquo;aller le plus vite dans le d\u00e9veloppement de leur projet. C&rsquo;est une initiative qui vise \u00e0 encourager les jeunes \u00e9tudiants \u00e0 se lancer dans l&rsquo;entrepreneuriat pour diminuer et de lutter un v\u00e9ritable ch\u00f4mage en Guin\u00e9e \u00bb, a d\u00e9clar\u00e9 Mme la fondatrice Aline Destaillats.<\/span><\/p>\n<p class=\"p2\"><span class=\"s2\">\u00ab Les participants b\u00e9n\u00e9ficieront de stands mis \u00e0 leurs dispositions gratuitement. Aussi, des partenaires techniques et institutionnels seront pr\u00e9sents en vue de leurs offrir une large gamme de services. Les meilleurs projets vont b\u00e9n\u00e9ficier de formations, d\u2019accompagnements et aussi d\u2019un prix pour les accompagner dans le d\u00e9veloppement de leurs projets \u00bb, a pr\u00e9cis\u00e9 Mme Aline Destaillats.<\/span><\/p>\n<p class=\"p2\"><span class=\"s2\">Alass Sylla.<\/span><\/p>\n","protected":false},"excerpt":{"rendered":"<p>Le Salon des Etudiants Entrepreneurs (SEE) aura lieu le 16 \u2013 17 \u2013 18 mars\u00a0<\/p>\n","protected":false},"author":2,"featured_media":0,"comment_status":"closed","ping_status":"open","sticky":false,"template":"","format":"standard","meta":[],"categories":[3,4],"tags":[229],"yoast_head":"<!-- This site is optimized with the Yoast SEO plugin v19.13 - https:\/\/yoast.com\/wordpress\/plugins\/seo\/ -->\n<title>Conakry : vers organisation de la 2\u00e8me \u00e9dition du salon des \u00e9tudiants entrepreneurs (SEE) - UNIVERSNEWS224<\/title>\n<meta name=\"robots\" content=\"index, follow, max-snippet:-1, max-image-preview:large, max-video-preview:-1\" \/>\n<link rel=\"canonical\" href=\"https:\/\/universnews224.com\/index.php\/conakry-vers-organisation-de-la-2eme-edition-du-salon-des-etudiants-entrepreneurs-see\/\" \/>\n<meta property=\"og:locale\" content=\"fr_FR\" \/>\n<meta property=\"og:type\" content=\"article\" \/>\n<meta property=\"og:title\" content=\"Conakry : vers organisation de la 2\u00e8me \u00e9dition du salon des \u00e9tudiants entrepreneurs (SEE) - UNIVERSNEWS224\" \/>\n<meta property=\"og:description\" content=\"Le Salon des Etudiants Entrepreneurs (SEE) aura lieu le 16 \u2013 17 \u2013 18 mars\u00a0\" \/>\n<meta property=\"og:url\" content=\"https:\/\/universnews224.com\/index.php\/conakry-vers-organisation-de-la-2eme-edition-du-salon-des-etudiants-entrepreneurs-see\/\" \/>\n<meta property=\"og:site_name\" content=\"UNIVERSNEWS224\" \/>\n<meta property=\"article:published_time\" content=\"2023-02-14T19:56:59+00:00\" \/>\n<meta name=\"author\" content=\"La R\u00e9daction\" \/>\n<meta name=\"twitter:label1\" content=\"\u00c9crit par\" \/>\n\t<meta name=\"twitter:data1\" content=\"La R\u00e9daction\" \/>\n\t<meta name=\"twitter:label2\" content=\"Dur\u00e9e de lecture estim\u00e9e\" \/>\n\t<meta name=\"twitter:data2\" content=\"2 minutes\" \/>\n<script type=\"application\/ld+json\" class=\"yoast-schema-graph\">{\"@context\":\"https:\/\/schema.org\",\"@graph\":[{\"@type\":\"Article\",\"@id\":\"https:\/\/universnews224.com\/index.php\/conakry-vers-organisation-de-la-2eme-edition-du-salon-des-etudiants-entrepreneurs-see\/#article\",\"isPartOf\":{\"@id\":\"https:\/\/universnews224.com\/index.php\/conakry-vers-organisation-de-la-2eme-edition-du-salon-des-etudiants-entrepreneurs-see\/\"},\"author\":{\"name\":\"La R\u00e9daction\",\"@id\":\"https:\/\/universnews224.com\/#\/schema\/person\/a4b7d4f94a4716df60456a491260485e\"},\"headline\":\"Conakry : vers organisation de la 2\u00e8me \u00e9dition du salon des \u00e9tudiants entrepreneurs (SEE)\",\"datePublished\":\"2023-02-14T19:56:59+00:00\",\"dateModified\":\"2023-02-14T19:56:59+00:00\",\"mainEntityOfPage\":{\"@id\":\"https:\/\/universnews224.com\/index.php\/conakry-vers-organisation-de-la-2eme-edition-du-salon-des-etudiants-entrepreneurs-see\/\"},\"wordCount\":269,\"publisher\":{\"@id\":\"https:\/\/universnews224.com\/#organization\"},\"keywords\":[\"La une\"],\"articleSection\":[\"ACTU\",\"POLITIQUE\"],\"inLanguage\":\"fr-FR\"},{\"@type\":\"WebPage\",\"@id\":\"https:\/\/universnews224.com\/index.php\/conakry-vers-organisation-de-la-2eme-edition-du-salon-des-etudiants-entrepreneurs-see\/\",\"url\":\"https:\/\/universnews224.com\/index.php\/conakry-vers-organisation-de-la-2eme-edition-du-salon-des-etudiants-entrepreneurs-see\/\",\"name\":\"Conakry : vers organisation de la 2\u00e8me \u00e9dition du salon des \u00e9tudiants entrepreneurs (SEE) - UNIVERSNEWS224\",\"isPartOf\":{\"@id\":\"https:\/\/universnews224.com\/#website\"},\"datePublished\":\"2023-02-14T19:56:59+00:00\",\"dateModified\":\"2023-02-14T19:56:59+00:00\",\"inLanguage\":\"fr-FR\",\"potentialAction\":[{\"@type\":\"ReadAction\",\"target\":[\"https:\/\/universnews224.com\/index.php\/conakry-vers-organisation-de-la-2eme-edition-du-salon-des-etudiants-entrepreneurs-see\/\"]}]},{\"@type\":\"WebSite\",\"@id\":\"https:\/\/universnews224.com\/#website\",\"url\":\"https:\/\/universnews224.com\/\",\"name\":\"UNIVERSNEWS224\",\"description\":\"\",\"publisher\":{\"@id\":\"https:\/\/universnews224.com\/#organization\"},\"potentialAction\":[{\"@type\":\"SearchAction\",\"target\":{\"@type\":\"EntryPoint\",\"urlTemplate\":\"https:\/\/universnews224.com\/?s={search_term_string}\"},\"query-input\":\"required name=search_term_string\"}],\"inLanguage\":\"fr-FR\"},{\"@type\":\"Organization\",\"@id\":\"https:\/\/universnews224.com\/#organization\",\"name\":\"UNIVERSNEWS224\",\"url\":\"https:\/\/universnews224.com\/\",\"logo\":{\"@type\":\"ImageObject\",\"inLanguage\":\"fr-FR\",\"@id\":\"https:\/\/universnews224.com\/#\/schema\/logo\/image\/\",\"url\":\"https:\/\/universnews224.com\/wp-content\/uploads\/2022\/08\/cropped-cropped-logoban.jpg\",\"contentUrl\":\"https:\/\/universnews224.com\/wp-content\/uploads\/2022\/08\/cropped-cropped-logoban.jpg\",\"width\":1080,\"height\":138,\"caption\":\"UNIVERSNEWS224\"},\"image\":{\"@id\":\"https:\/\/universnews224.com\/#\/schema\/logo\/image\/\"}},{\"@type\":\"Person\",\"@id\":\"https:\/\/universnews224.com\/#\/schema\/person\/a4b7d4f94a4716df60456a491260485e\",\"name\":\"La R\u00e9daction\",\"image\":{\"@type\":\"ImageObject\",\"inLanguage\":\"fr-FR\",\"@id\":\"https:\/\/universnews224.com\/#\/schema\/person\/image\/\",\"url\":\"https:\/\/secure.gravatar.com\/avatar\/edb90acc7752b23e1b3307ad36c14f0d?s=96&d=mm&r=g\",\"contentUrl\":\"https:\/\/secure.gravatar.com\/avatar\/edb90acc7752b23e1b3307ad36c14f0d?s=96&d=mm&r=g\",\"caption\":\"La R\u00e9daction\"},\"sameAs\":[\"https:\/\/universnews224.com\"],\"url\":\"https:\/\/universnews224.com\/index.php\/author\/m-camara\/\"}]}<\/script>\n<!-- \/ Yoast SEO plugin. -->","yoast_head_json":{"title":"Conakry : vers organisation de la 2\u00e8me \u00e9dition du salon des \u00e9tudiants entrepreneurs (SEE) - UNIVERSNEWS224","robots":{"index":"index","follow":"follow","max-snippet":"max-snippet:-1","max-image-preview":"max-image-preview:large","max-video-preview":"max-video-preview:-1"},"canonical":"https:\/\/universnews224.com\/index.php\/conakry-vers-organisation-de-la-2eme-edition-du-salon-des-etudiants-entrepreneurs-see\/","og_locale":"fr_FR","og_type":"article","og_title":"Conakry : vers organisation de la 2\u00e8me \u00e9dition du salon des \u00e9tudiants entrepreneurs (SEE) - UNIVERSNEWS224","og_description":"Le Salon des Etudiants Entrepreneurs (SEE) aura lieu le 16 \u2013 17 \u2013 18 mars\u00a0","og_url":"https:\/\/universnews224.com\/index.php\/conakry-vers-organisation-de-la-2eme-edition-du-salon-des-etudiants-entrepreneurs-see\/","og_site_name":"UNIVERSNEWS224","article_published_time":"2023-02-14T19:56:59+00:00","author":"La R\u00e9daction","twitter_misc":{"\u00c9crit par":"La R\u00e9daction","Dur\u00e9e de lecture estim\u00e9e":"2 minutes"},"schema":{"@context":"https:\/\/schema.org","@graph":[{"@type":"Article","@id":"https:\/\/universnews224.com\/index.php\/conakry-vers-organisation-de-la-2eme-edition-du-salon-des-etudiants-entrepreneurs-see\/#article","isPartOf":{"@id":"https:\/\/universnews224.com\/index.php\/conakry-vers-organisation-de-la-2eme-edition-du-salon-des-etudiants-entrepreneurs-see\/"},"author":{"name":"La R\u00e9daction","@id":"https:\/\/universnews224.com\/#\/schema\/person\/a4b7d4f94a4716df60456a491260485e"},"headline":"Conakry : vers organisation de la 2\u00e8me \u00e9dition du salon des \u00e9tudiants entrepreneurs (SEE)","datePublished":"2023-02-14T19:56:59+00:00","dateModified":"2023-02-14T19:56:59+00:00","mainEntityOfPage":{"@id":"https:\/\/universnews224.com\/index.php\/conakry-vers-organisation-de-la-2eme-edition-du-salon-des-etudiants-entrepreneurs-see\/"},"wordCount":269,"publisher":{"@id":"https:\/\/universnews224.com\/#organization"},"keywords":["La une"],"articleSection":["ACTU","POLITIQUE"],"inLanguage":"fr-FR"},{"@type":"WebPage","@id":"https:\/\/universnews224.com\/index.php\/conakry-vers-organisation-de-la-2eme-edition-du-salon-des-etudiants-entrepreneurs-see\/","url":"https:\/\/universnews224.com\/index.php\/conakry-vers-organisation-de-la-2eme-edition-du-salon-des-etudiants-entrepreneurs-see\/","name":"Conakry : vers organisation de la 2\u00e8me \u00e9dition du salon des \u00e9tudiants entrepreneurs (SEE) - UNIVERSNEWS224","isPartOf":{"@id":"https:\/\/universnews224.com\/#website"},"datePublished":"2023-02-14T19:56:59+00:00","dateModified":"2023-02-14T19:56:59+00:00","inLanguage":"fr-FR","potentialAction":[{"@type":"ReadAction","target":["https:\/\/universnews224.com\/index.php\/conakry-vers-organisation-de-la-2eme-edition-du-salon-des-etudiants-entrepreneurs-see\/"]}]},{"@type":"WebSite","@id":"https:\/\/universnews224.com\/#website","url":"https:\/\/universnews224.com\/","name":"UNIVERSNEWS224","description":"","publisher":{"@id":"https:\/\/universnews224.com\/#organization"},"potentialAction":[{"@type":"SearchAction","target":{"@type":"EntryPoint","urlTemplate":"https:\/\/universnews224.com\/?s={search_term_string}"},"query-input":"required name=search_term_string"}],"inLanguage":"fr-FR"},{"@type":"Organization","@id":"https:\/\/universnews224.com\/#organization","name":"UNIVERSNEWS224","url":"https:\/\/universnews224.com\/","logo":{"@type":"ImageObject","inLanguage":"fr-FR","@id":"https:\/\/universnews224.com\/#\/schema\/logo\/image\/","url":"https:\/\/universnews224.com\/wp-content\/uploads\/2022\/08\/cropped-cropped-logoban.jpg","contentUrl":"https:\/\/universnews224.com\/wp-content\/uploads\/2022\/08\/cropped-cropped-logoban.jpg","width":1080,"height":138,"caption":"UNIVERSNEWS224"},"image":{"@id":"https:\/\/universnews224.com\/#\/schema\/logo\/image\/"}},{"@type":"Person","@id":"https:\/\/universnews224.com\/#\/schema\/person\/a4b7d4f94a4716df60456a491260485e","name":"La R\u00e9daction","image":{"@type":"ImageObject","inLanguage":"fr-FR","@id":"https:\/\/universnews224.com\/#\/schema\/person\/image\/","url":"https:\/\/secure.gravatar.com\/avatar\/edb90acc7752b23e1b3307ad36c14f0d?s=96&d=mm&r=g","contentUrl":"https:\/\/secure.gravatar.com\/avatar\/edb90acc7752b23e1b3307ad36c14f0d?s=96&d=mm&r=g","caption":"La R\u00e9daction"},"sameAs":["https:\/\/universnews224.com"],"url":"https:\/\/universnews224.com\/index.php\/author\/m-camara\/"}]}},"_links":{"self":[{"href":"https:\/\/universnews224.com\/index.php\/wp-json\/wp\/v2\/posts\/2993"}],"collection":[{"href":"https:\/\/universnews224.com\/index.php\/wp-json\/wp\/v2\/posts"}],"about":[{"href":"https:\/\/universnews224.com\/index.php\/wp-json\/wp\/v2\/types\/post"}],"author":[{"embeddable":true,"href":"https:\/\/universnews224.com\/index.php\/wp-json\/wp\/v2\/users\/2"}],"replies":[{"embeddable":true,"href":"https:\/\/universnews224.com\/index.php\/wp-json\/wp\/v2\/comments?post=2993"}],"version-history":[{"count":1,"href":"https:\/\/universnews224.com\/index.php\/wp-json\/wp\/v2\/posts\/2993\/revisions"}],"predecessor-version":[{"id":2995,"href":"https:\/\/universnews224.com\/index.php\/wp-json\/wp\/v2\/posts\/2993\/revisions\/2995"}],"wp:attachment":[{"href":"https:\/\/universnews224.com\/index.php\/wp-json\/wp\/v2\/media?parent=2993"}],"wp:term":[{"taxonomy":"category","embeddable":true,"href":"https:\/\/universnews224.com\/index.php\/wp-json\/wp\/v2\/categories?post=2993"},{"taxonomy":"post_tag","embeddable":true,"href":"https:\/\/universnews224.com\/index.php\/wp-json\/wp\/v2\/tags?post=2993"}],"curies":[{"name":"wp","href":"https:\/\/api.w.org\/{rel}","templated":true}]}}