{"id":3017,"date":"2023-02-17T12:42:23","date_gmt":"2023-02-17T11:42:23","guid":{"rendered":"https:\/\/universnews224.com\/?p=3017"},"modified":"2023-02-17T12:42:23","modified_gmt":"2023-02-17T11:42:23","slug":"conakry-cest-parti-pour-la-3eme-edition-du-salon-de-la-lecture-salec","status":"publish","type":"post","link":"https:\/\/universnews224.com\/index.php\/conakry-cest-parti-pour-la-3eme-edition-du-salon-de-la-lecture-salec\/","title":{"rendered":"Conakry : C\u2019est parti pour la 3\u00e8me \u00e9dition du Salon de la Lecture (SALEC)"},"content":{"rendered":"<p>Apr\u00e8s les \u00e9ditions pr\u00e9c\u00e9dentes du Salon de la lecture (SALEC) qui a tenu vraiment ses promesses, le ton vient d\u2019\u00eatre donn\u00e9 pour l\u2019acte III du grand rendez-vous litt\u00e9raire des \u00e9coles, Lyc\u00e9es et universit\u00e9s.<\/p>\n<p>L&rsquo;annonce a \u00e9t\u00e9 faite \u00e0 travers une conf\u00e9rence de presse anim\u00e9 ce jeudi 16 f\u00e9vrier 2023, par l\u2019agence Kadiak Communication porteuse du projet.<br \/>\nC\u2019est sous le th\u00e8me \u00ab Le livre, migration irr\u00e9guli\u00e8re et pays en voie de d\u00e9veloppement \u00bb, que cette troisi\u00e8me \u00e9dition du SALEC a \u00e9t\u00e9 lanc\u00e9 par le ministre de la jeunesse et des sports Lansana B\u00e9a Diallo. La c\u00e9r\u00e9monie s\u2019est tenue dans un r\u00e9ceptif h\u00f4telier de la place. Elle a connu la pr\u00e9sence de plusieurs personnalit\u00e9s.<\/p>\n<p>Mettant en comp\u00e9tition, autour de la litt\u00e9rature, les lyc\u00e9es, coll\u00e8ges d\u2019un c\u00f4t\u00e9 et les universit\u00e9s d\u2019autre part, cette 3\u00e8me \u00e9dition va se d\u00e9rouler les 07 au 11 mars 2023 \u00e0 Conakry et le 16 au 18 mars 2023 la fin du projet. Il sont au total \u00ab 20 Lyc\u00e9es, 11 coll\u00e8ges et 17 universit\u00e9s publiques et priv\u00e9es prennent part \u00e0 ce programme \u00bb, pour \u00ab 85 candidats \u00bb, qui competiront sur l&rsquo;ensemble du territoire national dont 29 \u00e0 l&rsquo;int\u00e9rieur du pays.<br \/>\n\u00ab Aujourd&rsquo;hui nous sommes l\u00e0 pour lanc\u00e9 officiellement la couleur de la troisi\u00e8me \u00e9dition du salon de la lecture (SALEC). Plusieurs autres activit\u00e9s sont \u00e0 l\u2019affiche de l\u2019\u00e9v\u00e9nement : \u00ab exposition-vente, projection de films, panels, s\u00e9ances de formation, la lecture publique, concours litt\u00e9raire entre \u00e9cole universitaire de la Guin\u00e9e, la culture g\u00e9n\u00e9rale (&#8230;). Le SALEC cette ann\u00e9e est de savoir les guin\u00e9ens, les africains et tout les pays concern\u00e9s par ce ph\u00e9nom\u00e8ne migratoire, et cette ann\u00e9e les coll\u00e9giens fera leur rentr\u00e9 fracassante au salon de la lecture et je lui ai dit trois pays seront de la partie le S\u00e9n\u00e9gal, Mali et la C\u00f4te d&rsquo;Ivoire. Du 02 au 04 mars 2023, va \u00eatre la formation de l&rsquo;ensemble des candidats bas\u00e9 \u00e0 Conakry, du 07 au 11 mars 2023 va \u00eatre le premier \u00e9tape du salon de la lecture du c\u00f4t\u00e9 de la Bluezone de Kaloum et la seconde, du 16 au 18 mars 2023 serait bien la derni\u00e8re partie du salon \u00bb, a expliqu\u00e9 la commissaire g\u00e9n\u00e9rale Kadiatou Kaba.<\/p>\n<p>&nbsp;<\/p>\n<p>Pr\u00e9sent \u00e0 cette conf\u00e9rence de presse, Lansana B\u00e9a Diallo ministre de la jeunesse et des sports , n&rsquo;a pas manquer au nom du gouvernement remercier et f\u00e9licit\u00e9 la structure organisatrice sur la pertinence du th\u00e8me de la troisi\u00e8me \u00e9dition de cette ann\u00e9e. Tout en apportant son soutien aux activit\u00e9s continue du SALEC.<\/p>\n<p>Sana Sylla.<\/p>\n","protected":false},"excerpt":{"rendered":"<p>Apr\u00e8s les \u00e9ditions pr\u00e9c\u00e9dentes du Salon de la lecture (SALEC) qui a tenu vraiment ses<\/p>\n","protected":false},"author":2,"featured_media":3018,"comment_status":"closed","ping_status":"open","sticky":false,"template":"","format":"standard","meta":[],"categories":[3,5],"tags":[229],"yoast_head":"<!-- This site is optimized with the Yoast SEO plugin v19.13 - https:\/\/yoast.com\/wordpress\/plugins\/seo\/ -->\n<title>Conakry : C\u2019est parti pour la 3\u00e8me \u00e9dition du Salon de la Lecture (SALEC) - UNIVERSNEWS224<\/title>\n<meta name=\"robots\" content=\"index, follow, max-snippet:-1, max-image-preview:large, max-video-preview:-1\" \/>\n<link rel=\"canonical\" href=\"https:\/\/universnews224.com\/index.php\/conakry-cest-parti-pour-la-3eme-edition-du-salon-de-la-lecture-salec\/\" \/>\n<meta property=\"og:locale\" content=\"fr_FR\" \/>\n<meta property=\"og:type\" content=\"article\" \/>\n<meta property=\"og:title\" content=\"Conakry : C\u2019est parti pour la 3\u00e8me \u00e9dition du Salon de la Lecture (SALEC) - UNIVERSNEWS224\" \/>\n<meta property=\"og:description\" content=\"Apr\u00e8s les \u00e9ditions pr\u00e9c\u00e9dentes du Salon de la lecture (SALEC) qui a tenu vraiment ses\" \/>\n<meta property=\"og:url\" content=\"https:\/\/universnews224.com\/index.php\/conakry-cest-parti-pour-la-3eme-edition-du-salon-de-la-lecture-salec\/\" \/>\n<meta property=\"og:site_name\" content=\"UNIVERSNEWS224\" \/>\n<meta property=\"article:published_time\" content=\"2023-02-17T11:42:23+00:00\" \/>\n<meta property=\"og:image\" content=\"https:\/\/universnews224.com\/wp-content\/uploads\/2023\/02\/C80A5F39-114E-495A-B851-22DD0ED9DB20.jpeg\" \/>\n\t<meta property=\"og:image:width\" content=\"1024\" \/>\n\t<meta property=\"og:image:height\" content=\"576\" \/>\n\t<meta property=\"og:image:type\" content=\"image\/jpeg\" \/>\n<meta name=\"author\" content=\"La R\u00e9daction\" \/>\n<meta name=\"twitter:label1\" content=\"\u00c9crit par\" \/>\n\t<meta name=\"twitter:data1\" content=\"La R\u00e9daction\" \/>\n\t<meta name=\"twitter:label2\" content=\"Dur\u00e9e de lecture estim\u00e9e\" \/>\n\t<meta name=\"twitter:data2\" content=\"3 minutes\" \/>\n<script type=\"application\/ld+json\" class=\"yoast-schema-graph\">{\"@context\":\"https:\/\/schema.org\",\"@graph\":[{\"@type\":\"Article\",\"@id\":\"https:\/\/universnews224.com\/index.php\/conakry-cest-parti-pour-la-3eme-edition-du-salon-de-la-lecture-salec\/#article\",\"isPartOf\":{\"@id\":\"https:\/\/universnews224.com\/index.php\/conakry-cest-parti-pour-la-3eme-edition-du-salon-de-la-lecture-salec\/\"},\"author\":{\"name\":\"La R\u00e9daction\",\"@id\":\"https:\/\/universnews224.com\/#\/schema\/person\/a4b7d4f94a4716df60456a491260485e\"},\"headline\":\"Conakry : C\u2019est parti pour la 3\u00e8me \u00e9dition du Salon de la Lecture (SALEC)\",\"datePublished\":\"2023-02-17T11:42:23+00:00\",\"dateModified\":\"2023-02-17T11:42:23+00:00\",\"mainEntityOfPage\":{\"@id\":\"https:\/\/universnews224.com\/index.php\/conakry-cest-parti-pour-la-3eme-edition-du-salon-de-la-lecture-salec\/\"},\"wordCount\":461,\"publisher\":{\"@id\":\"https:\/\/universnews224.com\/#organization\"},\"keywords\":[\"La une\"],\"articleSection\":[\"ACTU\",\"SOCI\u00c9T\u00c9\"],\"inLanguage\":\"fr-FR\"},{\"@type\":\"WebPage\",\"@id\":\"https:\/\/universnews224.com\/index.php\/conakry-cest-parti-pour-la-3eme-edition-du-salon-de-la-lecture-salec\/\",\"url\":\"https:\/\/universnews224.com\/index.php\/conakry-cest-parti-pour-la-3eme-edition-du-salon-de-la-lecture-salec\/\",\"name\":\"Conakry : C\u2019est parti pour la 3\u00e8me \u00e9dition du Salon de la Lecture (SALEC) - UNIVERSNEWS224\",\"isPartOf\":{\"@id\":\"https:\/\/universnews224.com\/#website\"},\"datePublished\":\"2023-02-17T11:42:23+00:00\",\"dateModified\":\"2023-02-17T11:42:23+00:00\",\"inLanguage\":\"fr-FR\",\"potentialAction\":[{\"@type\":\"ReadAction\",\"target\":[\"https:\/\/universnews224.com\/index.php\/conakry-cest-parti-pour-la-3eme-edition-du-salon-de-la-lecture-salec\/\"]}]},{\"@type\":\"WebSite\",\"@id\":\"https:\/\/universnews224.com\/#website\",\"url\":\"https:\/\/universnews224.com\/\",\"name\":\"UNIVERSNEWS224\",\"description\":\"\",\"publisher\":{\"@id\":\"https:\/\/universnews224.com\/#organization\"},\"potentialAction\":[{\"@type\":\"SearchAction\",\"target\":{\"@type\":\"EntryPoint\",\"urlTemplate\":\"https:\/\/universnews224.com\/?s={search_term_string}\"},\"query-input\":\"required name=search_term_string\"}],\"inLanguage\":\"fr-FR\"},{\"@type\":\"Organization\",\"@id\":\"https:\/\/universnews224.com\/#organization\",\"name\":\"UNIVERSNEWS224\",\"url\":\"https:\/\/universnews224.com\/\",\"logo\":{\"@type\":\"ImageObject\",\"inLanguage\":\"fr-FR\",\"@id\":\"https:\/\/universnews224.com\/#\/schema\/logo\/image\/\",\"url\":\"https:\/\/universnews224.com\/wp-content\/uploads\/2022\/08\/cropped-cropped-logoban.jpg\",\"contentUrl\":\"https:\/\/universnews224.com\/wp-content\/uploads\/2022\/08\/cropped-cropped-logoban.jpg\",\"width\":1080,\"height\":138,\"caption\":\"UNIVERSNEWS224\"},\"image\":{\"@id\":\"https:\/\/universnews224.com\/#\/schema\/logo\/image\/\"}},{\"@type\":\"Person\",\"@id\":\"https:\/\/universnews224.com\/#\/schema\/person\/a4b7d4f94a4716df60456a491260485e\",\"name\":\"La R\u00e9daction\",\"image\":{\"@type\":\"ImageObject\",\"inLanguage\":\"fr-FR\",\"@id\":\"https:\/\/universnews224.com\/#\/schema\/person\/image\/\",\"url\":\"https:\/\/secure.gravatar.com\/avatar\/edb90acc7752b23e1b3307ad36c14f0d?s=96&d=mm&r=g\",\"contentUrl\":\"https:\/\/secure.gravatar.com\/avatar\/edb90acc7752b23e1b3307ad36c14f0d?s=96&d=mm&r=g\",\"caption\":\"La R\u00e9daction\"},\"sameAs\":[\"https:\/\/universnews224.com\"],\"url\":\"https:\/\/universnews224.com\/index.php\/author\/m-camara\/\"}]}<\/script>\n<!-- \/ Yoast SEO plugin. -->","yoast_head_json":{"title":"Conakry : C\u2019est parti pour la 3\u00e8me \u00e9dition du Salon de la Lecture (SALEC) - UNIVERSNEWS224","robots":{"index":"index","follow":"follow","max-snippet":"max-snippet:-1","max-image-preview":"max-image-preview:large","max-video-preview":"max-video-preview:-1"},"canonical":"https:\/\/universnews224.com\/index.php\/conakry-cest-parti-pour-la-3eme-edition-du-salon-de-la-lecture-salec\/","og_locale":"fr_FR","og_type":"article","og_title":"Conakry : C\u2019est parti pour la 3\u00e8me \u00e9dition du Salon de la Lecture (SALEC) - UNIVERSNEWS224","og_description":"Apr\u00e8s les \u00e9ditions pr\u00e9c\u00e9dentes du Salon de la lecture (SALEC) qui a tenu vraiment ses","og_url":"https:\/\/universnews224.com\/index.php\/conakry-cest-parti-pour-la-3eme-edition-du-salon-de-la-lecture-salec\/","og_site_name":"UNIVERSNEWS224","article_published_time":"2023-02-17T11:42:23+00:00","og_image":[{"width":1024,"height":576,"url":"https:\/\/universnews224.com\/wp-content\/uploads\/2023\/02\/C80A5F39-114E-495A-B851-22DD0ED9DB20.jpeg","type":"image\/jpeg"}],"author":"La R\u00e9daction","twitter_misc":{"\u00c9crit par":"La R\u00e9daction","Dur\u00e9e de lecture estim\u00e9e":"3 minutes"},"schema":{"@context":"https:\/\/schema.org","@graph":[{"@type":"Article","@id":"https:\/\/universnews224.com\/index.php\/conakry-cest-parti-pour-la-3eme-edition-du-salon-de-la-lecture-salec\/#article","isPartOf":{"@id":"https:\/\/universnews224.com\/index.php\/conakry-cest-parti-pour-la-3eme-edition-du-salon-de-la-lecture-salec\/"},"author":{"name":"La R\u00e9daction","@id":"https:\/\/universnews224.com\/#\/schema\/person\/a4b7d4f94a4716df60456a491260485e"},"headline":"Conakry : C\u2019est parti pour la 3\u00e8me \u00e9dition du Salon de la Lecture (SALEC)","datePublished":"2023-02-17T11:42:23+00:00","dateModified":"2023-02-17T11:42:23+00:00","mainEntityOfPage":{"@id":"https:\/\/universnews224.com\/index.php\/conakry-cest-parti-pour-la-3eme-edition-du-salon-de-la-lecture-salec\/"},"wordCount":461,"publisher":{"@id":"https:\/\/universnews224.com\/#organization"},"keywords":["La une"],"articleSection":["ACTU","SOCI\u00c9T\u00c9"],"inLanguage":"fr-FR"},{"@type":"WebPage","@id":"https:\/\/universnews224.com\/index.php\/conakry-cest-parti-pour-la-3eme-edition-du-salon-de-la-lecture-salec\/","url":"https:\/\/universnews224.com\/index.php\/conakry-cest-parti-pour-la-3eme-edition-du-salon-de-la-lecture-salec\/","name":"Conakry : C\u2019est parti pour la 3\u00e8me \u00e9dition du Salon de la Lecture (SALEC) - UNIVERSNEWS224","isPartOf":{"@id":"https:\/\/universnews224.com\/#website"},"datePublished":"2023-02-17T11:42:23+00:00","dateModified":"2023-02-17T11:42:23+00:00","inLanguage":"fr-FR","potentialAction":[{"@type":"ReadAction","target":["https:\/\/universnews224.com\/index.php\/conakry-cest-parti-pour-la-3eme-edition-du-salon-de-la-lecture-salec\/"]}]},{"@type":"WebSite","@id":"https:\/\/universnews224.com\/#website","url":"https:\/\/universnews224.com\/","name":"UNIVERSNEWS224","description":"","publisher":{"@id":"https:\/\/universnews224.com\/#organization"},"potentialAction":[{"@type":"SearchAction","target":{"@type":"EntryPoint","urlTemplate":"https:\/\/universnews224.com\/?s={search_term_string}"},"query-input":"required name=search_term_string"}],"inLanguage":"fr-FR"},{"@type":"Organization","@id":"https:\/\/universnews224.com\/#organization","name":"UNIVERSNEWS224","url":"https:\/\/universnews224.com\/","logo":{"@type":"ImageObject","inLanguage":"fr-FR","@id":"https:\/\/universnews224.com\/#\/schema\/logo\/image\/","url":"https:\/\/universnews224.com\/wp-content\/uploads\/2022\/08\/cropped-cropped-logoban.jpg","contentUrl":"https:\/\/universnews224.com\/wp-content\/uploads\/2022\/08\/cropped-cropped-logoban.jpg","width":1080,"height":138,"caption":"UNIVERSNEWS224"},"image":{"@id":"https:\/\/universnews224.com\/#\/schema\/logo\/image\/"}},{"@type":"Person","@id":"https:\/\/universnews224.com\/#\/schema\/person\/a4b7d4f94a4716df60456a491260485e","name":"La R\u00e9daction","image":{"@type":"ImageObject","inLanguage":"fr-FR","@id":"https:\/\/universnews224.com\/#\/schema\/person\/image\/","url":"https:\/\/secure.gravatar.com\/avatar\/edb90acc7752b23e1b3307ad36c14f0d?s=96&d=mm&r=g","contentUrl":"https:\/\/secure.gravatar.com\/avatar\/edb90acc7752b23e1b3307ad36c14f0d?s=96&d=mm&r=g","caption":"La R\u00e9daction"},"sameAs":["https:\/\/universnews224.com"],"url":"https:\/\/universnews224.com\/index.php\/author\/m-camara\/"}]}},"_links":{"self":[{"href":"https:\/\/universnews224.com\/index.php\/wp-json\/wp\/v2\/posts\/3017"}],"collection":[{"href":"https:\/\/universnews224.com\/index.php\/wp-json\/wp\/v2\/posts"}],"about":[{"href":"https:\/\/universnews224.com\/index.php\/wp-json\/wp\/v2\/types\/post"}],"author":[{"embeddable":true,"href":"https:\/\/universnews224.com\/index.php\/wp-json\/wp\/v2\/users\/2"}],"replies":[{"embeddable":true,"href":"https:\/\/universnews224.com\/index.php\/wp-json\/wp\/v2\/comments?post=3017"}],"version-history":[{"count":1,"href":"https:\/\/universnews224.com\/index.php\/wp-json\/wp\/v2\/posts\/3017\/revisions"}],"predecessor-version":[{"id":3019,"href":"https:\/\/universnews224.com\/index.php\/wp-json\/wp\/v2\/posts\/3017\/revisions\/3019"}],"wp:featuredmedia":[{"embeddable":true,"href":"https:\/\/universnews224.com\/index.php\/wp-json\/wp\/v2\/media\/3018"}],"wp:attachment":[{"href":"https:\/\/universnews224.com\/index.php\/wp-json\/wp\/v2\/media?parent=3017"}],"wp:term":[{"taxonomy":"category","embeddable":true,"href":"https:\/\/universnews224.com\/index.php\/wp-json\/wp\/v2\/categories?post=3017"},{"taxonomy":"post_tag","embeddable":true,"href":"https:\/\/universnews224.com\/index.php\/wp-json\/wp\/v2\/tags?post=3017"}],"curies":[{"name":"wp","href":"https:\/\/api.w.org\/{rel}","templated":true}]}}