{"id":3023,"date":"2023-02-20T20:59:36","date_gmt":"2023-02-20T19:59:36","guid":{"rendered":"https:\/\/universnews224.com\/?p=3023"},"modified":"2023-02-20T20:59:36","modified_gmt":"2023-02-20T19:59:36","slug":"qui-pour-signifier-a-alphonse-charles-wright-que-la-justice-ne-se-resume-pas-a-sa-personne-opinion","status":"publish","type":"post","link":"https:\/\/universnews224.com\/index.php\/qui-pour-signifier-a-alphonse-charles-wright-que-la-justice-ne-se-resume-pas-a-sa-personne-opinion\/","title":{"rendered":"Qui pour signifier \u00e0 Alphonse Charles Wright que la justice ne se r\u00e9sume pas \u00e0 sa personne ? (Opinion)"},"content":{"rendered":"<p>La Guin\u00e9e n\u2019est quand m\u00eame pas le seul pays o\u00f9 il existe un ministre de la Justice et elle n\u2019est pas \u00e0 son tout premier ministre de la Justice. Mais elle reste aujourd\u2019hui le seul pays o\u00f9 le ministre de la Justice se m\u00eale de tout. L\u00e0 o\u00f9 un procureur doit parler, c\u2019est lui qui parle; l\u00e0 o\u00f9 un inspecteur des services judiciaires doit prendre la parole, c\u2019est encore et toujours lui qui est devant la presse. Le minist\u00e8re de la Justice a m\u00eame un porte-parole mais il ne sert absolument \u00e0 rien. Le \u00ab\u00a0distributeur automatique d\u2019injonction aux fins de poursuites \u00a0\u00bb est \u00e0 la fois procureur de la R\u00e9publique, procureur g\u00e9n\u00e9ral et porte-parole du minist\u00e8re de la Justice. C\u2019est \u00e0 croire qu\u2019il avait un besoin pressant de reconnaissance qu\u2019il cherche \u00e0 satisfaire \u00e0 travers sa fonction de ministre. Or, selon les dispositions du code de proc\u00e9dure p\u00e9nale qu\u2019il aime invoquer, il n\u2019a aucun droit de parler de dossiers pendants devant les cours et tribunaux.<\/p>\n<p>Son r\u00f4le essentiel est de d\u00e9finir et de mettre en \u0153uvre la politique p\u00e9nale du gouvernement \u00e0 travers des instructions g\u00e9n\u00e9rales ou des circulaires de politique p\u00e9nale. Mais il semble avoir une compr\u00e9hension erron\u00e9e de ses attributions. Lorsqu\u2019un d\u00e9tenu est malade, c\u2019est \u00ab\u00a0monsieur injonction\u00a0\u00bb qui s\u2019empresse de prendre la parole. Il expose m\u00eame le bulletin de sant\u00e9 des d\u00e9tenus dans les m\u00e9dias.<\/p>\n<p>Tr\u00e8s malheureusement, les magistrats semblent avoir totalement courb\u00e9 l\u2019\u00e9chine. Comment, dans ces conditions, faire confiance en la justice guin\u00e9enne? Comment les acteurs politiques et de la soci\u00e9t\u00e9 civile faisant l\u2019objet de poursuites judiciaires peuvent \u00eatre confiants quant \u00e0 l\u2019ind\u00e9pendance effective de la justice ?<\/p>\n<p>Ce qui est d\u00e9plorable dans l\u2019attitude de Alphonse Charles Wright, c\u2019est le fait que plus il s\u2019expose dans les m\u00e9dias, plus il multiplie les bourdes m\u00eame s\u2019il n\u2019a pas l\u2019humilit\u00e9 n\u00e9cessaire pour l\u2019admettre. Il donne toujours l\u2019impression d\u2019avoir raison seul contre tout le monde. C\u2019est d\u2019ailleurs l\u2019un des traits de caract\u00e8re de tous ceux qui souffrent d\u2019un complexe d\u2019inf\u00e9riorit\u00e9.<\/p>\n<p>SEKOU KOUNDOUNO<\/p>\n<p>RESPONSABLE DES STRAT\u00c9GIES ET PLANIFICATION DU FNDC<\/p>\n<p>MEMBRE DU R\u00c9SEAU AFRIKKI NETWORK<\/p>\n","protected":false},"excerpt":{"rendered":"<p>La Guin\u00e9e n\u2019est quand m\u00eame pas le seul pays o\u00f9 il existe un ministre de<\/p>\n","protected":false},"author":2,"featured_media":3024,"comment_status":"closed","ping_status":"open","sticky":false,"template":"","format":"standard","meta":[],"categories":[3,4],"tags":[229],"yoast_head":"<!-- This site is optimized with the Yoast SEO plugin v19.13 - https:\/\/yoast.com\/wordpress\/plugins\/seo\/ -->\n<title>Qui pour signifier \u00e0 Alphonse Charles Wright que la justice ne se r\u00e9sume pas \u00e0 sa personne ? (Opinion) - UNIVERSNEWS224<\/title>\n<meta name=\"robots\" content=\"index, follow, max-snippet:-1, max-image-preview:large, max-video-preview:-1\" \/>\n<link rel=\"canonical\" href=\"https:\/\/universnews224.com\/index.php\/qui-pour-signifier-a-alphonse-charles-wright-que-la-justice-ne-se-resume-pas-a-sa-personne-opinion\/\" \/>\n<meta property=\"og:locale\" content=\"fr_FR\" \/>\n<meta property=\"og:type\" content=\"article\" \/>\n<meta property=\"og:title\" content=\"Qui pour signifier \u00e0 Alphonse Charles Wright que la justice ne se r\u00e9sume pas \u00e0 sa personne ? (Opinion) - UNIVERSNEWS224\" \/>\n<meta property=\"og:description\" content=\"La Guin\u00e9e n\u2019est quand m\u00eame pas le seul pays o\u00f9 il existe un ministre de\" \/>\n<meta property=\"og:url\" content=\"https:\/\/universnews224.com\/index.php\/qui-pour-signifier-a-alphonse-charles-wright-que-la-justice-ne-se-resume-pas-a-sa-personne-opinion\/\" \/>\n<meta property=\"og:site_name\" content=\"UNIVERSNEWS224\" \/>\n<meta property=\"article:published_time\" content=\"2023-02-20T19:59:36+00:00\" \/>\n<meta property=\"og:image\" content=\"https:\/\/universnews224.com\/wp-content\/uploads\/2023\/02\/E0D853E9-355B-4913-A6D8-0C4F6ABEB50C.jpeg\" \/>\n\t<meta property=\"og:image:width\" content=\"843\" \/>\n\t<meta property=\"og:image:height\" content=\"775\" \/>\n\t<meta property=\"og:image:type\" content=\"image\/jpeg\" \/>\n<meta name=\"author\" content=\"La R\u00e9daction\" \/>\n<meta name=\"twitter:label1\" content=\"\u00c9crit par\" \/>\n\t<meta name=\"twitter:data1\" content=\"La R\u00e9daction\" \/>\n\t<meta name=\"twitter:label2\" content=\"Dur\u00e9e de lecture estim\u00e9e\" \/>\n\t<meta name=\"twitter:data2\" content=\"2 minutes\" \/>\n<script type=\"application\/ld+json\" class=\"yoast-schema-graph\">{\"@context\":\"https:\/\/schema.org\",\"@graph\":[{\"@type\":\"Article\",\"@id\":\"https:\/\/universnews224.com\/index.php\/qui-pour-signifier-a-alphonse-charles-wright-que-la-justice-ne-se-resume-pas-a-sa-personne-opinion\/#article\",\"isPartOf\":{\"@id\":\"https:\/\/universnews224.com\/index.php\/qui-pour-signifier-a-alphonse-charles-wright-que-la-justice-ne-se-resume-pas-a-sa-personne-opinion\/\"},\"author\":{\"name\":\"La R\u00e9daction\",\"@id\":\"https:\/\/universnews224.com\/#\/schema\/person\/a4b7d4f94a4716df60456a491260485e\"},\"headline\":\"Qui pour signifier \u00e0 Alphonse Charles Wright que la justice ne se r\u00e9sume pas \u00e0 sa personne ? (Opinion)\",\"datePublished\":\"2023-02-20T19:59:36+00:00\",\"dateModified\":\"2023-02-20T19:59:36+00:00\",\"mainEntityOfPage\":{\"@id\":\"https:\/\/universnews224.com\/index.php\/qui-pour-signifier-a-alphonse-charles-wright-que-la-justice-ne-se-resume-pas-a-sa-personne-opinion\/\"},\"wordCount\":417,\"publisher\":{\"@id\":\"https:\/\/universnews224.com\/#organization\"},\"keywords\":[\"La une\"],\"articleSection\":[\"ACTU\",\"POLITIQUE\"],\"inLanguage\":\"fr-FR\"},{\"@type\":\"WebPage\",\"@id\":\"https:\/\/universnews224.com\/index.php\/qui-pour-signifier-a-alphonse-charles-wright-que-la-justice-ne-se-resume-pas-a-sa-personne-opinion\/\",\"url\":\"https:\/\/universnews224.com\/index.php\/qui-pour-signifier-a-alphonse-charles-wright-que-la-justice-ne-se-resume-pas-a-sa-personne-opinion\/\",\"name\":\"Qui pour signifier \u00e0 Alphonse Charles Wright que la justice ne se r\u00e9sume pas \u00e0 sa personne ? (Opinion) - UNIVERSNEWS224\",\"isPartOf\":{\"@id\":\"https:\/\/universnews224.com\/#website\"},\"datePublished\":\"2023-02-20T19:59:36+00:00\",\"dateModified\":\"2023-02-20T19:59:36+00:00\",\"inLanguage\":\"fr-FR\",\"potentialAction\":[{\"@type\":\"ReadAction\",\"target\":[\"https:\/\/universnews224.com\/index.php\/qui-pour-signifier-a-alphonse-charles-wright-que-la-justice-ne-se-resume-pas-a-sa-personne-opinion\/\"]}]},{\"@type\":\"WebSite\",\"@id\":\"https:\/\/universnews224.com\/#website\",\"url\":\"https:\/\/universnews224.com\/\",\"name\":\"UNIVERSNEWS224\",\"description\":\"\",\"publisher\":{\"@id\":\"https:\/\/universnews224.com\/#organization\"},\"potentialAction\":[{\"@type\":\"SearchAction\",\"target\":{\"@type\":\"EntryPoint\",\"urlTemplate\":\"https:\/\/universnews224.com\/?s={search_term_string}\"},\"query-input\":\"required name=search_term_string\"}],\"inLanguage\":\"fr-FR\"},{\"@type\":\"Organization\",\"@id\":\"https:\/\/universnews224.com\/#organization\",\"name\":\"UNIVERSNEWS224\",\"url\":\"https:\/\/universnews224.com\/\",\"logo\":{\"@type\":\"ImageObject\",\"inLanguage\":\"fr-FR\",\"@id\":\"https:\/\/universnews224.com\/#\/schema\/logo\/image\/\",\"url\":\"https:\/\/universnews224.com\/wp-content\/uploads\/2022\/08\/cropped-cropped-logoban.jpg\",\"contentUrl\":\"https:\/\/universnews224.com\/wp-content\/uploads\/2022\/08\/cropped-cropped-logoban.jpg\",\"width\":1080,\"height\":138,\"caption\":\"UNIVERSNEWS224\"},\"image\":{\"@id\":\"https:\/\/universnews224.com\/#\/schema\/logo\/image\/\"}},{\"@type\":\"Person\",\"@id\":\"https:\/\/universnews224.com\/#\/schema\/person\/a4b7d4f94a4716df60456a491260485e\",\"name\":\"La R\u00e9daction\",\"image\":{\"@type\":\"ImageObject\",\"inLanguage\":\"fr-FR\",\"@id\":\"https:\/\/universnews224.com\/#\/schema\/person\/image\/\",\"url\":\"https:\/\/secure.gravatar.com\/avatar\/edb90acc7752b23e1b3307ad36c14f0d?s=96&d=mm&r=g\",\"contentUrl\":\"https:\/\/secure.gravatar.com\/avatar\/edb90acc7752b23e1b3307ad36c14f0d?s=96&d=mm&r=g\",\"caption\":\"La R\u00e9daction\"},\"sameAs\":[\"https:\/\/universnews224.com\"],\"url\":\"https:\/\/universnews224.com\/index.php\/author\/m-camara\/\"}]}<\/script>\n<!-- \/ Yoast SEO plugin. -->","yoast_head_json":{"title":"Qui pour signifier \u00e0 Alphonse Charles Wright que la justice ne se r\u00e9sume pas \u00e0 sa personne ? (Opinion) - UNIVERSNEWS224","robots":{"index":"index","follow":"follow","max-snippet":"max-snippet:-1","max-image-preview":"max-image-preview:large","max-video-preview":"max-video-preview:-1"},"canonical":"https:\/\/universnews224.com\/index.php\/qui-pour-signifier-a-alphonse-charles-wright-que-la-justice-ne-se-resume-pas-a-sa-personne-opinion\/","og_locale":"fr_FR","og_type":"article","og_title":"Qui pour signifier \u00e0 Alphonse Charles Wright que la justice ne se r\u00e9sume pas \u00e0 sa personne ? (Opinion) - UNIVERSNEWS224","og_description":"La Guin\u00e9e n\u2019est quand m\u00eame pas le seul pays o\u00f9 il existe un ministre de","og_url":"https:\/\/universnews224.com\/index.php\/qui-pour-signifier-a-alphonse-charles-wright-que-la-justice-ne-se-resume-pas-a-sa-personne-opinion\/","og_site_name":"UNIVERSNEWS224","article_published_time":"2023-02-20T19:59:36+00:00","og_image":[{"width":843,"height":775,"url":"https:\/\/universnews224.com\/wp-content\/uploads\/2023\/02\/E0D853E9-355B-4913-A6D8-0C4F6ABEB50C.jpeg","type":"image\/jpeg"}],"author":"La R\u00e9daction","twitter_misc":{"\u00c9crit par":"La R\u00e9daction","Dur\u00e9e de lecture estim\u00e9e":"2 minutes"},"schema":{"@context":"https:\/\/schema.org","@graph":[{"@type":"Article","@id":"https:\/\/universnews224.com\/index.php\/qui-pour-signifier-a-alphonse-charles-wright-que-la-justice-ne-se-resume-pas-a-sa-personne-opinion\/#article","isPartOf":{"@id":"https:\/\/universnews224.com\/index.php\/qui-pour-signifier-a-alphonse-charles-wright-que-la-justice-ne-se-resume-pas-a-sa-personne-opinion\/"},"author":{"name":"La R\u00e9daction","@id":"https:\/\/universnews224.com\/#\/schema\/person\/a4b7d4f94a4716df60456a491260485e"},"headline":"Qui pour signifier \u00e0 Alphonse Charles Wright que la justice ne se r\u00e9sume pas \u00e0 sa personne ? (Opinion)","datePublished":"2023-02-20T19:59:36+00:00","dateModified":"2023-02-20T19:59:36+00:00","mainEntityOfPage":{"@id":"https:\/\/universnews224.com\/index.php\/qui-pour-signifier-a-alphonse-charles-wright-que-la-justice-ne-se-resume-pas-a-sa-personne-opinion\/"},"wordCount":417,"publisher":{"@id":"https:\/\/universnews224.com\/#organization"},"keywords":["La une"],"articleSection":["ACTU","POLITIQUE"],"inLanguage":"fr-FR"},{"@type":"WebPage","@id":"https:\/\/universnews224.com\/index.php\/qui-pour-signifier-a-alphonse-charles-wright-que-la-justice-ne-se-resume-pas-a-sa-personne-opinion\/","url":"https:\/\/universnews224.com\/index.php\/qui-pour-signifier-a-alphonse-charles-wright-que-la-justice-ne-se-resume-pas-a-sa-personne-opinion\/","name":"Qui pour signifier \u00e0 Alphonse Charles Wright que la justice ne se r\u00e9sume pas \u00e0 sa personne ? (Opinion) - UNIVERSNEWS224","isPartOf":{"@id":"https:\/\/universnews224.com\/#website"},"datePublished":"2023-02-20T19:59:36+00:00","dateModified":"2023-02-20T19:59:36+00:00","inLanguage":"fr-FR","potentialAction":[{"@type":"ReadAction","target":["https:\/\/universnews224.com\/index.php\/qui-pour-signifier-a-alphonse-charles-wright-que-la-justice-ne-se-resume-pas-a-sa-personne-opinion\/"]}]},{"@type":"WebSite","@id":"https:\/\/universnews224.com\/#website","url":"https:\/\/universnews224.com\/","name":"UNIVERSNEWS224","description":"","publisher":{"@id":"https:\/\/universnews224.com\/#organization"},"potentialAction":[{"@type":"SearchAction","target":{"@type":"EntryPoint","urlTemplate":"https:\/\/universnews224.com\/?s={search_term_string}"},"query-input":"required name=search_term_string"}],"inLanguage":"fr-FR"},{"@type":"Organization","@id":"https:\/\/universnews224.com\/#organization","name":"UNIVERSNEWS224","url":"https:\/\/universnews224.com\/","logo":{"@type":"ImageObject","inLanguage":"fr-FR","@id":"https:\/\/universnews224.com\/#\/schema\/logo\/image\/","url":"https:\/\/universnews224.com\/wp-content\/uploads\/2022\/08\/cropped-cropped-logoban.jpg","contentUrl":"https:\/\/universnews224.com\/wp-content\/uploads\/2022\/08\/cropped-cropped-logoban.jpg","width":1080,"height":138,"caption":"UNIVERSNEWS224"},"image":{"@id":"https:\/\/universnews224.com\/#\/schema\/logo\/image\/"}},{"@type":"Person","@id":"https:\/\/universnews224.com\/#\/schema\/person\/a4b7d4f94a4716df60456a491260485e","name":"La R\u00e9daction","image":{"@type":"ImageObject","inLanguage":"fr-FR","@id":"https:\/\/universnews224.com\/#\/schema\/person\/image\/","url":"https:\/\/secure.gravatar.com\/avatar\/edb90acc7752b23e1b3307ad36c14f0d?s=96&d=mm&r=g","contentUrl":"https:\/\/secure.gravatar.com\/avatar\/edb90acc7752b23e1b3307ad36c14f0d?s=96&d=mm&r=g","caption":"La R\u00e9daction"},"sameAs":["https:\/\/universnews224.com"],"url":"https:\/\/universnews224.com\/index.php\/author\/m-camara\/"}]}},"_links":{"self":[{"href":"https:\/\/universnews224.com\/index.php\/wp-json\/wp\/v2\/posts\/3023"}],"collection":[{"href":"https:\/\/universnews224.com\/index.php\/wp-json\/wp\/v2\/posts"}],"about":[{"href":"https:\/\/universnews224.com\/index.php\/wp-json\/wp\/v2\/types\/post"}],"author":[{"embeddable":true,"href":"https:\/\/universnews224.com\/index.php\/wp-json\/wp\/v2\/users\/2"}],"replies":[{"embeddable":true,"href":"https:\/\/universnews224.com\/index.php\/wp-json\/wp\/v2\/comments?post=3023"}],"version-history":[{"count":1,"href":"https:\/\/universnews224.com\/index.php\/wp-json\/wp\/v2\/posts\/3023\/revisions"}],"predecessor-version":[{"id":3025,"href":"https:\/\/universnews224.com\/index.php\/wp-json\/wp\/v2\/posts\/3023\/revisions\/3025"}],"wp:featuredmedia":[{"embeddable":true,"href":"https:\/\/universnews224.com\/index.php\/wp-json\/wp\/v2\/media\/3024"}],"wp:attachment":[{"href":"https:\/\/universnews224.com\/index.php\/wp-json\/wp\/v2\/media?parent=3023"}],"wp:term":[{"taxonomy":"category","embeddable":true,"href":"https:\/\/universnews224.com\/index.php\/wp-json\/wp\/v2\/categories?post=3023"},{"taxonomy":"post_tag","embeddable":true,"href":"https:\/\/universnews224.com\/index.php\/wp-json\/wp\/v2\/tags?post=3023"}],"curies":[{"name":"wp","href":"https:\/\/api.w.org\/{rel}","templated":true}]}}