{"id":3030,"date":"2023-02-20T21:08:15","date_gmt":"2023-02-20T20:08:15","guid":{"rendered":"https:\/\/universnews224.com\/?p=3030"},"modified":"2023-02-20T21:08:15","modified_gmt":"2023-02-20T20:08:15","slug":"affaire-charles-wright-groupe-hadafo-les-avocats-annoncent-une-plainte-contre-le-procureur-general-pour-insuffisance-professionnelle","status":"publish","type":"post","link":"https:\/\/universnews224.com\/index.php\/affaire-charles-wright-groupe-hadafo-les-avocats-annoncent-une-plainte-contre-le-procureur-general-pour-insuffisance-professionnelle\/","title":{"rendered":"Affaire Charles Wright-Groupe Hadafo: les avocats annoncent une plainte contre le procureur g\u00e9n\u00e9ral pour insuffisance professionnelle."},"content":{"rendered":"<p class=\"p2\"><span class=\"s1\">Alors que les m\u00e9diations sont en cours pour tenter de trouver une solution \u00e0 l\u2019amiable dans l\u2019affaire qui oppose le ministre Charles Wright au groupe Hadafo m\u00e9dia, les avocats du groupe Adafo annoncent une plainte<span class=\"Apple-converted-space\">\u00a0 <\/span>contre le procureur g\u00e9n\u00e9ral pr\u00e8s de la cour d\u2019appel de Conakry pour insuffisance professionnelle devant le conseil de la magistrature. <\/span><\/p>\n<p class=\"p2\"><span class=\"s1\">(\u2026) Nous avons d\u00e9plor\u00e9 que le procureur g\u00e9n\u00e9ral pr\u00e8s de la cour d\u2019appel de Conakry donne des instructions au procureur de Mafanco \u00e0 effet d\u2019engager des poursuites sur la base du code p\u00e9nal. Nous, nous consid\u00e9rerons cela comme une insuffisance professionnelle et le groupe <\/span><\/p>\n<p class=\"p2\"><span class=\"s1\">d\u2019Hadafo m\u00e9dia est loisible d\u2019user de son droit de poursuivre le magistrat en question. Je pense que de ce c\u00f4t\u00e9, il y a des actions qui sont entrain d\u2019\u00eatre entreprise\u00bb a d\u00e9clar\u00e9 Me Antoine P\u00e9p\u00e9 Lama, l\u2019un des avocats du groupe sur les ondes de la radio Espace dans l\u2019\u00e9mission les GG de ce lundi, 20 f\u00e9vrier avant d\u2019ajouter: <\/span><\/p>\n<p class=\"p2\"><span class=\"s1\">\u00abEt l\u2019instruction du groupe d\u2019Adafo m\u00e9dia, il a \u00e9t\u00e9 donn\u00e9 mandat aux avocats d\u2019engager des poursuites contre le procureur<span class=\"Apple-converted-space\">\u00a0 <\/span>g\u00e9n\u00e9ral pour insuffisance professionnelle devant le conseil g\u00e9n\u00e9ral de la magistrature\u00bb, a t-il martel\u00e9. <\/span><\/p>\n<p class=\"p2\"><span class=\"s1\">Camara Mamadouba <\/span><\/p>\n<p class=\"p2\"><span class=\"s1\">611 46 04 10 <\/span><\/p>\n","protected":false},"excerpt":{"rendered":"<p>Alors que les m\u00e9diations sont en cours pour tenter de trouver une solution \u00e0 l\u2019amiable<\/p>\n","protected":false},"author":2,"featured_media":3031,"comment_status":"closed","ping_status":"open","sticky":false,"template":"","format":"standard","meta":[],"categories":[3,4],"tags":[229],"yoast_head":"<!-- This site is optimized with the Yoast SEO plugin v19.13 - https:\/\/yoast.com\/wordpress\/plugins\/seo\/ -->\n<title>Affaire Charles Wright-Groupe Hadafo: les avocats annoncent une plainte contre le procureur g\u00e9n\u00e9ral pour insuffisance professionnelle. - UNIVERSNEWS224<\/title>\n<meta name=\"robots\" content=\"index, follow, max-snippet:-1, max-image-preview:large, max-video-preview:-1\" \/>\n<link rel=\"canonical\" href=\"https:\/\/universnews224.com\/index.php\/affaire-charles-wright-groupe-hadafo-les-avocats-annoncent-une-plainte-contre-le-procureur-general-pour-insuffisance-professionnelle\/\" \/>\n<meta property=\"og:locale\" content=\"fr_FR\" \/>\n<meta property=\"og:type\" content=\"article\" \/>\n<meta property=\"og:title\" content=\"Affaire Charles Wright-Groupe Hadafo: les avocats annoncent une plainte contre le procureur g\u00e9n\u00e9ral pour insuffisance professionnelle. - UNIVERSNEWS224\" \/>\n<meta property=\"og:description\" content=\"Alors que les m\u00e9diations sont en cours pour tenter de trouver une solution \u00e0 l\u2019amiable\" \/>\n<meta property=\"og:url\" content=\"https:\/\/universnews224.com\/index.php\/affaire-charles-wright-groupe-hadafo-les-avocats-annoncent-une-plainte-contre-le-procureur-general-pour-insuffisance-professionnelle\/\" \/>\n<meta property=\"og:site_name\" content=\"UNIVERSNEWS224\" \/>\n<meta property=\"article:published_time\" content=\"2023-02-20T20:08:15+00:00\" \/>\n<meta property=\"og:image\" content=\"https:\/\/universnews224.com\/wp-content\/uploads\/2023\/02\/FE5A6E7C-5AEC-4406-A745-F849100EE1EB.jpeg\" \/>\n\t<meta property=\"og:image:width\" content=\"750\" \/>\n\t<meta property=\"og:image:height\" content=\"375\" \/>\n\t<meta property=\"og:image:type\" content=\"image\/jpeg\" \/>\n<meta name=\"author\" content=\"La R\u00e9daction\" \/>\n<meta name=\"twitter:label1\" content=\"\u00c9crit par\" \/>\n\t<meta name=\"twitter:data1\" content=\"La R\u00e9daction\" \/>\n\t<meta name=\"twitter:label2\" content=\"Dur\u00e9e de lecture estim\u00e9e\" \/>\n\t<meta name=\"twitter:data2\" content=\"2 minutes\" \/>\n<script type=\"application\/ld+json\" class=\"yoast-schema-graph\">{\"@context\":\"https:\/\/schema.org\",\"@graph\":[{\"@type\":\"Article\",\"@id\":\"https:\/\/universnews224.com\/index.php\/affaire-charles-wright-groupe-hadafo-les-avocats-annoncent-une-plainte-contre-le-procureur-general-pour-insuffisance-professionnelle\/#article\",\"isPartOf\":{\"@id\":\"https:\/\/universnews224.com\/index.php\/affaire-charles-wright-groupe-hadafo-les-avocats-annoncent-une-plainte-contre-le-procureur-general-pour-insuffisance-professionnelle\/\"},\"author\":{\"name\":\"La R\u00e9daction\",\"@id\":\"https:\/\/universnews224.com\/#\/schema\/person\/a4b7d4f94a4716df60456a491260485e\"},\"headline\":\"Affaire Charles Wright-Groupe Hadafo: les avocats annoncent une plainte contre le procureur g\u00e9n\u00e9ral pour insuffisance professionnelle.\",\"datePublished\":\"2023-02-20T20:08:15+00:00\",\"dateModified\":\"2023-02-20T20:08:15+00:00\",\"mainEntityOfPage\":{\"@id\":\"https:\/\/universnews224.com\/index.php\/affaire-charles-wright-groupe-hadafo-les-avocats-annoncent-une-plainte-contre-le-procureur-general-pour-insuffisance-professionnelle\/\"},\"wordCount\":242,\"publisher\":{\"@id\":\"https:\/\/universnews224.com\/#organization\"},\"keywords\":[\"La une\"],\"articleSection\":[\"ACTU\",\"POLITIQUE\"],\"inLanguage\":\"fr-FR\"},{\"@type\":\"WebPage\",\"@id\":\"https:\/\/universnews224.com\/index.php\/affaire-charles-wright-groupe-hadafo-les-avocats-annoncent-une-plainte-contre-le-procureur-general-pour-insuffisance-professionnelle\/\",\"url\":\"https:\/\/universnews224.com\/index.php\/affaire-charles-wright-groupe-hadafo-les-avocats-annoncent-une-plainte-contre-le-procureur-general-pour-insuffisance-professionnelle\/\",\"name\":\"Affaire Charles Wright-Groupe Hadafo: les avocats annoncent une plainte contre le procureur g\u00e9n\u00e9ral pour insuffisance professionnelle. - UNIVERSNEWS224\",\"isPartOf\":{\"@id\":\"https:\/\/universnews224.com\/#website\"},\"datePublished\":\"2023-02-20T20:08:15+00:00\",\"dateModified\":\"2023-02-20T20:08:15+00:00\",\"inLanguage\":\"fr-FR\",\"potentialAction\":[{\"@type\":\"ReadAction\",\"target\":[\"https:\/\/universnews224.com\/index.php\/affaire-charles-wright-groupe-hadafo-les-avocats-annoncent-une-plainte-contre-le-procureur-general-pour-insuffisance-professionnelle\/\"]}]},{\"@type\":\"WebSite\",\"@id\":\"https:\/\/universnews224.com\/#website\",\"url\":\"https:\/\/universnews224.com\/\",\"name\":\"UNIVERSNEWS224\",\"description\":\"\",\"publisher\":{\"@id\":\"https:\/\/universnews224.com\/#organization\"},\"potentialAction\":[{\"@type\":\"SearchAction\",\"target\":{\"@type\":\"EntryPoint\",\"urlTemplate\":\"https:\/\/universnews224.com\/?s={search_term_string}\"},\"query-input\":\"required name=search_term_string\"}],\"inLanguage\":\"fr-FR\"},{\"@type\":\"Organization\",\"@id\":\"https:\/\/universnews224.com\/#organization\",\"name\":\"UNIVERSNEWS224\",\"url\":\"https:\/\/universnews224.com\/\",\"logo\":{\"@type\":\"ImageObject\",\"inLanguage\":\"fr-FR\",\"@id\":\"https:\/\/universnews224.com\/#\/schema\/logo\/image\/\",\"url\":\"https:\/\/universnews224.com\/wp-content\/uploads\/2022\/08\/cropped-cropped-logoban.jpg\",\"contentUrl\":\"https:\/\/universnews224.com\/wp-content\/uploads\/2022\/08\/cropped-cropped-logoban.jpg\",\"width\":1080,\"height\":138,\"caption\":\"UNIVERSNEWS224\"},\"image\":{\"@id\":\"https:\/\/universnews224.com\/#\/schema\/logo\/image\/\"}},{\"@type\":\"Person\",\"@id\":\"https:\/\/universnews224.com\/#\/schema\/person\/a4b7d4f94a4716df60456a491260485e\",\"name\":\"La R\u00e9daction\",\"image\":{\"@type\":\"ImageObject\",\"inLanguage\":\"fr-FR\",\"@id\":\"https:\/\/universnews224.com\/#\/schema\/person\/image\/\",\"url\":\"https:\/\/secure.gravatar.com\/avatar\/edb90acc7752b23e1b3307ad36c14f0d?s=96&d=mm&r=g\",\"contentUrl\":\"https:\/\/secure.gravatar.com\/avatar\/edb90acc7752b23e1b3307ad36c14f0d?s=96&d=mm&r=g\",\"caption\":\"La R\u00e9daction\"},\"sameAs\":[\"https:\/\/universnews224.com\"],\"url\":\"https:\/\/universnews224.com\/index.php\/author\/m-camara\/\"}]}<\/script>\n<!-- \/ Yoast SEO plugin. -->","yoast_head_json":{"title":"Affaire Charles Wright-Groupe Hadafo: les avocats annoncent une plainte contre le procureur g\u00e9n\u00e9ral pour insuffisance professionnelle. - UNIVERSNEWS224","robots":{"index":"index","follow":"follow","max-snippet":"max-snippet:-1","max-image-preview":"max-image-preview:large","max-video-preview":"max-video-preview:-1"},"canonical":"https:\/\/universnews224.com\/index.php\/affaire-charles-wright-groupe-hadafo-les-avocats-annoncent-une-plainte-contre-le-procureur-general-pour-insuffisance-professionnelle\/","og_locale":"fr_FR","og_type":"article","og_title":"Affaire Charles Wright-Groupe Hadafo: les avocats annoncent une plainte contre le procureur g\u00e9n\u00e9ral pour insuffisance professionnelle. - UNIVERSNEWS224","og_description":"Alors que les m\u00e9diations sont en cours pour tenter de trouver une solution \u00e0 l\u2019amiable","og_url":"https:\/\/universnews224.com\/index.php\/affaire-charles-wright-groupe-hadafo-les-avocats-annoncent-une-plainte-contre-le-procureur-general-pour-insuffisance-professionnelle\/","og_site_name":"UNIVERSNEWS224","article_published_time":"2023-02-20T20:08:15+00:00","og_image":[{"width":750,"height":375,"url":"https:\/\/universnews224.com\/wp-content\/uploads\/2023\/02\/FE5A6E7C-5AEC-4406-A745-F849100EE1EB.jpeg","type":"image\/jpeg"}],"author":"La R\u00e9daction","twitter_misc":{"\u00c9crit par":"La R\u00e9daction","Dur\u00e9e de lecture estim\u00e9e":"2 minutes"},"schema":{"@context":"https:\/\/schema.org","@graph":[{"@type":"Article","@id":"https:\/\/universnews224.com\/index.php\/affaire-charles-wright-groupe-hadafo-les-avocats-annoncent-une-plainte-contre-le-procureur-general-pour-insuffisance-professionnelle\/#article","isPartOf":{"@id":"https:\/\/universnews224.com\/index.php\/affaire-charles-wright-groupe-hadafo-les-avocats-annoncent-une-plainte-contre-le-procureur-general-pour-insuffisance-professionnelle\/"},"author":{"name":"La R\u00e9daction","@id":"https:\/\/universnews224.com\/#\/schema\/person\/a4b7d4f94a4716df60456a491260485e"},"headline":"Affaire Charles Wright-Groupe Hadafo: les avocats annoncent une plainte contre le procureur g\u00e9n\u00e9ral pour insuffisance professionnelle.","datePublished":"2023-02-20T20:08:15+00:00","dateModified":"2023-02-20T20:08:15+00:00","mainEntityOfPage":{"@id":"https:\/\/universnews224.com\/index.php\/affaire-charles-wright-groupe-hadafo-les-avocats-annoncent-une-plainte-contre-le-procureur-general-pour-insuffisance-professionnelle\/"},"wordCount":242,"publisher":{"@id":"https:\/\/universnews224.com\/#organization"},"keywords":["La une"],"articleSection":["ACTU","POLITIQUE"],"inLanguage":"fr-FR"},{"@type":"WebPage","@id":"https:\/\/universnews224.com\/index.php\/affaire-charles-wright-groupe-hadafo-les-avocats-annoncent-une-plainte-contre-le-procureur-general-pour-insuffisance-professionnelle\/","url":"https:\/\/universnews224.com\/index.php\/affaire-charles-wright-groupe-hadafo-les-avocats-annoncent-une-plainte-contre-le-procureur-general-pour-insuffisance-professionnelle\/","name":"Affaire Charles Wright-Groupe Hadafo: les avocats annoncent une plainte contre le procureur g\u00e9n\u00e9ral pour insuffisance professionnelle. - UNIVERSNEWS224","isPartOf":{"@id":"https:\/\/universnews224.com\/#website"},"datePublished":"2023-02-20T20:08:15+00:00","dateModified":"2023-02-20T20:08:15+00:00","inLanguage":"fr-FR","potentialAction":[{"@type":"ReadAction","target":["https:\/\/universnews224.com\/index.php\/affaire-charles-wright-groupe-hadafo-les-avocats-annoncent-une-plainte-contre-le-procureur-general-pour-insuffisance-professionnelle\/"]}]},{"@type":"WebSite","@id":"https:\/\/universnews224.com\/#website","url":"https:\/\/universnews224.com\/","name":"UNIVERSNEWS224","description":"","publisher":{"@id":"https:\/\/universnews224.com\/#organization"},"potentialAction":[{"@type":"SearchAction","target":{"@type":"EntryPoint","urlTemplate":"https:\/\/universnews224.com\/?s={search_term_string}"},"query-input":"required name=search_term_string"}],"inLanguage":"fr-FR"},{"@type":"Organization","@id":"https:\/\/universnews224.com\/#organization","name":"UNIVERSNEWS224","url":"https:\/\/universnews224.com\/","logo":{"@type":"ImageObject","inLanguage":"fr-FR","@id":"https:\/\/universnews224.com\/#\/schema\/logo\/image\/","url":"https:\/\/universnews224.com\/wp-content\/uploads\/2022\/08\/cropped-cropped-logoban.jpg","contentUrl":"https:\/\/universnews224.com\/wp-content\/uploads\/2022\/08\/cropped-cropped-logoban.jpg","width":1080,"height":138,"caption":"UNIVERSNEWS224"},"image":{"@id":"https:\/\/universnews224.com\/#\/schema\/logo\/image\/"}},{"@type":"Person","@id":"https:\/\/universnews224.com\/#\/schema\/person\/a4b7d4f94a4716df60456a491260485e","name":"La R\u00e9daction","image":{"@type":"ImageObject","inLanguage":"fr-FR","@id":"https:\/\/universnews224.com\/#\/schema\/person\/image\/","url":"https:\/\/secure.gravatar.com\/avatar\/edb90acc7752b23e1b3307ad36c14f0d?s=96&d=mm&r=g","contentUrl":"https:\/\/secure.gravatar.com\/avatar\/edb90acc7752b23e1b3307ad36c14f0d?s=96&d=mm&r=g","caption":"La R\u00e9daction"},"sameAs":["https:\/\/universnews224.com"],"url":"https:\/\/universnews224.com\/index.php\/author\/m-camara\/"}]}},"_links":{"self":[{"href":"https:\/\/universnews224.com\/index.php\/wp-json\/wp\/v2\/posts\/3030"}],"collection":[{"href":"https:\/\/universnews224.com\/index.php\/wp-json\/wp\/v2\/posts"}],"about":[{"href":"https:\/\/universnews224.com\/index.php\/wp-json\/wp\/v2\/types\/post"}],"author":[{"embeddable":true,"href":"https:\/\/universnews224.com\/index.php\/wp-json\/wp\/v2\/users\/2"}],"replies":[{"embeddable":true,"href":"https:\/\/universnews224.com\/index.php\/wp-json\/wp\/v2\/comments?post=3030"}],"version-history":[{"count":1,"href":"https:\/\/universnews224.com\/index.php\/wp-json\/wp\/v2\/posts\/3030\/revisions"}],"predecessor-version":[{"id":3032,"href":"https:\/\/universnews224.com\/index.php\/wp-json\/wp\/v2\/posts\/3030\/revisions\/3032"}],"wp:featuredmedia":[{"embeddable":true,"href":"https:\/\/universnews224.com\/index.php\/wp-json\/wp\/v2\/media\/3031"}],"wp:attachment":[{"href":"https:\/\/universnews224.com\/index.php\/wp-json\/wp\/v2\/media?parent=3030"}],"wp:term":[{"taxonomy":"category","embeddable":true,"href":"https:\/\/universnews224.com\/index.php\/wp-json\/wp\/v2\/categories?post=3030"},{"taxonomy":"post_tag","embeddable":true,"href":"https:\/\/universnews224.com\/index.php\/wp-json\/wp\/v2\/tags?post=3030"}],"curies":[{"name":"wp","href":"https:\/\/api.w.org\/{rel}","templated":true}]}}