{"id":3053,"date":"2023-02-25T13:20:21","date_gmt":"2023-02-25T12:20:21","guid":{"rendered":"https:\/\/universnews224.com\/?p=3053"},"modified":"2023-02-25T13:20:21","modified_gmt":"2023-02-25T12:20:21","slug":"propos-racistes-et-xenophobes-anti-subsahariens-du-president-tunisien-sement-la-terreur-chez-les-migrants-ils-se-promenent-ici-avec-des-machett","status":"publish","type":"post","link":"https:\/\/universnews224.com\/index.php\/propos-racistes-et-xenophobes-anti-subsahariens-du-president-tunisien-sement-la-terreur-chez-les-migrants-ils-se-promenent-ici-avec-des-machett\/","title":{"rendered":"Propos racistes et x\u00e9nophobes \u2018\u2019anti-subsahariens\u2019\u2019 du Pr\u00e9sident tunisien s\u00e8ment la terreur chez les migrants :  \u2018\u2019Ils se prom\u00e8nent ici avec des machettes maintenant\u2019\u2019"},"content":{"rendered":"<p>Le pr\u00e9sident tunisien Ka\u00efs Sa\u00efed a cr\u00e9\u00e9 l\u2019\u00e9moi dans son pays et \u00e0 l\u2019\u00e9tranger, laissant entendre, dans une sortie m\u00e9diatique, que \u00ab la venue des migrants subsahariens, rel\u00e8verait d\u2019un complot visant \u00e0 affaiblir l\u2019identit\u00e9 arabo-islamique en Tunisie \u00bb.<\/p>\n<p>Selon lui, il existe un plan criminel pour changer la composition du paysage d\u00e9mographique en Tunisie et certains individus ont re\u00e7u de grosses sommes d\u2019argent, pour donner la r\u00e9sidence \u00e0 des migrants subsahariens.<\/p>\n<div class=\"jeg_ad jeg_ad_article jnews_content_inline_3_ads  \">\n<div class=\"ads-wrapper align-center \"><\/div>\n<\/div>\n<p>Face \u00e0 l\u2019ampleur des propos et des d\u00e9g\u00e2ts que cela engendre, nombreux sont ces migrants subsahariens, qui s\u2019indignent contre les propos racistes du pr\u00e9sident tunisien.<\/p>\n<p>Ce vendredi 24 f\u00e9vrier 2023, ils n\u2019ont pas manqu\u00e9 de d\u00e9noncer plusieurs traitements qu\u2019ils subissaient et continuent de subir, depuis cette annonce du pr\u00e9sident tunisien. Des guin\u00e9ens vivant en Tunisie, ont ainsi lanc\u00e9 un cri de c\u0153ur \u00e0 l\u2019endroit des autorit\u00e9s de la transition guin\u00e9enne.<\/p>\n<p>Pour ce migrant qui a d\u00e9cid\u00e9 de s\u2019exprimer sous l\u2019anonymat, les guin\u00e9ens r\u00e9sidants dans ce pays, vivent un r\u00e9el calvaire depuis cette sortie du pr\u00e9sident.<\/p>\n<p>\u2018\u2019Depuis qu\u2019il (Pr\u00e9sident tunisien ndlr) a annonc\u00e9 cela, les choses sont devenues encore pire, c\u2019est devenu un enfer pour les noirs ici. Maintenant, certaines personnes mal intentionn\u00e9es, rentrent dans les maisons des noirs, pour prendre leurs biens. Les policiers leurs soutiennent dans leurs actions. En plus, en les voyant faire du mal \u00e0 la population africaine parce qu\u2019ici, les arabes on nous appellent les africains\u2019\u2019 raconte-t-il.<\/p>\n<p>\u00c0 cela s\u2019ajoutent aussi \u00e0 des arrestations arbitraires et des licenciements sans motifs valables, abandonnant ainsi ces jeunes africains, face \u00e0 un manque d\u2019emploi et plusieurs autres traitements inhumains.<\/p>\n<p>\u2018\u2019Des arrestations arbitraires sont tellement nombreuses, ils ont arr\u00eat\u00e9 plus de 100 personnes. Nous, maintenant, on a perdu notre travail. Parce que l\u00e0 o\u00f9 nous travaillons, consigne a \u00e9t\u00e9 donn\u00e9e \u00e0 tout le monde de ne plus travailler avec nous, au risque que la personne soit chass\u00e9e elle aussi. Nous vivons cach\u00e9s depuis cette annonce, certaines de nos maisons ont \u00e9t\u00e9 attaqu\u00e9es, d\u2019autres parmi nous ont \u00e9t\u00e9 bless\u00e9s, leurs oreilles coup\u00e9es par les arabes. Ils se prom\u00e8nent ici avec des machettes maintenant, seul Dieu nous a sauv\u00e9 la derni\u00e8re fois quand nous avons \u00e9t\u00e9 attaqu\u00e9s. Certaines femmes (Tunisiennes) avec qui nous vivons depuis plusieurs ann\u00e9es, se sont-elles qui se sont interpos\u00e9es entre ceux qui nous voulaient du mal et nous\u2019\u2019 souligne cet autre migrant guin\u00e9en \u00e0 qui nous attribuons le pseudonyme MB.<\/p>\n<p>Tr\u00e8s inquiets, ces migrants guin\u00e9ens invitent les autorit\u00e9s de Conakry \u00e0 prendre \u00e0 bras-le-corps cette situation, afin de faire respecter leurs droits.<\/p>\n<p>Il faut noter qu\u2019en 2022, la moiti\u00e9 des 22.000 migrants arriv\u00e9s clandestinement en Europe, notamment en Italie depuis la Tunisie, \u00e9taient d\u2019origine subsaharienne. Des d\u00e9parts motiv\u00e9s par la situation \u00e9conomique des pays, la complexit\u00e9 des proc\u00e9dures de r\u00e9gularisation, mais \u00e9galement, les mauvais traitements.<\/p>\n<p>Lerevelateur<\/p>\n","protected":false},"excerpt":{"rendered":"<p>Le pr\u00e9sident tunisien Ka\u00efs Sa\u00efed a cr\u00e9\u00e9 l\u2019\u00e9moi dans son pays et \u00e0 l\u2019\u00e9tranger, laissant<\/p>\n","protected":false},"author":2,"featured_media":3054,"comment_status":"closed","ping_status":"open","sticky":false,"template":"","format":"standard","meta":[],"categories":[3,4],"tags":[229],"yoast_head":"<!-- This site is optimized with the Yoast SEO plugin v19.13 - https:\/\/yoast.com\/wordpress\/plugins\/seo\/ -->\n<title>Propos racistes et x\u00e9nophobes \u2018\u2019anti-subsahariens\u2019\u2019 du Pr\u00e9sident tunisien s\u00e8ment la terreur chez les migrants : \u2018\u2019Ils se prom\u00e8nent ici avec des machettes maintenant\u2019\u2019 - UNIVERSNEWS224<\/title>\n<meta name=\"robots\" content=\"index, follow, max-snippet:-1, max-image-preview:large, max-video-preview:-1\" \/>\n<link rel=\"canonical\" href=\"https:\/\/universnews224.com\/index.php\/propos-racistes-et-xenophobes-anti-subsahariens-du-president-tunisien-sement-la-terreur-chez-les-migrants-ils-se-promenent-ici-avec-des-machett\/\" \/>\n<meta property=\"og:locale\" content=\"fr_FR\" \/>\n<meta property=\"og:type\" content=\"article\" \/>\n<meta property=\"og:title\" content=\"Propos racistes et x\u00e9nophobes \u2018\u2019anti-subsahariens\u2019\u2019 du Pr\u00e9sident tunisien s\u00e8ment la terreur chez les migrants : \u2018\u2019Ils se prom\u00e8nent ici avec des machettes maintenant\u2019\u2019 - UNIVERSNEWS224\" \/>\n<meta property=\"og:description\" content=\"Le pr\u00e9sident tunisien Ka\u00efs Sa\u00efed a cr\u00e9\u00e9 l\u2019\u00e9moi dans son pays et \u00e0 l\u2019\u00e9tranger, laissant\" \/>\n<meta property=\"og:url\" content=\"https:\/\/universnews224.com\/index.php\/propos-racistes-et-xenophobes-anti-subsahariens-du-president-tunisien-sement-la-terreur-chez-les-migrants-ils-se-promenent-ici-avec-des-machett\/\" \/>\n<meta property=\"og:site_name\" content=\"UNIVERSNEWS224\" \/>\n<meta property=\"article:published_time\" content=\"2023-02-25T12:20:21+00:00\" \/>\n<meta property=\"og:image\" content=\"https:\/\/universnews224.com\/wp-content\/uploads\/2023\/02\/8BED021A-0A25-4F7E-8DBF-F594D1A321A6.png\" \/>\n\t<meta property=\"og:image:width\" content=\"694\" \/>\n\t<meta property=\"og:image:height\" content=\"462\" \/>\n\t<meta property=\"og:image:type\" content=\"image\/png\" \/>\n<meta name=\"author\" content=\"La R\u00e9daction\" \/>\n<meta name=\"twitter:label1\" content=\"\u00c9crit par\" \/>\n\t<meta name=\"twitter:data1\" content=\"La R\u00e9daction\" \/>\n\t<meta name=\"twitter:label2\" content=\"Dur\u00e9e de lecture estim\u00e9e\" \/>\n\t<meta name=\"twitter:data2\" content=\"3 minutes\" \/>\n<script type=\"application\/ld+json\" class=\"yoast-schema-graph\">{\"@context\":\"https:\/\/schema.org\",\"@graph\":[{\"@type\":\"Article\",\"@id\":\"https:\/\/universnews224.com\/index.php\/propos-racistes-et-xenophobes-anti-subsahariens-du-president-tunisien-sement-la-terreur-chez-les-migrants-ils-se-promenent-ici-avec-des-machett\/#article\",\"isPartOf\":{\"@id\":\"https:\/\/universnews224.com\/index.php\/propos-racistes-et-xenophobes-anti-subsahariens-du-president-tunisien-sement-la-terreur-chez-les-migrants-ils-se-promenent-ici-avec-des-machett\/\"},\"author\":{\"name\":\"La R\u00e9daction\",\"@id\":\"https:\/\/universnews224.com\/#\/schema\/person\/a4b7d4f94a4716df60456a491260485e\"},\"headline\":\"Propos racistes et x\u00e9nophobes \u2018\u2019anti-subsahariens\u2019\u2019 du Pr\u00e9sident tunisien s\u00e8ment la terreur chez les migrants : \u2018\u2019Ils se prom\u00e8nent ici avec des machettes maintenant\u2019\u2019\",\"datePublished\":\"2023-02-25T12:20:21+00:00\",\"dateModified\":\"2023-02-25T12:20:21+00:00\",\"mainEntityOfPage\":{\"@id\":\"https:\/\/universnews224.com\/index.php\/propos-racistes-et-xenophobes-anti-subsahariens-du-president-tunisien-sement-la-terreur-chez-les-migrants-ils-se-promenent-ici-avec-des-machett\/\"},\"wordCount\":531,\"publisher\":{\"@id\":\"https:\/\/universnews224.com\/#organization\"},\"keywords\":[\"La une\"],\"articleSection\":[\"ACTU\",\"POLITIQUE\"],\"inLanguage\":\"fr-FR\"},{\"@type\":\"WebPage\",\"@id\":\"https:\/\/universnews224.com\/index.php\/propos-racistes-et-xenophobes-anti-subsahariens-du-president-tunisien-sement-la-terreur-chez-les-migrants-ils-se-promenent-ici-avec-des-machett\/\",\"url\":\"https:\/\/universnews224.com\/index.php\/propos-racistes-et-xenophobes-anti-subsahariens-du-president-tunisien-sement-la-terreur-chez-les-migrants-ils-se-promenent-ici-avec-des-machett\/\",\"name\":\"Propos racistes et x\u00e9nophobes \u2018\u2019anti-subsahariens\u2019\u2019 du Pr\u00e9sident tunisien s\u00e8ment la terreur chez les migrants : \u2018\u2019Ils se prom\u00e8nent ici avec des machettes maintenant\u2019\u2019 - UNIVERSNEWS224\",\"isPartOf\":{\"@id\":\"https:\/\/universnews224.com\/#website\"},\"datePublished\":\"2023-02-25T12:20:21+00:00\",\"dateModified\":\"2023-02-25T12:20:21+00:00\",\"inLanguage\":\"fr-FR\",\"potentialAction\":[{\"@type\":\"ReadAction\",\"target\":[\"https:\/\/universnews224.com\/index.php\/propos-racistes-et-xenophobes-anti-subsahariens-du-president-tunisien-sement-la-terreur-chez-les-migrants-ils-se-promenent-ici-avec-des-machett\/\"]}]},{\"@type\":\"WebSite\",\"@id\":\"https:\/\/universnews224.com\/#website\",\"url\":\"https:\/\/universnews224.com\/\",\"name\":\"UNIVERSNEWS224\",\"description\":\"\",\"publisher\":{\"@id\":\"https:\/\/universnews224.com\/#organization\"},\"potentialAction\":[{\"@type\":\"SearchAction\",\"target\":{\"@type\":\"EntryPoint\",\"urlTemplate\":\"https:\/\/universnews224.com\/?s={search_term_string}\"},\"query-input\":\"required name=search_term_string\"}],\"inLanguage\":\"fr-FR\"},{\"@type\":\"Organization\",\"@id\":\"https:\/\/universnews224.com\/#organization\",\"name\":\"UNIVERSNEWS224\",\"url\":\"https:\/\/universnews224.com\/\",\"logo\":{\"@type\":\"ImageObject\",\"inLanguage\":\"fr-FR\",\"@id\":\"https:\/\/universnews224.com\/#\/schema\/logo\/image\/\",\"url\":\"https:\/\/universnews224.com\/wp-content\/uploads\/2022\/08\/cropped-cropped-logoban.jpg\",\"contentUrl\":\"https:\/\/universnews224.com\/wp-content\/uploads\/2022\/08\/cropped-cropped-logoban.jpg\",\"width\":1080,\"height\":138,\"caption\":\"UNIVERSNEWS224\"},\"image\":{\"@id\":\"https:\/\/universnews224.com\/#\/schema\/logo\/image\/\"}},{\"@type\":\"Person\",\"@id\":\"https:\/\/universnews224.com\/#\/schema\/person\/a4b7d4f94a4716df60456a491260485e\",\"name\":\"La R\u00e9daction\",\"image\":{\"@type\":\"ImageObject\",\"inLanguage\":\"fr-FR\",\"@id\":\"https:\/\/universnews224.com\/#\/schema\/person\/image\/\",\"url\":\"https:\/\/secure.gravatar.com\/avatar\/edb90acc7752b23e1b3307ad36c14f0d?s=96&d=mm&r=g\",\"contentUrl\":\"https:\/\/secure.gravatar.com\/avatar\/edb90acc7752b23e1b3307ad36c14f0d?s=96&d=mm&r=g\",\"caption\":\"La R\u00e9daction\"},\"sameAs\":[\"https:\/\/universnews224.com\"],\"url\":\"https:\/\/universnews224.com\/index.php\/author\/m-camara\/\"}]}<\/script>\n<!-- \/ Yoast SEO plugin. -->","yoast_head_json":{"title":"Propos racistes et x\u00e9nophobes \u2018\u2019anti-subsahariens\u2019\u2019 du Pr\u00e9sident tunisien s\u00e8ment la terreur chez les migrants : \u2018\u2019Ils se prom\u00e8nent ici avec des machettes maintenant\u2019\u2019 - UNIVERSNEWS224","robots":{"index":"index","follow":"follow","max-snippet":"max-snippet:-1","max-image-preview":"max-image-preview:large","max-video-preview":"max-video-preview:-1"},"canonical":"https:\/\/universnews224.com\/index.php\/propos-racistes-et-xenophobes-anti-subsahariens-du-president-tunisien-sement-la-terreur-chez-les-migrants-ils-se-promenent-ici-avec-des-machett\/","og_locale":"fr_FR","og_type":"article","og_title":"Propos racistes et x\u00e9nophobes \u2018\u2019anti-subsahariens\u2019\u2019 du Pr\u00e9sident tunisien s\u00e8ment la terreur chez les migrants : \u2018\u2019Ils se prom\u00e8nent ici avec des machettes maintenant\u2019\u2019 - UNIVERSNEWS224","og_description":"Le pr\u00e9sident tunisien Ka\u00efs Sa\u00efed a cr\u00e9\u00e9 l\u2019\u00e9moi dans son pays et \u00e0 l\u2019\u00e9tranger, laissant","og_url":"https:\/\/universnews224.com\/index.php\/propos-racistes-et-xenophobes-anti-subsahariens-du-president-tunisien-sement-la-terreur-chez-les-migrants-ils-se-promenent-ici-avec-des-machett\/","og_site_name":"UNIVERSNEWS224","article_published_time":"2023-02-25T12:20:21+00:00","og_image":[{"width":694,"height":462,"url":"https:\/\/universnews224.com\/wp-content\/uploads\/2023\/02\/8BED021A-0A25-4F7E-8DBF-F594D1A321A6.png","type":"image\/png"}],"author":"La R\u00e9daction","twitter_misc":{"\u00c9crit par":"La R\u00e9daction","Dur\u00e9e de lecture estim\u00e9e":"3 minutes"},"schema":{"@context":"https:\/\/schema.org","@graph":[{"@type":"Article","@id":"https:\/\/universnews224.com\/index.php\/propos-racistes-et-xenophobes-anti-subsahariens-du-president-tunisien-sement-la-terreur-chez-les-migrants-ils-se-promenent-ici-avec-des-machett\/#article","isPartOf":{"@id":"https:\/\/universnews224.com\/index.php\/propos-racistes-et-xenophobes-anti-subsahariens-du-president-tunisien-sement-la-terreur-chez-les-migrants-ils-se-promenent-ici-avec-des-machett\/"},"author":{"name":"La R\u00e9daction","@id":"https:\/\/universnews224.com\/#\/schema\/person\/a4b7d4f94a4716df60456a491260485e"},"headline":"Propos racistes et x\u00e9nophobes \u2018\u2019anti-subsahariens\u2019\u2019 du Pr\u00e9sident tunisien s\u00e8ment la terreur chez les migrants : \u2018\u2019Ils se prom\u00e8nent ici avec des machettes maintenant\u2019\u2019","datePublished":"2023-02-25T12:20:21+00:00","dateModified":"2023-02-25T12:20:21+00:00","mainEntityOfPage":{"@id":"https:\/\/universnews224.com\/index.php\/propos-racistes-et-xenophobes-anti-subsahariens-du-president-tunisien-sement-la-terreur-chez-les-migrants-ils-se-promenent-ici-avec-des-machett\/"},"wordCount":531,"publisher":{"@id":"https:\/\/universnews224.com\/#organization"},"keywords":["La une"],"articleSection":["ACTU","POLITIQUE"],"inLanguage":"fr-FR"},{"@type":"WebPage","@id":"https:\/\/universnews224.com\/index.php\/propos-racistes-et-xenophobes-anti-subsahariens-du-president-tunisien-sement-la-terreur-chez-les-migrants-ils-se-promenent-ici-avec-des-machett\/","url":"https:\/\/universnews224.com\/index.php\/propos-racistes-et-xenophobes-anti-subsahariens-du-president-tunisien-sement-la-terreur-chez-les-migrants-ils-se-promenent-ici-avec-des-machett\/","name":"Propos racistes et x\u00e9nophobes \u2018\u2019anti-subsahariens\u2019\u2019 du Pr\u00e9sident tunisien s\u00e8ment la terreur chez les migrants : \u2018\u2019Ils se prom\u00e8nent ici avec des machettes maintenant\u2019\u2019 - UNIVERSNEWS224","isPartOf":{"@id":"https:\/\/universnews224.com\/#website"},"datePublished":"2023-02-25T12:20:21+00:00","dateModified":"2023-02-25T12:20:21+00:00","inLanguage":"fr-FR","potentialAction":[{"@type":"ReadAction","target":["https:\/\/universnews224.com\/index.php\/propos-racistes-et-xenophobes-anti-subsahariens-du-president-tunisien-sement-la-terreur-chez-les-migrants-ils-se-promenent-ici-avec-des-machett\/"]}]},{"@type":"WebSite","@id":"https:\/\/universnews224.com\/#website","url":"https:\/\/universnews224.com\/","name":"UNIVERSNEWS224","description":"","publisher":{"@id":"https:\/\/universnews224.com\/#organization"},"potentialAction":[{"@type":"SearchAction","target":{"@type":"EntryPoint","urlTemplate":"https:\/\/universnews224.com\/?s={search_term_string}"},"query-input":"required name=search_term_string"}],"inLanguage":"fr-FR"},{"@type":"Organization","@id":"https:\/\/universnews224.com\/#organization","name":"UNIVERSNEWS224","url":"https:\/\/universnews224.com\/","logo":{"@type":"ImageObject","inLanguage":"fr-FR","@id":"https:\/\/universnews224.com\/#\/schema\/logo\/image\/","url":"https:\/\/universnews224.com\/wp-content\/uploads\/2022\/08\/cropped-cropped-logoban.jpg","contentUrl":"https:\/\/universnews224.com\/wp-content\/uploads\/2022\/08\/cropped-cropped-logoban.jpg","width":1080,"height":138,"caption":"UNIVERSNEWS224"},"image":{"@id":"https:\/\/universnews224.com\/#\/schema\/logo\/image\/"}},{"@type":"Person","@id":"https:\/\/universnews224.com\/#\/schema\/person\/a4b7d4f94a4716df60456a491260485e","name":"La R\u00e9daction","image":{"@type":"ImageObject","inLanguage":"fr-FR","@id":"https:\/\/universnews224.com\/#\/schema\/person\/image\/","url":"https:\/\/secure.gravatar.com\/avatar\/edb90acc7752b23e1b3307ad36c14f0d?s=96&d=mm&r=g","contentUrl":"https:\/\/secure.gravatar.com\/avatar\/edb90acc7752b23e1b3307ad36c14f0d?s=96&d=mm&r=g","caption":"La R\u00e9daction"},"sameAs":["https:\/\/universnews224.com"],"url":"https:\/\/universnews224.com\/index.php\/author\/m-camara\/"}]}},"_links":{"self":[{"href":"https:\/\/universnews224.com\/index.php\/wp-json\/wp\/v2\/posts\/3053"}],"collection":[{"href":"https:\/\/universnews224.com\/index.php\/wp-json\/wp\/v2\/posts"}],"about":[{"href":"https:\/\/universnews224.com\/index.php\/wp-json\/wp\/v2\/types\/post"}],"author":[{"embeddable":true,"href":"https:\/\/universnews224.com\/index.php\/wp-json\/wp\/v2\/users\/2"}],"replies":[{"embeddable":true,"href":"https:\/\/universnews224.com\/index.php\/wp-json\/wp\/v2\/comments?post=3053"}],"version-history":[{"count":1,"href":"https:\/\/universnews224.com\/index.php\/wp-json\/wp\/v2\/posts\/3053\/revisions"}],"predecessor-version":[{"id":3055,"href":"https:\/\/universnews224.com\/index.php\/wp-json\/wp\/v2\/posts\/3053\/revisions\/3055"}],"wp:featuredmedia":[{"embeddable":true,"href":"https:\/\/universnews224.com\/index.php\/wp-json\/wp\/v2\/media\/3054"}],"wp:attachment":[{"href":"https:\/\/universnews224.com\/index.php\/wp-json\/wp\/v2\/media?parent=3053"}],"wp:term":[{"taxonomy":"category","embeddable":true,"href":"https:\/\/universnews224.com\/index.php\/wp-json\/wp\/v2\/categories?post=3053"},{"taxonomy":"post_tag","embeddable":true,"href":"https:\/\/universnews224.com\/index.php\/wp-json\/wp\/v2\/tags?post=3053"}],"curies":[{"name":"wp","href":"https:\/\/api.w.org\/{rel}","templated":true}]}}