{"id":3129,"date":"2023-03-07T13:25:37","date_gmt":"2023-03-07T12:25:37","guid":{"rendered":"https:\/\/universnews224.com\/?p=3129"},"modified":"2023-03-07T13:25:37","modified_gmt":"2023-03-07T12:25:37","slug":"sekou-koundounosi-vos-revendications-dordre-prejudiciel-ne-sont-pas-pris-en-compte-rien-empechera-la-tenue-de-la-manifestation-du-jeudi-09-mars","status":"publish","type":"post","link":"https:\/\/universnews224.com\/index.php\/sekou-koundounosi-vos-revendications-dordre-prejudiciel-ne-sont-pas-pris-en-compte-rien-empechera-la-tenue-de-la-manifestation-du-jeudi-09-mars\/","title":{"rendered":"Sekou Koundouno:\u00abSi vos revendications d\u2019ordre pr\u00e9judiciel ne sont pas pris en compte, rien emp\u00eachera la tenue de la manifestation du jeudi 09 mars\u00bb."},"content":{"rendered":"<p class=\"p1\"><span class=\"s1\">Pour tenter d\u00e9samorcer la crise qui profile \u00e0 l\u2019horizon en Guin\u00e9e avec l\u2019appel \u00e0 manifestation des forces vives de Guin\u00e9e,les leaders religieux ont entam\u00e9 une s\u00e9rie de rencontres hier mardi, avec les sociaux politiques. Objectif: inviter les responsables de forces vives \u00e0 sursoir \u00e0 leur manifestation du 09 mars prochain dans le grand Conakry. <\/span><\/p>\n<p class=\"p1\"><span class=\"s1\">Pour Sekou Koundouno, responsable Planification et Strat\u00e9gie du FNDC, tant que leurs revendications d\u2019ordre pr\u00e9judiciel ne sont pas prises en compte, la manifestation du 09 mars reste maintenue. <\/span><\/p>\n<p class=\"p1\"><span class=\"s1\">\u00abLes revendications des forces vives ont \u00e9t\u00e9 soumises aux religieux. S\u2019ils peuvent traiter ses questions avant le mercredi \u00e0 0h, la manifestation n\u2019aura pas lieu. Si tu ne peux pas venir voir le plus faible, le dire de sursoir \u00e0 l\u2019exercice d\u2019un droit naturel afin que le fort puisse continuer \u00e0 le broyer. Il en est pas question et il ne sera pas question. Si vos revendications d\u2019ordre pr\u00e9judiciel ne sont pas pris en compte, rien emp\u00eachera la tenue de la manifestation du jeudi 09 mars 2023. Ces revendications d\u2019ordre pr\u00e9judiciel, c\u2019est la libert\u00e9 des otages d\u00e9tenus et aucun proc\u00e8s du c\u00f4t\u00e9 de la maison centrale de Conakry. La seconde revendication, c\u2019est l\u2019ouverture d\u2019un dialogue f\u00e9cond sous la pr\u00e9sidence de la C\u00c9D\u00c9AO. Si ces deux questions d\u2019ordre pr\u00e9judiciel ne sont pas r\u00e9gl\u00e9es avant le 09 mars, je ne sais pas en quoi, on peut s\u2019en tenir \u00e0 la m\u00e9diation faite par les religieux\u00bb, a t-il d\u00e9clar\u00e9 sur les ondes de la radio Fim Fm dans l\u2019\u00e9mission Mirador de ce mardi, 07 mars 2023. <\/span><\/p>\n<p class=\"p1\"><span class=\"s1\">Camara Mamadouba<\/span><\/p>\n<p class=\"p1\"><span class=\"s1\">611 46 04 10 <\/span><\/p>\n","protected":false},"excerpt":{"rendered":"<p>Pour tenter d\u00e9samorcer la crise qui profile \u00e0 l\u2019horizon en Guin\u00e9e avec l\u2019appel \u00e0 manifestation<\/p>\n","protected":false},"author":2,"featured_media":3024,"comment_status":"closed","ping_status":"open","sticky":false,"template":"","format":"standard","meta":[],"categories":[3,4],"tags":[229],"yoast_head":"<!-- This site is optimized with the Yoast SEO plugin v19.13 - https:\/\/yoast.com\/wordpress\/plugins\/seo\/ -->\n<title>Sekou Koundouno:\u00abSi vos revendications d\u2019ordre pr\u00e9judiciel ne sont pas pris en compte, rien emp\u00eachera la tenue de la manifestation du jeudi 09 mars\u00bb. - UNIVERSNEWS224<\/title>\n<meta name=\"robots\" content=\"index, follow, max-snippet:-1, max-image-preview:large, max-video-preview:-1\" \/>\n<link rel=\"canonical\" href=\"https:\/\/universnews224.com\/index.php\/sekou-koundounosi-vos-revendications-dordre-prejudiciel-ne-sont-pas-pris-en-compte-rien-empechera-la-tenue-de-la-manifestation-du-jeudi-09-mars\/\" \/>\n<meta property=\"og:locale\" content=\"fr_FR\" \/>\n<meta property=\"og:type\" content=\"article\" \/>\n<meta property=\"og:title\" content=\"Sekou Koundouno:\u00abSi vos revendications d\u2019ordre pr\u00e9judiciel ne sont pas pris en compte, rien emp\u00eachera la tenue de la manifestation du jeudi 09 mars\u00bb. - UNIVERSNEWS224\" \/>\n<meta property=\"og:description\" content=\"Pour tenter d\u00e9samorcer la crise qui profile \u00e0 l\u2019horizon en Guin\u00e9e avec l\u2019appel \u00e0 manifestation\" \/>\n<meta property=\"og:url\" content=\"https:\/\/universnews224.com\/index.php\/sekou-koundounosi-vos-revendications-dordre-prejudiciel-ne-sont-pas-pris-en-compte-rien-empechera-la-tenue-de-la-manifestation-du-jeudi-09-mars\/\" \/>\n<meta property=\"og:site_name\" content=\"UNIVERSNEWS224\" \/>\n<meta property=\"article:published_time\" content=\"2023-03-07T12:25:37+00:00\" \/>\n<meta property=\"og:image\" content=\"https:\/\/universnews224.com\/wp-content\/uploads\/2023\/02\/E0D853E9-355B-4913-A6D8-0C4F6ABEB50C.jpeg\" \/>\n\t<meta property=\"og:image:width\" content=\"843\" \/>\n\t<meta property=\"og:image:height\" content=\"775\" \/>\n\t<meta property=\"og:image:type\" content=\"image\/jpeg\" \/>\n<meta name=\"author\" content=\"La R\u00e9daction\" \/>\n<meta name=\"twitter:label1\" content=\"\u00c9crit par\" \/>\n\t<meta name=\"twitter:data1\" content=\"La R\u00e9daction\" \/>\n\t<meta name=\"twitter:label2\" content=\"Dur\u00e9e de lecture estim\u00e9e\" \/>\n\t<meta name=\"twitter:data2\" content=\"2 minutes\" \/>\n<script type=\"application\/ld+json\" class=\"yoast-schema-graph\">{\"@context\":\"https:\/\/schema.org\",\"@graph\":[{\"@type\":\"Article\",\"@id\":\"https:\/\/universnews224.com\/index.php\/sekou-koundounosi-vos-revendications-dordre-prejudiciel-ne-sont-pas-pris-en-compte-rien-empechera-la-tenue-de-la-manifestation-du-jeudi-09-mars\/#article\",\"isPartOf\":{\"@id\":\"https:\/\/universnews224.com\/index.php\/sekou-koundounosi-vos-revendications-dordre-prejudiciel-ne-sont-pas-pris-en-compte-rien-empechera-la-tenue-de-la-manifestation-du-jeudi-09-mars\/\"},\"author\":{\"name\":\"La R\u00e9daction\",\"@id\":\"https:\/\/universnews224.com\/#\/schema\/person\/a4b7d4f94a4716df60456a491260485e\"},\"headline\":\"Sekou Koundouno:\u00abSi vos revendications d\u2019ordre pr\u00e9judiciel ne sont pas pris en compte, rien emp\u00eachera la tenue de la manifestation du jeudi 09 mars\u00bb.\",\"datePublished\":\"2023-03-07T12:25:37+00:00\",\"dateModified\":\"2023-03-07T12:25:37+00:00\",\"mainEntityOfPage\":{\"@id\":\"https:\/\/universnews224.com\/index.php\/sekou-koundounosi-vos-revendications-dordre-prejudiciel-ne-sont-pas-pris-en-compte-rien-empechera-la-tenue-de-la-manifestation-du-jeudi-09-mars\/\"},\"wordCount\":306,\"publisher\":{\"@id\":\"https:\/\/universnews224.com\/#organization\"},\"keywords\":[\"La une\"],\"articleSection\":[\"ACTU\",\"POLITIQUE\"],\"inLanguage\":\"fr-FR\"},{\"@type\":\"WebPage\",\"@id\":\"https:\/\/universnews224.com\/index.php\/sekou-koundounosi-vos-revendications-dordre-prejudiciel-ne-sont-pas-pris-en-compte-rien-empechera-la-tenue-de-la-manifestation-du-jeudi-09-mars\/\",\"url\":\"https:\/\/universnews224.com\/index.php\/sekou-koundounosi-vos-revendications-dordre-prejudiciel-ne-sont-pas-pris-en-compte-rien-empechera-la-tenue-de-la-manifestation-du-jeudi-09-mars\/\",\"name\":\"Sekou Koundouno:\u00abSi vos revendications d\u2019ordre pr\u00e9judiciel ne sont pas pris en compte, rien emp\u00eachera la tenue de la manifestation du jeudi 09 mars\u00bb. - UNIVERSNEWS224\",\"isPartOf\":{\"@id\":\"https:\/\/universnews224.com\/#website\"},\"datePublished\":\"2023-03-07T12:25:37+00:00\",\"dateModified\":\"2023-03-07T12:25:37+00:00\",\"inLanguage\":\"fr-FR\",\"potentialAction\":[{\"@type\":\"ReadAction\",\"target\":[\"https:\/\/universnews224.com\/index.php\/sekou-koundounosi-vos-revendications-dordre-prejudiciel-ne-sont-pas-pris-en-compte-rien-empechera-la-tenue-de-la-manifestation-du-jeudi-09-mars\/\"]}]},{\"@type\":\"WebSite\",\"@id\":\"https:\/\/universnews224.com\/#website\",\"url\":\"https:\/\/universnews224.com\/\",\"name\":\"UNIVERSNEWS224\",\"description\":\"\",\"publisher\":{\"@id\":\"https:\/\/universnews224.com\/#organization\"},\"potentialAction\":[{\"@type\":\"SearchAction\",\"target\":{\"@type\":\"EntryPoint\",\"urlTemplate\":\"https:\/\/universnews224.com\/?s={search_term_string}\"},\"query-input\":\"required name=search_term_string\"}],\"inLanguage\":\"fr-FR\"},{\"@type\":\"Organization\",\"@id\":\"https:\/\/universnews224.com\/#organization\",\"name\":\"UNIVERSNEWS224\",\"url\":\"https:\/\/universnews224.com\/\",\"logo\":{\"@type\":\"ImageObject\",\"inLanguage\":\"fr-FR\",\"@id\":\"https:\/\/universnews224.com\/#\/schema\/logo\/image\/\",\"url\":\"https:\/\/universnews224.com\/wp-content\/uploads\/2022\/08\/cropped-cropped-logoban.jpg\",\"contentUrl\":\"https:\/\/universnews224.com\/wp-content\/uploads\/2022\/08\/cropped-cropped-logoban.jpg\",\"width\":1080,\"height\":138,\"caption\":\"UNIVERSNEWS224\"},\"image\":{\"@id\":\"https:\/\/universnews224.com\/#\/schema\/logo\/image\/\"}},{\"@type\":\"Person\",\"@id\":\"https:\/\/universnews224.com\/#\/schema\/person\/a4b7d4f94a4716df60456a491260485e\",\"name\":\"La R\u00e9daction\",\"image\":{\"@type\":\"ImageObject\",\"inLanguage\":\"fr-FR\",\"@id\":\"https:\/\/universnews224.com\/#\/schema\/person\/image\/\",\"url\":\"https:\/\/secure.gravatar.com\/avatar\/edb90acc7752b23e1b3307ad36c14f0d?s=96&d=mm&r=g\",\"contentUrl\":\"https:\/\/secure.gravatar.com\/avatar\/edb90acc7752b23e1b3307ad36c14f0d?s=96&d=mm&r=g\",\"caption\":\"La R\u00e9daction\"},\"sameAs\":[\"https:\/\/universnews224.com\"],\"url\":\"https:\/\/universnews224.com\/index.php\/author\/m-camara\/\"}]}<\/script>\n<!-- \/ Yoast SEO plugin. -->","yoast_head_json":{"title":"Sekou Koundouno:\u00abSi vos revendications d\u2019ordre pr\u00e9judiciel ne sont pas pris en compte, rien emp\u00eachera la tenue de la manifestation du jeudi 09 mars\u00bb. - UNIVERSNEWS224","robots":{"index":"index","follow":"follow","max-snippet":"max-snippet:-1","max-image-preview":"max-image-preview:large","max-video-preview":"max-video-preview:-1"},"canonical":"https:\/\/universnews224.com\/index.php\/sekou-koundounosi-vos-revendications-dordre-prejudiciel-ne-sont-pas-pris-en-compte-rien-empechera-la-tenue-de-la-manifestation-du-jeudi-09-mars\/","og_locale":"fr_FR","og_type":"article","og_title":"Sekou Koundouno:\u00abSi vos revendications d\u2019ordre pr\u00e9judiciel ne sont pas pris en compte, rien emp\u00eachera la tenue de la manifestation du jeudi 09 mars\u00bb. - UNIVERSNEWS224","og_description":"Pour tenter d\u00e9samorcer la crise qui profile \u00e0 l\u2019horizon en Guin\u00e9e avec l\u2019appel \u00e0 manifestation","og_url":"https:\/\/universnews224.com\/index.php\/sekou-koundounosi-vos-revendications-dordre-prejudiciel-ne-sont-pas-pris-en-compte-rien-empechera-la-tenue-de-la-manifestation-du-jeudi-09-mars\/","og_site_name":"UNIVERSNEWS224","article_published_time":"2023-03-07T12:25:37+00:00","og_image":[{"width":843,"height":775,"url":"https:\/\/universnews224.com\/wp-content\/uploads\/2023\/02\/E0D853E9-355B-4913-A6D8-0C4F6ABEB50C.jpeg","type":"image\/jpeg"}],"author":"La R\u00e9daction","twitter_misc":{"\u00c9crit par":"La R\u00e9daction","Dur\u00e9e de lecture estim\u00e9e":"2 minutes"},"schema":{"@context":"https:\/\/schema.org","@graph":[{"@type":"Article","@id":"https:\/\/universnews224.com\/index.php\/sekou-koundounosi-vos-revendications-dordre-prejudiciel-ne-sont-pas-pris-en-compte-rien-empechera-la-tenue-de-la-manifestation-du-jeudi-09-mars\/#article","isPartOf":{"@id":"https:\/\/universnews224.com\/index.php\/sekou-koundounosi-vos-revendications-dordre-prejudiciel-ne-sont-pas-pris-en-compte-rien-empechera-la-tenue-de-la-manifestation-du-jeudi-09-mars\/"},"author":{"name":"La R\u00e9daction","@id":"https:\/\/universnews224.com\/#\/schema\/person\/a4b7d4f94a4716df60456a491260485e"},"headline":"Sekou Koundouno:\u00abSi vos revendications d\u2019ordre pr\u00e9judiciel ne sont pas pris en compte, rien emp\u00eachera la tenue de la manifestation du jeudi 09 mars\u00bb.","datePublished":"2023-03-07T12:25:37+00:00","dateModified":"2023-03-07T12:25:37+00:00","mainEntityOfPage":{"@id":"https:\/\/universnews224.com\/index.php\/sekou-koundounosi-vos-revendications-dordre-prejudiciel-ne-sont-pas-pris-en-compte-rien-empechera-la-tenue-de-la-manifestation-du-jeudi-09-mars\/"},"wordCount":306,"publisher":{"@id":"https:\/\/universnews224.com\/#organization"},"keywords":["La une"],"articleSection":["ACTU","POLITIQUE"],"inLanguage":"fr-FR"},{"@type":"WebPage","@id":"https:\/\/universnews224.com\/index.php\/sekou-koundounosi-vos-revendications-dordre-prejudiciel-ne-sont-pas-pris-en-compte-rien-empechera-la-tenue-de-la-manifestation-du-jeudi-09-mars\/","url":"https:\/\/universnews224.com\/index.php\/sekou-koundounosi-vos-revendications-dordre-prejudiciel-ne-sont-pas-pris-en-compte-rien-empechera-la-tenue-de-la-manifestation-du-jeudi-09-mars\/","name":"Sekou Koundouno:\u00abSi vos revendications d\u2019ordre pr\u00e9judiciel ne sont pas pris en compte, rien emp\u00eachera la tenue de la manifestation du jeudi 09 mars\u00bb. - UNIVERSNEWS224","isPartOf":{"@id":"https:\/\/universnews224.com\/#website"},"datePublished":"2023-03-07T12:25:37+00:00","dateModified":"2023-03-07T12:25:37+00:00","inLanguage":"fr-FR","potentialAction":[{"@type":"ReadAction","target":["https:\/\/universnews224.com\/index.php\/sekou-koundounosi-vos-revendications-dordre-prejudiciel-ne-sont-pas-pris-en-compte-rien-empechera-la-tenue-de-la-manifestation-du-jeudi-09-mars\/"]}]},{"@type":"WebSite","@id":"https:\/\/universnews224.com\/#website","url":"https:\/\/universnews224.com\/","name":"UNIVERSNEWS224","description":"","publisher":{"@id":"https:\/\/universnews224.com\/#organization"},"potentialAction":[{"@type":"SearchAction","target":{"@type":"EntryPoint","urlTemplate":"https:\/\/universnews224.com\/?s={search_term_string}"},"query-input":"required name=search_term_string"}],"inLanguage":"fr-FR"},{"@type":"Organization","@id":"https:\/\/universnews224.com\/#organization","name":"UNIVERSNEWS224","url":"https:\/\/universnews224.com\/","logo":{"@type":"ImageObject","inLanguage":"fr-FR","@id":"https:\/\/universnews224.com\/#\/schema\/logo\/image\/","url":"https:\/\/universnews224.com\/wp-content\/uploads\/2022\/08\/cropped-cropped-logoban.jpg","contentUrl":"https:\/\/universnews224.com\/wp-content\/uploads\/2022\/08\/cropped-cropped-logoban.jpg","width":1080,"height":138,"caption":"UNIVERSNEWS224"},"image":{"@id":"https:\/\/universnews224.com\/#\/schema\/logo\/image\/"}},{"@type":"Person","@id":"https:\/\/universnews224.com\/#\/schema\/person\/a4b7d4f94a4716df60456a491260485e","name":"La R\u00e9daction","image":{"@type":"ImageObject","inLanguage":"fr-FR","@id":"https:\/\/universnews224.com\/#\/schema\/person\/image\/","url":"https:\/\/secure.gravatar.com\/avatar\/edb90acc7752b23e1b3307ad36c14f0d?s=96&d=mm&r=g","contentUrl":"https:\/\/secure.gravatar.com\/avatar\/edb90acc7752b23e1b3307ad36c14f0d?s=96&d=mm&r=g","caption":"La R\u00e9daction"},"sameAs":["https:\/\/universnews224.com"],"url":"https:\/\/universnews224.com\/index.php\/author\/m-camara\/"}]}},"_links":{"self":[{"href":"https:\/\/universnews224.com\/index.php\/wp-json\/wp\/v2\/posts\/3129"}],"collection":[{"href":"https:\/\/universnews224.com\/index.php\/wp-json\/wp\/v2\/posts"}],"about":[{"href":"https:\/\/universnews224.com\/index.php\/wp-json\/wp\/v2\/types\/post"}],"author":[{"embeddable":true,"href":"https:\/\/universnews224.com\/index.php\/wp-json\/wp\/v2\/users\/2"}],"replies":[{"embeddable":true,"href":"https:\/\/universnews224.com\/index.php\/wp-json\/wp\/v2\/comments?post=3129"}],"version-history":[{"count":1,"href":"https:\/\/universnews224.com\/index.php\/wp-json\/wp\/v2\/posts\/3129\/revisions"}],"predecessor-version":[{"id":3130,"href":"https:\/\/universnews224.com\/index.php\/wp-json\/wp\/v2\/posts\/3129\/revisions\/3130"}],"wp:featuredmedia":[{"embeddable":true,"href":"https:\/\/universnews224.com\/index.php\/wp-json\/wp\/v2\/media\/3024"}],"wp:attachment":[{"href":"https:\/\/universnews224.com\/index.php\/wp-json\/wp\/v2\/media?parent=3129"}],"wp:term":[{"taxonomy":"category","embeddable":true,"href":"https:\/\/universnews224.com\/index.php\/wp-json\/wp\/v2\/categories?post=3129"},{"taxonomy":"post_tag","embeddable":true,"href":"https:\/\/universnews224.com\/index.php\/wp-json\/wp\/v2\/tags?post=3129"}],"curies":[{"name":"wp","href":"https:\/\/api.w.org\/{rel}","templated":true}]}}