{"id":3131,"date":"2023-03-07T18:30:20","date_gmt":"2023-03-07T17:30:20","guid":{"rendered":"https:\/\/universnews224.com\/?p=3131"},"modified":"2023-03-07T18:30:20","modified_gmt":"2023-03-07T17:30:20","slug":"fete-du-08-mars-les-femmes-de-dabompa-plateau-celebrent-la-journee-internationale-de-mes-femmes","status":"publish","type":"post","link":"https:\/\/universnews224.com\/index.php\/fete-du-08-mars-les-femmes-de-dabompa-plateau-celebrent-la-journee-internationale-de-mes-femmes\/","title":{"rendered":"F\u00eate du 08 Mars : les femmes de Dabompa plateau c\u00e9l\u00e8brent la journ\u00e9e internationale de mes femmes."},"content":{"rendered":"<p class=\"p3\"><span class=\"s2\">En pr\u00e9lude \u00e0 la journ\u00e9e internationale des droits des femmes, c\u00e9l\u00e9br\u00e9e le 08 mars de chaque ann\u00e9e, les femmes en groupement associatif de Dabompa plateau a organis\u00e9 ce mardi 07 mars 2023,<span class=\"Apple-converted-space\">\u00a0 <\/span>la f\u00eate des femmes \u00e0 travers une journ\u00e9e d&rsquo;assainissement des quartiers. <\/span><\/p>\n<p class=\"p3\"><span class=\"s2\">Cette initiative des femmes de Dabompa<span class=\"Apple-converted-space\">\u00a0 <\/span>s\u2019inscrit dans le cadre d\u2019aider le pr\u00e9sident de la transition le colonel Mamadi Doumbouya a gard\u00e9 la Guin\u00e9e dans la paix et la qui\u00e9tude ; de pr\u00f4ner et d\u2019agir pour l\u2019unit\u00e9 nationale. Mais en<span class=\"Apple-converted-space\">\u00a0 <\/span>demandant aussi le gouvernement de la transition,<span class=\"Apple-converted-space\">\u00a0 <\/span>la construction d&rsquo;un centre de sant\u00e9, d&rsquo;\u00e9cole primaire, march\u00e9<span class=\"Apple-converted-space\">\u00a0 <\/span>et une maison des jeunes.<\/span><\/p>\n<p><a href=\"https:\/\/universnews224.com\/wp-content\/uploads\/2023\/03\/E0ABA6F0-97D8-44B4-AA5F-1420895C77B7.jpeg\"><img loading=\"lazy\" class=\"alignnone size-medium wp-image-3133\" src=\"https:\/\/universnews224.com\/wp-content\/uploads\/2023\/03\/E0ABA6F0-97D8-44B4-AA5F-1420895C77B7-300x169.jpeg\" alt=\"\" width=\"300\" height=\"169\" srcset=\"https:\/\/universnews224.com\/wp-content\/uploads\/2023\/03\/E0ABA6F0-97D8-44B4-AA5F-1420895C77B7-300x169.jpeg 300w, https:\/\/universnews224.com\/wp-content\/uploads\/2023\/03\/E0ABA6F0-97D8-44B4-AA5F-1420895C77B7-768x432.jpeg 768w, https:\/\/universnews224.com\/wp-content\/uploads\/2023\/03\/E0ABA6F0-97D8-44B4-AA5F-1420895C77B7-800x450.jpeg 800w, https:\/\/universnews224.com\/wp-content\/uploads\/2023\/03\/E0ABA6F0-97D8-44B4-AA5F-1420895C77B7.jpeg 1024w\" sizes=\"(max-width: 300px) 100vw, 300px\" \/><\/a><\/p>\n<p class=\"p3\"><span class=\"s2\">\u00ab Nous sommes l\u00e0 aujourd&rsquo;hui pour pr\u00e9senter notre engagement en faveur de la sant\u00e9 et du d\u00e9veloppement de notre communaut\u00e9s. C&rsquo;est pourquoi d&rsquo;ailleurs, toutes les femmes de Dabompa se sont m&rsquo;oblig\u00e9es pour l&rsquo;assainissement de Dabompa a l&rsquo;occasion de la journ\u00e9e Internationale des femmes. Notre activit\u00e9 consiste aussi \u00e0 demander au gouvernement Guin\u00e9en de nous venir en aide au quartier Dabompa Plateau, compos\u00e9 de 12 secteurs, qui n&rsquo;a jamais connu une \u00c9cole Primaire, Un Centre de Sant\u00e9 ni un March\u00e9 Digne de nom. Ce qui fait que plus de la moiti\u00e9 des enfants ne vont pas \u00e0 l&rsquo;\u00e9cole, parce les parents n&rsquo;ont pas les moyens de payer les \u00e9coles priv\u00e9es \u00bb, a d\u00e9clar\u00e9 Dr Camara Fatoumata conseill\u00e8re sociale de quartier Dabompa plateau, <\/span><\/p>\n<p class=\"p3\"><span class=\"s2\">Pr\u00e9sent \u00e0 cette organisation des femmes,<span class=\"Apple-converted-space\">\u00a0 <\/span>Honorable M&rsquo;Balou Fatoumata Camara, 3\u00e8me Vice maire de Matoto, remercie l&rsquo;initiative des femmes de Dabompa et les souhaitant bonne f\u00eate.<\/span><\/p>\n<p><a href=\"https:\/\/universnews224.com\/wp-content\/uploads\/2023\/03\/04AC5A2B-26C0-4595-9EAA-85FFF56FD2C5.jpeg\"><img loading=\"lazy\" class=\"alignnone size-medium wp-image-3134\" src=\"https:\/\/universnews224.com\/wp-content\/uploads\/2023\/03\/04AC5A2B-26C0-4595-9EAA-85FFF56FD2C5-300x169.jpeg\" alt=\"\" width=\"300\" height=\"169\" srcset=\"https:\/\/universnews224.com\/wp-content\/uploads\/2023\/03\/04AC5A2B-26C0-4595-9EAA-85FFF56FD2C5-300x169.jpeg 300w, https:\/\/universnews224.com\/wp-content\/uploads\/2023\/03\/04AC5A2B-26C0-4595-9EAA-85FFF56FD2C5-768x432.jpeg 768w, https:\/\/universnews224.com\/wp-content\/uploads\/2023\/03\/04AC5A2B-26C0-4595-9EAA-85FFF56FD2C5-800x450.jpeg 800w, https:\/\/universnews224.com\/wp-content\/uploads\/2023\/03\/04AC5A2B-26C0-4595-9EAA-85FFF56FD2C5.jpeg 1024w\" sizes=\"(max-width: 300px) 100vw, 300px\" \/><\/a><\/p>\n<p class=\"p3\"><span class=\"s2\">\u00ab Je souhaite vraiment bonne f\u00eate \u00e0 toutes les femmes du monde entier, aux femmes de la Guin\u00e9e en particulier ces braves femmes tout temps sur le terrain suivre et encadrent les enfants. J&rsquo;ai bel et bien suivi le discours, en tant que vice Maire de Matoto,<span class=\"Apple-converted-space\">\u00a0 <\/span>c&rsquo;est tomb\u00e9 dans des bonnes oreilles et les dol\u00e9ances faites ici ce matin par les femmes de Dabompa sera mis sur table au moment de notre conseil et le maire va analyser et nous faire le retour apr\u00e8s. Donc je ne cesse pas encore de remercier et encourager les femmes sur leurs combats sur le terrain, qui sont l\u00e0 \u00e0 balayer , nettoyer et accompagner le pr\u00e9sident de la transition Colonel Mamadi Doumbouya leur cris de c\u0153ur, \u00e7a va aussi \u00e0 endroit du pr\u00e9sident et au membres du gouvernement de venir en aide \u00e0 la population de Dabomba plateau pour le manque d&rsquo;\u00e9cole primaire, de centre de sant\u00e9, de march\u00e9 mais aussi la maison des jeunes vraiment c&rsquo;est n&rsquo;est pas normal. Donc le gouvernement doit tout faire pour venir en aide aux populations de cette quartier qui est vraiment en manque \u00bb, a souhait\u00e9 Mme Toto. <\/span><\/p>\n<p class=\"p3\"><span class=\"s2\">Sana Sylla<\/span><\/p>\n","protected":false},"excerpt":{"rendered":"<p>En pr\u00e9lude \u00e0 la journ\u00e9e internationale des droits des femmes, c\u00e9l\u00e9br\u00e9e le 08 mars de<\/p>\n","protected":false},"author":2,"featured_media":3132,"comment_status":"closed","ping_status":"open","sticky":false,"template":"","format":"standard","meta":[],"categories":[3,5],"tags":[229],"yoast_head":"<!-- This site is optimized with the Yoast SEO plugin v19.13 - https:\/\/yoast.com\/wordpress\/plugins\/seo\/ -->\n<title>F\u00eate du 08 Mars : les femmes de Dabompa plateau c\u00e9l\u00e8brent la journ\u00e9e internationale de mes femmes. - UNIVERSNEWS224<\/title>\n<meta name=\"robots\" content=\"index, follow, max-snippet:-1, max-image-preview:large, max-video-preview:-1\" \/>\n<link rel=\"canonical\" href=\"https:\/\/universnews224.com\/index.php\/fete-du-08-mars-les-femmes-de-dabompa-plateau-celebrent-la-journee-internationale-de-mes-femmes\/\" \/>\n<meta property=\"og:locale\" content=\"fr_FR\" \/>\n<meta property=\"og:type\" content=\"article\" \/>\n<meta property=\"og:title\" content=\"F\u00eate du 08 Mars : les femmes de Dabompa plateau c\u00e9l\u00e8brent la journ\u00e9e internationale de mes femmes. - UNIVERSNEWS224\" \/>\n<meta property=\"og:description\" content=\"En pr\u00e9lude \u00e0 la journ\u00e9e internationale des droits des femmes, c\u00e9l\u00e9br\u00e9e le 08 mars de\" \/>\n<meta property=\"og:url\" content=\"https:\/\/universnews224.com\/index.php\/fete-du-08-mars-les-femmes-de-dabompa-plateau-celebrent-la-journee-internationale-de-mes-femmes\/\" \/>\n<meta property=\"og:site_name\" content=\"UNIVERSNEWS224\" \/>\n<meta property=\"article:published_time\" content=\"2023-03-07T17:30:20+00:00\" \/>\n<meta property=\"og:image\" content=\"https:\/\/universnews224.com\/wp-content\/uploads\/2023\/03\/723AA3F8-FA85-4E67-B46E-8B765209F60F.jpeg\" \/>\n\t<meta property=\"og:image:width\" content=\"1024\" \/>\n\t<meta property=\"og:image:height\" content=\"576\" \/>\n\t<meta property=\"og:image:type\" content=\"image\/jpeg\" \/>\n<meta name=\"author\" content=\"La R\u00e9daction\" \/>\n<meta name=\"twitter:label1\" content=\"\u00c9crit par\" \/>\n\t<meta name=\"twitter:data1\" content=\"La R\u00e9daction\" \/>\n\t<meta name=\"twitter:label2\" content=\"Dur\u00e9e de lecture estim\u00e9e\" \/>\n\t<meta name=\"twitter:data2\" content=\"3 minutes\" \/>\n<script type=\"application\/ld+json\" class=\"yoast-schema-graph\">{\"@context\":\"https:\/\/schema.org\",\"@graph\":[{\"@type\":\"Article\",\"@id\":\"https:\/\/universnews224.com\/index.php\/fete-du-08-mars-les-femmes-de-dabompa-plateau-celebrent-la-journee-internationale-de-mes-femmes\/#article\",\"isPartOf\":{\"@id\":\"https:\/\/universnews224.com\/index.php\/fete-du-08-mars-les-femmes-de-dabompa-plateau-celebrent-la-journee-internationale-de-mes-femmes\/\"},\"author\":{\"name\":\"La R\u00e9daction\",\"@id\":\"https:\/\/universnews224.com\/#\/schema\/person\/a4b7d4f94a4716df60456a491260485e\"},\"headline\":\"F\u00eate du 08 Mars : les femmes de Dabompa plateau c\u00e9l\u00e8brent la journ\u00e9e internationale de mes femmes.\",\"datePublished\":\"2023-03-07T17:30:20+00:00\",\"dateModified\":\"2023-03-07T17:30:20+00:00\",\"mainEntityOfPage\":{\"@id\":\"https:\/\/universnews224.com\/index.php\/fete-du-08-mars-les-femmes-de-dabompa-plateau-celebrent-la-journee-internationale-de-mes-femmes\/\"},\"wordCount\":483,\"publisher\":{\"@id\":\"https:\/\/universnews224.com\/#organization\"},\"keywords\":[\"La une\"],\"articleSection\":[\"ACTU\",\"SOCI\u00c9T\u00c9\"],\"inLanguage\":\"fr-FR\"},{\"@type\":\"WebPage\",\"@id\":\"https:\/\/universnews224.com\/index.php\/fete-du-08-mars-les-femmes-de-dabompa-plateau-celebrent-la-journee-internationale-de-mes-femmes\/\",\"url\":\"https:\/\/universnews224.com\/index.php\/fete-du-08-mars-les-femmes-de-dabompa-plateau-celebrent-la-journee-internationale-de-mes-femmes\/\",\"name\":\"F\u00eate du 08 Mars : les femmes de Dabompa plateau c\u00e9l\u00e8brent la journ\u00e9e internationale de mes femmes. - UNIVERSNEWS224\",\"isPartOf\":{\"@id\":\"https:\/\/universnews224.com\/#website\"},\"datePublished\":\"2023-03-07T17:30:20+00:00\",\"dateModified\":\"2023-03-07T17:30:20+00:00\",\"inLanguage\":\"fr-FR\",\"potentialAction\":[{\"@type\":\"ReadAction\",\"target\":[\"https:\/\/universnews224.com\/index.php\/fete-du-08-mars-les-femmes-de-dabompa-plateau-celebrent-la-journee-internationale-de-mes-femmes\/\"]}]},{\"@type\":\"WebSite\",\"@id\":\"https:\/\/universnews224.com\/#website\",\"url\":\"https:\/\/universnews224.com\/\",\"name\":\"UNIVERSNEWS224\",\"description\":\"\",\"publisher\":{\"@id\":\"https:\/\/universnews224.com\/#organization\"},\"potentialAction\":[{\"@type\":\"SearchAction\",\"target\":{\"@type\":\"EntryPoint\",\"urlTemplate\":\"https:\/\/universnews224.com\/?s={search_term_string}\"},\"query-input\":\"required name=search_term_string\"}],\"inLanguage\":\"fr-FR\"},{\"@type\":\"Organization\",\"@id\":\"https:\/\/universnews224.com\/#organization\",\"name\":\"UNIVERSNEWS224\",\"url\":\"https:\/\/universnews224.com\/\",\"logo\":{\"@type\":\"ImageObject\",\"inLanguage\":\"fr-FR\",\"@id\":\"https:\/\/universnews224.com\/#\/schema\/logo\/image\/\",\"url\":\"https:\/\/universnews224.com\/wp-content\/uploads\/2022\/08\/cropped-cropped-logoban.jpg\",\"contentUrl\":\"https:\/\/universnews224.com\/wp-content\/uploads\/2022\/08\/cropped-cropped-logoban.jpg\",\"width\":1080,\"height\":138,\"caption\":\"UNIVERSNEWS224\"},\"image\":{\"@id\":\"https:\/\/universnews224.com\/#\/schema\/logo\/image\/\"}},{\"@type\":\"Person\",\"@id\":\"https:\/\/universnews224.com\/#\/schema\/person\/a4b7d4f94a4716df60456a491260485e\",\"name\":\"La R\u00e9daction\",\"image\":{\"@type\":\"ImageObject\",\"inLanguage\":\"fr-FR\",\"@id\":\"https:\/\/universnews224.com\/#\/schema\/person\/image\/\",\"url\":\"https:\/\/secure.gravatar.com\/avatar\/edb90acc7752b23e1b3307ad36c14f0d?s=96&d=mm&r=g\",\"contentUrl\":\"https:\/\/secure.gravatar.com\/avatar\/edb90acc7752b23e1b3307ad36c14f0d?s=96&d=mm&r=g\",\"caption\":\"La R\u00e9daction\"},\"sameAs\":[\"https:\/\/universnews224.com\"],\"url\":\"https:\/\/universnews224.com\/index.php\/author\/m-camara\/\"}]}<\/script>\n<!-- \/ Yoast SEO plugin. -->","yoast_head_json":{"title":"F\u00eate du 08 Mars : les femmes de Dabompa plateau c\u00e9l\u00e8brent la journ\u00e9e internationale de mes femmes. - UNIVERSNEWS224","robots":{"index":"index","follow":"follow","max-snippet":"max-snippet:-1","max-image-preview":"max-image-preview:large","max-video-preview":"max-video-preview:-1"},"canonical":"https:\/\/universnews224.com\/index.php\/fete-du-08-mars-les-femmes-de-dabompa-plateau-celebrent-la-journee-internationale-de-mes-femmes\/","og_locale":"fr_FR","og_type":"article","og_title":"F\u00eate du 08 Mars : les femmes de Dabompa plateau c\u00e9l\u00e8brent la journ\u00e9e internationale de mes femmes. - UNIVERSNEWS224","og_description":"En pr\u00e9lude \u00e0 la journ\u00e9e internationale des droits des femmes, c\u00e9l\u00e9br\u00e9e le 08 mars de","og_url":"https:\/\/universnews224.com\/index.php\/fete-du-08-mars-les-femmes-de-dabompa-plateau-celebrent-la-journee-internationale-de-mes-femmes\/","og_site_name":"UNIVERSNEWS224","article_published_time":"2023-03-07T17:30:20+00:00","og_image":[{"width":1024,"height":576,"url":"https:\/\/universnews224.com\/wp-content\/uploads\/2023\/03\/723AA3F8-FA85-4E67-B46E-8B765209F60F.jpeg","type":"image\/jpeg"}],"author":"La R\u00e9daction","twitter_misc":{"\u00c9crit par":"La R\u00e9daction","Dur\u00e9e de lecture estim\u00e9e":"3 minutes"},"schema":{"@context":"https:\/\/schema.org","@graph":[{"@type":"Article","@id":"https:\/\/universnews224.com\/index.php\/fete-du-08-mars-les-femmes-de-dabompa-plateau-celebrent-la-journee-internationale-de-mes-femmes\/#article","isPartOf":{"@id":"https:\/\/universnews224.com\/index.php\/fete-du-08-mars-les-femmes-de-dabompa-plateau-celebrent-la-journee-internationale-de-mes-femmes\/"},"author":{"name":"La R\u00e9daction","@id":"https:\/\/universnews224.com\/#\/schema\/person\/a4b7d4f94a4716df60456a491260485e"},"headline":"F\u00eate du 08 Mars : les femmes de Dabompa plateau c\u00e9l\u00e8brent la journ\u00e9e internationale de mes femmes.","datePublished":"2023-03-07T17:30:20+00:00","dateModified":"2023-03-07T17:30:20+00:00","mainEntityOfPage":{"@id":"https:\/\/universnews224.com\/index.php\/fete-du-08-mars-les-femmes-de-dabompa-plateau-celebrent-la-journee-internationale-de-mes-femmes\/"},"wordCount":483,"publisher":{"@id":"https:\/\/universnews224.com\/#organization"},"keywords":["La une"],"articleSection":["ACTU","SOCI\u00c9T\u00c9"],"inLanguage":"fr-FR"},{"@type":"WebPage","@id":"https:\/\/universnews224.com\/index.php\/fete-du-08-mars-les-femmes-de-dabompa-plateau-celebrent-la-journee-internationale-de-mes-femmes\/","url":"https:\/\/universnews224.com\/index.php\/fete-du-08-mars-les-femmes-de-dabompa-plateau-celebrent-la-journee-internationale-de-mes-femmes\/","name":"F\u00eate du 08 Mars : les femmes de Dabompa plateau c\u00e9l\u00e8brent la journ\u00e9e internationale de mes femmes. - UNIVERSNEWS224","isPartOf":{"@id":"https:\/\/universnews224.com\/#website"},"datePublished":"2023-03-07T17:30:20+00:00","dateModified":"2023-03-07T17:30:20+00:00","inLanguage":"fr-FR","potentialAction":[{"@type":"ReadAction","target":["https:\/\/universnews224.com\/index.php\/fete-du-08-mars-les-femmes-de-dabompa-plateau-celebrent-la-journee-internationale-de-mes-femmes\/"]}]},{"@type":"WebSite","@id":"https:\/\/universnews224.com\/#website","url":"https:\/\/universnews224.com\/","name":"UNIVERSNEWS224","description":"","publisher":{"@id":"https:\/\/universnews224.com\/#organization"},"potentialAction":[{"@type":"SearchAction","target":{"@type":"EntryPoint","urlTemplate":"https:\/\/universnews224.com\/?s={search_term_string}"},"query-input":"required name=search_term_string"}],"inLanguage":"fr-FR"},{"@type":"Organization","@id":"https:\/\/universnews224.com\/#organization","name":"UNIVERSNEWS224","url":"https:\/\/universnews224.com\/","logo":{"@type":"ImageObject","inLanguage":"fr-FR","@id":"https:\/\/universnews224.com\/#\/schema\/logo\/image\/","url":"https:\/\/universnews224.com\/wp-content\/uploads\/2022\/08\/cropped-cropped-logoban.jpg","contentUrl":"https:\/\/universnews224.com\/wp-content\/uploads\/2022\/08\/cropped-cropped-logoban.jpg","width":1080,"height":138,"caption":"UNIVERSNEWS224"},"image":{"@id":"https:\/\/universnews224.com\/#\/schema\/logo\/image\/"}},{"@type":"Person","@id":"https:\/\/universnews224.com\/#\/schema\/person\/a4b7d4f94a4716df60456a491260485e","name":"La R\u00e9daction","image":{"@type":"ImageObject","inLanguage":"fr-FR","@id":"https:\/\/universnews224.com\/#\/schema\/person\/image\/","url":"https:\/\/secure.gravatar.com\/avatar\/edb90acc7752b23e1b3307ad36c14f0d?s=96&d=mm&r=g","contentUrl":"https:\/\/secure.gravatar.com\/avatar\/edb90acc7752b23e1b3307ad36c14f0d?s=96&d=mm&r=g","caption":"La R\u00e9daction"},"sameAs":["https:\/\/universnews224.com"],"url":"https:\/\/universnews224.com\/index.php\/author\/m-camara\/"}]}},"_links":{"self":[{"href":"https:\/\/universnews224.com\/index.php\/wp-json\/wp\/v2\/posts\/3131"}],"collection":[{"href":"https:\/\/universnews224.com\/index.php\/wp-json\/wp\/v2\/posts"}],"about":[{"href":"https:\/\/universnews224.com\/index.php\/wp-json\/wp\/v2\/types\/post"}],"author":[{"embeddable":true,"href":"https:\/\/universnews224.com\/index.php\/wp-json\/wp\/v2\/users\/2"}],"replies":[{"embeddable":true,"href":"https:\/\/universnews224.com\/index.php\/wp-json\/wp\/v2\/comments?post=3131"}],"version-history":[{"count":1,"href":"https:\/\/universnews224.com\/index.php\/wp-json\/wp\/v2\/posts\/3131\/revisions"}],"predecessor-version":[{"id":3135,"href":"https:\/\/universnews224.com\/index.php\/wp-json\/wp\/v2\/posts\/3131\/revisions\/3135"}],"wp:featuredmedia":[{"embeddable":true,"href":"https:\/\/universnews224.com\/index.php\/wp-json\/wp\/v2\/media\/3132"}],"wp:attachment":[{"href":"https:\/\/universnews224.com\/index.php\/wp-json\/wp\/v2\/media?parent=3131"}],"wp:term":[{"taxonomy":"category","embeddable":true,"href":"https:\/\/universnews224.com\/index.php\/wp-json\/wp\/v2\/categories?post=3131"},{"taxonomy":"post_tag","embeddable":true,"href":"https:\/\/universnews224.com\/index.php\/wp-json\/wp\/v2\/tags?post=3131"}],"curies":[{"name":"wp","href":"https:\/\/api.w.org\/{rel}","templated":true}]}}