{"id":3139,"date":"2023-03-09T00:23:35","date_gmt":"2023-03-08T23:23:35","guid":{"rendered":"https:\/\/universnews224.com\/?p=3139"},"modified":"2023-03-09T00:23:35","modified_gmt":"2023-03-08T23:23:35","slug":"la-manifestation-du-09-mars-reportee-au-15-mars-par-les-forces-vives-de-guinee-communique","status":"publish","type":"post","link":"https:\/\/universnews224.com\/index.php\/la-manifestation-du-09-mars-reportee-au-15-mars-par-les-forces-vives-de-guinee-communique\/","title":{"rendered":"La manifestation du 09 mars report\u00e9e au 15 mars par les forces vives de Guin\u00e9e (communiqu\u00e9)"},"content":{"rendered":"<p>Consid\u00e9rant l\u2019attachement des Forces Vives de Guin\u00e9e (FVG) \u00e0 la paix, aux r\u00e8gles et principes de la d\u00e9mocratie et de l\u2019\u00c9tat de droit,<\/p>\n<p>Consid\u00e9rant le respect que ses membres vouent aux autorit\u00e9s religieuses de notre pays et sa volont\u00e9 in\u00e9branlable de contribuer \u00e0 la restauration de la confiance et de la s\u00e9r\u00e9nit\u00e9 indispensables \u00e0 l\u2019ouverture d\u2019un dialogue f\u00e9cond entre les autorit\u00e9s et les acteurs politiques et sociaux,<\/p>\n<p>Et, r\u00e9pondant favorablement aux d\u00e9marches des autorit\u00e9s religieuses et d\u2019autres bonnes volont\u00e9s ayant exprim\u00e9 le souhait d\u2019\u0153uvrer \u00e0 la satisfaction des pr\u00e9alables requis par les FVG pour leur participation \u00e0 un dialogue cr\u00e9dible et f\u00e9cond avec le CNRD,<\/p>\n<div class=\"jeg_ad jeg_ad_article jnews_content_inline_ads \">\n<div class=\"ads-wrapper align-center \">\n<div class=\"ads_code\"><ins class=\"adsbygoogle\" data-ad-client=\"ca-pub-1870189416508001\" data-ad-slot=\"5141807392\" data-ad-format=\"auto\" data-full-width-responsive=\"true\"><\/ins>Les FVG ont d\u00e9cid\u00e9 de reporter la manifestation pacifique pr\u00e9vue initialement le 9 mars 2023 dans le Grand Conakry au mercredi 15 mars 2023.<\/p>\n<p>Ce report a pour objectif de donner toutes les chances de r\u00e9ussite aux d\u00e9marches men\u00e9es par l\u2019\u00e9quipe du Ministre Secr\u00e9taire G\u00e9n\u00e9ral des Affaires religieuses et l\u2019Imam de la Grande Mosqu\u00e9e de Conakry pour la satisfaction des revendications l\u00e9gitimes des FVG.<\/p>\n<p>Les FVG appellent les citoyens pro-d\u00e9mocratie et \u00e9pris de justice \u00e0 rester mobilis\u00e9s pour reprendre si n\u00e9cessaire les manifestations \u00e0 la date ci-dessus indiqu\u00e9e.<\/p>\n<p>Ensemble unis et solidaires, nous vaincrons.<\/p>\n<p>Conakry, 08 mars 2023<\/p>\n<p><strong>LES FORCES VIVES DE GUIN\u00c9E<\/strong><\/p>\n<\/div>\n<\/div>\n<\/div>\n","protected":false},"excerpt":{"rendered":"<p>Consid\u00e9rant l\u2019attachement des Forces Vives de Guin\u00e9e (FVG) \u00e0 la paix, aux r\u00e8gles et principes<\/p>\n","protected":false},"author":2,"featured_media":3140,"comment_status":"closed","ping_status":"open","sticky":false,"template":"","format":"standard","meta":[],"categories":[3,4],"tags":[229],"yoast_head":"<!-- This site is optimized with the Yoast SEO plugin v19.13 - https:\/\/yoast.com\/wordpress\/plugins\/seo\/ -->\n<title>La manifestation du 09 mars report\u00e9e au 15 mars par les forces vives de Guin\u00e9e (communiqu\u00e9) - UNIVERSNEWS224<\/title>\n<meta name=\"robots\" content=\"index, follow, max-snippet:-1, max-image-preview:large, max-video-preview:-1\" \/>\n<link rel=\"canonical\" href=\"https:\/\/universnews224.com\/index.php\/la-manifestation-du-09-mars-reportee-au-15-mars-par-les-forces-vives-de-guinee-communique\/\" \/>\n<meta property=\"og:locale\" content=\"fr_FR\" \/>\n<meta property=\"og:type\" content=\"article\" \/>\n<meta property=\"og:title\" content=\"La manifestation du 09 mars report\u00e9e au 15 mars par les forces vives de Guin\u00e9e (communiqu\u00e9) - UNIVERSNEWS224\" \/>\n<meta property=\"og:description\" content=\"Consid\u00e9rant l\u2019attachement des Forces Vives de Guin\u00e9e (FVG) \u00e0 la paix, aux r\u00e8gles et principes\" \/>\n<meta property=\"og:url\" content=\"https:\/\/universnews224.com\/index.php\/la-manifestation-du-09-mars-reportee-au-15-mars-par-les-forces-vives-de-guinee-communique\/\" \/>\n<meta property=\"og:site_name\" content=\"UNIVERSNEWS224\" \/>\n<meta property=\"article:published_time\" content=\"2023-03-08T23:23:35+00:00\" \/>\n<meta property=\"og:image\" content=\"https:\/\/universnews224.com\/wp-content\/uploads\/2023\/03\/C83A818E-0E1F-4877-92E3-484B42A5781F.jpeg\" \/>\n\t<meta property=\"og:image:width\" content=\"700\" \/>\n\t<meta property=\"og:image:height\" content=\"341\" \/>\n\t<meta property=\"og:image:type\" content=\"image\/jpeg\" \/>\n<meta name=\"author\" content=\"La R\u00e9daction\" \/>\n<meta name=\"twitter:label1\" content=\"\u00c9crit par\" \/>\n\t<meta name=\"twitter:data1\" content=\"La R\u00e9daction\" \/>\n\t<meta name=\"twitter:label2\" content=\"Dur\u00e9e de lecture estim\u00e9e\" \/>\n\t<meta name=\"twitter:data2\" content=\"2 minutes\" \/>\n<script type=\"application\/ld+json\" class=\"yoast-schema-graph\">{\"@context\":\"https:\/\/schema.org\",\"@graph\":[{\"@type\":\"Article\",\"@id\":\"https:\/\/universnews224.com\/index.php\/la-manifestation-du-09-mars-reportee-au-15-mars-par-les-forces-vives-de-guinee-communique\/#article\",\"isPartOf\":{\"@id\":\"https:\/\/universnews224.com\/index.php\/la-manifestation-du-09-mars-reportee-au-15-mars-par-les-forces-vives-de-guinee-communique\/\"},\"author\":{\"name\":\"La R\u00e9daction\",\"@id\":\"https:\/\/universnews224.com\/#\/schema\/person\/a4b7d4f94a4716df60456a491260485e\"},\"headline\":\"La manifestation du 09 mars report\u00e9e au 15 mars par les forces vives de Guin\u00e9e (communiqu\u00e9)\",\"datePublished\":\"2023-03-08T23:23:35+00:00\",\"dateModified\":\"2023-03-08T23:23:35+00:00\",\"mainEntityOfPage\":{\"@id\":\"https:\/\/universnews224.com\/index.php\/la-manifestation-du-09-mars-reportee-au-15-mars-par-les-forces-vives-de-guinee-communique\/\"},\"wordCount\":252,\"publisher\":{\"@id\":\"https:\/\/universnews224.com\/#organization\"},\"keywords\":[\"La une\"],\"articleSection\":[\"ACTU\",\"POLITIQUE\"],\"inLanguage\":\"fr-FR\"},{\"@type\":\"WebPage\",\"@id\":\"https:\/\/universnews224.com\/index.php\/la-manifestation-du-09-mars-reportee-au-15-mars-par-les-forces-vives-de-guinee-communique\/\",\"url\":\"https:\/\/universnews224.com\/index.php\/la-manifestation-du-09-mars-reportee-au-15-mars-par-les-forces-vives-de-guinee-communique\/\",\"name\":\"La manifestation du 09 mars report\u00e9e au 15 mars par les forces vives de Guin\u00e9e (communiqu\u00e9) - UNIVERSNEWS224\",\"isPartOf\":{\"@id\":\"https:\/\/universnews224.com\/#website\"},\"datePublished\":\"2023-03-08T23:23:35+00:00\",\"dateModified\":\"2023-03-08T23:23:35+00:00\",\"inLanguage\":\"fr-FR\",\"potentialAction\":[{\"@type\":\"ReadAction\",\"target\":[\"https:\/\/universnews224.com\/index.php\/la-manifestation-du-09-mars-reportee-au-15-mars-par-les-forces-vives-de-guinee-communique\/\"]}]},{\"@type\":\"WebSite\",\"@id\":\"https:\/\/universnews224.com\/#website\",\"url\":\"https:\/\/universnews224.com\/\",\"name\":\"UNIVERSNEWS224\",\"description\":\"\",\"publisher\":{\"@id\":\"https:\/\/universnews224.com\/#organization\"},\"potentialAction\":[{\"@type\":\"SearchAction\",\"target\":{\"@type\":\"EntryPoint\",\"urlTemplate\":\"https:\/\/universnews224.com\/?s={search_term_string}\"},\"query-input\":\"required name=search_term_string\"}],\"inLanguage\":\"fr-FR\"},{\"@type\":\"Organization\",\"@id\":\"https:\/\/universnews224.com\/#organization\",\"name\":\"UNIVERSNEWS224\",\"url\":\"https:\/\/universnews224.com\/\",\"logo\":{\"@type\":\"ImageObject\",\"inLanguage\":\"fr-FR\",\"@id\":\"https:\/\/universnews224.com\/#\/schema\/logo\/image\/\",\"url\":\"https:\/\/universnews224.com\/wp-content\/uploads\/2022\/08\/cropped-cropped-logoban.jpg\",\"contentUrl\":\"https:\/\/universnews224.com\/wp-content\/uploads\/2022\/08\/cropped-cropped-logoban.jpg\",\"width\":1080,\"height\":138,\"caption\":\"UNIVERSNEWS224\"},\"image\":{\"@id\":\"https:\/\/universnews224.com\/#\/schema\/logo\/image\/\"}},{\"@type\":\"Person\",\"@id\":\"https:\/\/universnews224.com\/#\/schema\/person\/a4b7d4f94a4716df60456a491260485e\",\"name\":\"La R\u00e9daction\",\"image\":{\"@type\":\"ImageObject\",\"inLanguage\":\"fr-FR\",\"@id\":\"https:\/\/universnews224.com\/#\/schema\/person\/image\/\",\"url\":\"https:\/\/secure.gravatar.com\/avatar\/edb90acc7752b23e1b3307ad36c14f0d?s=96&d=mm&r=g\",\"contentUrl\":\"https:\/\/secure.gravatar.com\/avatar\/edb90acc7752b23e1b3307ad36c14f0d?s=96&d=mm&r=g\",\"caption\":\"La R\u00e9daction\"},\"sameAs\":[\"https:\/\/universnews224.com\"],\"url\":\"https:\/\/universnews224.com\/index.php\/author\/m-camara\/\"}]}<\/script>\n<!-- \/ Yoast SEO plugin. -->","yoast_head_json":{"title":"La manifestation du 09 mars report\u00e9e au 15 mars par les forces vives de Guin\u00e9e (communiqu\u00e9) - UNIVERSNEWS224","robots":{"index":"index","follow":"follow","max-snippet":"max-snippet:-1","max-image-preview":"max-image-preview:large","max-video-preview":"max-video-preview:-1"},"canonical":"https:\/\/universnews224.com\/index.php\/la-manifestation-du-09-mars-reportee-au-15-mars-par-les-forces-vives-de-guinee-communique\/","og_locale":"fr_FR","og_type":"article","og_title":"La manifestation du 09 mars report\u00e9e au 15 mars par les forces vives de Guin\u00e9e (communiqu\u00e9) - UNIVERSNEWS224","og_description":"Consid\u00e9rant l\u2019attachement des Forces Vives de Guin\u00e9e (FVG) \u00e0 la paix, aux r\u00e8gles et principes","og_url":"https:\/\/universnews224.com\/index.php\/la-manifestation-du-09-mars-reportee-au-15-mars-par-les-forces-vives-de-guinee-communique\/","og_site_name":"UNIVERSNEWS224","article_published_time":"2023-03-08T23:23:35+00:00","og_image":[{"width":700,"height":341,"url":"https:\/\/universnews224.com\/wp-content\/uploads\/2023\/03\/C83A818E-0E1F-4877-92E3-484B42A5781F.jpeg","type":"image\/jpeg"}],"author":"La R\u00e9daction","twitter_misc":{"\u00c9crit par":"La R\u00e9daction","Dur\u00e9e de lecture estim\u00e9e":"2 minutes"},"schema":{"@context":"https:\/\/schema.org","@graph":[{"@type":"Article","@id":"https:\/\/universnews224.com\/index.php\/la-manifestation-du-09-mars-reportee-au-15-mars-par-les-forces-vives-de-guinee-communique\/#article","isPartOf":{"@id":"https:\/\/universnews224.com\/index.php\/la-manifestation-du-09-mars-reportee-au-15-mars-par-les-forces-vives-de-guinee-communique\/"},"author":{"name":"La R\u00e9daction","@id":"https:\/\/universnews224.com\/#\/schema\/person\/a4b7d4f94a4716df60456a491260485e"},"headline":"La manifestation du 09 mars report\u00e9e au 15 mars par les forces vives de Guin\u00e9e (communiqu\u00e9)","datePublished":"2023-03-08T23:23:35+00:00","dateModified":"2023-03-08T23:23:35+00:00","mainEntityOfPage":{"@id":"https:\/\/universnews224.com\/index.php\/la-manifestation-du-09-mars-reportee-au-15-mars-par-les-forces-vives-de-guinee-communique\/"},"wordCount":252,"publisher":{"@id":"https:\/\/universnews224.com\/#organization"},"keywords":["La une"],"articleSection":["ACTU","POLITIQUE"],"inLanguage":"fr-FR"},{"@type":"WebPage","@id":"https:\/\/universnews224.com\/index.php\/la-manifestation-du-09-mars-reportee-au-15-mars-par-les-forces-vives-de-guinee-communique\/","url":"https:\/\/universnews224.com\/index.php\/la-manifestation-du-09-mars-reportee-au-15-mars-par-les-forces-vives-de-guinee-communique\/","name":"La manifestation du 09 mars report\u00e9e au 15 mars par les forces vives de Guin\u00e9e (communiqu\u00e9) - UNIVERSNEWS224","isPartOf":{"@id":"https:\/\/universnews224.com\/#website"},"datePublished":"2023-03-08T23:23:35+00:00","dateModified":"2023-03-08T23:23:35+00:00","inLanguage":"fr-FR","potentialAction":[{"@type":"ReadAction","target":["https:\/\/universnews224.com\/index.php\/la-manifestation-du-09-mars-reportee-au-15-mars-par-les-forces-vives-de-guinee-communique\/"]}]},{"@type":"WebSite","@id":"https:\/\/universnews224.com\/#website","url":"https:\/\/universnews224.com\/","name":"UNIVERSNEWS224","description":"","publisher":{"@id":"https:\/\/universnews224.com\/#organization"},"potentialAction":[{"@type":"SearchAction","target":{"@type":"EntryPoint","urlTemplate":"https:\/\/universnews224.com\/?s={search_term_string}"},"query-input":"required name=search_term_string"}],"inLanguage":"fr-FR"},{"@type":"Organization","@id":"https:\/\/universnews224.com\/#organization","name":"UNIVERSNEWS224","url":"https:\/\/universnews224.com\/","logo":{"@type":"ImageObject","inLanguage":"fr-FR","@id":"https:\/\/universnews224.com\/#\/schema\/logo\/image\/","url":"https:\/\/universnews224.com\/wp-content\/uploads\/2022\/08\/cropped-cropped-logoban.jpg","contentUrl":"https:\/\/universnews224.com\/wp-content\/uploads\/2022\/08\/cropped-cropped-logoban.jpg","width":1080,"height":138,"caption":"UNIVERSNEWS224"},"image":{"@id":"https:\/\/universnews224.com\/#\/schema\/logo\/image\/"}},{"@type":"Person","@id":"https:\/\/universnews224.com\/#\/schema\/person\/a4b7d4f94a4716df60456a491260485e","name":"La R\u00e9daction","image":{"@type":"ImageObject","inLanguage":"fr-FR","@id":"https:\/\/universnews224.com\/#\/schema\/person\/image\/","url":"https:\/\/secure.gravatar.com\/avatar\/edb90acc7752b23e1b3307ad36c14f0d?s=96&d=mm&r=g","contentUrl":"https:\/\/secure.gravatar.com\/avatar\/edb90acc7752b23e1b3307ad36c14f0d?s=96&d=mm&r=g","caption":"La R\u00e9daction"},"sameAs":["https:\/\/universnews224.com"],"url":"https:\/\/universnews224.com\/index.php\/author\/m-camara\/"}]}},"_links":{"self":[{"href":"https:\/\/universnews224.com\/index.php\/wp-json\/wp\/v2\/posts\/3139"}],"collection":[{"href":"https:\/\/universnews224.com\/index.php\/wp-json\/wp\/v2\/posts"}],"about":[{"href":"https:\/\/universnews224.com\/index.php\/wp-json\/wp\/v2\/types\/post"}],"author":[{"embeddable":true,"href":"https:\/\/universnews224.com\/index.php\/wp-json\/wp\/v2\/users\/2"}],"replies":[{"embeddable":true,"href":"https:\/\/universnews224.com\/index.php\/wp-json\/wp\/v2\/comments?post=3139"}],"version-history":[{"count":1,"href":"https:\/\/universnews224.com\/index.php\/wp-json\/wp\/v2\/posts\/3139\/revisions"}],"predecessor-version":[{"id":3141,"href":"https:\/\/universnews224.com\/index.php\/wp-json\/wp\/v2\/posts\/3139\/revisions\/3141"}],"wp:featuredmedia":[{"embeddable":true,"href":"https:\/\/universnews224.com\/index.php\/wp-json\/wp\/v2\/media\/3140"}],"wp:attachment":[{"href":"https:\/\/universnews224.com\/index.php\/wp-json\/wp\/v2\/media?parent=3139"}],"wp:term":[{"taxonomy":"category","embeddable":true,"href":"https:\/\/universnews224.com\/index.php\/wp-json\/wp\/v2\/categories?post=3139"},{"taxonomy":"post_tag","embeddable":true,"href":"https:\/\/universnews224.com\/index.php\/wp-json\/wp\/v2\/tags?post=3139"}],"curies":[{"name":"wp","href":"https:\/\/api.w.org\/{rel}","templated":true}]}}