{"id":3142,"date":"2023-03-09T00:39:56","date_gmt":"2023-03-08T23:39:56","guid":{"rendered":"https:\/\/universnews224.com\/?p=3142"},"modified":"2023-03-09T00:39:56","modified_gmt":"2023-03-08T23:39:56","slug":"guinee-les-femmes-darena-celebrent-la-journee-internationale-du-08-mars","status":"publish","type":"post","link":"https:\/\/universnews224.com\/index.php\/guinee-les-femmes-darena-celebrent-la-journee-internationale-du-08-mars\/","title":{"rendered":"Guin\u00e9e : les femmes d&rsquo;ARENA c\u00e9l\u00e8brent la journ\u00e9e internationale du 08 Mars"},"content":{"rendered":"<p class=\"p3\">L\u2019humanit\u00e9 a c\u00e9l\u00e9br\u00e9 ce mercredi 08 Mars\u00a0 2023, la journ\u00e9e internationale des droits des femmes, sous le th\u00e8me :\u201cPour un monde digital inclusif : innovation et technologies pour l&rsquo;\u00e9galit\u00e9 des sexes \u00bb, qui souligne le r\u00f4le que les technologies innovantes jouent dans la promotion de l&rsquo;\u00e9galit\u00e9 des genres et dans la satisfaction des besoins des femmes et des filles.<\/p>\n<p><a href=\"https:\/\/universnews224.com\/wp-content\/uploads\/2023\/03\/BACF4226-1AD5-43F6-905B-5E0C008A7559.jpeg\"><img loading=\"lazy\" class=\"alignnone size-medium wp-image-3144\" src=\"https:\/\/universnews224.com\/wp-content\/uploads\/2023\/03\/BACF4226-1AD5-43F6-905B-5E0C008A7559-300x169.jpeg\" alt=\"\" width=\"300\" height=\"169\" srcset=\"https:\/\/universnews224.com\/wp-content\/uploads\/2023\/03\/BACF4226-1AD5-43F6-905B-5E0C008A7559-300x169.jpeg 300w, https:\/\/universnews224.com\/wp-content\/uploads\/2023\/03\/BACF4226-1AD5-43F6-905B-5E0C008A7559-768x432.jpeg 768w, https:\/\/universnews224.com\/wp-content\/uploads\/2023\/03\/BACF4226-1AD5-43F6-905B-5E0C008A7559-800x450.jpeg 800w, https:\/\/universnews224.com\/wp-content\/uploads\/2023\/03\/BACF4226-1AD5-43F6-905B-5E0C008A7559.jpeg 1024w\" sizes=\"(max-width: 300px) 100vw, 300px\" \/><\/a><\/p>\n<p>En marge de cette c\u00e9l\u00e9bration, les femmes du parti Alliance pour le Renouveau National (ARENA), ont d\u00e9cid\u00e9 de transformer cette journ\u00e9e, \u00e0 une journ\u00e9e de reconnaissance, d&rsquo;encouragements et d&rsquo;accompagnement pour certains militants et sympathisants du parti de Dr koureissy Cond\u00e9.<\/p>\n<p>&nbsp;<\/p>\n<p class=\"p3\"><span class=\"s2\">\u00c0 cette occasion, ces braves femmes du parti ARENA, ont d\u00e9cid\u00e9 de commencer leurs grandes visite de courtoisie chez leur vice-pr\u00e9sidente du parti, Mme N\u00e8ne Salamata Bah \u00e0 F\u00f6f\u00f6m\u00e8re dans la commune urbaine de Dubreka. De l\u00e0 elle<span class=\"Apple-converted-space\">\u00a0 <\/span>se sont dirig\u00e9es vers chez Mme A\u00efssatou Mali Diallo dans son salon de coiffure sis dans la commune de Ratoma, une femme battante tr\u00e8s dynamique et sinc\u00e8re dans le travail.<\/span><\/p>\n<p>Au nom du pr\u00e9sident du parti ARENA de Dr koureissy Cond\u00e9,\u00a0 la vice-pr\u00e9sidente N\u00e8n\u00e8 Salamata Bah, a remerci\u00e9 et encourag\u00e9 Mme A\u00efssatou Mali Diallo, pour sa participation pour le rayonnement du parti du parti.<a href=\"https:\/\/universnews224.com\/wp-content\/uploads\/2023\/03\/31D11482-DCAA-4D8E-9A94-3044DE534D1C.jpeg\"><img loading=\"lazy\" class=\"alignnone size-medium wp-image-3145\" src=\"https:\/\/universnews224.com\/wp-content\/uploads\/2023\/03\/31D11482-DCAA-4D8E-9A94-3044DE534D1C-300x169.jpeg\" alt=\"\" width=\"300\" height=\"169\" srcset=\"https:\/\/universnews224.com\/wp-content\/uploads\/2023\/03\/31D11482-DCAA-4D8E-9A94-3044DE534D1C-300x169.jpeg 300w, https:\/\/universnews224.com\/wp-content\/uploads\/2023\/03\/31D11482-DCAA-4D8E-9A94-3044DE534D1C-768x432.jpeg 768w, https:\/\/universnews224.com\/wp-content\/uploads\/2023\/03\/31D11482-DCAA-4D8E-9A94-3044DE534D1C-800x450.jpeg 800w, https:\/\/universnews224.com\/wp-content\/uploads\/2023\/03\/31D11482-DCAA-4D8E-9A94-3044DE534D1C.jpeg 1024w\" sizes=\"(max-width: 300px) 100vw, 300px\" \/><\/a><\/p>\n<p class=\"p3\"><span class=\"s2\">\u00abNotre rencontre ici aujourd&rsquo;hui, \u00e9tait tout simplement une visite de reconnaissance et d&rsquo;encouragement, \u00e0 une personne parmi nous, qui est tr\u00e8s d\u00e9vou\u00e9e et engag\u00e9e malgr\u00e9 son handicap. C&rsquo;est une femme battante et brave, parce qu&rsquo;on a trouv\u00e9 sur place par son investissement, elle est une femme par laquelle on peut compter. Donc c&rsquo;est de \u00e7a nous sommes venus pour la magnifier. C&rsquo;est pourquoi nous avons d\u00e9di\u00e9 cette journ\u00e9e du 08 mars, profiter pour magnifier notre s\u0153ur qui a tout fait pour nous, malgr\u00e9 son \u00e9tat d&rsquo;handicap. Donc c&rsquo;est une autre fa\u00e7on de dire vraiment que la femme est capable quelque soit son \u00e9tat. Elle m\u00e9rite cela, la braves femmes qui est d&rsquo;autre que A\u00efssatou Mali Diallo qui n&rsquo;a jamais laisser tomber le parti \u00bb, \u00e0 t-elle indiqu\u00e9 Mme Bah.<\/span><\/p>\n<p class=\"p3\"><span class=\"s2\">De son c\u00f4t\u00e9, Mme A\u00efssatou Mali Diallo membre active et d\u00e9termin\u00e9e dans le parti ARENA, a d\u2019abord f\u00e9licit\u00e9 et remerci\u00e9 la d\u00e9l\u00e9gation pour leur visite de courtoisie en ce mois de la femme.<a href=\"https:\/\/universnews224.com\/wp-content\/uploads\/2023\/03\/F2A4269C-58F0-495F-9957-9D34DFBDD368.jpeg\"><img loading=\"lazy\" class=\"alignnone size-medium wp-image-3146\" src=\"https:\/\/universnews224.com\/wp-content\/uploads\/2023\/03\/F2A4269C-58F0-495F-9957-9D34DFBDD368-300x169.jpeg\" alt=\"\" width=\"300\" height=\"169\" srcset=\"https:\/\/universnews224.com\/wp-content\/uploads\/2023\/03\/F2A4269C-58F0-495F-9957-9D34DFBDD368-300x169.jpeg 300w, https:\/\/universnews224.com\/wp-content\/uploads\/2023\/03\/F2A4269C-58F0-495F-9957-9D34DFBDD368-768x432.jpeg 768w, https:\/\/universnews224.com\/wp-content\/uploads\/2023\/03\/F2A4269C-58F0-495F-9957-9D34DFBDD368-800x450.jpeg 800w, https:\/\/universnews224.com\/wp-content\/uploads\/2023\/03\/F2A4269C-58F0-495F-9957-9D34DFBDD368.jpeg 1024w\" sizes=\"(max-width: 300px) 100vw, 300px\" \/><\/a><\/p>\n<p><\/span>\u00ab Je suis vraiment tr\u00e8s contente, tr\u00e8s heureuse de les recevoir chez moi ici dans mon salon. J\u2019ai compris que ARENA c&rsquo;est la famille, vu que je suis une personne handicap\u00e9.\u00a0 J\u2019ai compris que je suis vraiment avec eux et que je ne suis pas laisser de c\u00f4t\u00e9. Et je dirais une fois encore aux femmes handicap\u00e9s de la Guin\u00e9e de se lancer dans la politique, de quitter la rue, car c&rsquo;est n&rsquo;est pas l\u00e0-bas la solution. Il faut qu&rsquo;on montre au monde entier que nous sommes capables de quelque\u00a0 chose malgr\u00e9 notre handicap dans nos diff\u00e9rentes familles respectives \u00bb, a d\u00e9clar\u00e9 Mme Diallo A\u00efssatou.<\/p>\n<p class=\"p3\"><span class=\"s2\">Pour finir, Mme D\u00e9d\u00e9 Dioubat\u00e9 membre aussi de cette commission des femmes d&rsquo;ARENA a affirm\u00e9 qu\u2019elles ont d\u00e9di\u00e9 de faire cette journ\u00e9e, une journ\u00e9e d&rsquo;accompagnement et d&rsquo;encouragement. <\/span><\/p>\n<p class=\"p3\"><span class=\"s2\">\u00ab A\u00efssatou Mali Diallo est une femme mod\u00e8le de r\u00e9ussite qui a d\u00e9cid\u00e9 de mettre son handicap derri\u00e8re pour avancer et travailler pour elle m\u00eame, en ce lan\u00e7ant aussi dans la politique pour un parti responsable. C&rsquo;est pourquoi nous avons d\u00e9cid\u00e9 de venir faire la f\u00eate avec elle, et la montr\u00e9 qu&rsquo;elle est dans nos c\u0153urs et qu&rsquo;on la soutienne toujours dans ces projets r\u00e9ussites \u00bb, a conclu Mme D\u00e9d\u00e9.<\/span><\/p>\n<p><a href=\"https:\/\/universnews224.com\/wp-content\/uploads\/2023\/03\/322222E0-421E-4FAD-B4D2-D4F66F031279.jpeg\"><img loading=\"lazy\" class=\"alignnone size-medium wp-image-3143\" src=\"https:\/\/universnews224.com\/wp-content\/uploads\/2023\/03\/322222E0-421E-4FAD-B4D2-D4F66F031279-300x169.jpeg\" alt=\"\" width=\"300\" height=\"169\" srcset=\"https:\/\/universnews224.com\/wp-content\/uploads\/2023\/03\/322222E0-421E-4FAD-B4D2-D4F66F031279-300x169.jpeg 300w, https:\/\/universnews224.com\/wp-content\/uploads\/2023\/03\/322222E0-421E-4FAD-B4D2-D4F66F031279-768x432.jpeg 768w, https:\/\/universnews224.com\/wp-content\/uploads\/2023\/03\/322222E0-421E-4FAD-B4D2-D4F66F031279-800x450.jpeg 800w, https:\/\/universnews224.com\/wp-content\/uploads\/2023\/03\/322222E0-421E-4FAD-B4D2-D4F66F031279.jpeg 1024w\" sizes=\"(max-width: 300px) 100vw, 300px\" \/><\/a><\/p>\n<p class=\"p3\"><span class=\"s2\">Sana Sylla<\/span><\/p>\n","protected":false},"excerpt":{"rendered":"<p>L\u2019humanit\u00e9 a c\u00e9l\u00e9br\u00e9 ce mercredi 08 Mars\u00a0 2023, la journ\u00e9e internationale des droits des femmes,<\/p>\n","protected":false},"author":2,"featured_media":3143,"comment_status":"closed","ping_status":"open","sticky":false,"template":"","format":"standard","meta":[],"categories":[3,5],"tags":[229],"yoast_head":"<!-- This site is optimized with the Yoast SEO plugin v19.13 - https:\/\/yoast.com\/wordpress\/plugins\/seo\/ -->\n<title>Guin\u00e9e : les femmes d&#039;ARENA c\u00e9l\u00e8brent la journ\u00e9e internationale du 08 Mars - UNIVERSNEWS224<\/title>\n<meta name=\"robots\" content=\"index, follow, max-snippet:-1, max-image-preview:large, max-video-preview:-1\" \/>\n<link rel=\"canonical\" href=\"https:\/\/universnews224.com\/index.php\/guinee-les-femmes-darena-celebrent-la-journee-internationale-du-08-mars\/\" \/>\n<meta property=\"og:locale\" content=\"fr_FR\" \/>\n<meta property=\"og:type\" content=\"article\" \/>\n<meta property=\"og:title\" content=\"Guin\u00e9e : les femmes d&#039;ARENA c\u00e9l\u00e8brent la journ\u00e9e internationale du 08 Mars - UNIVERSNEWS224\" \/>\n<meta property=\"og:description\" content=\"L\u2019humanit\u00e9 a c\u00e9l\u00e9br\u00e9 ce mercredi 08 Mars\u00a0 2023, la journ\u00e9e internationale des droits des femmes,\" \/>\n<meta property=\"og:url\" content=\"https:\/\/universnews224.com\/index.php\/guinee-les-femmes-darena-celebrent-la-journee-internationale-du-08-mars\/\" \/>\n<meta property=\"og:site_name\" content=\"UNIVERSNEWS224\" \/>\n<meta property=\"article:published_time\" content=\"2023-03-08T23:39:56+00:00\" \/>\n<meta property=\"og:image\" content=\"https:\/\/universnews224.com\/wp-content\/uploads\/2023\/03\/322222E0-421E-4FAD-B4D2-D4F66F031279.jpeg\" \/>\n\t<meta property=\"og:image:width\" content=\"1024\" \/>\n\t<meta property=\"og:image:height\" content=\"576\" \/>\n\t<meta property=\"og:image:type\" content=\"image\/jpeg\" \/>\n<meta name=\"author\" content=\"La R\u00e9daction\" \/>\n<meta name=\"twitter:label1\" content=\"\u00c9crit par\" \/>\n\t<meta name=\"twitter:data1\" content=\"La R\u00e9daction\" \/>\n\t<meta name=\"twitter:label2\" content=\"Dur\u00e9e de lecture estim\u00e9e\" \/>\n\t<meta name=\"twitter:data2\" content=\"4 minutes\" \/>\n<script type=\"application\/ld+json\" class=\"yoast-schema-graph\">{\"@context\":\"https:\/\/schema.org\",\"@graph\":[{\"@type\":\"Article\",\"@id\":\"https:\/\/universnews224.com\/index.php\/guinee-les-femmes-darena-celebrent-la-journee-internationale-du-08-mars\/#article\",\"isPartOf\":{\"@id\":\"https:\/\/universnews224.com\/index.php\/guinee-les-femmes-darena-celebrent-la-journee-internationale-du-08-mars\/\"},\"author\":{\"name\":\"La R\u00e9daction\",\"@id\":\"https:\/\/universnews224.com\/#\/schema\/person\/a4b7d4f94a4716df60456a491260485e\"},\"headline\":\"Guin\u00e9e : les femmes d&rsquo;ARENA c\u00e9l\u00e8brent la journ\u00e9e internationale du 08 Mars\",\"datePublished\":\"2023-03-08T23:39:56+00:00\",\"dateModified\":\"2023-03-08T23:39:56+00:00\",\"mainEntityOfPage\":{\"@id\":\"https:\/\/universnews224.com\/index.php\/guinee-les-femmes-darena-celebrent-la-journee-internationale-du-08-mars\/\"},\"wordCount\":640,\"publisher\":{\"@id\":\"https:\/\/universnews224.com\/#organization\"},\"keywords\":[\"La une\"],\"articleSection\":[\"ACTU\",\"SOCI\u00c9T\u00c9\"],\"inLanguage\":\"fr-FR\"},{\"@type\":\"WebPage\",\"@id\":\"https:\/\/universnews224.com\/index.php\/guinee-les-femmes-darena-celebrent-la-journee-internationale-du-08-mars\/\",\"url\":\"https:\/\/universnews224.com\/index.php\/guinee-les-femmes-darena-celebrent-la-journee-internationale-du-08-mars\/\",\"name\":\"Guin\u00e9e : les femmes d'ARENA c\u00e9l\u00e8brent la journ\u00e9e internationale du 08 Mars - UNIVERSNEWS224\",\"isPartOf\":{\"@id\":\"https:\/\/universnews224.com\/#website\"},\"datePublished\":\"2023-03-08T23:39:56+00:00\",\"dateModified\":\"2023-03-08T23:39:56+00:00\",\"inLanguage\":\"fr-FR\",\"potentialAction\":[{\"@type\":\"ReadAction\",\"target\":[\"https:\/\/universnews224.com\/index.php\/guinee-les-femmes-darena-celebrent-la-journee-internationale-du-08-mars\/\"]}]},{\"@type\":\"WebSite\",\"@id\":\"https:\/\/universnews224.com\/#website\",\"url\":\"https:\/\/universnews224.com\/\",\"name\":\"UNIVERSNEWS224\",\"description\":\"\",\"publisher\":{\"@id\":\"https:\/\/universnews224.com\/#organization\"},\"potentialAction\":[{\"@type\":\"SearchAction\",\"target\":{\"@type\":\"EntryPoint\",\"urlTemplate\":\"https:\/\/universnews224.com\/?s={search_term_string}\"},\"query-input\":\"required name=search_term_string\"}],\"inLanguage\":\"fr-FR\"},{\"@type\":\"Organization\",\"@id\":\"https:\/\/universnews224.com\/#organization\",\"name\":\"UNIVERSNEWS224\",\"url\":\"https:\/\/universnews224.com\/\",\"logo\":{\"@type\":\"ImageObject\",\"inLanguage\":\"fr-FR\",\"@id\":\"https:\/\/universnews224.com\/#\/schema\/logo\/image\/\",\"url\":\"https:\/\/universnews224.com\/wp-content\/uploads\/2022\/08\/cropped-cropped-logoban.jpg\",\"contentUrl\":\"https:\/\/universnews224.com\/wp-content\/uploads\/2022\/08\/cropped-cropped-logoban.jpg\",\"width\":1080,\"height\":138,\"caption\":\"UNIVERSNEWS224\"},\"image\":{\"@id\":\"https:\/\/universnews224.com\/#\/schema\/logo\/image\/\"}},{\"@type\":\"Person\",\"@id\":\"https:\/\/universnews224.com\/#\/schema\/person\/a4b7d4f94a4716df60456a491260485e\",\"name\":\"La R\u00e9daction\",\"image\":{\"@type\":\"ImageObject\",\"inLanguage\":\"fr-FR\",\"@id\":\"https:\/\/universnews224.com\/#\/schema\/person\/image\/\",\"url\":\"https:\/\/secure.gravatar.com\/avatar\/edb90acc7752b23e1b3307ad36c14f0d?s=96&d=mm&r=g\",\"contentUrl\":\"https:\/\/secure.gravatar.com\/avatar\/edb90acc7752b23e1b3307ad36c14f0d?s=96&d=mm&r=g\",\"caption\":\"La R\u00e9daction\"},\"sameAs\":[\"https:\/\/universnews224.com\"],\"url\":\"https:\/\/universnews224.com\/index.php\/author\/m-camara\/\"}]}<\/script>\n<!-- \/ Yoast SEO plugin. -->","yoast_head_json":{"title":"Guin\u00e9e : les femmes d'ARENA c\u00e9l\u00e8brent la journ\u00e9e internationale du 08 Mars - UNIVERSNEWS224","robots":{"index":"index","follow":"follow","max-snippet":"max-snippet:-1","max-image-preview":"max-image-preview:large","max-video-preview":"max-video-preview:-1"},"canonical":"https:\/\/universnews224.com\/index.php\/guinee-les-femmes-darena-celebrent-la-journee-internationale-du-08-mars\/","og_locale":"fr_FR","og_type":"article","og_title":"Guin\u00e9e : les femmes d'ARENA c\u00e9l\u00e8brent la journ\u00e9e internationale du 08 Mars - UNIVERSNEWS224","og_description":"L\u2019humanit\u00e9 a c\u00e9l\u00e9br\u00e9 ce mercredi 08 Mars\u00a0 2023, la journ\u00e9e internationale des droits des femmes,","og_url":"https:\/\/universnews224.com\/index.php\/guinee-les-femmes-darena-celebrent-la-journee-internationale-du-08-mars\/","og_site_name":"UNIVERSNEWS224","article_published_time":"2023-03-08T23:39:56+00:00","og_image":[{"width":1024,"height":576,"url":"https:\/\/universnews224.com\/wp-content\/uploads\/2023\/03\/322222E0-421E-4FAD-B4D2-D4F66F031279.jpeg","type":"image\/jpeg"}],"author":"La R\u00e9daction","twitter_misc":{"\u00c9crit par":"La R\u00e9daction","Dur\u00e9e de lecture estim\u00e9e":"4 minutes"},"schema":{"@context":"https:\/\/schema.org","@graph":[{"@type":"Article","@id":"https:\/\/universnews224.com\/index.php\/guinee-les-femmes-darena-celebrent-la-journee-internationale-du-08-mars\/#article","isPartOf":{"@id":"https:\/\/universnews224.com\/index.php\/guinee-les-femmes-darena-celebrent-la-journee-internationale-du-08-mars\/"},"author":{"name":"La R\u00e9daction","@id":"https:\/\/universnews224.com\/#\/schema\/person\/a4b7d4f94a4716df60456a491260485e"},"headline":"Guin\u00e9e : les femmes d&rsquo;ARENA c\u00e9l\u00e8brent la journ\u00e9e internationale du 08 Mars","datePublished":"2023-03-08T23:39:56+00:00","dateModified":"2023-03-08T23:39:56+00:00","mainEntityOfPage":{"@id":"https:\/\/universnews224.com\/index.php\/guinee-les-femmes-darena-celebrent-la-journee-internationale-du-08-mars\/"},"wordCount":640,"publisher":{"@id":"https:\/\/universnews224.com\/#organization"},"keywords":["La une"],"articleSection":["ACTU","SOCI\u00c9T\u00c9"],"inLanguage":"fr-FR"},{"@type":"WebPage","@id":"https:\/\/universnews224.com\/index.php\/guinee-les-femmes-darena-celebrent-la-journee-internationale-du-08-mars\/","url":"https:\/\/universnews224.com\/index.php\/guinee-les-femmes-darena-celebrent-la-journee-internationale-du-08-mars\/","name":"Guin\u00e9e : les femmes d'ARENA c\u00e9l\u00e8brent la journ\u00e9e internationale du 08 Mars - UNIVERSNEWS224","isPartOf":{"@id":"https:\/\/universnews224.com\/#website"},"datePublished":"2023-03-08T23:39:56+00:00","dateModified":"2023-03-08T23:39:56+00:00","inLanguage":"fr-FR","potentialAction":[{"@type":"ReadAction","target":["https:\/\/universnews224.com\/index.php\/guinee-les-femmes-darena-celebrent-la-journee-internationale-du-08-mars\/"]}]},{"@type":"WebSite","@id":"https:\/\/universnews224.com\/#website","url":"https:\/\/universnews224.com\/","name":"UNIVERSNEWS224","description":"","publisher":{"@id":"https:\/\/universnews224.com\/#organization"},"potentialAction":[{"@type":"SearchAction","target":{"@type":"EntryPoint","urlTemplate":"https:\/\/universnews224.com\/?s={search_term_string}"},"query-input":"required name=search_term_string"}],"inLanguage":"fr-FR"},{"@type":"Organization","@id":"https:\/\/universnews224.com\/#organization","name":"UNIVERSNEWS224","url":"https:\/\/universnews224.com\/","logo":{"@type":"ImageObject","inLanguage":"fr-FR","@id":"https:\/\/universnews224.com\/#\/schema\/logo\/image\/","url":"https:\/\/universnews224.com\/wp-content\/uploads\/2022\/08\/cropped-cropped-logoban.jpg","contentUrl":"https:\/\/universnews224.com\/wp-content\/uploads\/2022\/08\/cropped-cropped-logoban.jpg","width":1080,"height":138,"caption":"UNIVERSNEWS224"},"image":{"@id":"https:\/\/universnews224.com\/#\/schema\/logo\/image\/"}},{"@type":"Person","@id":"https:\/\/universnews224.com\/#\/schema\/person\/a4b7d4f94a4716df60456a491260485e","name":"La R\u00e9daction","image":{"@type":"ImageObject","inLanguage":"fr-FR","@id":"https:\/\/universnews224.com\/#\/schema\/person\/image\/","url":"https:\/\/secure.gravatar.com\/avatar\/edb90acc7752b23e1b3307ad36c14f0d?s=96&d=mm&r=g","contentUrl":"https:\/\/secure.gravatar.com\/avatar\/edb90acc7752b23e1b3307ad36c14f0d?s=96&d=mm&r=g","caption":"La R\u00e9daction"},"sameAs":["https:\/\/universnews224.com"],"url":"https:\/\/universnews224.com\/index.php\/author\/m-camara\/"}]}},"_links":{"self":[{"href":"https:\/\/universnews224.com\/index.php\/wp-json\/wp\/v2\/posts\/3142"}],"collection":[{"href":"https:\/\/universnews224.com\/index.php\/wp-json\/wp\/v2\/posts"}],"about":[{"href":"https:\/\/universnews224.com\/index.php\/wp-json\/wp\/v2\/types\/post"}],"author":[{"embeddable":true,"href":"https:\/\/universnews224.com\/index.php\/wp-json\/wp\/v2\/users\/2"}],"replies":[{"embeddable":true,"href":"https:\/\/universnews224.com\/index.php\/wp-json\/wp\/v2\/comments?post=3142"}],"version-history":[{"count":1,"href":"https:\/\/universnews224.com\/index.php\/wp-json\/wp\/v2\/posts\/3142\/revisions"}],"predecessor-version":[{"id":3147,"href":"https:\/\/universnews224.com\/index.php\/wp-json\/wp\/v2\/posts\/3142\/revisions\/3147"}],"wp:featuredmedia":[{"embeddable":true,"href":"https:\/\/universnews224.com\/index.php\/wp-json\/wp\/v2\/media\/3143"}],"wp:attachment":[{"href":"https:\/\/universnews224.com\/index.php\/wp-json\/wp\/v2\/media?parent=3142"}],"wp:term":[{"taxonomy":"category","embeddable":true,"href":"https:\/\/universnews224.com\/index.php\/wp-json\/wp\/v2\/categories?post=3142"},{"taxonomy":"post_tag","embeddable":true,"href":"https:\/\/universnews224.com\/index.php\/wp-json\/wp\/v2\/tags?post=3142"}],"curies":[{"name":"wp","href":"https:\/\/api.w.org\/{rel}","templated":true}]}}