{"id":3170,"date":"2023-03-09T10:35:05","date_gmt":"2023-03-09T09:35:05","guid":{"rendered":"https:\/\/universnews224.com\/?p=3170"},"modified":"2023-03-09T10:35:05","modified_gmt":"2023-03-09T09:35:05","slug":"journee-internationale-des-femmes-dr-dansa-kourouma-celebre-le-08-mars-avec-les-femmes-davaria","status":"publish","type":"post","link":"https:\/\/universnews224.com\/index.php\/journee-internationale-des-femmes-dr-dansa-kourouma-celebre-le-08-mars-avec-les-femmes-davaria\/","title":{"rendered":"Journ\u00e9e internationale des femmes: Dr Dansa Kourouma c\u00e9l\u00e8bre le 08 mars avec les femmes d\u2019Avaria."},"content":{"rendered":"<p class=\"p1\">L\u2019humanit\u00e9 a c\u00e9l\u00e9br\u00e9 ce mercredi 08 Mars\u00a0 2023, la journ\u00e9e internationale des droits des femmes. \u00c0 l\u2019occasion de cette journ\u00e9e, les femmes du march\u00e9 Avaria ont organis\u00e9 une c\u00e9r\u00e9monie de lecture du Saint Coran pour la paix et la coh\u00e9sion sociale dans le pays.\u00a0 Cette c\u00e9r\u00e9monie a \u00e9t\u00e9 pr\u00e9sid\u00e9e par le pr\u00e9sident du Conseil National de la Transition Dr Dansa Kourouma.<\/p>\n<p class=\"p1\"><span class=\"s1\">En marge de la journ\u00e9e internationale des droits de la femme en ce mercredi 8 mars 2023, les femmes du march\u00e9 Avaria ont organis\u00e9 une c\u00e9r\u00e9monie de lecture du Saint Coran pour la paix et la coh\u00e9sion sociale dans le pays. <\/span><\/p>\n<p class=\"p1\"><span class=\"s1\">Dans son discours de circonstance, Abdoul Karim Tour\u00e9, pr\u00e9sident de l\u2019union de la friperie d\u2019Avaria a, au nom des organisateurs, apport\u00e9 son soutien aux actions du CNRD. <\/span><\/p>\n<p class=\"p1\"><span class=\"s1\">\u00ab\u00a0La prise du pouvoir par le pr\u00e9sident de la transition a redonn\u00e9 espoir \u00e0 la jeunesse guin\u00e9enne \u00e0 se prendre en charge et \u00e0 se tourner vers un d\u00e9veloppement harmonieux pour notre pays. (\u2026). Notre union vous rassure de son soutien \u00e0 vous accompagner dans le processus de refondation de notre Etat dans la justice et la qui\u00e9tude sociale\u00a0\u00bb,a-t-il lanc\u00e9.<\/span><\/p>\n<p class=\"p1\"><span class=\"s1\">Prenant la parole, le pr\u00e9sident du conseil national de la transition, Dr Dansa Kourouma a tout d\u2019abord rappel\u00e9 le r\u00f4le des femmes Guin\u00e9enne avant de les inviter \u00e0 s\u2019impliquer pour pour la r\u00e9ussite de la transition. <\/span><\/p>\n<p class=\"p1\"><span class=\"s1\">\u00abMa pr\u00e9sence ici \u00e9tait pour dire que l\u2019\u00e9conomie guin\u00e9enne repose sur la femme. C\u2019est elle qui sort \u00e0 5h matin et rentre \u00e0 5h du soir pour trouver le quotidien. Mais au de-l\u00e0, les femmes du march\u00e9 Avaria pour se nourrir et nourrir leurs familles par la sueur de leur front. (\u2026). Les femmes, ce ne sont pas seulement celles assises dans les bureaux et qui portent des cravates, c\u2019est aussi celles qui vendent dans les march\u00e9s pour joindre les deux bouts. C\u2019\u00e9tait donc pour faire passer ce message de paix et d\u2019unit\u00e9 nationale. La transition est une \u00e9tape importante dans la construction d\u2019une nation. Si nous posons des actes sinc\u00e8res, neutres et impartiaux, la transitons mettra en place des bases qui r\u00e9sisteront au temps et aux intemp\u00e9ries de la nature. Mais si la transition est b\u00e2tie sur du faux et sur du mensonge, le socle qui sera b\u00e2tie ne r\u00e9sistera pas au moindre s\u00e9isme politique. Et pour que cette transition soit la derni\u00e8re comme nous le souhaitons, nous devons \u00eatre en phase avec toutes les composantes de la nation. C\u2019est ma mani\u00e8re de souhaiter bonne f\u00eate aux braves de Guin\u00e9e \u00bb,a-t-il lanc\u00e9.<\/span><\/p>\n<p>Camara Mamadouba<\/p>\n<p>611 46 04 10<\/p>\n","protected":false},"excerpt":{"rendered":"<p>L\u2019humanit\u00e9 a c\u00e9l\u00e9br\u00e9 ce mercredi 08 Mars\u00a0 2023, la journ\u00e9e internationale des droits des femmes.<\/p>\n","protected":false},"author":2,"featured_media":0,"comment_status":"closed","ping_status":"open","sticky":false,"template":"","format":"standard","meta":[],"categories":[3,4],"tags":[229],"yoast_head":"<!-- This site is optimized with the Yoast SEO plugin v19.13 - https:\/\/yoast.com\/wordpress\/plugins\/seo\/ -->\n<title>Journ\u00e9e internationale des femmes: Dr Dansa Kourouma c\u00e9l\u00e8bre le 08 mars avec les femmes d\u2019Avaria. - UNIVERSNEWS224<\/title>\n<meta name=\"robots\" content=\"index, follow, max-snippet:-1, max-image-preview:large, max-video-preview:-1\" \/>\n<link rel=\"canonical\" href=\"https:\/\/universnews224.com\/index.php\/journee-internationale-des-femmes-dr-dansa-kourouma-celebre-le-08-mars-avec-les-femmes-davaria\/\" \/>\n<meta property=\"og:locale\" content=\"fr_FR\" \/>\n<meta property=\"og:type\" content=\"article\" \/>\n<meta property=\"og:title\" content=\"Journ\u00e9e internationale des femmes: Dr Dansa Kourouma c\u00e9l\u00e8bre le 08 mars avec les femmes d\u2019Avaria. - UNIVERSNEWS224\" \/>\n<meta property=\"og:description\" content=\"L\u2019humanit\u00e9 a c\u00e9l\u00e9br\u00e9 ce mercredi 08 Mars\u00a0 2023, la journ\u00e9e internationale des droits des femmes.\" \/>\n<meta property=\"og:url\" content=\"https:\/\/universnews224.com\/index.php\/journee-internationale-des-femmes-dr-dansa-kourouma-celebre-le-08-mars-avec-les-femmes-davaria\/\" \/>\n<meta property=\"og:site_name\" content=\"UNIVERSNEWS224\" \/>\n<meta property=\"article:published_time\" content=\"2023-03-09T09:35:05+00:00\" \/>\n<meta name=\"author\" content=\"La R\u00e9daction\" \/>\n<meta name=\"twitter:label1\" content=\"\u00c9crit par\" \/>\n\t<meta name=\"twitter:data1\" content=\"La R\u00e9daction\" \/>\n\t<meta name=\"twitter:label2\" content=\"Dur\u00e9e de lecture estim\u00e9e\" \/>\n\t<meta name=\"twitter:data2\" content=\"3 minutes\" \/>\n<script type=\"application\/ld+json\" class=\"yoast-schema-graph\">{\"@context\":\"https:\/\/schema.org\",\"@graph\":[{\"@type\":\"Article\",\"@id\":\"https:\/\/universnews224.com\/index.php\/journee-internationale-des-femmes-dr-dansa-kourouma-celebre-le-08-mars-avec-les-femmes-davaria\/#article\",\"isPartOf\":{\"@id\":\"https:\/\/universnews224.com\/index.php\/journee-internationale-des-femmes-dr-dansa-kourouma-celebre-le-08-mars-avec-les-femmes-davaria\/\"},\"author\":{\"name\":\"La R\u00e9daction\",\"@id\":\"https:\/\/universnews224.com\/#\/schema\/person\/a4b7d4f94a4716df60456a491260485e\"},\"headline\":\"Journ\u00e9e internationale des femmes: Dr Dansa Kourouma c\u00e9l\u00e8bre le 08 mars avec les femmes d\u2019Avaria.\",\"datePublished\":\"2023-03-09T09:35:05+00:00\",\"dateModified\":\"2023-03-09T09:35:05+00:00\",\"mainEntityOfPage\":{\"@id\":\"https:\/\/universnews224.com\/index.php\/journee-internationale-des-femmes-dr-dansa-kourouma-celebre-le-08-mars-avec-les-femmes-davaria\/\"},\"wordCount\":477,\"publisher\":{\"@id\":\"https:\/\/universnews224.com\/#organization\"},\"keywords\":[\"La une\"],\"articleSection\":[\"ACTU\",\"POLITIQUE\"],\"inLanguage\":\"fr-FR\"},{\"@type\":\"WebPage\",\"@id\":\"https:\/\/universnews224.com\/index.php\/journee-internationale-des-femmes-dr-dansa-kourouma-celebre-le-08-mars-avec-les-femmes-davaria\/\",\"url\":\"https:\/\/universnews224.com\/index.php\/journee-internationale-des-femmes-dr-dansa-kourouma-celebre-le-08-mars-avec-les-femmes-davaria\/\",\"name\":\"Journ\u00e9e internationale des femmes: Dr Dansa Kourouma c\u00e9l\u00e8bre le 08 mars avec les femmes d\u2019Avaria. - UNIVERSNEWS224\",\"isPartOf\":{\"@id\":\"https:\/\/universnews224.com\/#website\"},\"datePublished\":\"2023-03-09T09:35:05+00:00\",\"dateModified\":\"2023-03-09T09:35:05+00:00\",\"inLanguage\":\"fr-FR\",\"potentialAction\":[{\"@type\":\"ReadAction\",\"target\":[\"https:\/\/universnews224.com\/index.php\/journee-internationale-des-femmes-dr-dansa-kourouma-celebre-le-08-mars-avec-les-femmes-davaria\/\"]}]},{\"@type\":\"WebSite\",\"@id\":\"https:\/\/universnews224.com\/#website\",\"url\":\"https:\/\/universnews224.com\/\",\"name\":\"UNIVERSNEWS224\",\"description\":\"\",\"publisher\":{\"@id\":\"https:\/\/universnews224.com\/#organization\"},\"potentialAction\":[{\"@type\":\"SearchAction\",\"target\":{\"@type\":\"EntryPoint\",\"urlTemplate\":\"https:\/\/universnews224.com\/?s={search_term_string}\"},\"query-input\":\"required name=search_term_string\"}],\"inLanguage\":\"fr-FR\"},{\"@type\":\"Organization\",\"@id\":\"https:\/\/universnews224.com\/#organization\",\"name\":\"UNIVERSNEWS224\",\"url\":\"https:\/\/universnews224.com\/\",\"logo\":{\"@type\":\"ImageObject\",\"inLanguage\":\"fr-FR\",\"@id\":\"https:\/\/universnews224.com\/#\/schema\/logo\/image\/\",\"url\":\"https:\/\/universnews224.com\/wp-content\/uploads\/2022\/08\/cropped-cropped-logoban.jpg\",\"contentUrl\":\"https:\/\/universnews224.com\/wp-content\/uploads\/2022\/08\/cropped-cropped-logoban.jpg\",\"width\":1080,\"height\":138,\"caption\":\"UNIVERSNEWS224\"},\"image\":{\"@id\":\"https:\/\/universnews224.com\/#\/schema\/logo\/image\/\"}},{\"@type\":\"Person\",\"@id\":\"https:\/\/universnews224.com\/#\/schema\/person\/a4b7d4f94a4716df60456a491260485e\",\"name\":\"La R\u00e9daction\",\"image\":{\"@type\":\"ImageObject\",\"inLanguage\":\"fr-FR\",\"@id\":\"https:\/\/universnews224.com\/#\/schema\/person\/image\/\",\"url\":\"https:\/\/secure.gravatar.com\/avatar\/edb90acc7752b23e1b3307ad36c14f0d?s=96&d=mm&r=g\",\"contentUrl\":\"https:\/\/secure.gravatar.com\/avatar\/edb90acc7752b23e1b3307ad36c14f0d?s=96&d=mm&r=g\",\"caption\":\"La R\u00e9daction\"},\"sameAs\":[\"https:\/\/universnews224.com\"],\"url\":\"https:\/\/universnews224.com\/index.php\/author\/m-camara\/\"}]}<\/script>\n<!-- \/ Yoast SEO plugin. -->","yoast_head_json":{"title":"Journ\u00e9e internationale des femmes: Dr Dansa Kourouma c\u00e9l\u00e8bre le 08 mars avec les femmes d\u2019Avaria. - UNIVERSNEWS224","robots":{"index":"index","follow":"follow","max-snippet":"max-snippet:-1","max-image-preview":"max-image-preview:large","max-video-preview":"max-video-preview:-1"},"canonical":"https:\/\/universnews224.com\/index.php\/journee-internationale-des-femmes-dr-dansa-kourouma-celebre-le-08-mars-avec-les-femmes-davaria\/","og_locale":"fr_FR","og_type":"article","og_title":"Journ\u00e9e internationale des femmes: Dr Dansa Kourouma c\u00e9l\u00e8bre le 08 mars avec les femmes d\u2019Avaria. - UNIVERSNEWS224","og_description":"L\u2019humanit\u00e9 a c\u00e9l\u00e9br\u00e9 ce mercredi 08 Mars\u00a0 2023, la journ\u00e9e internationale des droits des femmes.","og_url":"https:\/\/universnews224.com\/index.php\/journee-internationale-des-femmes-dr-dansa-kourouma-celebre-le-08-mars-avec-les-femmes-davaria\/","og_site_name":"UNIVERSNEWS224","article_published_time":"2023-03-09T09:35:05+00:00","author":"La R\u00e9daction","twitter_misc":{"\u00c9crit par":"La R\u00e9daction","Dur\u00e9e de lecture estim\u00e9e":"3 minutes"},"schema":{"@context":"https:\/\/schema.org","@graph":[{"@type":"Article","@id":"https:\/\/universnews224.com\/index.php\/journee-internationale-des-femmes-dr-dansa-kourouma-celebre-le-08-mars-avec-les-femmes-davaria\/#article","isPartOf":{"@id":"https:\/\/universnews224.com\/index.php\/journee-internationale-des-femmes-dr-dansa-kourouma-celebre-le-08-mars-avec-les-femmes-davaria\/"},"author":{"name":"La R\u00e9daction","@id":"https:\/\/universnews224.com\/#\/schema\/person\/a4b7d4f94a4716df60456a491260485e"},"headline":"Journ\u00e9e internationale des femmes: Dr Dansa Kourouma c\u00e9l\u00e8bre le 08 mars avec les femmes d\u2019Avaria.","datePublished":"2023-03-09T09:35:05+00:00","dateModified":"2023-03-09T09:35:05+00:00","mainEntityOfPage":{"@id":"https:\/\/universnews224.com\/index.php\/journee-internationale-des-femmes-dr-dansa-kourouma-celebre-le-08-mars-avec-les-femmes-davaria\/"},"wordCount":477,"publisher":{"@id":"https:\/\/universnews224.com\/#organization"},"keywords":["La une"],"articleSection":["ACTU","POLITIQUE"],"inLanguage":"fr-FR"},{"@type":"WebPage","@id":"https:\/\/universnews224.com\/index.php\/journee-internationale-des-femmes-dr-dansa-kourouma-celebre-le-08-mars-avec-les-femmes-davaria\/","url":"https:\/\/universnews224.com\/index.php\/journee-internationale-des-femmes-dr-dansa-kourouma-celebre-le-08-mars-avec-les-femmes-davaria\/","name":"Journ\u00e9e internationale des femmes: Dr Dansa Kourouma c\u00e9l\u00e8bre le 08 mars avec les femmes d\u2019Avaria. - UNIVERSNEWS224","isPartOf":{"@id":"https:\/\/universnews224.com\/#website"},"datePublished":"2023-03-09T09:35:05+00:00","dateModified":"2023-03-09T09:35:05+00:00","inLanguage":"fr-FR","potentialAction":[{"@type":"ReadAction","target":["https:\/\/universnews224.com\/index.php\/journee-internationale-des-femmes-dr-dansa-kourouma-celebre-le-08-mars-avec-les-femmes-davaria\/"]}]},{"@type":"WebSite","@id":"https:\/\/universnews224.com\/#website","url":"https:\/\/universnews224.com\/","name":"UNIVERSNEWS224","description":"","publisher":{"@id":"https:\/\/universnews224.com\/#organization"},"potentialAction":[{"@type":"SearchAction","target":{"@type":"EntryPoint","urlTemplate":"https:\/\/universnews224.com\/?s={search_term_string}"},"query-input":"required name=search_term_string"}],"inLanguage":"fr-FR"},{"@type":"Organization","@id":"https:\/\/universnews224.com\/#organization","name":"UNIVERSNEWS224","url":"https:\/\/universnews224.com\/","logo":{"@type":"ImageObject","inLanguage":"fr-FR","@id":"https:\/\/universnews224.com\/#\/schema\/logo\/image\/","url":"https:\/\/universnews224.com\/wp-content\/uploads\/2022\/08\/cropped-cropped-logoban.jpg","contentUrl":"https:\/\/universnews224.com\/wp-content\/uploads\/2022\/08\/cropped-cropped-logoban.jpg","width":1080,"height":138,"caption":"UNIVERSNEWS224"},"image":{"@id":"https:\/\/universnews224.com\/#\/schema\/logo\/image\/"}},{"@type":"Person","@id":"https:\/\/universnews224.com\/#\/schema\/person\/a4b7d4f94a4716df60456a491260485e","name":"La R\u00e9daction","image":{"@type":"ImageObject","inLanguage":"fr-FR","@id":"https:\/\/universnews224.com\/#\/schema\/person\/image\/","url":"https:\/\/secure.gravatar.com\/avatar\/edb90acc7752b23e1b3307ad36c14f0d?s=96&d=mm&r=g","contentUrl":"https:\/\/secure.gravatar.com\/avatar\/edb90acc7752b23e1b3307ad36c14f0d?s=96&d=mm&r=g","caption":"La R\u00e9daction"},"sameAs":["https:\/\/universnews224.com"],"url":"https:\/\/universnews224.com\/index.php\/author\/m-camara\/"}]}},"_links":{"self":[{"href":"https:\/\/universnews224.com\/index.php\/wp-json\/wp\/v2\/posts\/3170"}],"collection":[{"href":"https:\/\/universnews224.com\/index.php\/wp-json\/wp\/v2\/posts"}],"about":[{"href":"https:\/\/universnews224.com\/index.php\/wp-json\/wp\/v2\/types\/post"}],"author":[{"embeddable":true,"href":"https:\/\/universnews224.com\/index.php\/wp-json\/wp\/v2\/users\/2"}],"replies":[{"embeddable":true,"href":"https:\/\/universnews224.com\/index.php\/wp-json\/wp\/v2\/comments?post=3170"}],"version-history":[{"count":1,"href":"https:\/\/universnews224.com\/index.php\/wp-json\/wp\/v2\/posts\/3170\/revisions"}],"predecessor-version":[{"id":3171,"href":"https:\/\/universnews224.com\/index.php\/wp-json\/wp\/v2\/posts\/3170\/revisions\/3171"}],"wp:attachment":[{"href":"https:\/\/universnews224.com\/index.php\/wp-json\/wp\/v2\/media?parent=3170"}],"wp:term":[{"taxonomy":"category","embeddable":true,"href":"https:\/\/universnews224.com\/index.php\/wp-json\/wp\/v2\/categories?post=3170"},{"taxonomy":"post_tag","embeddable":true,"href":"https:\/\/universnews224.com\/index.php\/wp-json\/wp\/v2\/tags?post=3170"}],"curies":[{"name":"wp","href":"https:\/\/api.w.org\/{rel}","templated":true}]}}