{"id":3198,"date":"2023-03-13T22:42:40","date_gmt":"2023-03-13T21:42:40","guid":{"rendered":"https:\/\/universnews224.com\/?p=3198"},"modified":"2023-03-13T22:42:40","modified_gmt":"2023-03-13T21:42:40","slug":"cnt-les-conseillers-nationaux-adoptent-le-projet-de-loi-portant-statut-general-des-autorites-administratives-independantes","status":"publish","type":"post","link":"https:\/\/universnews224.com\/index.php\/cnt-les-conseillers-nationaux-adoptent-le-projet-de-loi-portant-statut-general-des-autorites-administratives-independantes\/","title":{"rendered":"CNT: les conseillers nationaux adoptent le projet de Loi portant statut g\u00e9n\u00e9ral des autorit\u00e9s administratives ind\u00e9pendantes."},"content":{"rendered":"<p class=\"p1\"><strong>R\u00e9unis en pl\u00e9ni\u00e8re ce lundi, 13 mars 2023 \u00e0 l\u2019h\u00e9micycle du palais du peuple, les conseillers nationaux de la transition sous l\u2019\u00e9gide son pr\u00e9sident, Dr Dansa Kourouma ont examin\u00e9 et adopt\u00e9 le projet de loi portant statut g\u00e9n\u00e9ral des autorit\u00e9s administratives ind\u00e9pendantes (AAI).<\/strong><\/p>\n<p class=\"p1\"><span class=\"s1\">Dans son discours de circonstance, Ngouamou Fabara Kon\u00e9 l\u2019un des rapporteurs de la commission \u00e9conomique financi\u00e8re et du contr\u00f4le budg\u00e9taire a rappel\u00e9 que lors de la Conf\u00e9rence des pr\u00e9sidents du 13 F\u00e9vrier 2023, la \u00abCommission du Plan, des Affaires Financi\u00e8res et du Contr\u00f4le Budg\u00e9taire a \u00e9t\u00e9 saisie en qualit\u00e9 de Commission de fond \u00e0 l\u2019effet d\u2019examiner pour adoption par le Conseil National de la Transition, le projet de Loi portant Statut g\u00e9n\u00e9ral des Autorit\u00e9s Administratives Ind\u00e9pendantes. La Commission Constitution, Loi Organique, Administration Publique et Organisation Judiciaire, la Commission R\u00e9conciliation, Droits humains, Justice, la Communication, Information ont \u00e9t\u00e9 quant \u00e0 elles saisies comme Commissions d\u2019avis\u00bb, a t-il rappel\u00e9. <\/span><\/p>\n<p class=\"p1\"><span class=\"s1\">Poursuivant, Fabara Kon\u00e9 a indiqu\u00e9 que l\u2019Autorit\u00e9 Administrative Ind\u00e9pendante (AAI) est une institution de l&rsquo;\u00c9tat charg\u00e9e d&rsquo;assurer la\u00a0r\u00e9gulation de secteurs consid\u00e9r\u00e9s comme essentiels\u00a0et pour lesquels l\u2019\u00c9tat n&rsquo;entend pas intervenir directement. <\/span><\/p>\n<p class=\"p1\"><span class=\"s1\">\u00abLes secteurs et domaines devant faire objet de r\u00e9gulation pr\u00e9sentent ou peuvent pr\u00e9senter pour notre pays, des enjeux de protection ou de s\u00e9curit\u00e9, de gouvernance (financi\u00e8re et \u00e9conomique), d\u2019arbitrage ou de souverainet\u00e9. Cela veut dire que ces enjeux sont d\u2019ordre strat\u00e9gique. \u00a0Il est donc indispensable pour la Guin\u00e9e de se doter d\u2019outils particuliers pour renforcer ses instruments de commandement, d\u2019administration et de gestion. De tels dispositifs concourent parall\u00e8lement \u00e0 un ancrage de la d\u00e9mocratie dans notre pays\u00bb, a t-indiqu\u00e9 avant d\u2019ajouter qu\u2019\u00abau regard de ces enjeux, il s\u2019impose \u00e0 notre pays la n\u00e9cessit\u00e9 de prendre les dispositions pour l\u2019organisation et le fonctionnement des diff\u00e9rents secteurs requ\u00e9rant une r\u00e9gulation. Cette r\u00e9gulation part du principe qu\u2019elle devra garantir dans la transparence et l\u2019\u00e9quit\u00e9 les int\u00e9r\u00eats de tous les acteurs concern\u00e9s \u00e0 savoir ceux de l\u2019\u00c9tat, ceux des entreprises priv\u00e9es, ceux des organisations sociales et ceux des populations\u00bb, a t-il soulign\u00e9. <\/span><\/p>\n<p class=\"p1\"><span class=\"s1\">Plus loin, l\u2019honorable Kon\u00e9 dira que<span class=\"Apple-converted-space\">\u00a0 <\/span>des Autorit\u00e9s Administratives Ind\u00e9pendante (AAI) font d\u00e9sormais \u00e0 veiller sur l\u2019impartialit\u00e9 des interventions de l\u2019Etat, du respect des r\u00e8gles de la concurrence, de la jouissance des libert\u00e9s et des droits inh\u00e9rents \u00e0 l\u2019exercice des professions-activit\u00e9s relevant des secteurs r\u00e9gul\u00e9s entre autres.<\/span><\/p>\n<p class=\"p1\"><span class=\"s1\">\u00abIl est \u00e0 noter que dans l\u2019exercice de leur attribution, les AAI peuvent interpeller, arbitrer, sanctionner, pr\u00e9venir, promouvoir, s\u00e9curiser, prot\u00e9ger en toute ind\u00e9pendance afin de garantir\u00a0:\u00a0l\u2019impartialit\u00e9 des interventions de l\u2019\u00c9tat\u00a0; le respect des r\u00e8gles de la concurrence\u00a0; la jouissance des libert\u00e9s et droits inh\u00e9rents \u00e0 l\u2019exercice des professions-activit\u00e9s relevant des secteurs r\u00e9gul\u00e9s\u00a0; la participation inclusive des professionnels des secteurs contr\u00f4l\u00e9s ; la protection des droits des citoyens\u00a0; l\u2019appui aux acteurs et ou op\u00e9rateurs en faveur des meilleures pratiques\u00a0; un bon climat des affaires\u00a0; une meilleure relation entre l\u2019administration et l\u2019administr\u00e9\u00a0\u00bb, a t-il not\u00e9. <\/span><\/p>\n<p class=\"p1\"><span class=\"s1\">Pour sa part, Dr Dansa Kourouma, pr\u00e9sident du CNT a d\u00e9clar\u00e9 que ce projet apporte de fa\u00e7on sp\u00e9cifique un cadre juridique et institutionnel aux Autorit\u00e9s Administratives Ind\u00e9pendantes et comble ainsi le vide juridique laiss\u00e9 par les lois L 056 et L075 statuant sur les Etablissements Publics Administratifs (EPA) et les Soci\u00e9t\u00e9s Publiques Anonymes (SA).<\/span><\/p>\n<p class=\"p1\"><span class=\"s1\">\u00ab\u00a0Les Autorit\u00e9s Administratives Ind\u00e9pendantes sont des autorit\u00e9s de r\u00e9gulation dans les domaines des libert\u00e9s fondamentales et ceux o\u00f9 les Pouvoirs Publics sont partie prenante et en situation de concurrence (\u2026) Nous venons, par cette loi et ses retomb\u00e9es et la longue liste de lois, accords et conventions d\u00e9j\u00e0 adopt\u00e9s par le CNT, participer \u00e0 l\u2019\u0153uvre de refondation et de rectification institutionnelle entam\u00e9e depuis le 05 septembre 2021 par le CNRD. C\u2019est le lieu de f\u00e9liciter le Ministre Secr\u00e9taire g\u00e9n\u00e9ral du Gouvernement et l\u2019ensemble des cadres de son secr\u00e9tariat et du cabinet du Pr\u00e9sident de la Transition, pour leur disponibilit\u00e9 et apports en commission et inter-commissions\u00a0\u00bb, a t-il martel\u00e9. <\/span><\/p>\n<p class=\"p1\"><span class=\"s1\">Il faut noter que cette pl\u00e9ni\u00e8re a \u00e9t\u00e9 marqu\u00e9e par la pr\u00e9sence du\u00a0Conseiller du Pr\u00e9sident de la transition charg\u00e9 des relations avec les institutions,\u00a0Dr Antoine Ako\u00ef\u00a0Sovogui, du Chancelier de l\u2019ordre national de m\u00e9rite, le G\u00e9n\u00e9ral \u00e0 la retraite Ibrahima Sory Diallo, du Pr\u00e9sident de l\u2019Association des maires de Guin\u00e9e, Oumar Camara et de plusieurs autres personnalit\u00e9s.<\/span><\/p>\n<p class=\"p1\"><span class=\"s1\">Camara Mamadouba <\/span><\/p>\n<p class=\"p1\"><span class=\"s1\">611 46 04 10 <\/span><\/p>\n","protected":false},"excerpt":{"rendered":"<p>R\u00e9unis en pl\u00e9ni\u00e8re ce lundi, 13 mars 2023 \u00e0 l\u2019h\u00e9micycle du palais du peuple, les<\/p>\n","protected":false},"author":2,"featured_media":3199,"comment_status":"closed","ping_status":"open","sticky":false,"template":"","format":"standard","meta":[],"categories":[3,4],"tags":[],"yoast_head":"<!-- This site is optimized with the Yoast SEO plugin v19.13 - https:\/\/yoast.com\/wordpress\/plugins\/seo\/ -->\n<title>CNT: les conseillers nationaux adoptent le projet de Loi portant statut g\u00e9n\u00e9ral des autorit\u00e9s administratives ind\u00e9pendantes. - UNIVERSNEWS224<\/title>\n<meta name=\"robots\" content=\"index, follow, max-snippet:-1, max-image-preview:large, max-video-preview:-1\" \/>\n<link rel=\"canonical\" href=\"https:\/\/universnews224.com\/index.php\/cnt-les-conseillers-nationaux-adoptent-le-projet-de-loi-portant-statut-general-des-autorites-administratives-independantes\/\" \/>\n<meta property=\"og:locale\" content=\"fr_FR\" \/>\n<meta property=\"og:type\" content=\"article\" \/>\n<meta property=\"og:title\" content=\"CNT: les conseillers nationaux adoptent le projet de Loi portant statut g\u00e9n\u00e9ral des autorit\u00e9s administratives ind\u00e9pendantes. - UNIVERSNEWS224\" \/>\n<meta property=\"og:description\" content=\"R\u00e9unis en pl\u00e9ni\u00e8re ce lundi, 13 mars 2023 \u00e0 l\u2019h\u00e9micycle du palais du peuple, les\" \/>\n<meta property=\"og:url\" content=\"https:\/\/universnews224.com\/index.php\/cnt-les-conseillers-nationaux-adoptent-le-projet-de-loi-portant-statut-general-des-autorites-administratives-independantes\/\" \/>\n<meta property=\"og:site_name\" content=\"UNIVERSNEWS224\" \/>\n<meta property=\"article:published_time\" content=\"2023-03-13T21:42:40+00:00\" \/>\n<meta property=\"og:image\" content=\"https:\/\/universnews224.com\/wp-content\/uploads\/2023\/03\/8BA99F4B-235C-4CB4-8C66-D48A7ADD1F5F.jpeg\" \/>\n\t<meta property=\"og:image:width\" content=\"1600\" \/>\n\t<meta property=\"og:image:height\" content=\"1066\" \/>\n\t<meta property=\"og:image:type\" content=\"image\/jpeg\" \/>\n<meta name=\"author\" content=\"La R\u00e9daction\" \/>\n<meta name=\"twitter:label1\" content=\"\u00c9crit par\" \/>\n\t<meta name=\"twitter:data1\" content=\"La R\u00e9daction\" \/>\n\t<meta name=\"twitter:label2\" content=\"Dur\u00e9e de lecture estim\u00e9e\" \/>\n\t<meta name=\"twitter:data2\" content=\"4 minutes\" \/>\n<script type=\"application\/ld+json\" class=\"yoast-schema-graph\">{\"@context\":\"https:\/\/schema.org\",\"@graph\":[{\"@type\":\"Article\",\"@id\":\"https:\/\/universnews224.com\/index.php\/cnt-les-conseillers-nationaux-adoptent-le-projet-de-loi-portant-statut-general-des-autorites-administratives-independantes\/#article\",\"isPartOf\":{\"@id\":\"https:\/\/universnews224.com\/index.php\/cnt-les-conseillers-nationaux-adoptent-le-projet-de-loi-portant-statut-general-des-autorites-administratives-independantes\/\"},\"author\":{\"name\":\"La R\u00e9daction\",\"@id\":\"https:\/\/universnews224.com\/#\/schema\/person\/a4b7d4f94a4716df60456a491260485e\"},\"headline\":\"CNT: les conseillers nationaux adoptent le projet de Loi portant statut g\u00e9n\u00e9ral des autorit\u00e9s administratives ind\u00e9pendantes.\",\"datePublished\":\"2023-03-13T21:42:40+00:00\",\"dateModified\":\"2023-03-13T21:42:40+00:00\",\"mainEntityOfPage\":{\"@id\":\"https:\/\/universnews224.com\/index.php\/cnt-les-conseillers-nationaux-adoptent-le-projet-de-loi-portant-statut-general-des-autorites-administratives-independantes\/\"},\"wordCount\":831,\"publisher\":{\"@id\":\"https:\/\/universnews224.com\/#organization\"},\"articleSection\":[\"ACTU\",\"POLITIQUE\"],\"inLanguage\":\"fr-FR\"},{\"@type\":\"WebPage\",\"@id\":\"https:\/\/universnews224.com\/index.php\/cnt-les-conseillers-nationaux-adoptent-le-projet-de-loi-portant-statut-general-des-autorites-administratives-independantes\/\",\"url\":\"https:\/\/universnews224.com\/index.php\/cnt-les-conseillers-nationaux-adoptent-le-projet-de-loi-portant-statut-general-des-autorites-administratives-independantes\/\",\"name\":\"CNT: les conseillers nationaux adoptent le projet de Loi portant statut g\u00e9n\u00e9ral des autorit\u00e9s administratives ind\u00e9pendantes. - UNIVERSNEWS224\",\"isPartOf\":{\"@id\":\"https:\/\/universnews224.com\/#website\"},\"datePublished\":\"2023-03-13T21:42:40+00:00\",\"dateModified\":\"2023-03-13T21:42:40+00:00\",\"inLanguage\":\"fr-FR\",\"potentialAction\":[{\"@type\":\"ReadAction\",\"target\":[\"https:\/\/universnews224.com\/index.php\/cnt-les-conseillers-nationaux-adoptent-le-projet-de-loi-portant-statut-general-des-autorites-administratives-independantes\/\"]}]},{\"@type\":\"WebSite\",\"@id\":\"https:\/\/universnews224.com\/#website\",\"url\":\"https:\/\/universnews224.com\/\",\"name\":\"UNIVERSNEWS224\",\"description\":\"\",\"publisher\":{\"@id\":\"https:\/\/universnews224.com\/#organization\"},\"potentialAction\":[{\"@type\":\"SearchAction\",\"target\":{\"@type\":\"EntryPoint\",\"urlTemplate\":\"https:\/\/universnews224.com\/?s={search_term_string}\"},\"query-input\":\"required name=search_term_string\"}],\"inLanguage\":\"fr-FR\"},{\"@type\":\"Organization\",\"@id\":\"https:\/\/universnews224.com\/#organization\",\"name\":\"UNIVERSNEWS224\",\"url\":\"https:\/\/universnews224.com\/\",\"logo\":{\"@type\":\"ImageObject\",\"inLanguage\":\"fr-FR\",\"@id\":\"https:\/\/universnews224.com\/#\/schema\/logo\/image\/\",\"url\":\"https:\/\/universnews224.com\/wp-content\/uploads\/2022\/08\/cropped-cropped-logoban.jpg\",\"contentUrl\":\"https:\/\/universnews224.com\/wp-content\/uploads\/2022\/08\/cropped-cropped-logoban.jpg\",\"width\":1080,\"height\":138,\"caption\":\"UNIVERSNEWS224\"},\"image\":{\"@id\":\"https:\/\/universnews224.com\/#\/schema\/logo\/image\/\"}},{\"@type\":\"Person\",\"@id\":\"https:\/\/universnews224.com\/#\/schema\/person\/a4b7d4f94a4716df60456a491260485e\",\"name\":\"La R\u00e9daction\",\"image\":{\"@type\":\"ImageObject\",\"inLanguage\":\"fr-FR\",\"@id\":\"https:\/\/universnews224.com\/#\/schema\/person\/image\/\",\"url\":\"https:\/\/secure.gravatar.com\/avatar\/edb90acc7752b23e1b3307ad36c14f0d?s=96&d=mm&r=g\",\"contentUrl\":\"https:\/\/secure.gravatar.com\/avatar\/edb90acc7752b23e1b3307ad36c14f0d?s=96&d=mm&r=g\",\"caption\":\"La R\u00e9daction\"},\"sameAs\":[\"https:\/\/universnews224.com\"],\"url\":\"https:\/\/universnews224.com\/index.php\/author\/m-camara\/\"}]}<\/script>\n<!-- \/ Yoast SEO plugin. -->","yoast_head_json":{"title":"CNT: les conseillers nationaux adoptent le projet de Loi portant statut g\u00e9n\u00e9ral des autorit\u00e9s administratives ind\u00e9pendantes. - UNIVERSNEWS224","robots":{"index":"index","follow":"follow","max-snippet":"max-snippet:-1","max-image-preview":"max-image-preview:large","max-video-preview":"max-video-preview:-1"},"canonical":"https:\/\/universnews224.com\/index.php\/cnt-les-conseillers-nationaux-adoptent-le-projet-de-loi-portant-statut-general-des-autorites-administratives-independantes\/","og_locale":"fr_FR","og_type":"article","og_title":"CNT: les conseillers nationaux adoptent le projet de Loi portant statut g\u00e9n\u00e9ral des autorit\u00e9s administratives ind\u00e9pendantes. - UNIVERSNEWS224","og_description":"R\u00e9unis en pl\u00e9ni\u00e8re ce lundi, 13 mars 2023 \u00e0 l\u2019h\u00e9micycle du palais du peuple, les","og_url":"https:\/\/universnews224.com\/index.php\/cnt-les-conseillers-nationaux-adoptent-le-projet-de-loi-portant-statut-general-des-autorites-administratives-independantes\/","og_site_name":"UNIVERSNEWS224","article_published_time":"2023-03-13T21:42:40+00:00","og_image":[{"width":1600,"height":1066,"url":"https:\/\/universnews224.com\/wp-content\/uploads\/2023\/03\/8BA99F4B-235C-4CB4-8C66-D48A7ADD1F5F.jpeg","type":"image\/jpeg"}],"author":"La R\u00e9daction","twitter_misc":{"\u00c9crit par":"La R\u00e9daction","Dur\u00e9e de lecture estim\u00e9e":"4 minutes"},"schema":{"@context":"https:\/\/schema.org","@graph":[{"@type":"Article","@id":"https:\/\/universnews224.com\/index.php\/cnt-les-conseillers-nationaux-adoptent-le-projet-de-loi-portant-statut-general-des-autorites-administratives-independantes\/#article","isPartOf":{"@id":"https:\/\/universnews224.com\/index.php\/cnt-les-conseillers-nationaux-adoptent-le-projet-de-loi-portant-statut-general-des-autorites-administratives-independantes\/"},"author":{"name":"La R\u00e9daction","@id":"https:\/\/universnews224.com\/#\/schema\/person\/a4b7d4f94a4716df60456a491260485e"},"headline":"CNT: les conseillers nationaux adoptent le projet de Loi portant statut g\u00e9n\u00e9ral des autorit\u00e9s administratives ind\u00e9pendantes.","datePublished":"2023-03-13T21:42:40+00:00","dateModified":"2023-03-13T21:42:40+00:00","mainEntityOfPage":{"@id":"https:\/\/universnews224.com\/index.php\/cnt-les-conseillers-nationaux-adoptent-le-projet-de-loi-portant-statut-general-des-autorites-administratives-independantes\/"},"wordCount":831,"publisher":{"@id":"https:\/\/universnews224.com\/#organization"},"articleSection":["ACTU","POLITIQUE"],"inLanguage":"fr-FR"},{"@type":"WebPage","@id":"https:\/\/universnews224.com\/index.php\/cnt-les-conseillers-nationaux-adoptent-le-projet-de-loi-portant-statut-general-des-autorites-administratives-independantes\/","url":"https:\/\/universnews224.com\/index.php\/cnt-les-conseillers-nationaux-adoptent-le-projet-de-loi-portant-statut-general-des-autorites-administratives-independantes\/","name":"CNT: les conseillers nationaux adoptent le projet de Loi portant statut g\u00e9n\u00e9ral des autorit\u00e9s administratives ind\u00e9pendantes. - UNIVERSNEWS224","isPartOf":{"@id":"https:\/\/universnews224.com\/#website"},"datePublished":"2023-03-13T21:42:40+00:00","dateModified":"2023-03-13T21:42:40+00:00","inLanguage":"fr-FR","potentialAction":[{"@type":"ReadAction","target":["https:\/\/universnews224.com\/index.php\/cnt-les-conseillers-nationaux-adoptent-le-projet-de-loi-portant-statut-general-des-autorites-administratives-independantes\/"]}]},{"@type":"WebSite","@id":"https:\/\/universnews224.com\/#website","url":"https:\/\/universnews224.com\/","name":"UNIVERSNEWS224","description":"","publisher":{"@id":"https:\/\/universnews224.com\/#organization"},"potentialAction":[{"@type":"SearchAction","target":{"@type":"EntryPoint","urlTemplate":"https:\/\/universnews224.com\/?s={search_term_string}"},"query-input":"required name=search_term_string"}],"inLanguage":"fr-FR"},{"@type":"Organization","@id":"https:\/\/universnews224.com\/#organization","name":"UNIVERSNEWS224","url":"https:\/\/universnews224.com\/","logo":{"@type":"ImageObject","inLanguage":"fr-FR","@id":"https:\/\/universnews224.com\/#\/schema\/logo\/image\/","url":"https:\/\/universnews224.com\/wp-content\/uploads\/2022\/08\/cropped-cropped-logoban.jpg","contentUrl":"https:\/\/universnews224.com\/wp-content\/uploads\/2022\/08\/cropped-cropped-logoban.jpg","width":1080,"height":138,"caption":"UNIVERSNEWS224"},"image":{"@id":"https:\/\/universnews224.com\/#\/schema\/logo\/image\/"}},{"@type":"Person","@id":"https:\/\/universnews224.com\/#\/schema\/person\/a4b7d4f94a4716df60456a491260485e","name":"La R\u00e9daction","image":{"@type":"ImageObject","inLanguage":"fr-FR","@id":"https:\/\/universnews224.com\/#\/schema\/person\/image\/","url":"https:\/\/secure.gravatar.com\/avatar\/edb90acc7752b23e1b3307ad36c14f0d?s=96&d=mm&r=g","contentUrl":"https:\/\/secure.gravatar.com\/avatar\/edb90acc7752b23e1b3307ad36c14f0d?s=96&d=mm&r=g","caption":"La R\u00e9daction"},"sameAs":["https:\/\/universnews224.com"],"url":"https:\/\/universnews224.com\/index.php\/author\/m-camara\/"}]}},"_links":{"self":[{"href":"https:\/\/universnews224.com\/index.php\/wp-json\/wp\/v2\/posts\/3198"}],"collection":[{"href":"https:\/\/universnews224.com\/index.php\/wp-json\/wp\/v2\/posts"}],"about":[{"href":"https:\/\/universnews224.com\/index.php\/wp-json\/wp\/v2\/types\/post"}],"author":[{"embeddable":true,"href":"https:\/\/universnews224.com\/index.php\/wp-json\/wp\/v2\/users\/2"}],"replies":[{"embeddable":true,"href":"https:\/\/universnews224.com\/index.php\/wp-json\/wp\/v2\/comments?post=3198"}],"version-history":[{"count":1,"href":"https:\/\/universnews224.com\/index.php\/wp-json\/wp\/v2\/posts\/3198\/revisions"}],"predecessor-version":[{"id":3200,"href":"https:\/\/universnews224.com\/index.php\/wp-json\/wp\/v2\/posts\/3198\/revisions\/3200"}],"wp:featuredmedia":[{"embeddable":true,"href":"https:\/\/universnews224.com\/index.php\/wp-json\/wp\/v2\/media\/3199"}],"wp:attachment":[{"href":"https:\/\/universnews224.com\/index.php\/wp-json\/wp\/v2\/media?parent=3198"}],"wp:term":[{"taxonomy":"category","embeddable":true,"href":"https:\/\/universnews224.com\/index.php\/wp-json\/wp\/v2\/categories?post=3198"},{"taxonomy":"post_tag","embeddable":true,"href":"https:\/\/universnews224.com\/index.php\/wp-json\/wp\/v2\/tags?post=3198"}],"curies":[{"name":"wp","href":"https:\/\/api.w.org\/{rel}","templated":true}]}}