{"id":3209,"date":"2023-03-14T21:37:13","date_gmt":"2023-03-14T20:37:13","guid":{"rendered":"https:\/\/universnews224.com\/?p=3209"},"modified":"2023-03-14T21:37:13","modified_gmt":"2023-03-14T20:37:13","slug":"urgent-la-manifestation-du-15-mars-reportee-au-lundi-20-mars-par-les-fvg-communique","status":"publish","type":"post","link":"https:\/\/universnews224.com\/index.php\/urgent-la-manifestation-du-15-mars-reportee-au-lundi-20-mars-par-les-fvg-communique\/","title":{"rendered":"Urgent: la manifestation du 15 mars report\u00e9e au lundi 20 mars par les FVG (communiqu\u00e9)"},"content":{"rendered":"<p>Les Forces Vives de Guin\u00e9e (FVG), constitu\u00e9es par le FNDC, le Forum des Forces Sociales, l\u2019ANAD, le FNDC politique, le RPG-AEC et Alli\u00e9s et le Forum des Forces Politiques, <strong>informent l\u2019opinion nationale et internationale que la manifestation pacifique, initialement pr\u00e9vue le mercredi 15 mars 2023, dans le Grand Conakry, est report\u00e9e au lundi 20 mars 2023. <\/strong><\/p>\n<p>Cette manifestation, dont l\u2019itin\u00e9raire sera communiqu\u00e9 ult\u00e9rieurement, a pour objectif de :<\/p>\n<ul>\n<li>exiger l\u2019arr\u00eat des harc\u00e8lements judiciaires fantaisistes des leaders politiques et des acteurs de la soci\u00e9t\u00e9 civile dont certains sont arbitrairement d\u00e9tenus sans jugement depuis de longs mois.<\/li>\n<li>exiger l\u2019ouverture d\u2019un dialogue politique inclusif et cr\u00e9dible sous l\u2019\u00e9gide de la CEDEAO pour d\u00e9finir de mani\u00e8re consensuelle les conditions du retour \u00e0 l\u2019ordre constitutionnel.<\/li>\n<li>exiger la lev\u00e9e de la suspension des manifestations pacifiques dans les rues et sur les places publiques pour respecter la Charte de la Transition et les engagements internationaux de la R\u00e9publique de Guin\u00e9e.<\/li>\n<\/ul>\n<p>Les Forces Vives de Guin\u00e9e justifient ces reports par leur souci de voir prosp\u00e9rer les d\u00e9marches entam\u00e9es par les autorit\u00e9s religieuses du pays pour calmer les tensions sociopolitiques et cr\u00e9er un climat susceptible de favoriser la d\u00e9crispation et l\u2019ouverture d\u2019un dialogue cr\u00e9dible.<\/p>\n<p>Mais, tirant les cons\u00e9quences des derniers \u00e9v\u00e8nements, les Forces Vives de Guin\u00e9e <strong>invitent tous les citoyens \u00e9pris de paix, de justice et de d\u00e9mocratie, \u00e0 se mobiliser massivement pour exiger le strict respect de la Charte de la Transition et les engagements pris par le pr\u00e9sident du CNRD, en participant \u00e0 cette manifestation pacifique pr\u00e9vue le lundi 20 mars 2023 dans le Grand Conakry<\/strong>.<\/p>\n<p>&nbsp;<\/p>\n<p>Conakry, le 14 mars 2023<\/p>\n<p>&nbsp;<\/p>\n<p><strong>Les Forces Vives de Guin\u00e9e (FVG)<\/strong><\/p>\n<div id=\"taboola-below-article-thumbnails\" class=\" trc_related_container trc_spotlight_widget tbl-feed-container tbl-feed-partial-width tbl-feed-frame-DIVIDER  render-late-effect\" data-feed-container-num=\"1\" data-feed-main-container-id=\"taboola-below-article-thumbnails\" data-parent-placement-name=\"below-article\" data-pub-lang=\"fr\">\n<div class=\" tbl-feed-header tbl-logo-right-position\">\n<div class=\"tbl-feed-header-logo\"><\/div>\n<\/div>\n<div id=\"taboola-below-article-thumbnails-pl1\" class=\" trc_related_container trc_spotlight_widget trc_elastic trc_elastic_thumbs-feed-01-delta  tbl-feed-card \" data-card-index=\"1\" data-batch-num=\"1\" data-placement-name=\"below-article | Card 1\">\n<div class=\"trc_rbox_container\">\n<div>\n<div id=\"trc_wrapper_83625\" class=\"trc_rbox thumbs-feed-01-delta trc-content-sponsored \">\n<div id=\"outer_83625\" class=\"trc_rbox_outer\">\n<div id=\"rbox-t2v\" class=\"trc_rbox_div trc_rbox_border_elm\">\n<div id=\"internal_trc_83625\">\n<div class=\"videoCube trc_spotlight_item origin-undefined thumbnail_top syndicatedItem textItem videoCube_1_child trc-first-recommendation trc-spotlight-first-recommendation \" data-item-id=\"~~V1~~-37661314748161927~~6eZwsZ9j1MPl35JO27_8-3hHY5fcPxlmrYRtHDy58p_6nH0OabNJtzzP-ddPU2nvK8Bm7FKD2NW1M1BCiW1-kuMDMqg65-jJbi04eURsbtqeHe1S9jo_X4timp5pCZhQQas41f4COFvufOf52grWNe487k0pvO_9ezrwRupEiSMB7CKWDYR-vkpxcdUUzOgEqMBBvkdfag99mRDkZdH7GWyqPyYAJiLv4Bwf13D6xIn1Gl3g9EZ1_cbnDcpblNGvMiO4tspcKp2GXkb9f0LNULT_KGFdD1etn4hCdxpL3ZQFObtlQWKdAk7gcIM8YnXN7VkODyVu589y2027397e1_ohrRRL2n_Mr0aylFgMUlw\" data-item-title=\"Voici ce que les villas de Duba\u00ef pourraient vous co\u00fbter\u00a0! (Voir Tarifs)\" data-item-thumb=\"http:\/\/cdn.taboola.com\/libtrc\/static\/thumbnails\/GETTY_IMAGES\/EPL\/1283532143__s9HOp3mq.jpg\" data-item-syndicated=\"true\">\n<div class=\"thumbBlock_holder\"><\/div>\n<\/div>\n<\/div>\n<\/div>\n<\/div>\n<\/div>\n<\/div>\n<\/div>\n<\/div>\n<\/div>\n","protected":false},"excerpt":{"rendered":"<p>Les Forces Vives de Guin\u00e9e (FVG), constitu\u00e9es par le FNDC, le Forum des Forces Sociales,<\/p>\n","protected":false},"author":2,"featured_media":3210,"comment_status":"closed","ping_status":"open","sticky":false,"template":"","format":"standard","meta":[],"categories":[3,4],"tags":[229],"yoast_head":"<!-- This site is optimized with the Yoast SEO plugin v19.13 - https:\/\/yoast.com\/wordpress\/plugins\/seo\/ -->\n<title>Urgent: la manifestation du 15 mars report\u00e9e au lundi 20 mars par les FVG (communiqu\u00e9) - UNIVERSNEWS224<\/title>\n<meta name=\"robots\" content=\"index, follow, max-snippet:-1, max-image-preview:large, max-video-preview:-1\" \/>\n<link rel=\"canonical\" href=\"https:\/\/universnews224.com\/index.php\/urgent-la-manifestation-du-15-mars-reportee-au-lundi-20-mars-par-les-fvg-communique\/\" \/>\n<meta property=\"og:locale\" content=\"fr_FR\" \/>\n<meta property=\"og:type\" content=\"article\" \/>\n<meta property=\"og:title\" content=\"Urgent: la manifestation du 15 mars report\u00e9e au lundi 20 mars par les FVG (communiqu\u00e9) - UNIVERSNEWS224\" \/>\n<meta property=\"og:description\" content=\"Les Forces Vives de Guin\u00e9e (FVG), constitu\u00e9es par le FNDC, le Forum des Forces Sociales,\" \/>\n<meta property=\"og:url\" content=\"https:\/\/universnews224.com\/index.php\/urgent-la-manifestation-du-15-mars-reportee-au-lundi-20-mars-par-les-fvg-communique\/\" \/>\n<meta property=\"og:site_name\" content=\"UNIVERSNEWS224\" \/>\n<meta property=\"article:published_time\" content=\"2023-03-14T20:37:13+00:00\" \/>\n<meta property=\"og:image\" content=\"https:\/\/universnews224.com\/wp-content\/uploads\/2023\/03\/B9F5A392-EFD6-4270-A304-EC68A5D80937.jpeg\" \/>\n\t<meta property=\"og:image:width\" content=\"700\" \/>\n\t<meta property=\"og:image:height\" content=\"375\" \/>\n\t<meta property=\"og:image:type\" content=\"image\/jpeg\" \/>\n<meta name=\"author\" content=\"La R\u00e9daction\" \/>\n<meta name=\"twitter:label1\" content=\"\u00c9crit par\" \/>\n\t<meta name=\"twitter:data1\" content=\"La R\u00e9daction\" \/>\n\t<meta name=\"twitter:label2\" content=\"Dur\u00e9e de lecture estim\u00e9e\" \/>\n\t<meta name=\"twitter:data2\" content=\"2 minutes\" \/>\n<script type=\"application\/ld+json\" class=\"yoast-schema-graph\">{\"@context\":\"https:\/\/schema.org\",\"@graph\":[{\"@type\":\"Article\",\"@id\":\"https:\/\/universnews224.com\/index.php\/urgent-la-manifestation-du-15-mars-reportee-au-lundi-20-mars-par-les-fvg-communique\/#article\",\"isPartOf\":{\"@id\":\"https:\/\/universnews224.com\/index.php\/urgent-la-manifestation-du-15-mars-reportee-au-lundi-20-mars-par-les-fvg-communique\/\"},\"author\":{\"name\":\"La R\u00e9daction\",\"@id\":\"https:\/\/universnews224.com\/#\/schema\/person\/a4b7d4f94a4716df60456a491260485e\"},\"headline\":\"Urgent: la manifestation du 15 mars report\u00e9e au lundi 20 mars par les FVG (communiqu\u00e9)\",\"datePublished\":\"2023-03-14T20:37:13+00:00\",\"dateModified\":\"2023-03-14T20:37:13+00:00\",\"mainEntityOfPage\":{\"@id\":\"https:\/\/universnews224.com\/index.php\/urgent-la-manifestation-du-15-mars-reportee-au-lundi-20-mars-par-les-fvg-communique\/\"},\"wordCount\":316,\"publisher\":{\"@id\":\"https:\/\/universnews224.com\/#organization\"},\"keywords\":[\"La une\"],\"articleSection\":[\"ACTU\",\"POLITIQUE\"],\"inLanguage\":\"fr-FR\"},{\"@type\":\"WebPage\",\"@id\":\"https:\/\/universnews224.com\/index.php\/urgent-la-manifestation-du-15-mars-reportee-au-lundi-20-mars-par-les-fvg-communique\/\",\"url\":\"https:\/\/universnews224.com\/index.php\/urgent-la-manifestation-du-15-mars-reportee-au-lundi-20-mars-par-les-fvg-communique\/\",\"name\":\"Urgent: la manifestation du 15 mars report\u00e9e au lundi 20 mars par les FVG (communiqu\u00e9) - UNIVERSNEWS224\",\"isPartOf\":{\"@id\":\"https:\/\/universnews224.com\/#website\"},\"datePublished\":\"2023-03-14T20:37:13+00:00\",\"dateModified\":\"2023-03-14T20:37:13+00:00\",\"inLanguage\":\"fr-FR\",\"potentialAction\":[{\"@type\":\"ReadAction\",\"target\":[\"https:\/\/universnews224.com\/index.php\/urgent-la-manifestation-du-15-mars-reportee-au-lundi-20-mars-par-les-fvg-communique\/\"]}]},{\"@type\":\"WebSite\",\"@id\":\"https:\/\/universnews224.com\/#website\",\"url\":\"https:\/\/universnews224.com\/\",\"name\":\"UNIVERSNEWS224\",\"description\":\"\",\"publisher\":{\"@id\":\"https:\/\/universnews224.com\/#organization\"},\"potentialAction\":[{\"@type\":\"SearchAction\",\"target\":{\"@type\":\"EntryPoint\",\"urlTemplate\":\"https:\/\/universnews224.com\/?s={search_term_string}\"},\"query-input\":\"required name=search_term_string\"}],\"inLanguage\":\"fr-FR\"},{\"@type\":\"Organization\",\"@id\":\"https:\/\/universnews224.com\/#organization\",\"name\":\"UNIVERSNEWS224\",\"url\":\"https:\/\/universnews224.com\/\",\"logo\":{\"@type\":\"ImageObject\",\"inLanguage\":\"fr-FR\",\"@id\":\"https:\/\/universnews224.com\/#\/schema\/logo\/image\/\",\"url\":\"https:\/\/universnews224.com\/wp-content\/uploads\/2022\/08\/cropped-cropped-logoban.jpg\",\"contentUrl\":\"https:\/\/universnews224.com\/wp-content\/uploads\/2022\/08\/cropped-cropped-logoban.jpg\",\"width\":1080,\"height\":138,\"caption\":\"UNIVERSNEWS224\"},\"image\":{\"@id\":\"https:\/\/universnews224.com\/#\/schema\/logo\/image\/\"}},{\"@type\":\"Person\",\"@id\":\"https:\/\/universnews224.com\/#\/schema\/person\/a4b7d4f94a4716df60456a491260485e\",\"name\":\"La R\u00e9daction\",\"image\":{\"@type\":\"ImageObject\",\"inLanguage\":\"fr-FR\",\"@id\":\"https:\/\/universnews224.com\/#\/schema\/person\/image\/\",\"url\":\"https:\/\/secure.gravatar.com\/avatar\/edb90acc7752b23e1b3307ad36c14f0d?s=96&d=mm&r=g\",\"contentUrl\":\"https:\/\/secure.gravatar.com\/avatar\/edb90acc7752b23e1b3307ad36c14f0d?s=96&d=mm&r=g\",\"caption\":\"La R\u00e9daction\"},\"sameAs\":[\"https:\/\/universnews224.com\"],\"url\":\"https:\/\/universnews224.com\/index.php\/author\/m-camara\/\"}]}<\/script>\n<!-- \/ Yoast SEO plugin. -->","yoast_head_json":{"title":"Urgent: la manifestation du 15 mars report\u00e9e au lundi 20 mars par les FVG (communiqu\u00e9) - UNIVERSNEWS224","robots":{"index":"index","follow":"follow","max-snippet":"max-snippet:-1","max-image-preview":"max-image-preview:large","max-video-preview":"max-video-preview:-1"},"canonical":"https:\/\/universnews224.com\/index.php\/urgent-la-manifestation-du-15-mars-reportee-au-lundi-20-mars-par-les-fvg-communique\/","og_locale":"fr_FR","og_type":"article","og_title":"Urgent: la manifestation du 15 mars report\u00e9e au lundi 20 mars par les FVG (communiqu\u00e9) - UNIVERSNEWS224","og_description":"Les Forces Vives de Guin\u00e9e (FVG), constitu\u00e9es par le FNDC, le Forum des Forces Sociales,","og_url":"https:\/\/universnews224.com\/index.php\/urgent-la-manifestation-du-15-mars-reportee-au-lundi-20-mars-par-les-fvg-communique\/","og_site_name":"UNIVERSNEWS224","article_published_time":"2023-03-14T20:37:13+00:00","og_image":[{"width":700,"height":375,"url":"https:\/\/universnews224.com\/wp-content\/uploads\/2023\/03\/B9F5A392-EFD6-4270-A304-EC68A5D80937.jpeg","type":"image\/jpeg"}],"author":"La R\u00e9daction","twitter_misc":{"\u00c9crit par":"La R\u00e9daction","Dur\u00e9e de lecture estim\u00e9e":"2 minutes"},"schema":{"@context":"https:\/\/schema.org","@graph":[{"@type":"Article","@id":"https:\/\/universnews224.com\/index.php\/urgent-la-manifestation-du-15-mars-reportee-au-lundi-20-mars-par-les-fvg-communique\/#article","isPartOf":{"@id":"https:\/\/universnews224.com\/index.php\/urgent-la-manifestation-du-15-mars-reportee-au-lundi-20-mars-par-les-fvg-communique\/"},"author":{"name":"La R\u00e9daction","@id":"https:\/\/universnews224.com\/#\/schema\/person\/a4b7d4f94a4716df60456a491260485e"},"headline":"Urgent: la manifestation du 15 mars report\u00e9e au lundi 20 mars par les FVG (communiqu\u00e9)","datePublished":"2023-03-14T20:37:13+00:00","dateModified":"2023-03-14T20:37:13+00:00","mainEntityOfPage":{"@id":"https:\/\/universnews224.com\/index.php\/urgent-la-manifestation-du-15-mars-reportee-au-lundi-20-mars-par-les-fvg-communique\/"},"wordCount":316,"publisher":{"@id":"https:\/\/universnews224.com\/#organization"},"keywords":["La une"],"articleSection":["ACTU","POLITIQUE"],"inLanguage":"fr-FR"},{"@type":"WebPage","@id":"https:\/\/universnews224.com\/index.php\/urgent-la-manifestation-du-15-mars-reportee-au-lundi-20-mars-par-les-fvg-communique\/","url":"https:\/\/universnews224.com\/index.php\/urgent-la-manifestation-du-15-mars-reportee-au-lundi-20-mars-par-les-fvg-communique\/","name":"Urgent: la manifestation du 15 mars report\u00e9e au lundi 20 mars par les FVG (communiqu\u00e9) - UNIVERSNEWS224","isPartOf":{"@id":"https:\/\/universnews224.com\/#website"},"datePublished":"2023-03-14T20:37:13+00:00","dateModified":"2023-03-14T20:37:13+00:00","inLanguage":"fr-FR","potentialAction":[{"@type":"ReadAction","target":["https:\/\/universnews224.com\/index.php\/urgent-la-manifestation-du-15-mars-reportee-au-lundi-20-mars-par-les-fvg-communique\/"]}]},{"@type":"WebSite","@id":"https:\/\/universnews224.com\/#website","url":"https:\/\/universnews224.com\/","name":"UNIVERSNEWS224","description":"","publisher":{"@id":"https:\/\/universnews224.com\/#organization"},"potentialAction":[{"@type":"SearchAction","target":{"@type":"EntryPoint","urlTemplate":"https:\/\/universnews224.com\/?s={search_term_string}"},"query-input":"required name=search_term_string"}],"inLanguage":"fr-FR"},{"@type":"Organization","@id":"https:\/\/universnews224.com\/#organization","name":"UNIVERSNEWS224","url":"https:\/\/universnews224.com\/","logo":{"@type":"ImageObject","inLanguage":"fr-FR","@id":"https:\/\/universnews224.com\/#\/schema\/logo\/image\/","url":"https:\/\/universnews224.com\/wp-content\/uploads\/2022\/08\/cropped-cropped-logoban.jpg","contentUrl":"https:\/\/universnews224.com\/wp-content\/uploads\/2022\/08\/cropped-cropped-logoban.jpg","width":1080,"height":138,"caption":"UNIVERSNEWS224"},"image":{"@id":"https:\/\/universnews224.com\/#\/schema\/logo\/image\/"}},{"@type":"Person","@id":"https:\/\/universnews224.com\/#\/schema\/person\/a4b7d4f94a4716df60456a491260485e","name":"La R\u00e9daction","image":{"@type":"ImageObject","inLanguage":"fr-FR","@id":"https:\/\/universnews224.com\/#\/schema\/person\/image\/","url":"https:\/\/secure.gravatar.com\/avatar\/edb90acc7752b23e1b3307ad36c14f0d?s=96&d=mm&r=g","contentUrl":"https:\/\/secure.gravatar.com\/avatar\/edb90acc7752b23e1b3307ad36c14f0d?s=96&d=mm&r=g","caption":"La R\u00e9daction"},"sameAs":["https:\/\/universnews224.com"],"url":"https:\/\/universnews224.com\/index.php\/author\/m-camara\/"}]}},"_links":{"self":[{"href":"https:\/\/universnews224.com\/index.php\/wp-json\/wp\/v2\/posts\/3209"}],"collection":[{"href":"https:\/\/universnews224.com\/index.php\/wp-json\/wp\/v2\/posts"}],"about":[{"href":"https:\/\/universnews224.com\/index.php\/wp-json\/wp\/v2\/types\/post"}],"author":[{"embeddable":true,"href":"https:\/\/universnews224.com\/index.php\/wp-json\/wp\/v2\/users\/2"}],"replies":[{"embeddable":true,"href":"https:\/\/universnews224.com\/index.php\/wp-json\/wp\/v2\/comments?post=3209"}],"version-history":[{"count":1,"href":"https:\/\/universnews224.com\/index.php\/wp-json\/wp\/v2\/posts\/3209\/revisions"}],"predecessor-version":[{"id":3211,"href":"https:\/\/universnews224.com\/index.php\/wp-json\/wp\/v2\/posts\/3209\/revisions\/3211"}],"wp:featuredmedia":[{"embeddable":true,"href":"https:\/\/universnews224.com\/index.php\/wp-json\/wp\/v2\/media\/3210"}],"wp:attachment":[{"href":"https:\/\/universnews224.com\/index.php\/wp-json\/wp\/v2\/media?parent=3209"}],"wp:term":[{"taxonomy":"category","embeddable":true,"href":"https:\/\/universnews224.com\/index.php\/wp-json\/wp\/v2\/categories?post=3209"},{"taxonomy":"post_tag","embeddable":true,"href":"https:\/\/universnews224.com\/index.php\/wp-json\/wp\/v2\/tags?post=3209"}],"curies":[{"name":"wp","href":"https:\/\/api.w.org\/{rel}","templated":true}]}}