{"id":3212,"date":"2023-03-14T21:39:10","date_gmt":"2023-03-14T20:39:10","guid":{"rendered":"https:\/\/universnews224.com\/?p=3212"},"modified":"2023-03-14T21:39:10","modified_gmt":"2023-03-14T20:39:10","slug":"medias-lassociation-guineenne-de-la-presse-ecrite-lance-ses-activites","status":"publish","type":"post","link":"https:\/\/universnews224.com\/index.php\/medias-lassociation-guineenne-de-la-presse-ecrite-lance-ses-activites\/","title":{"rendered":"M\u00e9dias: l\u2019Association Guin\u00e9enne de la Presse \u00c9crite lance ses activit\u00e9s."},"content":{"rendered":"<p>Cr\u00e9\u00e9e il y a huit (8) mois, les membres de l\u2019Association Guin\u00e9enne de la Presse \u00c9crite (AGPE) ont proc\u00e9d\u00e9 ce mardi, 14 mars 2023 \u00e0 la maison de la presse, au lancement officiel de leurs activit\u00e9s.<\/p>\n<p>Dans son discours de circonstance, Kadiatou Cont\u00e9, pr\u00e9sidente AGPE, l\u2019objectif principal de association est de redorer l\u2019image de la presse \u00e9crite en Guin\u00e9e.<\/p>\n<p>\u00abL\u2019Association guin\u00e9enne de la presse \u00e9crite a pour objectif principal le d\u00e9veloppement de la presse \u00e9crite, la formation des journalistes de tout bord. L\u2019AGPE, r\u00e9pond ainsi aux besoins locaux des autorit\u00e9s, des institutions et des associations de m\u00e9dias de Guin\u00e9e. Elle est l\u2019\u00e9manation d\u2019un citoyen responsable de notre pays en mati\u00e8re de la presse comparativement aux autres. La mission principale de l\u2019AGPE, c\u2019est de contribuer au d\u00e9veloppement de la presse \u00e9crite ind\u00e9pendante et responsable en R\u00e9publique de Guin\u00e9e pour d\u00e9fendre les int\u00e9r\u00eats de la profession et par ricochet les biens mat\u00e9riels, moraux de tous ses membres(\u2026) a t-il indiqu\u00e9.<\/p>\n<p>Parlant des perspectives, la pr\u00e9sidente de l\u2019AGPE envisage la cr\u00e9ation d\u2019un site internet pour l\u2019association dont le nom sera l\u2019agape.org<\/p>\n<p>\u00abCe site sera une plate-forme qui sera mise \u00e0 disposition de l\u2019ensemble des organes membres de cette association qui pourront publier la Une non seulement leurs journaux, mais mieux \u00e7a sera une plateforme pour l\u2019ensemble des m\u00e9dias et de la presse de Guin\u00e9e pour se r\u00e9f\u00e9rer afin de comprendre qui a \u00e9dit\u00e9 quoi et quelle est la Une de chacun journaux membres de cette association. Nous \u00e9galement la facilitation de l\u2019impression des journaux membres. Sur le point, nous envisageons cr\u00e9er avec l\u2019aide des partenaires pour la lev\u00e9e des fonds que nous allons faire, cr\u00e9er une imprimerie qui sera d\u00e9di\u00e9e \u00e0 cette association et aux organes membres. Mais entendant, nous comptons cr\u00e9er un partenariat entre les imprimeries qui sont sur place afin de faciliter l\u2019impression pour nos diff\u00e9rents journaux, membres de cette association. Nous aurons \u00e9galement l\u2019organisation de la rentr\u00e9e m\u00e9diatique de la presse nationale et internationale de la presse \u00e9crite et ind\u00e9pendante en Guin\u00e9e, comme \u00e7a se fait ailleurs(\u2026..) a t-elle martel\u00e9.<\/p>\n<p>Il faut rappeler que les organes de presse qui composent de cette association sont autres: le Magazine Tamala, Lynx, le pays, le patriarche, la voix du peuple plus, le journal d\u2019appel d\u2019offre, la riposte, le d\u00e9mocrate, le diplomate, Dolon, le Magazine Emergence, le Fouineur, l\u2019Aigle infos, l\u2019Ind\u00e9pendant, la R\u00e9publique, Affiches guin\u00e9ennes, le Concret.<\/p>\n<p>Camara Mamadouba<br \/>\n611 46 04 10<\/p>\n","protected":false},"excerpt":{"rendered":"<p>Cr\u00e9\u00e9e il y a huit (8) mois, les membres de l\u2019Association Guin\u00e9enne de la Presse<\/p>\n","protected":false},"author":2,"featured_media":3213,"comment_status":"closed","ping_status":"open","sticky":false,"template":"","format":"standard","meta":[],"categories":[3,4],"tags":[229],"yoast_head":"<!-- This site is optimized with the Yoast SEO plugin v19.13 - https:\/\/yoast.com\/wordpress\/plugins\/seo\/ -->\n<title>M\u00e9dias: l\u2019Association Guin\u00e9enne de la Presse \u00c9crite lance ses activit\u00e9s. - UNIVERSNEWS224<\/title>\n<meta name=\"robots\" content=\"index, follow, max-snippet:-1, max-image-preview:large, max-video-preview:-1\" \/>\n<link rel=\"canonical\" href=\"https:\/\/universnews224.com\/index.php\/medias-lassociation-guineenne-de-la-presse-ecrite-lance-ses-activites\/\" \/>\n<meta property=\"og:locale\" content=\"fr_FR\" \/>\n<meta property=\"og:type\" content=\"article\" \/>\n<meta property=\"og:title\" content=\"M\u00e9dias: l\u2019Association Guin\u00e9enne de la Presse \u00c9crite lance ses activit\u00e9s. - UNIVERSNEWS224\" \/>\n<meta property=\"og:description\" content=\"Cr\u00e9\u00e9e il y a huit (8) mois, les membres de l\u2019Association Guin\u00e9enne de la Presse\" \/>\n<meta property=\"og:url\" content=\"https:\/\/universnews224.com\/index.php\/medias-lassociation-guineenne-de-la-presse-ecrite-lance-ses-activites\/\" \/>\n<meta property=\"og:site_name\" content=\"UNIVERSNEWS224\" \/>\n<meta property=\"article:published_time\" content=\"2023-03-14T20:39:10+00:00\" \/>\n<meta property=\"og:image\" content=\"https:\/\/universnews224.com\/wp-content\/uploads\/2023\/03\/2ECDBAC2-B43D-409C-9CA7-EA4010D87F70.jpeg\" \/>\n\t<meta property=\"og:image:width\" content=\"414\" \/>\n\t<meta property=\"og:image:height\" content=\"226\" \/>\n\t<meta property=\"og:image:type\" content=\"image\/jpeg\" \/>\n<meta name=\"author\" content=\"La R\u00e9daction\" \/>\n<meta name=\"twitter:label1\" content=\"\u00c9crit par\" \/>\n\t<meta name=\"twitter:data1\" content=\"La R\u00e9daction\" \/>\n\t<meta name=\"twitter:label2\" content=\"Dur\u00e9e de lecture estim\u00e9e\" \/>\n\t<meta name=\"twitter:data2\" content=\"3 minutes\" \/>\n<script type=\"application\/ld+json\" class=\"yoast-schema-graph\">{\"@context\":\"https:\/\/schema.org\",\"@graph\":[{\"@type\":\"Article\",\"@id\":\"https:\/\/universnews224.com\/index.php\/medias-lassociation-guineenne-de-la-presse-ecrite-lance-ses-activites\/#article\",\"isPartOf\":{\"@id\":\"https:\/\/universnews224.com\/index.php\/medias-lassociation-guineenne-de-la-presse-ecrite-lance-ses-activites\/\"},\"author\":{\"name\":\"La R\u00e9daction\",\"@id\":\"https:\/\/universnews224.com\/#\/schema\/person\/a4b7d4f94a4716df60456a491260485e\"},\"headline\":\"M\u00e9dias: l\u2019Association Guin\u00e9enne de la Presse \u00c9crite lance ses activit\u00e9s.\",\"datePublished\":\"2023-03-14T20:39:10+00:00\",\"dateModified\":\"2023-03-14T20:39:10+00:00\",\"mainEntityOfPage\":{\"@id\":\"https:\/\/universnews224.com\/index.php\/medias-lassociation-guineenne-de-la-presse-ecrite-lance-ses-activites\/\"},\"wordCount\":469,\"publisher\":{\"@id\":\"https:\/\/universnews224.com\/#organization\"},\"keywords\":[\"La une\"],\"articleSection\":[\"ACTU\",\"POLITIQUE\"],\"inLanguage\":\"fr-FR\"},{\"@type\":\"WebPage\",\"@id\":\"https:\/\/universnews224.com\/index.php\/medias-lassociation-guineenne-de-la-presse-ecrite-lance-ses-activites\/\",\"url\":\"https:\/\/universnews224.com\/index.php\/medias-lassociation-guineenne-de-la-presse-ecrite-lance-ses-activites\/\",\"name\":\"M\u00e9dias: l\u2019Association Guin\u00e9enne de la Presse \u00c9crite lance ses activit\u00e9s. - UNIVERSNEWS224\",\"isPartOf\":{\"@id\":\"https:\/\/universnews224.com\/#website\"},\"datePublished\":\"2023-03-14T20:39:10+00:00\",\"dateModified\":\"2023-03-14T20:39:10+00:00\",\"inLanguage\":\"fr-FR\",\"potentialAction\":[{\"@type\":\"ReadAction\",\"target\":[\"https:\/\/universnews224.com\/index.php\/medias-lassociation-guineenne-de-la-presse-ecrite-lance-ses-activites\/\"]}]},{\"@type\":\"WebSite\",\"@id\":\"https:\/\/universnews224.com\/#website\",\"url\":\"https:\/\/universnews224.com\/\",\"name\":\"UNIVERSNEWS224\",\"description\":\"\",\"publisher\":{\"@id\":\"https:\/\/universnews224.com\/#organization\"},\"potentialAction\":[{\"@type\":\"SearchAction\",\"target\":{\"@type\":\"EntryPoint\",\"urlTemplate\":\"https:\/\/universnews224.com\/?s={search_term_string}\"},\"query-input\":\"required name=search_term_string\"}],\"inLanguage\":\"fr-FR\"},{\"@type\":\"Organization\",\"@id\":\"https:\/\/universnews224.com\/#organization\",\"name\":\"UNIVERSNEWS224\",\"url\":\"https:\/\/universnews224.com\/\",\"logo\":{\"@type\":\"ImageObject\",\"inLanguage\":\"fr-FR\",\"@id\":\"https:\/\/universnews224.com\/#\/schema\/logo\/image\/\",\"url\":\"https:\/\/universnews224.com\/wp-content\/uploads\/2022\/08\/cropped-cropped-logoban.jpg\",\"contentUrl\":\"https:\/\/universnews224.com\/wp-content\/uploads\/2022\/08\/cropped-cropped-logoban.jpg\",\"width\":1080,\"height\":138,\"caption\":\"UNIVERSNEWS224\"},\"image\":{\"@id\":\"https:\/\/universnews224.com\/#\/schema\/logo\/image\/\"}},{\"@type\":\"Person\",\"@id\":\"https:\/\/universnews224.com\/#\/schema\/person\/a4b7d4f94a4716df60456a491260485e\",\"name\":\"La R\u00e9daction\",\"image\":{\"@type\":\"ImageObject\",\"inLanguage\":\"fr-FR\",\"@id\":\"https:\/\/universnews224.com\/#\/schema\/person\/image\/\",\"url\":\"https:\/\/secure.gravatar.com\/avatar\/edb90acc7752b23e1b3307ad36c14f0d?s=96&d=mm&r=g\",\"contentUrl\":\"https:\/\/secure.gravatar.com\/avatar\/edb90acc7752b23e1b3307ad36c14f0d?s=96&d=mm&r=g\",\"caption\":\"La R\u00e9daction\"},\"sameAs\":[\"https:\/\/universnews224.com\"],\"url\":\"https:\/\/universnews224.com\/index.php\/author\/m-camara\/\"}]}<\/script>\n<!-- \/ Yoast SEO plugin. -->","yoast_head_json":{"title":"M\u00e9dias: l\u2019Association Guin\u00e9enne de la Presse \u00c9crite lance ses activit\u00e9s. - UNIVERSNEWS224","robots":{"index":"index","follow":"follow","max-snippet":"max-snippet:-1","max-image-preview":"max-image-preview:large","max-video-preview":"max-video-preview:-1"},"canonical":"https:\/\/universnews224.com\/index.php\/medias-lassociation-guineenne-de-la-presse-ecrite-lance-ses-activites\/","og_locale":"fr_FR","og_type":"article","og_title":"M\u00e9dias: l\u2019Association Guin\u00e9enne de la Presse \u00c9crite lance ses activit\u00e9s. - UNIVERSNEWS224","og_description":"Cr\u00e9\u00e9e il y a huit (8) mois, les membres de l\u2019Association Guin\u00e9enne de la Presse","og_url":"https:\/\/universnews224.com\/index.php\/medias-lassociation-guineenne-de-la-presse-ecrite-lance-ses-activites\/","og_site_name":"UNIVERSNEWS224","article_published_time":"2023-03-14T20:39:10+00:00","og_image":[{"width":414,"height":226,"url":"https:\/\/universnews224.com\/wp-content\/uploads\/2023\/03\/2ECDBAC2-B43D-409C-9CA7-EA4010D87F70.jpeg","type":"image\/jpeg"}],"author":"La R\u00e9daction","twitter_misc":{"\u00c9crit par":"La R\u00e9daction","Dur\u00e9e de lecture estim\u00e9e":"3 minutes"},"schema":{"@context":"https:\/\/schema.org","@graph":[{"@type":"Article","@id":"https:\/\/universnews224.com\/index.php\/medias-lassociation-guineenne-de-la-presse-ecrite-lance-ses-activites\/#article","isPartOf":{"@id":"https:\/\/universnews224.com\/index.php\/medias-lassociation-guineenne-de-la-presse-ecrite-lance-ses-activites\/"},"author":{"name":"La R\u00e9daction","@id":"https:\/\/universnews224.com\/#\/schema\/person\/a4b7d4f94a4716df60456a491260485e"},"headline":"M\u00e9dias: l\u2019Association Guin\u00e9enne de la Presse \u00c9crite lance ses activit\u00e9s.","datePublished":"2023-03-14T20:39:10+00:00","dateModified":"2023-03-14T20:39:10+00:00","mainEntityOfPage":{"@id":"https:\/\/universnews224.com\/index.php\/medias-lassociation-guineenne-de-la-presse-ecrite-lance-ses-activites\/"},"wordCount":469,"publisher":{"@id":"https:\/\/universnews224.com\/#organization"},"keywords":["La une"],"articleSection":["ACTU","POLITIQUE"],"inLanguage":"fr-FR"},{"@type":"WebPage","@id":"https:\/\/universnews224.com\/index.php\/medias-lassociation-guineenne-de-la-presse-ecrite-lance-ses-activites\/","url":"https:\/\/universnews224.com\/index.php\/medias-lassociation-guineenne-de-la-presse-ecrite-lance-ses-activites\/","name":"M\u00e9dias: l\u2019Association Guin\u00e9enne de la Presse \u00c9crite lance ses activit\u00e9s. - UNIVERSNEWS224","isPartOf":{"@id":"https:\/\/universnews224.com\/#website"},"datePublished":"2023-03-14T20:39:10+00:00","dateModified":"2023-03-14T20:39:10+00:00","inLanguage":"fr-FR","potentialAction":[{"@type":"ReadAction","target":["https:\/\/universnews224.com\/index.php\/medias-lassociation-guineenne-de-la-presse-ecrite-lance-ses-activites\/"]}]},{"@type":"WebSite","@id":"https:\/\/universnews224.com\/#website","url":"https:\/\/universnews224.com\/","name":"UNIVERSNEWS224","description":"","publisher":{"@id":"https:\/\/universnews224.com\/#organization"},"potentialAction":[{"@type":"SearchAction","target":{"@type":"EntryPoint","urlTemplate":"https:\/\/universnews224.com\/?s={search_term_string}"},"query-input":"required name=search_term_string"}],"inLanguage":"fr-FR"},{"@type":"Organization","@id":"https:\/\/universnews224.com\/#organization","name":"UNIVERSNEWS224","url":"https:\/\/universnews224.com\/","logo":{"@type":"ImageObject","inLanguage":"fr-FR","@id":"https:\/\/universnews224.com\/#\/schema\/logo\/image\/","url":"https:\/\/universnews224.com\/wp-content\/uploads\/2022\/08\/cropped-cropped-logoban.jpg","contentUrl":"https:\/\/universnews224.com\/wp-content\/uploads\/2022\/08\/cropped-cropped-logoban.jpg","width":1080,"height":138,"caption":"UNIVERSNEWS224"},"image":{"@id":"https:\/\/universnews224.com\/#\/schema\/logo\/image\/"}},{"@type":"Person","@id":"https:\/\/universnews224.com\/#\/schema\/person\/a4b7d4f94a4716df60456a491260485e","name":"La R\u00e9daction","image":{"@type":"ImageObject","inLanguage":"fr-FR","@id":"https:\/\/universnews224.com\/#\/schema\/person\/image\/","url":"https:\/\/secure.gravatar.com\/avatar\/edb90acc7752b23e1b3307ad36c14f0d?s=96&d=mm&r=g","contentUrl":"https:\/\/secure.gravatar.com\/avatar\/edb90acc7752b23e1b3307ad36c14f0d?s=96&d=mm&r=g","caption":"La R\u00e9daction"},"sameAs":["https:\/\/universnews224.com"],"url":"https:\/\/universnews224.com\/index.php\/author\/m-camara\/"}]}},"_links":{"self":[{"href":"https:\/\/universnews224.com\/index.php\/wp-json\/wp\/v2\/posts\/3212"}],"collection":[{"href":"https:\/\/universnews224.com\/index.php\/wp-json\/wp\/v2\/posts"}],"about":[{"href":"https:\/\/universnews224.com\/index.php\/wp-json\/wp\/v2\/types\/post"}],"author":[{"embeddable":true,"href":"https:\/\/universnews224.com\/index.php\/wp-json\/wp\/v2\/users\/2"}],"replies":[{"embeddable":true,"href":"https:\/\/universnews224.com\/index.php\/wp-json\/wp\/v2\/comments?post=3212"}],"version-history":[{"count":1,"href":"https:\/\/universnews224.com\/index.php\/wp-json\/wp\/v2\/posts\/3212\/revisions"}],"predecessor-version":[{"id":3214,"href":"https:\/\/universnews224.com\/index.php\/wp-json\/wp\/v2\/posts\/3212\/revisions\/3214"}],"wp:featuredmedia":[{"embeddable":true,"href":"https:\/\/universnews224.com\/index.php\/wp-json\/wp\/v2\/media\/3213"}],"wp:attachment":[{"href":"https:\/\/universnews224.com\/index.php\/wp-json\/wp\/v2\/media?parent=3212"}],"wp:term":[{"taxonomy":"category","embeddable":true,"href":"https:\/\/universnews224.com\/index.php\/wp-json\/wp\/v2\/categories?post=3212"},{"taxonomy":"post_tag","embeddable":true,"href":"https:\/\/universnews224.com\/index.php\/wp-json\/wp\/v2\/tags?post=3212"}],"curies":[{"name":"wp","href":"https:\/\/api.w.org\/{rel}","templated":true}]}}