{"id":3223,"date":"2023-03-15T18:39:35","date_gmt":"2023-03-15T17:39:35","guid":{"rendered":"https:\/\/universnews224.com\/?p=3223"},"modified":"2023-03-15T18:39:35","modified_gmt":"2023-03-15T17:39:35","slug":"crief-laffaire-kassory-et-diane-renvoyee-au-20-mars-pour-leur-comparution-sous-la-diligence-du-parquet-special","status":"publish","type":"post","link":"https:\/\/universnews224.com\/index.php\/crief-laffaire-kassory-et-diane-renvoyee-au-20-mars-pour-leur-comparution-sous-la-diligence-du-parquet-special\/","title":{"rendered":"CRIEF : L\u2019affaire Kassory Et Dian\u00e9 Renvoy\u00e9e Au 20 Mars Pour Leur Comparution Sous La Diligence Du Parquet Sp\u00e9cial"},"content":{"rendered":"<p>Dr Kassory Fofana et Mohamed Dian\u00e9 ont aussi brill\u00e9 par leur absence \u00e0 l\u2019audience publique de la chambre de jugement de la CRIEF, ce mercredi 15 mars 2023.<\/p>\n<p>A propos de leur refus de compara\u00eetre, le procureur sp\u00e9cial Aly Tour\u00e9 a rappel\u00e9 \u00e0 l\u2019audience qu\u2019en pareil cas, on ne peut que proc\u00e9der \u00e0 un avertissement \u00e0 l\u2019\u00e9gard des pr\u00e9venus.<\/p>\n<p>Toutefois, il dit \u00eatre surpris de constater que les pr\u00e9venus Mohamed Dian\u00e9 et Kassory Fofana ont oppos\u00e9 un refus cat\u00e9gorique de se faire extraire et de se conduire devant la CRIEF pour \u00eatre jug\u00e9s aujourd\u2019hui.<\/p>\n<div class=\"jeg_ad jeg_ad_article jnews_content_inline_ads \">\n<div class=\"ads-wrapper align-center \">\n<div class=\"ads_code\">\n<p><em>\u00ab Pour mat\u00e9rialiser cela, on a commis un huissier de constater sur proc\u00e8s-verbal cette attitude. Ces individus ont cat\u00e9goriquement refus\u00e9 de compara\u00eetre \u00bb<\/em>, a-t-il d\u00e9clar\u00e9 \u00e0 l\u2019audience.<\/p>\n<p>L\u2019avocat de l\u2019\u00c9tat Me P\u00e9p\u00e9 Antoine Lamah dit \u00eatre outr\u00e9 d\u2019apprendre le refus des pr\u00e9venus de comparaitre \u00e0 l\u2019audience de ce jour. Selon lui, les attitudes de Mohamed Dian\u00e9 et Kassory Fofana s\u2019apparentent \u00e0 un d\u00e9ni et \u00e0 un manque de respect \u00e0 l\u2019endroit de la juridiction.<\/p>\n<p><em>Je rappelle ici que force doit rester \u00e0 la loi. Nul n\u2019est au-dessus de la loi. M. Mohamed Dian\u00e9 fait l\u2019objet d\u2019une ordonnance de renvoi par devant la juridiction de ce si\u00e8ge. M. le Procureur sp\u00e9cial pr\u00e8s la CRIEF vient de vous rappeler qu\u2019une lettre d\u2019avertissement a \u00e9t\u00e9 port\u00e9e \u00e0 sa connaissance en bonne et due forme. Est-ce que M. Mohamed Dian\u00e9 est fond\u00e9 \u00e0 imposer son diktat \u00e0 la juridiction que vous pr\u00e9sidez ? Est-ce qu\u2019il revient \u00e0 un pr\u00e9venu d\u2019indiquer \u00e0 une juridiction la marche \u00e0 suivre. L\u2019agent judiciaire de l\u2019\u00c9tat que je repr\u00e9sente consid\u00e8re qu\u2019il ne revient pas \u00e0 une partie au proc\u00e8s de cr\u00e9er les r\u00e8gles de proc\u00e9dure, de dire comment la proc\u00e9dure doit marcher. Cette proc\u00e9dure que vous avez le privil\u00e8ge de diriger \u00e0 travers les d\u00e9bats est bien r\u00e9glement\u00e9e par l\u2019ordonnance de cette juridiction. Et le Code de proc\u00e9dure p\u00e9nale \u00bb,<\/em> a-t-il rappel\u00e9.<\/p>\n<p>Les deux \u00e9tant plac\u00e9s sous mandat de d\u00e9p\u00f4t depuis leur inculpation, Me P\u00e9p\u00e9 a indiqu\u00e9 que l\u2019article 477 du Code de proc\u00e9dure p\u00e9nale est sans ambigu\u00eft\u00e9 \u00e0 cet effet.<\/p>\n<p><em>\u00ab Au jour indiqu\u00e9 pour la comparution \u00e0 l\u2019audience, le pr\u00e9venu en \u00e9tat de d\u00e9tention, y est conduit par la force. Le Minist\u00e8re public a \u00e0 sa port\u00e9e la garde p\u00e9nitentiaire. Il a \u00e0 sa port\u00e9e la force publique. Ces pr\u00e9venus devraient \u00eatre conduits de force ici. Si cela n\u2019est pas fait, nous voudrions que vous puissiez cette affaire \u00e0 une date de votre convenance \u00bb,<\/em> a-t-il indiqu\u00e9.<\/p>\n<p>A l\u2019issue de son intervention, le pr\u00e9sident de la chambre de jugement Kova Zoumanigui, ayant lui-m\u00eame constat\u00e9 leur refus de compara\u00eetre, a renvoy\u00e9 l\u2019affaire au 20 mars 2023 \u00e0 9 heures pour leur comparution sous les diligences du parquet sp\u00e9cial pr\u00e8s la CRIEF.<\/p>\n<p>R\u00e9confort\u00e9 dans sa position, le procureur Aly Tour\u00e9 assure qu\u2019il va proc\u00e9der \u00e0 toutes les diligences n\u00e9cessaires pour les faire compara\u00eetre tel que la chambre de jugement a ordonn\u00e9. <em>\u00ab Et les r\u00e9sultats qui en sortiront nous allons les pr\u00e9senter encore \u00e0 la chambre. C\u2019est \u00e0 elle seule de prendre la d\u00e9cision qui sied \u00bb,<\/em> a-t-il lanc\u00e9.<\/p>\n<\/div>\n<p>Mosaique<\/p>\n<\/div>\n<\/div>\n","protected":false},"excerpt":{"rendered":"<p>Dr Kassory Fofana et Mohamed Dian\u00e9 ont aussi brill\u00e9 par leur absence \u00e0 l\u2019audience publique<\/p>\n","protected":false},"author":2,"featured_media":3224,"comment_status":"closed","ping_status":"open","sticky":false,"template":"","format":"standard","meta":[],"categories":[3,4],"tags":[229],"yoast_head":"<!-- This site is optimized with the Yoast SEO plugin v19.13 - https:\/\/yoast.com\/wordpress\/plugins\/seo\/ -->\n<title>CRIEF : L\u2019affaire Kassory Et Dian\u00e9 Renvoy\u00e9e Au 20 Mars Pour Leur Comparution Sous La Diligence Du Parquet Sp\u00e9cial - UNIVERSNEWS224<\/title>\n<meta name=\"robots\" content=\"index, follow, max-snippet:-1, max-image-preview:large, max-video-preview:-1\" \/>\n<link rel=\"canonical\" href=\"https:\/\/universnews224.com\/index.php\/crief-laffaire-kassory-et-diane-renvoyee-au-20-mars-pour-leur-comparution-sous-la-diligence-du-parquet-special\/\" \/>\n<meta property=\"og:locale\" content=\"fr_FR\" \/>\n<meta property=\"og:type\" content=\"article\" \/>\n<meta property=\"og:title\" content=\"CRIEF : L\u2019affaire Kassory Et Dian\u00e9 Renvoy\u00e9e Au 20 Mars Pour Leur Comparution Sous La Diligence Du Parquet Sp\u00e9cial - UNIVERSNEWS224\" \/>\n<meta property=\"og:description\" content=\"Dr Kassory Fofana et Mohamed Dian\u00e9 ont aussi brill\u00e9 par leur absence \u00e0 l\u2019audience publique\" \/>\n<meta property=\"og:url\" content=\"https:\/\/universnews224.com\/index.php\/crief-laffaire-kassory-et-diane-renvoyee-au-20-mars-pour-leur-comparution-sous-la-diligence-du-parquet-special\/\" \/>\n<meta property=\"og:site_name\" content=\"UNIVERSNEWS224\" \/>\n<meta property=\"article:published_time\" content=\"2023-03-15T17:39:35+00:00\" \/>\n<meta property=\"og:image\" content=\"https:\/\/universnews224.com\/wp-content\/uploads\/2023\/03\/6E83CA37-096B-41A3-AF1E-C17497D89FE6.jpeg\" \/>\n\t<meta property=\"og:image:width\" content=\"654\" \/>\n\t<meta property=\"og:image:height\" content=\"490\" \/>\n\t<meta property=\"og:image:type\" content=\"image\/jpeg\" \/>\n<meta name=\"author\" content=\"La R\u00e9daction\" \/>\n<meta name=\"twitter:label1\" content=\"\u00c9crit par\" \/>\n\t<meta name=\"twitter:data1\" content=\"La R\u00e9daction\" \/>\n\t<meta name=\"twitter:label2\" content=\"Dur\u00e9e de lecture estim\u00e9e\" \/>\n\t<meta name=\"twitter:data2\" content=\"3 minutes\" \/>\n<script type=\"application\/ld+json\" class=\"yoast-schema-graph\">{\"@context\":\"https:\/\/schema.org\",\"@graph\":[{\"@type\":\"Article\",\"@id\":\"https:\/\/universnews224.com\/index.php\/crief-laffaire-kassory-et-diane-renvoyee-au-20-mars-pour-leur-comparution-sous-la-diligence-du-parquet-special\/#article\",\"isPartOf\":{\"@id\":\"https:\/\/universnews224.com\/index.php\/crief-laffaire-kassory-et-diane-renvoyee-au-20-mars-pour-leur-comparution-sous-la-diligence-du-parquet-special\/\"},\"author\":{\"name\":\"La R\u00e9daction\",\"@id\":\"https:\/\/universnews224.com\/#\/schema\/person\/a4b7d4f94a4716df60456a491260485e\"},\"headline\":\"CRIEF : L\u2019affaire Kassory Et Dian\u00e9 Renvoy\u00e9e Au 20 Mars Pour Leur Comparution Sous La Diligence Du Parquet Sp\u00e9cial\",\"datePublished\":\"2023-03-15T17:39:35+00:00\",\"dateModified\":\"2023-03-15T17:39:35+00:00\",\"mainEntityOfPage\":{\"@id\":\"https:\/\/universnews224.com\/index.php\/crief-laffaire-kassory-et-diane-renvoyee-au-20-mars-pour-leur-comparution-sous-la-diligence-du-parquet-special\/\"},\"wordCount\":585,\"publisher\":{\"@id\":\"https:\/\/universnews224.com\/#organization\"},\"keywords\":[\"La une\"],\"articleSection\":[\"ACTU\",\"POLITIQUE\"],\"inLanguage\":\"fr-FR\"},{\"@type\":\"WebPage\",\"@id\":\"https:\/\/universnews224.com\/index.php\/crief-laffaire-kassory-et-diane-renvoyee-au-20-mars-pour-leur-comparution-sous-la-diligence-du-parquet-special\/\",\"url\":\"https:\/\/universnews224.com\/index.php\/crief-laffaire-kassory-et-diane-renvoyee-au-20-mars-pour-leur-comparution-sous-la-diligence-du-parquet-special\/\",\"name\":\"CRIEF : L\u2019affaire Kassory Et Dian\u00e9 Renvoy\u00e9e Au 20 Mars Pour Leur Comparution Sous La Diligence Du Parquet Sp\u00e9cial - UNIVERSNEWS224\",\"isPartOf\":{\"@id\":\"https:\/\/universnews224.com\/#website\"},\"datePublished\":\"2023-03-15T17:39:35+00:00\",\"dateModified\":\"2023-03-15T17:39:35+00:00\",\"inLanguage\":\"fr-FR\",\"potentialAction\":[{\"@type\":\"ReadAction\",\"target\":[\"https:\/\/universnews224.com\/index.php\/crief-laffaire-kassory-et-diane-renvoyee-au-20-mars-pour-leur-comparution-sous-la-diligence-du-parquet-special\/\"]}]},{\"@type\":\"WebSite\",\"@id\":\"https:\/\/universnews224.com\/#website\",\"url\":\"https:\/\/universnews224.com\/\",\"name\":\"UNIVERSNEWS224\",\"description\":\"\",\"publisher\":{\"@id\":\"https:\/\/universnews224.com\/#organization\"},\"potentialAction\":[{\"@type\":\"SearchAction\",\"target\":{\"@type\":\"EntryPoint\",\"urlTemplate\":\"https:\/\/universnews224.com\/?s={search_term_string}\"},\"query-input\":\"required name=search_term_string\"}],\"inLanguage\":\"fr-FR\"},{\"@type\":\"Organization\",\"@id\":\"https:\/\/universnews224.com\/#organization\",\"name\":\"UNIVERSNEWS224\",\"url\":\"https:\/\/universnews224.com\/\",\"logo\":{\"@type\":\"ImageObject\",\"inLanguage\":\"fr-FR\",\"@id\":\"https:\/\/universnews224.com\/#\/schema\/logo\/image\/\",\"url\":\"https:\/\/universnews224.com\/wp-content\/uploads\/2022\/08\/cropped-cropped-logoban.jpg\",\"contentUrl\":\"https:\/\/universnews224.com\/wp-content\/uploads\/2022\/08\/cropped-cropped-logoban.jpg\",\"width\":1080,\"height\":138,\"caption\":\"UNIVERSNEWS224\"},\"image\":{\"@id\":\"https:\/\/universnews224.com\/#\/schema\/logo\/image\/\"}},{\"@type\":\"Person\",\"@id\":\"https:\/\/universnews224.com\/#\/schema\/person\/a4b7d4f94a4716df60456a491260485e\",\"name\":\"La R\u00e9daction\",\"image\":{\"@type\":\"ImageObject\",\"inLanguage\":\"fr-FR\",\"@id\":\"https:\/\/universnews224.com\/#\/schema\/person\/image\/\",\"url\":\"https:\/\/secure.gravatar.com\/avatar\/edb90acc7752b23e1b3307ad36c14f0d?s=96&d=mm&r=g\",\"contentUrl\":\"https:\/\/secure.gravatar.com\/avatar\/edb90acc7752b23e1b3307ad36c14f0d?s=96&d=mm&r=g\",\"caption\":\"La R\u00e9daction\"},\"sameAs\":[\"https:\/\/universnews224.com\"],\"url\":\"https:\/\/universnews224.com\/index.php\/author\/m-camara\/\"}]}<\/script>\n<!-- \/ Yoast SEO plugin. -->","yoast_head_json":{"title":"CRIEF : L\u2019affaire Kassory Et Dian\u00e9 Renvoy\u00e9e Au 20 Mars Pour Leur Comparution Sous La Diligence Du Parquet Sp\u00e9cial - UNIVERSNEWS224","robots":{"index":"index","follow":"follow","max-snippet":"max-snippet:-1","max-image-preview":"max-image-preview:large","max-video-preview":"max-video-preview:-1"},"canonical":"https:\/\/universnews224.com\/index.php\/crief-laffaire-kassory-et-diane-renvoyee-au-20-mars-pour-leur-comparution-sous-la-diligence-du-parquet-special\/","og_locale":"fr_FR","og_type":"article","og_title":"CRIEF : L\u2019affaire Kassory Et Dian\u00e9 Renvoy\u00e9e Au 20 Mars Pour Leur Comparution Sous La Diligence Du Parquet Sp\u00e9cial - UNIVERSNEWS224","og_description":"Dr Kassory Fofana et Mohamed Dian\u00e9 ont aussi brill\u00e9 par leur absence \u00e0 l\u2019audience publique","og_url":"https:\/\/universnews224.com\/index.php\/crief-laffaire-kassory-et-diane-renvoyee-au-20-mars-pour-leur-comparution-sous-la-diligence-du-parquet-special\/","og_site_name":"UNIVERSNEWS224","article_published_time":"2023-03-15T17:39:35+00:00","og_image":[{"width":654,"height":490,"url":"https:\/\/universnews224.com\/wp-content\/uploads\/2023\/03\/6E83CA37-096B-41A3-AF1E-C17497D89FE6.jpeg","type":"image\/jpeg"}],"author":"La R\u00e9daction","twitter_misc":{"\u00c9crit par":"La R\u00e9daction","Dur\u00e9e de lecture estim\u00e9e":"3 minutes"},"schema":{"@context":"https:\/\/schema.org","@graph":[{"@type":"Article","@id":"https:\/\/universnews224.com\/index.php\/crief-laffaire-kassory-et-diane-renvoyee-au-20-mars-pour-leur-comparution-sous-la-diligence-du-parquet-special\/#article","isPartOf":{"@id":"https:\/\/universnews224.com\/index.php\/crief-laffaire-kassory-et-diane-renvoyee-au-20-mars-pour-leur-comparution-sous-la-diligence-du-parquet-special\/"},"author":{"name":"La R\u00e9daction","@id":"https:\/\/universnews224.com\/#\/schema\/person\/a4b7d4f94a4716df60456a491260485e"},"headline":"CRIEF : L\u2019affaire Kassory Et Dian\u00e9 Renvoy\u00e9e Au 20 Mars Pour Leur Comparution Sous La Diligence Du Parquet Sp\u00e9cial","datePublished":"2023-03-15T17:39:35+00:00","dateModified":"2023-03-15T17:39:35+00:00","mainEntityOfPage":{"@id":"https:\/\/universnews224.com\/index.php\/crief-laffaire-kassory-et-diane-renvoyee-au-20-mars-pour-leur-comparution-sous-la-diligence-du-parquet-special\/"},"wordCount":585,"publisher":{"@id":"https:\/\/universnews224.com\/#organization"},"keywords":["La une"],"articleSection":["ACTU","POLITIQUE"],"inLanguage":"fr-FR"},{"@type":"WebPage","@id":"https:\/\/universnews224.com\/index.php\/crief-laffaire-kassory-et-diane-renvoyee-au-20-mars-pour-leur-comparution-sous-la-diligence-du-parquet-special\/","url":"https:\/\/universnews224.com\/index.php\/crief-laffaire-kassory-et-diane-renvoyee-au-20-mars-pour-leur-comparution-sous-la-diligence-du-parquet-special\/","name":"CRIEF : L\u2019affaire Kassory Et Dian\u00e9 Renvoy\u00e9e Au 20 Mars Pour Leur Comparution Sous La Diligence Du Parquet Sp\u00e9cial - UNIVERSNEWS224","isPartOf":{"@id":"https:\/\/universnews224.com\/#website"},"datePublished":"2023-03-15T17:39:35+00:00","dateModified":"2023-03-15T17:39:35+00:00","inLanguage":"fr-FR","potentialAction":[{"@type":"ReadAction","target":["https:\/\/universnews224.com\/index.php\/crief-laffaire-kassory-et-diane-renvoyee-au-20-mars-pour-leur-comparution-sous-la-diligence-du-parquet-special\/"]}]},{"@type":"WebSite","@id":"https:\/\/universnews224.com\/#website","url":"https:\/\/universnews224.com\/","name":"UNIVERSNEWS224","description":"","publisher":{"@id":"https:\/\/universnews224.com\/#organization"},"potentialAction":[{"@type":"SearchAction","target":{"@type":"EntryPoint","urlTemplate":"https:\/\/universnews224.com\/?s={search_term_string}"},"query-input":"required name=search_term_string"}],"inLanguage":"fr-FR"},{"@type":"Organization","@id":"https:\/\/universnews224.com\/#organization","name":"UNIVERSNEWS224","url":"https:\/\/universnews224.com\/","logo":{"@type":"ImageObject","inLanguage":"fr-FR","@id":"https:\/\/universnews224.com\/#\/schema\/logo\/image\/","url":"https:\/\/universnews224.com\/wp-content\/uploads\/2022\/08\/cropped-cropped-logoban.jpg","contentUrl":"https:\/\/universnews224.com\/wp-content\/uploads\/2022\/08\/cropped-cropped-logoban.jpg","width":1080,"height":138,"caption":"UNIVERSNEWS224"},"image":{"@id":"https:\/\/universnews224.com\/#\/schema\/logo\/image\/"}},{"@type":"Person","@id":"https:\/\/universnews224.com\/#\/schema\/person\/a4b7d4f94a4716df60456a491260485e","name":"La R\u00e9daction","image":{"@type":"ImageObject","inLanguage":"fr-FR","@id":"https:\/\/universnews224.com\/#\/schema\/person\/image\/","url":"https:\/\/secure.gravatar.com\/avatar\/edb90acc7752b23e1b3307ad36c14f0d?s=96&d=mm&r=g","contentUrl":"https:\/\/secure.gravatar.com\/avatar\/edb90acc7752b23e1b3307ad36c14f0d?s=96&d=mm&r=g","caption":"La R\u00e9daction"},"sameAs":["https:\/\/universnews224.com"],"url":"https:\/\/universnews224.com\/index.php\/author\/m-camara\/"}]}},"_links":{"self":[{"href":"https:\/\/universnews224.com\/index.php\/wp-json\/wp\/v2\/posts\/3223"}],"collection":[{"href":"https:\/\/universnews224.com\/index.php\/wp-json\/wp\/v2\/posts"}],"about":[{"href":"https:\/\/universnews224.com\/index.php\/wp-json\/wp\/v2\/types\/post"}],"author":[{"embeddable":true,"href":"https:\/\/universnews224.com\/index.php\/wp-json\/wp\/v2\/users\/2"}],"replies":[{"embeddable":true,"href":"https:\/\/universnews224.com\/index.php\/wp-json\/wp\/v2\/comments?post=3223"}],"version-history":[{"count":1,"href":"https:\/\/universnews224.com\/index.php\/wp-json\/wp\/v2\/posts\/3223\/revisions"}],"predecessor-version":[{"id":3225,"href":"https:\/\/universnews224.com\/index.php\/wp-json\/wp\/v2\/posts\/3223\/revisions\/3225"}],"wp:featuredmedia":[{"embeddable":true,"href":"https:\/\/universnews224.com\/index.php\/wp-json\/wp\/v2\/media\/3224"}],"wp:attachment":[{"href":"https:\/\/universnews224.com\/index.php\/wp-json\/wp\/v2\/media?parent=3223"}],"wp:term":[{"taxonomy":"category","embeddable":true,"href":"https:\/\/universnews224.com\/index.php\/wp-json\/wp\/v2\/categories?post=3223"},{"taxonomy":"post_tag","embeddable":true,"href":"https:\/\/universnews224.com\/index.php\/wp-json\/wp\/v2\/tags?post=3223"}],"curies":[{"name":"wp","href":"https:\/\/api.w.org\/{rel}","templated":true}]}}