{"id":3235,"date":"2023-03-17T12:55:50","date_gmt":"2023-03-17T11:55:50","guid":{"rendered":"https:\/\/universnews224.com\/?p=3235"},"modified":"2023-03-17T12:55:50","modified_gmt":"2023-03-17T11:55:50","slug":"manifestation-des-forces-vives-sekou-koundouno-annonce-une-eventuelle-participation-des-structures-de-linterieur-du-pays","status":"publish","type":"post","link":"https:\/\/universnews224.com\/index.php\/manifestation-des-forces-vives-sekou-koundouno-annonce-une-eventuelle-participation-des-structures-de-linterieur-du-pays\/","title":{"rendered":"Manifestation des Forces Vives: Sekou Koundouno annonce une \u00e9ventuelle participation des structures de l\u2019int\u00e9rieur du pays."},"content":{"rendered":"<p class=\"p1\"><span class=\"s1\">Les Forces Vives de Guin\u00e9e ne comptent pas seulement mobiliser dans le grand Conakry pour d\u00e9noncer la gestion unilat\u00e9rale de la transition guin\u00e9enne le lundi prochain. Invit\u00e9 de l\u2019\u00e9mission \u00abMirador\u00bb ce lundi, 17 mars 2023, Sekou Koundouno, responsable Planification et Strat\u00e9gie du FNDC a fait savoir que les structures de l&rsquo;int\u00e9rieur ont exprim\u00e9 la demande de participer \u00e0 la manifestation du lundi prochain. <\/span><\/p>\n<p class=\"p1\"><span class=\"s1\">Selon S\u00e9kou Koundouno, les structures de l&rsquo;int\u00e9rieur ont exprim\u00e9 la demande de participer \u00e0 la prochaine manifestation.<\/span><\/p>\n<p class=\"p1\"><span class=\"s1\">(\u2026)Aujourd&rsquo;hui, les comit\u00e9s de base, les structures de base des partis politiques, de la soci\u00e9t\u00e9 civile et d&rsquo;autres entit\u00e9s membres des forces vives, chacun dans le grand Conakry s&rsquo;active \u00e0 sa mani\u00e8re. Et la bonne nouvelle, les structures de l&rsquo;int\u00e9rieur du pays insistent depuis hier qu&rsquo;elles veulent aussi rentrer dans la danse. Donc, rien n&rsquo;exclut que dans l&rsquo;apr\u00e8s-midi, qu&rsquo;un communiqu\u00e9 des Forces Vives soit diffus\u00e9 pour que \u00e7a soit un mouvement d&rsquo;ensemble de Conakry jusqu&rsquo;\u00e0 l&rsquo;int\u00e9rieur du pays pour qu\u2019on montre \u00e0 ce groupuscule de personnes que rien ne se fera sans qu&rsquo;il n&rsquo;y ait un dialogue pour parler des questions qui assaillent ce pays\u00bb, a t-il indiqu\u00e9. <\/span><\/p>\n<p class=\"p1\"><span class=\"s1\">\u00c0 en croire Sekou Koundouno , une r\u00e9union du comit\u00e9 des leaders se tiendra dans la journ\u00e9e de ce vendredi pour examiner la demande. <\/span><\/p>\n<p class=\"p1\"><span class=\"s1\">\u00abLe comit\u00e9 des leaders se r\u00e9unira tout \u00e0 l&rsquo;heure pour exprimer la demande faite par les structures de l&rsquo;int\u00e9rieur, afin que lundi, toutes les structures de conakry et de l&rsquo;int\u00e9rieur du pays puissent se mettre en mouvement\u00bb, a t-il martel\u00e9. <\/span><\/p>\n<p class=\"p1\"><span class=\"s1\">Camara Mamadouba <\/span><\/p>\n<p class=\"p1\"><span class=\"s1\">611 46 04 10 <\/span><\/p>\n","protected":false},"excerpt":{"rendered":"<p>Les Forces Vives de Guin\u00e9e ne comptent pas seulement mobiliser dans le grand Conakry pour<\/p>\n","protected":false},"author":2,"featured_media":3024,"comment_status":"closed","ping_status":"open","sticky":false,"template":"","format":"standard","meta":[],"categories":[3,4],"tags":[229],"yoast_head":"<!-- This site is optimized with the Yoast SEO plugin v19.13 - https:\/\/yoast.com\/wordpress\/plugins\/seo\/ -->\n<title>Manifestation des Forces Vives: Sekou Koundouno annonce une \u00e9ventuelle participation des structures de l\u2019int\u00e9rieur du pays. - UNIVERSNEWS224<\/title>\n<meta name=\"robots\" content=\"index, follow, max-snippet:-1, max-image-preview:large, max-video-preview:-1\" \/>\n<link rel=\"canonical\" href=\"https:\/\/universnews224.com\/index.php\/manifestation-des-forces-vives-sekou-koundouno-annonce-une-eventuelle-participation-des-structures-de-linterieur-du-pays\/\" \/>\n<meta property=\"og:locale\" content=\"fr_FR\" \/>\n<meta property=\"og:type\" content=\"article\" \/>\n<meta property=\"og:title\" content=\"Manifestation des Forces Vives: Sekou Koundouno annonce une \u00e9ventuelle participation des structures de l\u2019int\u00e9rieur du pays. - UNIVERSNEWS224\" \/>\n<meta property=\"og:description\" content=\"Les Forces Vives de Guin\u00e9e ne comptent pas seulement mobiliser dans le grand Conakry pour\" \/>\n<meta property=\"og:url\" content=\"https:\/\/universnews224.com\/index.php\/manifestation-des-forces-vives-sekou-koundouno-annonce-une-eventuelle-participation-des-structures-de-linterieur-du-pays\/\" \/>\n<meta property=\"og:site_name\" content=\"UNIVERSNEWS224\" \/>\n<meta property=\"article:published_time\" content=\"2023-03-17T11:55:50+00:00\" \/>\n<meta property=\"og:image\" content=\"https:\/\/universnews224.com\/wp-content\/uploads\/2023\/02\/E0D853E9-355B-4913-A6D8-0C4F6ABEB50C.jpeg\" \/>\n\t<meta property=\"og:image:width\" content=\"843\" \/>\n\t<meta property=\"og:image:height\" content=\"775\" \/>\n\t<meta property=\"og:image:type\" content=\"image\/jpeg\" \/>\n<meta name=\"author\" content=\"La R\u00e9daction\" \/>\n<meta name=\"twitter:label1\" content=\"\u00c9crit par\" \/>\n\t<meta name=\"twitter:data1\" content=\"La R\u00e9daction\" \/>\n\t<meta name=\"twitter:label2\" content=\"Dur\u00e9e de lecture estim\u00e9e\" \/>\n\t<meta name=\"twitter:data2\" content=\"2 minutes\" \/>\n<script type=\"application\/ld+json\" class=\"yoast-schema-graph\">{\"@context\":\"https:\/\/schema.org\",\"@graph\":[{\"@type\":\"Article\",\"@id\":\"https:\/\/universnews224.com\/index.php\/manifestation-des-forces-vives-sekou-koundouno-annonce-une-eventuelle-participation-des-structures-de-linterieur-du-pays\/#article\",\"isPartOf\":{\"@id\":\"https:\/\/universnews224.com\/index.php\/manifestation-des-forces-vives-sekou-koundouno-annonce-une-eventuelle-participation-des-structures-de-linterieur-du-pays\/\"},\"author\":{\"name\":\"La R\u00e9daction\",\"@id\":\"https:\/\/universnews224.com\/#\/schema\/person\/a4b7d4f94a4716df60456a491260485e\"},\"headline\":\"Manifestation des Forces Vives: Sekou Koundouno annonce une \u00e9ventuelle participation des structures de l\u2019int\u00e9rieur du pays.\",\"datePublished\":\"2023-03-17T11:55:50+00:00\",\"dateModified\":\"2023-03-17T11:55:50+00:00\",\"mainEntityOfPage\":{\"@id\":\"https:\/\/universnews224.com\/index.php\/manifestation-des-forces-vives-sekou-koundouno-annonce-une-eventuelle-participation-des-structures-de-linterieur-du-pays\/\"},\"wordCount\":285,\"publisher\":{\"@id\":\"https:\/\/universnews224.com\/#organization\"},\"keywords\":[\"La une\"],\"articleSection\":[\"ACTU\",\"POLITIQUE\"],\"inLanguage\":\"fr-FR\"},{\"@type\":\"WebPage\",\"@id\":\"https:\/\/universnews224.com\/index.php\/manifestation-des-forces-vives-sekou-koundouno-annonce-une-eventuelle-participation-des-structures-de-linterieur-du-pays\/\",\"url\":\"https:\/\/universnews224.com\/index.php\/manifestation-des-forces-vives-sekou-koundouno-annonce-une-eventuelle-participation-des-structures-de-linterieur-du-pays\/\",\"name\":\"Manifestation des Forces Vives: Sekou Koundouno annonce une \u00e9ventuelle participation des structures de l\u2019int\u00e9rieur du pays. - UNIVERSNEWS224\",\"isPartOf\":{\"@id\":\"https:\/\/universnews224.com\/#website\"},\"datePublished\":\"2023-03-17T11:55:50+00:00\",\"dateModified\":\"2023-03-17T11:55:50+00:00\",\"inLanguage\":\"fr-FR\",\"potentialAction\":[{\"@type\":\"ReadAction\",\"target\":[\"https:\/\/universnews224.com\/index.php\/manifestation-des-forces-vives-sekou-koundouno-annonce-une-eventuelle-participation-des-structures-de-linterieur-du-pays\/\"]}]},{\"@type\":\"WebSite\",\"@id\":\"https:\/\/universnews224.com\/#website\",\"url\":\"https:\/\/universnews224.com\/\",\"name\":\"UNIVERSNEWS224\",\"description\":\"\",\"publisher\":{\"@id\":\"https:\/\/universnews224.com\/#organization\"},\"potentialAction\":[{\"@type\":\"SearchAction\",\"target\":{\"@type\":\"EntryPoint\",\"urlTemplate\":\"https:\/\/universnews224.com\/?s={search_term_string}\"},\"query-input\":\"required name=search_term_string\"}],\"inLanguage\":\"fr-FR\"},{\"@type\":\"Organization\",\"@id\":\"https:\/\/universnews224.com\/#organization\",\"name\":\"UNIVERSNEWS224\",\"url\":\"https:\/\/universnews224.com\/\",\"logo\":{\"@type\":\"ImageObject\",\"inLanguage\":\"fr-FR\",\"@id\":\"https:\/\/universnews224.com\/#\/schema\/logo\/image\/\",\"url\":\"https:\/\/universnews224.com\/wp-content\/uploads\/2022\/08\/cropped-cropped-logoban.jpg\",\"contentUrl\":\"https:\/\/universnews224.com\/wp-content\/uploads\/2022\/08\/cropped-cropped-logoban.jpg\",\"width\":1080,\"height\":138,\"caption\":\"UNIVERSNEWS224\"},\"image\":{\"@id\":\"https:\/\/universnews224.com\/#\/schema\/logo\/image\/\"}},{\"@type\":\"Person\",\"@id\":\"https:\/\/universnews224.com\/#\/schema\/person\/a4b7d4f94a4716df60456a491260485e\",\"name\":\"La R\u00e9daction\",\"image\":{\"@type\":\"ImageObject\",\"inLanguage\":\"fr-FR\",\"@id\":\"https:\/\/universnews224.com\/#\/schema\/person\/image\/\",\"url\":\"https:\/\/secure.gravatar.com\/avatar\/edb90acc7752b23e1b3307ad36c14f0d?s=96&d=mm&r=g\",\"contentUrl\":\"https:\/\/secure.gravatar.com\/avatar\/edb90acc7752b23e1b3307ad36c14f0d?s=96&d=mm&r=g\",\"caption\":\"La R\u00e9daction\"},\"sameAs\":[\"https:\/\/universnews224.com\"],\"url\":\"https:\/\/universnews224.com\/index.php\/author\/m-camara\/\"}]}<\/script>\n<!-- \/ Yoast SEO plugin. -->","yoast_head_json":{"title":"Manifestation des Forces Vives: Sekou Koundouno annonce une \u00e9ventuelle participation des structures de l\u2019int\u00e9rieur du pays. - UNIVERSNEWS224","robots":{"index":"index","follow":"follow","max-snippet":"max-snippet:-1","max-image-preview":"max-image-preview:large","max-video-preview":"max-video-preview:-1"},"canonical":"https:\/\/universnews224.com\/index.php\/manifestation-des-forces-vives-sekou-koundouno-annonce-une-eventuelle-participation-des-structures-de-linterieur-du-pays\/","og_locale":"fr_FR","og_type":"article","og_title":"Manifestation des Forces Vives: Sekou Koundouno annonce une \u00e9ventuelle participation des structures de l\u2019int\u00e9rieur du pays. - UNIVERSNEWS224","og_description":"Les Forces Vives de Guin\u00e9e ne comptent pas seulement mobiliser dans le grand Conakry pour","og_url":"https:\/\/universnews224.com\/index.php\/manifestation-des-forces-vives-sekou-koundouno-annonce-une-eventuelle-participation-des-structures-de-linterieur-du-pays\/","og_site_name":"UNIVERSNEWS224","article_published_time":"2023-03-17T11:55:50+00:00","og_image":[{"width":843,"height":775,"url":"https:\/\/universnews224.com\/wp-content\/uploads\/2023\/02\/E0D853E9-355B-4913-A6D8-0C4F6ABEB50C.jpeg","type":"image\/jpeg"}],"author":"La R\u00e9daction","twitter_misc":{"\u00c9crit par":"La R\u00e9daction","Dur\u00e9e de lecture estim\u00e9e":"2 minutes"},"schema":{"@context":"https:\/\/schema.org","@graph":[{"@type":"Article","@id":"https:\/\/universnews224.com\/index.php\/manifestation-des-forces-vives-sekou-koundouno-annonce-une-eventuelle-participation-des-structures-de-linterieur-du-pays\/#article","isPartOf":{"@id":"https:\/\/universnews224.com\/index.php\/manifestation-des-forces-vives-sekou-koundouno-annonce-une-eventuelle-participation-des-structures-de-linterieur-du-pays\/"},"author":{"name":"La R\u00e9daction","@id":"https:\/\/universnews224.com\/#\/schema\/person\/a4b7d4f94a4716df60456a491260485e"},"headline":"Manifestation des Forces Vives: Sekou Koundouno annonce une \u00e9ventuelle participation des structures de l\u2019int\u00e9rieur du pays.","datePublished":"2023-03-17T11:55:50+00:00","dateModified":"2023-03-17T11:55:50+00:00","mainEntityOfPage":{"@id":"https:\/\/universnews224.com\/index.php\/manifestation-des-forces-vives-sekou-koundouno-annonce-une-eventuelle-participation-des-structures-de-linterieur-du-pays\/"},"wordCount":285,"publisher":{"@id":"https:\/\/universnews224.com\/#organization"},"keywords":["La une"],"articleSection":["ACTU","POLITIQUE"],"inLanguage":"fr-FR"},{"@type":"WebPage","@id":"https:\/\/universnews224.com\/index.php\/manifestation-des-forces-vives-sekou-koundouno-annonce-une-eventuelle-participation-des-structures-de-linterieur-du-pays\/","url":"https:\/\/universnews224.com\/index.php\/manifestation-des-forces-vives-sekou-koundouno-annonce-une-eventuelle-participation-des-structures-de-linterieur-du-pays\/","name":"Manifestation des Forces Vives: Sekou Koundouno annonce une \u00e9ventuelle participation des structures de l\u2019int\u00e9rieur du pays. - UNIVERSNEWS224","isPartOf":{"@id":"https:\/\/universnews224.com\/#website"},"datePublished":"2023-03-17T11:55:50+00:00","dateModified":"2023-03-17T11:55:50+00:00","inLanguage":"fr-FR","potentialAction":[{"@type":"ReadAction","target":["https:\/\/universnews224.com\/index.php\/manifestation-des-forces-vives-sekou-koundouno-annonce-une-eventuelle-participation-des-structures-de-linterieur-du-pays\/"]}]},{"@type":"WebSite","@id":"https:\/\/universnews224.com\/#website","url":"https:\/\/universnews224.com\/","name":"UNIVERSNEWS224","description":"","publisher":{"@id":"https:\/\/universnews224.com\/#organization"},"potentialAction":[{"@type":"SearchAction","target":{"@type":"EntryPoint","urlTemplate":"https:\/\/universnews224.com\/?s={search_term_string}"},"query-input":"required name=search_term_string"}],"inLanguage":"fr-FR"},{"@type":"Organization","@id":"https:\/\/universnews224.com\/#organization","name":"UNIVERSNEWS224","url":"https:\/\/universnews224.com\/","logo":{"@type":"ImageObject","inLanguage":"fr-FR","@id":"https:\/\/universnews224.com\/#\/schema\/logo\/image\/","url":"https:\/\/universnews224.com\/wp-content\/uploads\/2022\/08\/cropped-cropped-logoban.jpg","contentUrl":"https:\/\/universnews224.com\/wp-content\/uploads\/2022\/08\/cropped-cropped-logoban.jpg","width":1080,"height":138,"caption":"UNIVERSNEWS224"},"image":{"@id":"https:\/\/universnews224.com\/#\/schema\/logo\/image\/"}},{"@type":"Person","@id":"https:\/\/universnews224.com\/#\/schema\/person\/a4b7d4f94a4716df60456a491260485e","name":"La R\u00e9daction","image":{"@type":"ImageObject","inLanguage":"fr-FR","@id":"https:\/\/universnews224.com\/#\/schema\/person\/image\/","url":"https:\/\/secure.gravatar.com\/avatar\/edb90acc7752b23e1b3307ad36c14f0d?s=96&d=mm&r=g","contentUrl":"https:\/\/secure.gravatar.com\/avatar\/edb90acc7752b23e1b3307ad36c14f0d?s=96&d=mm&r=g","caption":"La R\u00e9daction"},"sameAs":["https:\/\/universnews224.com"],"url":"https:\/\/universnews224.com\/index.php\/author\/m-camara\/"}]}},"_links":{"self":[{"href":"https:\/\/universnews224.com\/index.php\/wp-json\/wp\/v2\/posts\/3235"}],"collection":[{"href":"https:\/\/universnews224.com\/index.php\/wp-json\/wp\/v2\/posts"}],"about":[{"href":"https:\/\/universnews224.com\/index.php\/wp-json\/wp\/v2\/types\/post"}],"author":[{"embeddable":true,"href":"https:\/\/universnews224.com\/index.php\/wp-json\/wp\/v2\/users\/2"}],"replies":[{"embeddable":true,"href":"https:\/\/universnews224.com\/index.php\/wp-json\/wp\/v2\/comments?post=3235"}],"version-history":[{"count":1,"href":"https:\/\/universnews224.com\/index.php\/wp-json\/wp\/v2\/posts\/3235\/revisions"}],"predecessor-version":[{"id":3236,"href":"https:\/\/universnews224.com\/index.php\/wp-json\/wp\/v2\/posts\/3235\/revisions\/3236"}],"wp:featuredmedia":[{"embeddable":true,"href":"https:\/\/universnews224.com\/index.php\/wp-json\/wp\/v2\/media\/3024"}],"wp:attachment":[{"href":"https:\/\/universnews224.com\/index.php\/wp-json\/wp\/v2\/media?parent=3235"}],"wp:term":[{"taxonomy":"category","embeddable":true,"href":"https:\/\/universnews224.com\/index.php\/wp-json\/wp\/v2\/categories?post=3235"},{"taxonomy":"post_tag","embeddable":true,"href":"https:\/\/universnews224.com\/index.php\/wp-json\/wp\/v2\/tags?post=3235"}],"curies":[{"name":"wp","href":"https:\/\/api.w.org\/{rel}","templated":true}]}}