{"id":3237,"date":"2023-03-18T11:22:05","date_gmt":"2023-03-18T10:22:05","guid":{"rendered":"https:\/\/universnews224.com\/?p=3237"},"modified":"2023-03-18T11:22:05","modified_gmt":"2023-03-18T10:22:05","slug":"medias-le-vice-president-des-conseils-des-sages-annonce-linauguration-du-nouveau-siege-de-ralan","status":"publish","type":"post","link":"https:\/\/universnews224.com\/index.php\/medias-le-vice-president-des-conseils-des-sages-annonce-linauguration-du-nouveau-siege-de-ralan\/","title":{"rendered":"M\u00e9dias : Le vice pr\u00e9sident des conseils des sages annonce l\u2019inauguration du nouveau si\u00e8ge de RALAN"},"content":{"rendered":"<p>En pr\u00e9lude \u00e0 la c\u00e9r\u00e9monie d\u2019ouverture du nouveau si\u00e8ge pr\u00e9vue le samedi 18 mars 2023 \u00e0 Conakry, le R\u00e9seau des Animateurs en Langues Nationales (RALAN) a organis\u00e9 ce vendredi 17 mars, une c\u00e9r\u00e9monie de lecture du Saint Coran sous la houlette de son pr\u00e9sident dynamique, Seydou Keita pour b\u00e9nir le progr\u00e8s du r\u00e9seau des animateurs en langues.<\/p>\n<p>Dans son intervention, le vice pr\u00e9sident des conseils des sages Laye Douno, n&rsquo;a pas manqu\u00e9 de rendre gr\u00e2ce \u00e0 Allah le tout puissant mis\u00e9ricorde pour ce jour inoubliable de leur carri\u00e8re professionnelle.<br \/>\n\u00ab Vous avez nous sommes des musulmans, de surcroit nous sommes des guin\u00e9ens, aujourd&rsquo;hui je prend la parole au nom de mon pr\u00e9sident Seydou Keita et de son vice pr\u00e9sident, pourquoi je dit que nous sommes des musulmans parce que tout \u00e9v\u00e9nements est accompagn\u00e9s par l&rsquo;invocations de Dieu, nous demandons sa cl\u00e9mence car nous sommes des \u00eatres humains et homme ne sais pas ce qui est r\u00e9serv\u00e9 pour lui, celui qui a dit dans son saint coran \u00a0\u00bb expliqu\u00e9 moi vos probl\u00e8mes je suis l\u00e0 pour la solution\u00a0\u00bb. Quant nous avons pris l&rsquo;initiative d&rsquo;inaugurer notre si\u00e8ge le samedi on a dit de faire comme ce qu&rsquo;on a vu avec nos p\u00e8res nos mamans, un sacrifice avec l&rsquo;aide des bonnes personnes, nous avons puis trouver le minimum par la gr\u00e2ce d&rsquo;Allah et organis\u00e9 cette lecture du saint coran aujourd&rsquo;hui. Donc demain samedi nous comptons inaugur\u00e9 notre si\u00e8ge ici \u00e0 Col\u00e8ah \u00e0 partir de 10h \u00bb, a d\u00e9clar\u00e9 Elhadj Douno<\/p>\n<p>Et d&rsquo;ajouter, \u00ab vous avez cette jeune association \u00e0 \u00e9t\u00e9 cr\u00e9\u00e9 il y&rsquo;a de cela 8ans d&rsquo;autres sont partis et d&rsquo;autres sont rest\u00e9s, et sur l&rsquo;initiative de notre pr\u00e9sident et de son vice pr\u00e9sident qui ce sont battues corps et \u00e2me pour nous trouver un parrain nationale pour notre jeunes association qui est la personne M. Kerfalla personne Camara (KPC) qui nous a aid\u00e9 \u00e0 avoir aujourd&rsquo;hui cette si\u00e8ge et nous voulons faire de RALAN une institution pour mieux faire beaucoup dans notre pays en mati\u00e8re de communication et d&rsquo;information \u00bb, a conclu Elhadj.<\/p>\n<p>&nbsp;<\/p>\n<p>Sana Sylla<\/p>\n","protected":false},"excerpt":{"rendered":"<p>En pr\u00e9lude \u00e0 la c\u00e9r\u00e9monie d\u2019ouverture du nouveau si\u00e8ge pr\u00e9vue le samedi 18 mars 2023<\/p>\n","protected":false},"author":2,"featured_media":3238,"comment_status":"closed","ping_status":"open","sticky":false,"template":"","format":"standard","meta":[],"categories":[3,5],"tags":[229],"yoast_head":"<!-- This site is optimized with the Yoast SEO plugin v19.13 - https:\/\/yoast.com\/wordpress\/plugins\/seo\/ -->\n<title>M\u00e9dias : Le vice pr\u00e9sident des conseils des sages annonce l\u2019inauguration du nouveau si\u00e8ge de RALAN - UNIVERSNEWS224<\/title>\n<meta name=\"robots\" content=\"index, follow, max-snippet:-1, max-image-preview:large, max-video-preview:-1\" \/>\n<link rel=\"canonical\" href=\"https:\/\/universnews224.com\/index.php\/medias-le-vice-president-des-conseils-des-sages-annonce-linauguration-du-nouveau-siege-de-ralan\/\" \/>\n<meta property=\"og:locale\" content=\"fr_FR\" \/>\n<meta property=\"og:type\" content=\"article\" \/>\n<meta property=\"og:title\" content=\"M\u00e9dias : Le vice pr\u00e9sident des conseils des sages annonce l\u2019inauguration du nouveau si\u00e8ge de RALAN - UNIVERSNEWS224\" \/>\n<meta property=\"og:description\" content=\"En pr\u00e9lude \u00e0 la c\u00e9r\u00e9monie d\u2019ouverture du nouveau si\u00e8ge pr\u00e9vue le samedi 18 mars 2023\" \/>\n<meta property=\"og:url\" content=\"https:\/\/universnews224.com\/index.php\/medias-le-vice-president-des-conseils-des-sages-annonce-linauguration-du-nouveau-siege-de-ralan\/\" \/>\n<meta property=\"og:site_name\" content=\"UNIVERSNEWS224\" \/>\n<meta property=\"article:published_time\" content=\"2023-03-18T10:22:05+00:00\" \/>\n<meta property=\"og:image\" content=\"https:\/\/universnews224.com\/wp-content\/uploads\/2023\/03\/9B8E2963-CCC0-4654-B48B-41714898C194.jpeg\" \/>\n\t<meta property=\"og:image:width\" content=\"1024\" \/>\n\t<meta property=\"og:image:height\" content=\"576\" \/>\n\t<meta property=\"og:image:type\" content=\"image\/jpeg\" \/>\n<meta name=\"author\" content=\"La R\u00e9daction\" \/>\n<meta name=\"twitter:label1\" content=\"\u00c9crit par\" \/>\n\t<meta name=\"twitter:data1\" content=\"La R\u00e9daction\" \/>\n\t<meta name=\"twitter:label2\" content=\"Dur\u00e9e de lecture estim\u00e9e\" \/>\n\t<meta name=\"twitter:data2\" content=\"2 minutes\" \/>\n<script type=\"application\/ld+json\" class=\"yoast-schema-graph\">{\"@context\":\"https:\/\/schema.org\",\"@graph\":[{\"@type\":\"Article\",\"@id\":\"https:\/\/universnews224.com\/index.php\/medias-le-vice-president-des-conseils-des-sages-annonce-linauguration-du-nouveau-siege-de-ralan\/#article\",\"isPartOf\":{\"@id\":\"https:\/\/universnews224.com\/index.php\/medias-le-vice-president-des-conseils-des-sages-annonce-linauguration-du-nouveau-siege-de-ralan\/\"},\"author\":{\"name\":\"La R\u00e9daction\",\"@id\":\"https:\/\/universnews224.com\/#\/schema\/person\/a4b7d4f94a4716df60456a491260485e\"},\"headline\":\"M\u00e9dias : Le vice pr\u00e9sident des conseils des sages annonce l\u2019inauguration du nouveau si\u00e8ge de RALAN\",\"datePublished\":\"2023-03-18T10:22:05+00:00\",\"dateModified\":\"2023-03-18T10:22:05+00:00\",\"mainEntityOfPage\":{\"@id\":\"https:\/\/universnews224.com\/index.php\/medias-le-vice-president-des-conseils-des-sages-annonce-linauguration-du-nouveau-siege-de-ralan\/\"},\"wordCount\":385,\"publisher\":{\"@id\":\"https:\/\/universnews224.com\/#organization\"},\"keywords\":[\"La une\"],\"articleSection\":[\"ACTU\",\"SOCI\u00c9T\u00c9\"],\"inLanguage\":\"fr-FR\"},{\"@type\":\"WebPage\",\"@id\":\"https:\/\/universnews224.com\/index.php\/medias-le-vice-president-des-conseils-des-sages-annonce-linauguration-du-nouveau-siege-de-ralan\/\",\"url\":\"https:\/\/universnews224.com\/index.php\/medias-le-vice-president-des-conseils-des-sages-annonce-linauguration-du-nouveau-siege-de-ralan\/\",\"name\":\"M\u00e9dias : Le vice pr\u00e9sident des conseils des sages annonce l\u2019inauguration du nouveau si\u00e8ge de RALAN - UNIVERSNEWS224\",\"isPartOf\":{\"@id\":\"https:\/\/universnews224.com\/#website\"},\"datePublished\":\"2023-03-18T10:22:05+00:00\",\"dateModified\":\"2023-03-18T10:22:05+00:00\",\"inLanguage\":\"fr-FR\",\"potentialAction\":[{\"@type\":\"ReadAction\",\"target\":[\"https:\/\/universnews224.com\/index.php\/medias-le-vice-president-des-conseils-des-sages-annonce-linauguration-du-nouveau-siege-de-ralan\/\"]}]},{\"@type\":\"WebSite\",\"@id\":\"https:\/\/universnews224.com\/#website\",\"url\":\"https:\/\/universnews224.com\/\",\"name\":\"UNIVERSNEWS224\",\"description\":\"\",\"publisher\":{\"@id\":\"https:\/\/universnews224.com\/#organization\"},\"potentialAction\":[{\"@type\":\"SearchAction\",\"target\":{\"@type\":\"EntryPoint\",\"urlTemplate\":\"https:\/\/universnews224.com\/?s={search_term_string}\"},\"query-input\":\"required name=search_term_string\"}],\"inLanguage\":\"fr-FR\"},{\"@type\":\"Organization\",\"@id\":\"https:\/\/universnews224.com\/#organization\",\"name\":\"UNIVERSNEWS224\",\"url\":\"https:\/\/universnews224.com\/\",\"logo\":{\"@type\":\"ImageObject\",\"inLanguage\":\"fr-FR\",\"@id\":\"https:\/\/universnews224.com\/#\/schema\/logo\/image\/\",\"url\":\"https:\/\/universnews224.com\/wp-content\/uploads\/2022\/08\/cropped-cropped-logoban.jpg\",\"contentUrl\":\"https:\/\/universnews224.com\/wp-content\/uploads\/2022\/08\/cropped-cropped-logoban.jpg\",\"width\":1080,\"height\":138,\"caption\":\"UNIVERSNEWS224\"},\"image\":{\"@id\":\"https:\/\/universnews224.com\/#\/schema\/logo\/image\/\"}},{\"@type\":\"Person\",\"@id\":\"https:\/\/universnews224.com\/#\/schema\/person\/a4b7d4f94a4716df60456a491260485e\",\"name\":\"La R\u00e9daction\",\"image\":{\"@type\":\"ImageObject\",\"inLanguage\":\"fr-FR\",\"@id\":\"https:\/\/universnews224.com\/#\/schema\/person\/image\/\",\"url\":\"https:\/\/secure.gravatar.com\/avatar\/edb90acc7752b23e1b3307ad36c14f0d?s=96&d=mm&r=g\",\"contentUrl\":\"https:\/\/secure.gravatar.com\/avatar\/edb90acc7752b23e1b3307ad36c14f0d?s=96&d=mm&r=g\",\"caption\":\"La R\u00e9daction\"},\"sameAs\":[\"https:\/\/universnews224.com\"],\"url\":\"https:\/\/universnews224.com\/index.php\/author\/m-camara\/\"}]}<\/script>\n<!-- \/ Yoast SEO plugin. -->","yoast_head_json":{"title":"M\u00e9dias : Le vice pr\u00e9sident des conseils des sages annonce l\u2019inauguration du nouveau si\u00e8ge de RALAN - UNIVERSNEWS224","robots":{"index":"index","follow":"follow","max-snippet":"max-snippet:-1","max-image-preview":"max-image-preview:large","max-video-preview":"max-video-preview:-1"},"canonical":"https:\/\/universnews224.com\/index.php\/medias-le-vice-president-des-conseils-des-sages-annonce-linauguration-du-nouveau-siege-de-ralan\/","og_locale":"fr_FR","og_type":"article","og_title":"M\u00e9dias : Le vice pr\u00e9sident des conseils des sages annonce l\u2019inauguration du nouveau si\u00e8ge de RALAN - UNIVERSNEWS224","og_description":"En pr\u00e9lude \u00e0 la c\u00e9r\u00e9monie d\u2019ouverture du nouveau si\u00e8ge pr\u00e9vue le samedi 18 mars 2023","og_url":"https:\/\/universnews224.com\/index.php\/medias-le-vice-president-des-conseils-des-sages-annonce-linauguration-du-nouveau-siege-de-ralan\/","og_site_name":"UNIVERSNEWS224","article_published_time":"2023-03-18T10:22:05+00:00","og_image":[{"width":1024,"height":576,"url":"https:\/\/universnews224.com\/wp-content\/uploads\/2023\/03\/9B8E2963-CCC0-4654-B48B-41714898C194.jpeg","type":"image\/jpeg"}],"author":"La R\u00e9daction","twitter_misc":{"\u00c9crit par":"La R\u00e9daction","Dur\u00e9e de lecture estim\u00e9e":"2 minutes"},"schema":{"@context":"https:\/\/schema.org","@graph":[{"@type":"Article","@id":"https:\/\/universnews224.com\/index.php\/medias-le-vice-president-des-conseils-des-sages-annonce-linauguration-du-nouveau-siege-de-ralan\/#article","isPartOf":{"@id":"https:\/\/universnews224.com\/index.php\/medias-le-vice-president-des-conseils-des-sages-annonce-linauguration-du-nouveau-siege-de-ralan\/"},"author":{"name":"La R\u00e9daction","@id":"https:\/\/universnews224.com\/#\/schema\/person\/a4b7d4f94a4716df60456a491260485e"},"headline":"M\u00e9dias : Le vice pr\u00e9sident des conseils des sages annonce l\u2019inauguration du nouveau si\u00e8ge de RALAN","datePublished":"2023-03-18T10:22:05+00:00","dateModified":"2023-03-18T10:22:05+00:00","mainEntityOfPage":{"@id":"https:\/\/universnews224.com\/index.php\/medias-le-vice-president-des-conseils-des-sages-annonce-linauguration-du-nouveau-siege-de-ralan\/"},"wordCount":385,"publisher":{"@id":"https:\/\/universnews224.com\/#organization"},"keywords":["La une"],"articleSection":["ACTU","SOCI\u00c9T\u00c9"],"inLanguage":"fr-FR"},{"@type":"WebPage","@id":"https:\/\/universnews224.com\/index.php\/medias-le-vice-president-des-conseils-des-sages-annonce-linauguration-du-nouveau-siege-de-ralan\/","url":"https:\/\/universnews224.com\/index.php\/medias-le-vice-president-des-conseils-des-sages-annonce-linauguration-du-nouveau-siege-de-ralan\/","name":"M\u00e9dias : Le vice pr\u00e9sident des conseils des sages annonce l\u2019inauguration du nouveau si\u00e8ge de RALAN - UNIVERSNEWS224","isPartOf":{"@id":"https:\/\/universnews224.com\/#website"},"datePublished":"2023-03-18T10:22:05+00:00","dateModified":"2023-03-18T10:22:05+00:00","inLanguage":"fr-FR","potentialAction":[{"@type":"ReadAction","target":["https:\/\/universnews224.com\/index.php\/medias-le-vice-president-des-conseils-des-sages-annonce-linauguration-du-nouveau-siege-de-ralan\/"]}]},{"@type":"WebSite","@id":"https:\/\/universnews224.com\/#website","url":"https:\/\/universnews224.com\/","name":"UNIVERSNEWS224","description":"","publisher":{"@id":"https:\/\/universnews224.com\/#organization"},"potentialAction":[{"@type":"SearchAction","target":{"@type":"EntryPoint","urlTemplate":"https:\/\/universnews224.com\/?s={search_term_string}"},"query-input":"required name=search_term_string"}],"inLanguage":"fr-FR"},{"@type":"Organization","@id":"https:\/\/universnews224.com\/#organization","name":"UNIVERSNEWS224","url":"https:\/\/universnews224.com\/","logo":{"@type":"ImageObject","inLanguage":"fr-FR","@id":"https:\/\/universnews224.com\/#\/schema\/logo\/image\/","url":"https:\/\/universnews224.com\/wp-content\/uploads\/2022\/08\/cropped-cropped-logoban.jpg","contentUrl":"https:\/\/universnews224.com\/wp-content\/uploads\/2022\/08\/cropped-cropped-logoban.jpg","width":1080,"height":138,"caption":"UNIVERSNEWS224"},"image":{"@id":"https:\/\/universnews224.com\/#\/schema\/logo\/image\/"}},{"@type":"Person","@id":"https:\/\/universnews224.com\/#\/schema\/person\/a4b7d4f94a4716df60456a491260485e","name":"La R\u00e9daction","image":{"@type":"ImageObject","inLanguage":"fr-FR","@id":"https:\/\/universnews224.com\/#\/schema\/person\/image\/","url":"https:\/\/secure.gravatar.com\/avatar\/edb90acc7752b23e1b3307ad36c14f0d?s=96&d=mm&r=g","contentUrl":"https:\/\/secure.gravatar.com\/avatar\/edb90acc7752b23e1b3307ad36c14f0d?s=96&d=mm&r=g","caption":"La R\u00e9daction"},"sameAs":["https:\/\/universnews224.com"],"url":"https:\/\/universnews224.com\/index.php\/author\/m-camara\/"}]}},"_links":{"self":[{"href":"https:\/\/universnews224.com\/index.php\/wp-json\/wp\/v2\/posts\/3237"}],"collection":[{"href":"https:\/\/universnews224.com\/index.php\/wp-json\/wp\/v2\/posts"}],"about":[{"href":"https:\/\/universnews224.com\/index.php\/wp-json\/wp\/v2\/types\/post"}],"author":[{"embeddable":true,"href":"https:\/\/universnews224.com\/index.php\/wp-json\/wp\/v2\/users\/2"}],"replies":[{"embeddable":true,"href":"https:\/\/universnews224.com\/index.php\/wp-json\/wp\/v2\/comments?post=3237"}],"version-history":[{"count":1,"href":"https:\/\/universnews224.com\/index.php\/wp-json\/wp\/v2\/posts\/3237\/revisions"}],"predecessor-version":[{"id":3239,"href":"https:\/\/universnews224.com\/index.php\/wp-json\/wp\/v2\/posts\/3237\/revisions\/3239"}],"wp:featuredmedia":[{"embeddable":true,"href":"https:\/\/universnews224.com\/index.php\/wp-json\/wp\/v2\/media\/3238"}],"wp:attachment":[{"href":"https:\/\/universnews224.com\/index.php\/wp-json\/wp\/v2\/media?parent=3237"}],"wp:term":[{"taxonomy":"category","embeddable":true,"href":"https:\/\/universnews224.com\/index.php\/wp-json\/wp\/v2\/categories?post=3237"},{"taxonomy":"post_tag","embeddable":true,"href":"https:\/\/universnews224.com\/index.php\/wp-json\/wp\/v2\/tags?post=3237"}],"curies":[{"name":"wp","href":"https:\/\/api.w.org\/{rel}","templated":true}]}}