{"id":3240,"date":"2023-03-18T22:16:19","date_gmt":"2023-03-18T21:16:19","guid":{"rendered":"https:\/\/universnews224.com\/?p=3240"},"modified":"2023-03-18T22:16:19","modified_gmt":"2023-03-18T21:16:19","slug":"senamsco-2023-colonel-mamadi-doumbouya-cloture-la-ceremonie-de-concours-de-lexcellence-et-de-merite","status":"publish","type":"post","link":"https:\/\/universnews224.com\/index.php\/senamsco-2023-colonel-mamadi-doumbouya-cloture-la-ceremonie-de-concours-de-lexcellence-et-de-merite\/","title":{"rendered":"SENAMSCO 2023 : Colonel Mamadi Doumbouya cl\u00f4ture la c\u00e9r\u00e9monie de concours de l\u2019excellence et de m\u00e9rite"},"content":{"rendered":"<p class=\"p3\"><strong>La Semaine Nationale de M\u00e9rite Scolaire a boucl\u00e9 ses travaux ce samedi 18 mars 2023 au palais du peuple de Conakry. C\u2019\u00e9tait en pr\u00e9sence du pr\u00e9sident de la transition Colonel Mamadi Doumbouya qui a proc\u00e9d\u00e9 \u00e0 la grande cl\u00f4ture de m\u00e9rite devant plusieurs invit\u00e9s venus des pays voisins, des \u00e9l\u00e8ves et enseignants, encadreurs et plusieurs autres cadres des diff\u00e9rentes communes.<\/strong><\/p>\n<p class=\"p3\"><span class=\"s2\">Cette Semaine Nationale du M\u00e9rite Scolaire (SENAMSCO) est une initiative pr\u00e9sidentielle, dans le cadre de la reconnaissance du m\u00e9rite et de l\u2019enracinement de la culture de l\u2019excellence en milieu scolaire. Cette initiative consiste \u00e9galement \u00e0 encourager les meilleurs r\u00e9sultats scolaires et \u00e0 favoriser la mobilisation des ressources en faveur du financement de l\u2019\u00e9ducation avec une priorit\u00e9 accord\u00e9e \u00e0 la scolarisation et \u00e0 l\u2019accroissement de l\u2019int\u00e9r\u00eat de la jeune fille pour les fili\u00e8res scientifiques.<\/span><\/p>\n<p class=\"p3\"><span class=\"s2\">Dans son discours de circonstance , la ministre de l&rsquo;\u00e9ducation du Mali, Sangar\u00e9 D\u00e9d\u00e9ou Ousmane, a tout d&rsquo;abord rendu la salutation de leur pr\u00e9sident de la transition du Mali. Avant de rendre un vibrant hommage au pr\u00e9sident guin\u00e9en. \u00ab La Guin\u00e9e et le Mali sont deux nations Unies et indivisibles. Aujourd\u2019hui,je vous remercie beaucoup la Guin\u00e9e depuis le d\u00e9but de la transition Malienne vous avez jamais cess\u00e9 de nous soutenir et la Guin\u00e9e a sign\u00e9 cinq recommandations pour le renforcement des liens d&rsquo;amiti\u00e9 et de coop\u00e9ration. \u00c9ducation aujourd&rsquo;hui occupe une place importante dans le d\u00e9veloppement d&rsquo;un pays. Pour finir, je voulais vous dire merci pour le soutien que vous avez puis faire pour les femmes de votre pays en ce mois de la femme du monde \u00bb, a soulign\u00e9 la ministre de l&rsquo;\u00e9ducation du Mali.<\/span><\/p>\n<p class=\"p3\"><span class=\"s2\">\u00c0 son tour, le ministre de l\u2019enseignement pr\u00e9-universitaire et l\u2019alphab\u00e9tisation, Guillaume Hawing n&rsquo;a pas manqu\u00e9 de remercier le pr\u00e9sident de la transition Colonel Mamadi Doumbouya.<\/span><\/p>\n<p class=\"p3\"><span class=\"s2\">\u00ab Nous ne cesserons jamais de dire merci au pr\u00e9sident de la Transition, Colonel Mamadi Doumbouya. Nous sommes exalt\u00e9s, nous sommes d\u00e9pass\u00e9s par la joie. Si hier ou autre fois pour briller dans ce pays ,il fallait la d\u00e9magogie, aujourd\u2019hui nous estimons que le m\u00e9rite est le seul \u00e9l\u00e9ment sur lequel, on peut compter pour devenir quelqu\u2019un dans notre pays. Notre \u00e9cole \u00e9tait un mod\u00e8le \u00e9ducatif enviable, les enseignants et les encadreurs \u00e9taient des rep\u00e8res et les parents d&rsquo;\u00e9l\u00e8ves \u00e9taient heureux d&rsquo;envoyer leurs enfants \u00e0 l&rsquo;\u00e9cole. \u00c0 ce moment, les \u00e9l\u00e8ves \u00e9taient disciplin\u00e9s et soucieux de leur avenir, les cadres fruits de cette ann\u00e9e, incarnaient le patriotisme et l\u2019int\u00e9grit\u00e9 et soudain tout a bascul\u00e9 et nous avons bafou\u00e9s la loi d&rsquo;orientation de l&rsquo;\u00e9ducation guin\u00e9enne. Cons\u00e9quences, l&rsquo;anarchie s\u2019est instaur\u00e9e, le m\u00e9rite a c\u00e9d\u00e9 la place \u00e0 la m\u00e9diocrit\u00e9, \u00e0 la tricherie au favoritisme, la soci\u00e9t\u00e9 \u00e0 sombr\u00e9 et l&rsquo;\u00c9tat a vacill\u00e9 \u00bb, a dit Guillaume Hawing.<\/span><\/p>\n<p class=\"p3\"><span class=\"s2\">\u00c0 cette occasion, le pr\u00e9sident de la transition Colonel Mamadi Doumbouya a r\u00e9compens\u00e9 les trois enseignants pour leur participation dans l&rsquo;\u00e9ducation des enfants. Ils sont entre autres :<span class=\"Apple-converted-space\">\u00a0 <\/span>M\u2019mah Mansar\u00e9 (Macenta) ; Matricule : 239954M, enseignante \u00e0 l\u2019\u00e9cole primaire Kouankan-centre. Joseph Gbakila Tolno (K\u00e9rouan\u00e9) ; Matricule299090V, professeur de fran\u00e7ais au Coll\u00e8ge AST\/commune urbaine. Amadou Tangaly Bald\u00e9 (Matoto) ; Matricule : 204896M, professeur de Physique au Lyc\u00e9e\/Excellence.<\/span><\/p>\n<p class=\"p3\"><span class=\"s2\">Sana Sylla<\/span><\/p>\n","protected":false},"excerpt":{"rendered":"<p>La Semaine Nationale de M\u00e9rite Scolaire a boucl\u00e9 ses travaux ce samedi 18 mars 2023<\/p>\n","protected":false},"author":2,"featured_media":3241,"comment_status":"closed","ping_status":"open","sticky":false,"template":"","format":"standard","meta":[],"categories":[3,6],"tags":[229],"yoast_head":"<!-- This site is optimized with the Yoast SEO plugin v19.13 - https:\/\/yoast.com\/wordpress\/plugins\/seo\/ -->\n<title>SENAMSCO 2023 : Colonel Mamadi Doumbouya cl\u00f4ture la c\u00e9r\u00e9monie de concours de l\u2019excellence et de m\u00e9rite - UNIVERSNEWS224<\/title>\n<meta name=\"robots\" content=\"index, follow, max-snippet:-1, max-image-preview:large, max-video-preview:-1\" \/>\n<link rel=\"canonical\" href=\"https:\/\/universnews224.com\/index.php\/senamsco-2023-colonel-mamadi-doumbouya-cloture-la-ceremonie-de-concours-de-lexcellence-et-de-merite\/\" \/>\n<meta property=\"og:locale\" content=\"fr_FR\" \/>\n<meta property=\"og:type\" content=\"article\" \/>\n<meta property=\"og:title\" content=\"SENAMSCO 2023 : Colonel Mamadi Doumbouya cl\u00f4ture la c\u00e9r\u00e9monie de concours de l\u2019excellence et de m\u00e9rite - UNIVERSNEWS224\" \/>\n<meta property=\"og:description\" content=\"La Semaine Nationale de M\u00e9rite Scolaire a boucl\u00e9 ses travaux ce samedi 18 mars 2023\" \/>\n<meta property=\"og:url\" content=\"https:\/\/universnews224.com\/index.php\/senamsco-2023-colonel-mamadi-doumbouya-cloture-la-ceremonie-de-concours-de-lexcellence-et-de-merite\/\" \/>\n<meta property=\"og:site_name\" content=\"UNIVERSNEWS224\" \/>\n<meta property=\"article:published_time\" content=\"2023-03-18T21:16:19+00:00\" \/>\n<meta property=\"og:image\" content=\"https:\/\/universnews224.com\/wp-content\/uploads\/2023\/03\/B080DB2B-647B-4893-AFA5-861A4FA2FDC6.jpeg\" \/>\n\t<meta property=\"og:image:width\" content=\"1000\" \/>\n\t<meta property=\"og:image:height\" content=\"450\" \/>\n\t<meta property=\"og:image:type\" content=\"image\/jpeg\" \/>\n<meta name=\"author\" content=\"La R\u00e9daction\" \/>\n<meta name=\"twitter:label1\" content=\"\u00c9crit par\" \/>\n\t<meta name=\"twitter:data1\" content=\"La R\u00e9daction\" \/>\n\t<meta name=\"twitter:label2\" content=\"Dur\u00e9e de lecture estim\u00e9e\" \/>\n\t<meta name=\"twitter:data2\" content=\"3 minutes\" \/>\n<script type=\"application\/ld+json\" class=\"yoast-schema-graph\">{\"@context\":\"https:\/\/schema.org\",\"@graph\":[{\"@type\":\"Article\",\"@id\":\"https:\/\/universnews224.com\/index.php\/senamsco-2023-colonel-mamadi-doumbouya-cloture-la-ceremonie-de-concours-de-lexcellence-et-de-merite\/#article\",\"isPartOf\":{\"@id\":\"https:\/\/universnews224.com\/index.php\/senamsco-2023-colonel-mamadi-doumbouya-cloture-la-ceremonie-de-concours-de-lexcellence-et-de-merite\/\"},\"author\":{\"name\":\"La R\u00e9daction\",\"@id\":\"https:\/\/universnews224.com\/#\/schema\/person\/a4b7d4f94a4716df60456a491260485e\"},\"headline\":\"SENAMSCO 2023 : Colonel Mamadi Doumbouya cl\u00f4ture la c\u00e9r\u00e9monie de concours de l\u2019excellence et de m\u00e9rite\",\"datePublished\":\"2023-03-18T21:16:19+00:00\",\"dateModified\":\"2023-03-18T21:16:19+00:00\",\"mainEntityOfPage\":{\"@id\":\"https:\/\/universnews224.com\/index.php\/senamsco-2023-colonel-mamadi-doumbouya-cloture-la-ceremonie-de-concours-de-lexcellence-et-de-merite\/\"},\"wordCount\":594,\"publisher\":{\"@id\":\"https:\/\/universnews224.com\/#organization\"},\"keywords\":[\"La une\"],\"articleSection\":[\"ACTU\",\"CULTURE\"],\"inLanguage\":\"fr-FR\"},{\"@type\":\"WebPage\",\"@id\":\"https:\/\/universnews224.com\/index.php\/senamsco-2023-colonel-mamadi-doumbouya-cloture-la-ceremonie-de-concours-de-lexcellence-et-de-merite\/\",\"url\":\"https:\/\/universnews224.com\/index.php\/senamsco-2023-colonel-mamadi-doumbouya-cloture-la-ceremonie-de-concours-de-lexcellence-et-de-merite\/\",\"name\":\"SENAMSCO 2023 : Colonel Mamadi Doumbouya cl\u00f4ture la c\u00e9r\u00e9monie de concours de l\u2019excellence et de m\u00e9rite - UNIVERSNEWS224\",\"isPartOf\":{\"@id\":\"https:\/\/universnews224.com\/#website\"},\"datePublished\":\"2023-03-18T21:16:19+00:00\",\"dateModified\":\"2023-03-18T21:16:19+00:00\",\"inLanguage\":\"fr-FR\",\"potentialAction\":[{\"@type\":\"ReadAction\",\"target\":[\"https:\/\/universnews224.com\/index.php\/senamsco-2023-colonel-mamadi-doumbouya-cloture-la-ceremonie-de-concours-de-lexcellence-et-de-merite\/\"]}]},{\"@type\":\"WebSite\",\"@id\":\"https:\/\/universnews224.com\/#website\",\"url\":\"https:\/\/universnews224.com\/\",\"name\":\"UNIVERSNEWS224\",\"description\":\"\",\"publisher\":{\"@id\":\"https:\/\/universnews224.com\/#organization\"},\"potentialAction\":[{\"@type\":\"SearchAction\",\"target\":{\"@type\":\"EntryPoint\",\"urlTemplate\":\"https:\/\/universnews224.com\/?s={search_term_string}\"},\"query-input\":\"required name=search_term_string\"}],\"inLanguage\":\"fr-FR\"},{\"@type\":\"Organization\",\"@id\":\"https:\/\/universnews224.com\/#organization\",\"name\":\"UNIVERSNEWS224\",\"url\":\"https:\/\/universnews224.com\/\",\"logo\":{\"@type\":\"ImageObject\",\"inLanguage\":\"fr-FR\",\"@id\":\"https:\/\/universnews224.com\/#\/schema\/logo\/image\/\",\"url\":\"https:\/\/universnews224.com\/wp-content\/uploads\/2022\/08\/cropped-cropped-logoban.jpg\",\"contentUrl\":\"https:\/\/universnews224.com\/wp-content\/uploads\/2022\/08\/cropped-cropped-logoban.jpg\",\"width\":1080,\"height\":138,\"caption\":\"UNIVERSNEWS224\"},\"image\":{\"@id\":\"https:\/\/universnews224.com\/#\/schema\/logo\/image\/\"}},{\"@type\":\"Person\",\"@id\":\"https:\/\/universnews224.com\/#\/schema\/person\/a4b7d4f94a4716df60456a491260485e\",\"name\":\"La R\u00e9daction\",\"image\":{\"@type\":\"ImageObject\",\"inLanguage\":\"fr-FR\",\"@id\":\"https:\/\/universnews224.com\/#\/schema\/person\/image\/\",\"url\":\"https:\/\/secure.gravatar.com\/avatar\/edb90acc7752b23e1b3307ad36c14f0d?s=96&d=mm&r=g\",\"contentUrl\":\"https:\/\/secure.gravatar.com\/avatar\/edb90acc7752b23e1b3307ad36c14f0d?s=96&d=mm&r=g\",\"caption\":\"La R\u00e9daction\"},\"sameAs\":[\"https:\/\/universnews224.com\"],\"url\":\"https:\/\/universnews224.com\/index.php\/author\/m-camara\/\"}]}<\/script>\n<!-- \/ Yoast SEO plugin. -->","yoast_head_json":{"title":"SENAMSCO 2023 : Colonel Mamadi Doumbouya cl\u00f4ture la c\u00e9r\u00e9monie de concours de l\u2019excellence et de m\u00e9rite - UNIVERSNEWS224","robots":{"index":"index","follow":"follow","max-snippet":"max-snippet:-1","max-image-preview":"max-image-preview:large","max-video-preview":"max-video-preview:-1"},"canonical":"https:\/\/universnews224.com\/index.php\/senamsco-2023-colonel-mamadi-doumbouya-cloture-la-ceremonie-de-concours-de-lexcellence-et-de-merite\/","og_locale":"fr_FR","og_type":"article","og_title":"SENAMSCO 2023 : Colonel Mamadi Doumbouya cl\u00f4ture la c\u00e9r\u00e9monie de concours de l\u2019excellence et de m\u00e9rite - UNIVERSNEWS224","og_description":"La Semaine Nationale de M\u00e9rite Scolaire a boucl\u00e9 ses travaux ce samedi 18 mars 2023","og_url":"https:\/\/universnews224.com\/index.php\/senamsco-2023-colonel-mamadi-doumbouya-cloture-la-ceremonie-de-concours-de-lexcellence-et-de-merite\/","og_site_name":"UNIVERSNEWS224","article_published_time":"2023-03-18T21:16:19+00:00","og_image":[{"width":1000,"height":450,"url":"https:\/\/universnews224.com\/wp-content\/uploads\/2023\/03\/B080DB2B-647B-4893-AFA5-861A4FA2FDC6.jpeg","type":"image\/jpeg"}],"author":"La R\u00e9daction","twitter_misc":{"\u00c9crit par":"La R\u00e9daction","Dur\u00e9e de lecture estim\u00e9e":"3 minutes"},"schema":{"@context":"https:\/\/schema.org","@graph":[{"@type":"Article","@id":"https:\/\/universnews224.com\/index.php\/senamsco-2023-colonel-mamadi-doumbouya-cloture-la-ceremonie-de-concours-de-lexcellence-et-de-merite\/#article","isPartOf":{"@id":"https:\/\/universnews224.com\/index.php\/senamsco-2023-colonel-mamadi-doumbouya-cloture-la-ceremonie-de-concours-de-lexcellence-et-de-merite\/"},"author":{"name":"La R\u00e9daction","@id":"https:\/\/universnews224.com\/#\/schema\/person\/a4b7d4f94a4716df60456a491260485e"},"headline":"SENAMSCO 2023 : Colonel Mamadi Doumbouya cl\u00f4ture la c\u00e9r\u00e9monie de concours de l\u2019excellence et de m\u00e9rite","datePublished":"2023-03-18T21:16:19+00:00","dateModified":"2023-03-18T21:16:19+00:00","mainEntityOfPage":{"@id":"https:\/\/universnews224.com\/index.php\/senamsco-2023-colonel-mamadi-doumbouya-cloture-la-ceremonie-de-concours-de-lexcellence-et-de-merite\/"},"wordCount":594,"publisher":{"@id":"https:\/\/universnews224.com\/#organization"},"keywords":["La une"],"articleSection":["ACTU","CULTURE"],"inLanguage":"fr-FR"},{"@type":"WebPage","@id":"https:\/\/universnews224.com\/index.php\/senamsco-2023-colonel-mamadi-doumbouya-cloture-la-ceremonie-de-concours-de-lexcellence-et-de-merite\/","url":"https:\/\/universnews224.com\/index.php\/senamsco-2023-colonel-mamadi-doumbouya-cloture-la-ceremonie-de-concours-de-lexcellence-et-de-merite\/","name":"SENAMSCO 2023 : Colonel Mamadi Doumbouya cl\u00f4ture la c\u00e9r\u00e9monie de concours de l\u2019excellence et de m\u00e9rite - UNIVERSNEWS224","isPartOf":{"@id":"https:\/\/universnews224.com\/#website"},"datePublished":"2023-03-18T21:16:19+00:00","dateModified":"2023-03-18T21:16:19+00:00","inLanguage":"fr-FR","potentialAction":[{"@type":"ReadAction","target":["https:\/\/universnews224.com\/index.php\/senamsco-2023-colonel-mamadi-doumbouya-cloture-la-ceremonie-de-concours-de-lexcellence-et-de-merite\/"]}]},{"@type":"WebSite","@id":"https:\/\/universnews224.com\/#website","url":"https:\/\/universnews224.com\/","name":"UNIVERSNEWS224","description":"","publisher":{"@id":"https:\/\/universnews224.com\/#organization"},"potentialAction":[{"@type":"SearchAction","target":{"@type":"EntryPoint","urlTemplate":"https:\/\/universnews224.com\/?s={search_term_string}"},"query-input":"required name=search_term_string"}],"inLanguage":"fr-FR"},{"@type":"Organization","@id":"https:\/\/universnews224.com\/#organization","name":"UNIVERSNEWS224","url":"https:\/\/universnews224.com\/","logo":{"@type":"ImageObject","inLanguage":"fr-FR","@id":"https:\/\/universnews224.com\/#\/schema\/logo\/image\/","url":"https:\/\/universnews224.com\/wp-content\/uploads\/2022\/08\/cropped-cropped-logoban.jpg","contentUrl":"https:\/\/universnews224.com\/wp-content\/uploads\/2022\/08\/cropped-cropped-logoban.jpg","width":1080,"height":138,"caption":"UNIVERSNEWS224"},"image":{"@id":"https:\/\/universnews224.com\/#\/schema\/logo\/image\/"}},{"@type":"Person","@id":"https:\/\/universnews224.com\/#\/schema\/person\/a4b7d4f94a4716df60456a491260485e","name":"La R\u00e9daction","image":{"@type":"ImageObject","inLanguage":"fr-FR","@id":"https:\/\/universnews224.com\/#\/schema\/person\/image\/","url":"https:\/\/secure.gravatar.com\/avatar\/edb90acc7752b23e1b3307ad36c14f0d?s=96&d=mm&r=g","contentUrl":"https:\/\/secure.gravatar.com\/avatar\/edb90acc7752b23e1b3307ad36c14f0d?s=96&d=mm&r=g","caption":"La R\u00e9daction"},"sameAs":["https:\/\/universnews224.com"],"url":"https:\/\/universnews224.com\/index.php\/author\/m-camara\/"}]}},"_links":{"self":[{"href":"https:\/\/universnews224.com\/index.php\/wp-json\/wp\/v2\/posts\/3240"}],"collection":[{"href":"https:\/\/universnews224.com\/index.php\/wp-json\/wp\/v2\/posts"}],"about":[{"href":"https:\/\/universnews224.com\/index.php\/wp-json\/wp\/v2\/types\/post"}],"author":[{"embeddable":true,"href":"https:\/\/universnews224.com\/index.php\/wp-json\/wp\/v2\/users\/2"}],"replies":[{"embeddable":true,"href":"https:\/\/universnews224.com\/index.php\/wp-json\/wp\/v2\/comments?post=3240"}],"version-history":[{"count":1,"href":"https:\/\/universnews224.com\/index.php\/wp-json\/wp\/v2\/posts\/3240\/revisions"}],"predecessor-version":[{"id":3242,"href":"https:\/\/universnews224.com\/index.php\/wp-json\/wp\/v2\/posts\/3240\/revisions\/3242"}],"wp:featuredmedia":[{"embeddable":true,"href":"https:\/\/universnews224.com\/index.php\/wp-json\/wp\/v2\/media\/3241"}],"wp:attachment":[{"href":"https:\/\/universnews224.com\/index.php\/wp-json\/wp\/v2\/media?parent=3240"}],"wp:term":[{"taxonomy":"category","embeddable":true,"href":"https:\/\/universnews224.com\/index.php\/wp-json\/wp\/v2\/categories?post=3240"},{"taxonomy":"post_tag","embeddable":true,"href":"https:\/\/universnews224.com\/index.php\/wp-json\/wp\/v2\/tags?post=3240"}],"curies":[{"name":"wp","href":"https:\/\/api.w.org\/{rel}","templated":true}]}}