{"id":3248,"date":"2023-03-20T18:30:17","date_gmt":"2023-03-20T17:30:17","guid":{"rendered":"https:\/\/universnews224.com\/?p=3248"},"modified":"2023-03-20T18:37:52","modified_gmt":"2023-03-20T17:37:52","slug":"medias-boubacar-yacine-diallo-preside-linauguration-du-nouveau-siege-de-ralan-le-reseau-des-animateurs-en-langues","status":"publish","type":"post","link":"https:\/\/universnews224.com\/index.php\/medias-boubacar-yacine-diallo-preside-linauguration-du-nouveau-siege-de-ralan-le-reseau-des-animateurs-en-langues\/","title":{"rendered":"M\u00e9dias : Boubacar Yacine Diallo pr\u00e9side l&rsquo;inauguration du nouveau si\u00e8ge de RALAN  le R\u00e9seau des Animateurs en Langues."},"content":{"rendered":"<p>Le R\u00e9seau des Animateurs en Langues Nationales (RALAN) a proc\u00e9d\u00e9 le samedi 18 mars 2023, \u00e0 l&rsquo;inauguration de son si\u00e8ge sis \u00e0 Col\u00e8ah autoroute dans la commune de Matam.<\/p>\n<p>Dans son discours, le secr\u00e9taire g\u00e9n\u00e9ral de cette organisation M. Sema \u00a0Camara a expliqu\u00e9 les objectifs et les perspectives \u00e0 l&rsquo;avenir.<\/p>\n<p>\u00ab De nos jours, avec la floraison des m\u00e9dias gr\u00e2ce \u00e0 la lib\u00e9ralisation des ondes, la place de ces journalistes utilisant leurs langues comme outils de travail prend de plus en plus de l&rsquo;ampleur dans l&rsquo;\u00e9chiquier social, politique, \u00e9conomique, et culturel. Gr\u00e2ce \u00e0 eux, plus de 80% de la population guin\u00e9enne parvient \u00e0 s&rsquo;informer et comprendre l&rsquo;\u00e9volution de l&rsquo;actualit\u00e9 du pays, mais aussi \u00e0 participer \u00e0 travers des d\u00e9bats et \u00e9missions d&rsquo;animation interactive \u00e0 la promotion de la d\u00e9mocratie, la consolidation de la paix et le renforcement de la coh\u00e9sion sociale \u00bb, a indiqu\u00e9 le secr\u00e9taire g\u00e9n\u00e9ral.<\/p>\n<p>Pour le repr\u00e9sentant de KPC, \u00ab l\u2019inauguration du nouveau si\u00e8ge de RALAN, force est de reconna\u00eetre que le r\u00e9seau RALAN reste au jour d\u2019aujourd\u2019hui, un grand r\u00e9seau en terme d\u2019information surtout dans les \u00e9missions en langues nationales qui constitue un mayon fort aupr\u00e8s des paisibles populations de fa\u00e7on g\u00e9n\u00e9rale et surtout ceux qui ne sont pas aller \u00e0 l\u2019\u00e9cole. Donc, on doit vraiment encourager ces genres d\u2019initiatives en R\u00e9publique de Guin\u00e9e. Nous ferons tout pour accompagner cette structure parce qu\u2019elle contribue \u00e0 l\u2019apaisement de la paix \u00bb.<br \/>\nPour sa part, le pr\u00e9sident de RALAN M. Seydou Keita remercie et f\u00e9licite les personnalit\u00e9s pr\u00e9sentes \u00e0 cette c\u00e9r\u00e9monie.<\/p>\n<p>\u00ab Aujourd\u2019hui, nous avons la perspective de cr\u00e9er une t\u00e9l\u00e9 web pour la formation de nos journalistes en langues nationales, ils seront outill\u00e9 en m\u00e9tier de journalime enfin de les permettre d&rsquo;\u00eatre professionnel. Notre local \u00e0 trois bureau pour le pr\u00e9sident, le vice pr\u00e9sident et le secr\u00e9taire g\u00e9n\u00e9ral et ces bureaux seront bient\u00f4t \u00e9quip\u00e9 au style am\u00e9ricain c&rsquo;est-\u00e0-dire les membres du r\u00e9seau puissent travailler tranquillement dans un bon cadre. Enfin cette salle de conf\u00e9rence c&rsquo;est l\u00e0-bas nous allons faire nos r\u00e9unions, les conf\u00e9rences de presse et permettre \u00e0 d&rsquo;autres organisations de faire des conf\u00e9rences aussi et m\u00eame faire des formations \u00bb, a affirm\u00e9 le pr\u00e9sident.<br \/>\nPr\u00e9sidant la c\u00e9r\u00e9monie de l\u2019inauguration, M. Boubacar Yassine Diallo pr\u00e9sident de la haute autorit\u00e9 de la communication a rappel\u00e9 que ce r\u00e9seau m\u00e9rite d\u2019\u00eatre accompagn\u00e9 parce que le travail qui est entrain d\u2019\u00eatre fait par les animateurs en langues nationales en R\u00e9publique de Guin\u00e9e interesse vraiment la population de fa\u00e7on g\u00e9n\u00e9rale. \u00ab Donc, tout ce qu\u2019on fait aujourd\u2019hui, en terme de formation on le fait pour maintenir la paix en Guin\u00e9e \u00bb.<\/p>\n<p>Sana Sylla.<\/p>\n","protected":false},"excerpt":{"rendered":"<p>Le R\u00e9seau des Animateurs en Langues Nationales (RALAN) a proc\u00e9d\u00e9 le samedi 18 mars 2023,<\/p>\n","protected":false},"author":2,"featured_media":3249,"comment_status":"closed","ping_status":"open","sticky":false,"template":"","format":"standard","meta":[],"categories":[3,5],"tags":[229],"yoast_head":"<!-- This site is optimized with the Yoast SEO plugin v19.13 - https:\/\/yoast.com\/wordpress\/plugins\/seo\/ -->\n<title>M\u00e9dias : Boubacar Yacine Diallo pr\u00e9side l&#039;inauguration du nouveau si\u00e8ge de RALAN le R\u00e9seau des Animateurs en Langues. - UNIVERSNEWS224<\/title>\n<meta name=\"robots\" content=\"index, follow, max-snippet:-1, max-image-preview:large, max-video-preview:-1\" \/>\n<link rel=\"canonical\" href=\"https:\/\/universnews224.com\/index.php\/medias-boubacar-yacine-diallo-preside-linauguration-du-nouveau-siege-de-ralan-le-reseau-des-animateurs-en-langues\/\" \/>\n<meta property=\"og:locale\" content=\"fr_FR\" \/>\n<meta property=\"og:type\" content=\"article\" \/>\n<meta property=\"og:title\" content=\"M\u00e9dias : Boubacar Yacine Diallo pr\u00e9side l&#039;inauguration du nouveau si\u00e8ge de RALAN le R\u00e9seau des Animateurs en Langues. - UNIVERSNEWS224\" \/>\n<meta property=\"og:description\" content=\"Le R\u00e9seau des Animateurs en Langues Nationales (RALAN) a proc\u00e9d\u00e9 le samedi 18 mars 2023,\" \/>\n<meta property=\"og:url\" content=\"https:\/\/universnews224.com\/index.php\/medias-boubacar-yacine-diallo-preside-linauguration-du-nouveau-siege-de-ralan-le-reseau-des-animateurs-en-langues\/\" \/>\n<meta property=\"og:site_name\" content=\"UNIVERSNEWS224\" \/>\n<meta property=\"article:published_time\" content=\"2023-03-20T17:30:17+00:00\" \/>\n<meta property=\"article:modified_time\" content=\"2023-03-20T17:37:52+00:00\" \/>\n<meta property=\"og:image\" content=\"https:\/\/universnews224.com\/wp-content\/uploads\/2023\/03\/29D3EB97-5ACE-43DA-B683-05F275205E19.jpeg\" \/>\n\t<meta property=\"og:image:width\" content=\"1024\" \/>\n\t<meta property=\"og:image:height\" content=\"576\" \/>\n\t<meta property=\"og:image:type\" content=\"image\/jpeg\" \/>\n<meta name=\"author\" content=\"La R\u00e9daction\" \/>\n<meta name=\"twitter:label1\" content=\"\u00c9crit par\" \/>\n\t<meta name=\"twitter:data1\" content=\"La R\u00e9daction\" \/>\n\t<meta name=\"twitter:label2\" content=\"Dur\u00e9e de lecture estim\u00e9e\" \/>\n\t<meta name=\"twitter:data2\" content=\"3 minutes\" \/>\n<script type=\"application\/ld+json\" class=\"yoast-schema-graph\">{\"@context\":\"https:\/\/schema.org\",\"@graph\":[{\"@type\":\"Article\",\"@id\":\"https:\/\/universnews224.com\/index.php\/medias-boubacar-yacine-diallo-preside-linauguration-du-nouveau-siege-de-ralan-le-reseau-des-animateurs-en-langues\/#article\",\"isPartOf\":{\"@id\":\"https:\/\/universnews224.com\/index.php\/medias-boubacar-yacine-diallo-preside-linauguration-du-nouveau-siege-de-ralan-le-reseau-des-animateurs-en-langues\/\"},\"author\":{\"name\":\"La R\u00e9daction\",\"@id\":\"https:\/\/universnews224.com\/#\/schema\/person\/a4b7d4f94a4716df60456a491260485e\"},\"headline\":\"M\u00e9dias : Boubacar Yacine Diallo pr\u00e9side l&rsquo;inauguration du nouveau si\u00e8ge de RALAN le R\u00e9seau des Animateurs en Langues.\",\"datePublished\":\"2023-03-20T17:30:17+00:00\",\"dateModified\":\"2023-03-20T17:37:52+00:00\",\"mainEntityOfPage\":{\"@id\":\"https:\/\/universnews224.com\/index.php\/medias-boubacar-yacine-diallo-preside-linauguration-du-nouveau-siege-de-ralan-le-reseau-des-animateurs-en-langues\/\"},\"wordCount\":511,\"publisher\":{\"@id\":\"https:\/\/universnews224.com\/#organization\"},\"keywords\":[\"La une\"],\"articleSection\":[\"ACTU\",\"SOCI\u00c9T\u00c9\"],\"inLanguage\":\"fr-FR\"},{\"@type\":\"WebPage\",\"@id\":\"https:\/\/universnews224.com\/index.php\/medias-boubacar-yacine-diallo-preside-linauguration-du-nouveau-siege-de-ralan-le-reseau-des-animateurs-en-langues\/\",\"url\":\"https:\/\/universnews224.com\/index.php\/medias-boubacar-yacine-diallo-preside-linauguration-du-nouveau-siege-de-ralan-le-reseau-des-animateurs-en-langues\/\",\"name\":\"M\u00e9dias : Boubacar Yacine Diallo pr\u00e9side l'inauguration du nouveau si\u00e8ge de RALAN le R\u00e9seau des Animateurs en Langues. - UNIVERSNEWS224\",\"isPartOf\":{\"@id\":\"https:\/\/universnews224.com\/#website\"},\"datePublished\":\"2023-03-20T17:30:17+00:00\",\"dateModified\":\"2023-03-20T17:37:52+00:00\",\"inLanguage\":\"fr-FR\",\"potentialAction\":[{\"@type\":\"ReadAction\",\"target\":[\"https:\/\/universnews224.com\/index.php\/medias-boubacar-yacine-diallo-preside-linauguration-du-nouveau-siege-de-ralan-le-reseau-des-animateurs-en-langues\/\"]}]},{\"@type\":\"WebSite\",\"@id\":\"https:\/\/universnews224.com\/#website\",\"url\":\"https:\/\/universnews224.com\/\",\"name\":\"UNIVERSNEWS224\",\"description\":\"\",\"publisher\":{\"@id\":\"https:\/\/universnews224.com\/#organization\"},\"potentialAction\":[{\"@type\":\"SearchAction\",\"target\":{\"@type\":\"EntryPoint\",\"urlTemplate\":\"https:\/\/universnews224.com\/?s={search_term_string}\"},\"query-input\":\"required name=search_term_string\"}],\"inLanguage\":\"fr-FR\"},{\"@type\":\"Organization\",\"@id\":\"https:\/\/universnews224.com\/#organization\",\"name\":\"UNIVERSNEWS224\",\"url\":\"https:\/\/universnews224.com\/\",\"logo\":{\"@type\":\"ImageObject\",\"inLanguage\":\"fr-FR\",\"@id\":\"https:\/\/universnews224.com\/#\/schema\/logo\/image\/\",\"url\":\"https:\/\/universnews224.com\/wp-content\/uploads\/2022\/08\/cropped-cropped-logoban.jpg\",\"contentUrl\":\"https:\/\/universnews224.com\/wp-content\/uploads\/2022\/08\/cropped-cropped-logoban.jpg\",\"width\":1080,\"height\":138,\"caption\":\"UNIVERSNEWS224\"},\"image\":{\"@id\":\"https:\/\/universnews224.com\/#\/schema\/logo\/image\/\"}},{\"@type\":\"Person\",\"@id\":\"https:\/\/universnews224.com\/#\/schema\/person\/a4b7d4f94a4716df60456a491260485e\",\"name\":\"La R\u00e9daction\",\"image\":{\"@type\":\"ImageObject\",\"inLanguage\":\"fr-FR\",\"@id\":\"https:\/\/universnews224.com\/#\/schema\/person\/image\/\",\"url\":\"https:\/\/secure.gravatar.com\/avatar\/edb90acc7752b23e1b3307ad36c14f0d?s=96&d=mm&r=g\",\"contentUrl\":\"https:\/\/secure.gravatar.com\/avatar\/edb90acc7752b23e1b3307ad36c14f0d?s=96&d=mm&r=g\",\"caption\":\"La R\u00e9daction\"},\"sameAs\":[\"https:\/\/universnews224.com\"],\"url\":\"https:\/\/universnews224.com\/index.php\/author\/m-camara\/\"}]}<\/script>\n<!-- \/ Yoast SEO plugin. -->","yoast_head_json":{"title":"M\u00e9dias : Boubacar Yacine Diallo pr\u00e9side l'inauguration du nouveau si\u00e8ge de RALAN le R\u00e9seau des Animateurs en Langues. - UNIVERSNEWS224","robots":{"index":"index","follow":"follow","max-snippet":"max-snippet:-1","max-image-preview":"max-image-preview:large","max-video-preview":"max-video-preview:-1"},"canonical":"https:\/\/universnews224.com\/index.php\/medias-boubacar-yacine-diallo-preside-linauguration-du-nouveau-siege-de-ralan-le-reseau-des-animateurs-en-langues\/","og_locale":"fr_FR","og_type":"article","og_title":"M\u00e9dias : Boubacar Yacine Diallo pr\u00e9side l'inauguration du nouveau si\u00e8ge de RALAN le R\u00e9seau des Animateurs en Langues. - UNIVERSNEWS224","og_description":"Le R\u00e9seau des Animateurs en Langues Nationales (RALAN) a proc\u00e9d\u00e9 le samedi 18 mars 2023,","og_url":"https:\/\/universnews224.com\/index.php\/medias-boubacar-yacine-diallo-preside-linauguration-du-nouveau-siege-de-ralan-le-reseau-des-animateurs-en-langues\/","og_site_name":"UNIVERSNEWS224","article_published_time":"2023-03-20T17:30:17+00:00","article_modified_time":"2023-03-20T17:37:52+00:00","og_image":[{"width":1024,"height":576,"url":"https:\/\/universnews224.com\/wp-content\/uploads\/2023\/03\/29D3EB97-5ACE-43DA-B683-05F275205E19.jpeg","type":"image\/jpeg"}],"author":"La R\u00e9daction","twitter_misc":{"\u00c9crit par":"La R\u00e9daction","Dur\u00e9e de lecture estim\u00e9e":"3 minutes"},"schema":{"@context":"https:\/\/schema.org","@graph":[{"@type":"Article","@id":"https:\/\/universnews224.com\/index.php\/medias-boubacar-yacine-diallo-preside-linauguration-du-nouveau-siege-de-ralan-le-reseau-des-animateurs-en-langues\/#article","isPartOf":{"@id":"https:\/\/universnews224.com\/index.php\/medias-boubacar-yacine-diallo-preside-linauguration-du-nouveau-siege-de-ralan-le-reseau-des-animateurs-en-langues\/"},"author":{"name":"La R\u00e9daction","@id":"https:\/\/universnews224.com\/#\/schema\/person\/a4b7d4f94a4716df60456a491260485e"},"headline":"M\u00e9dias : Boubacar Yacine Diallo pr\u00e9side l&rsquo;inauguration du nouveau si\u00e8ge de RALAN le R\u00e9seau des Animateurs en Langues.","datePublished":"2023-03-20T17:30:17+00:00","dateModified":"2023-03-20T17:37:52+00:00","mainEntityOfPage":{"@id":"https:\/\/universnews224.com\/index.php\/medias-boubacar-yacine-diallo-preside-linauguration-du-nouveau-siege-de-ralan-le-reseau-des-animateurs-en-langues\/"},"wordCount":511,"publisher":{"@id":"https:\/\/universnews224.com\/#organization"},"keywords":["La une"],"articleSection":["ACTU","SOCI\u00c9T\u00c9"],"inLanguage":"fr-FR"},{"@type":"WebPage","@id":"https:\/\/universnews224.com\/index.php\/medias-boubacar-yacine-diallo-preside-linauguration-du-nouveau-siege-de-ralan-le-reseau-des-animateurs-en-langues\/","url":"https:\/\/universnews224.com\/index.php\/medias-boubacar-yacine-diallo-preside-linauguration-du-nouveau-siege-de-ralan-le-reseau-des-animateurs-en-langues\/","name":"M\u00e9dias : Boubacar Yacine Diallo pr\u00e9side l'inauguration du nouveau si\u00e8ge de RALAN le R\u00e9seau des Animateurs en Langues. - UNIVERSNEWS224","isPartOf":{"@id":"https:\/\/universnews224.com\/#website"},"datePublished":"2023-03-20T17:30:17+00:00","dateModified":"2023-03-20T17:37:52+00:00","inLanguage":"fr-FR","potentialAction":[{"@type":"ReadAction","target":["https:\/\/universnews224.com\/index.php\/medias-boubacar-yacine-diallo-preside-linauguration-du-nouveau-siege-de-ralan-le-reseau-des-animateurs-en-langues\/"]}]},{"@type":"WebSite","@id":"https:\/\/universnews224.com\/#website","url":"https:\/\/universnews224.com\/","name":"UNIVERSNEWS224","description":"","publisher":{"@id":"https:\/\/universnews224.com\/#organization"},"potentialAction":[{"@type":"SearchAction","target":{"@type":"EntryPoint","urlTemplate":"https:\/\/universnews224.com\/?s={search_term_string}"},"query-input":"required name=search_term_string"}],"inLanguage":"fr-FR"},{"@type":"Organization","@id":"https:\/\/universnews224.com\/#organization","name":"UNIVERSNEWS224","url":"https:\/\/universnews224.com\/","logo":{"@type":"ImageObject","inLanguage":"fr-FR","@id":"https:\/\/universnews224.com\/#\/schema\/logo\/image\/","url":"https:\/\/universnews224.com\/wp-content\/uploads\/2022\/08\/cropped-cropped-logoban.jpg","contentUrl":"https:\/\/universnews224.com\/wp-content\/uploads\/2022\/08\/cropped-cropped-logoban.jpg","width":1080,"height":138,"caption":"UNIVERSNEWS224"},"image":{"@id":"https:\/\/universnews224.com\/#\/schema\/logo\/image\/"}},{"@type":"Person","@id":"https:\/\/universnews224.com\/#\/schema\/person\/a4b7d4f94a4716df60456a491260485e","name":"La R\u00e9daction","image":{"@type":"ImageObject","inLanguage":"fr-FR","@id":"https:\/\/universnews224.com\/#\/schema\/person\/image\/","url":"https:\/\/secure.gravatar.com\/avatar\/edb90acc7752b23e1b3307ad36c14f0d?s=96&d=mm&r=g","contentUrl":"https:\/\/secure.gravatar.com\/avatar\/edb90acc7752b23e1b3307ad36c14f0d?s=96&d=mm&r=g","caption":"La R\u00e9daction"},"sameAs":["https:\/\/universnews224.com"],"url":"https:\/\/universnews224.com\/index.php\/author\/m-camara\/"}]}},"_links":{"self":[{"href":"https:\/\/universnews224.com\/index.php\/wp-json\/wp\/v2\/posts\/3248"}],"collection":[{"href":"https:\/\/universnews224.com\/index.php\/wp-json\/wp\/v2\/posts"}],"about":[{"href":"https:\/\/universnews224.com\/index.php\/wp-json\/wp\/v2\/types\/post"}],"author":[{"embeddable":true,"href":"https:\/\/universnews224.com\/index.php\/wp-json\/wp\/v2\/users\/2"}],"replies":[{"embeddable":true,"href":"https:\/\/universnews224.com\/index.php\/wp-json\/wp\/v2\/comments?post=3248"}],"version-history":[{"count":2,"href":"https:\/\/universnews224.com\/index.php\/wp-json\/wp\/v2\/posts\/3248\/revisions"}],"predecessor-version":[{"id":3251,"href":"https:\/\/universnews224.com\/index.php\/wp-json\/wp\/v2\/posts\/3248\/revisions\/3251"}],"wp:featuredmedia":[{"embeddable":true,"href":"https:\/\/universnews224.com\/index.php\/wp-json\/wp\/v2\/media\/3249"}],"wp:attachment":[{"href":"https:\/\/universnews224.com\/index.php\/wp-json\/wp\/v2\/media?parent=3248"}],"wp:term":[{"taxonomy":"category","embeddable":true,"href":"https:\/\/universnews224.com\/index.php\/wp-json\/wp\/v2\/categories?post=3248"},{"taxonomy":"post_tag","embeddable":true,"href":"https:\/\/universnews224.com\/index.php\/wp-json\/wp\/v2\/tags?post=3248"}],"curies":[{"name":"wp","href":"https:\/\/api.w.org\/{rel}","templated":true}]}}