{"id":3260,"date":"2023-03-21T18:24:39","date_gmt":"2023-03-21T17:24:39","guid":{"rendered":"https:\/\/universnews224.com\/?p=3260"},"modified":"2023-03-21T18:24:39","modified_gmt":"2023-03-21T17:24:39","slug":"societe-la-journee-mondiale-de-leau-celebree-en-guinee-sous-le-signe-des-grandes-reformes","status":"publish","type":"post","link":"https:\/\/universnews224.com\/index.php\/societe-la-journee-mondiale-de-leau-celebree-en-guinee-sous-le-signe-des-grandes-reformes\/","title":{"rendered":"Soci\u00e9t\u00e9 : la journ\u00e9e mondiale de l&rsquo;eau c\u00e9l\u00e9br\u00e9e en Guin\u00e9e sous le signe des grandes r\u00e9formes."},"content":{"rendered":"<p>La R\u00e9publique de Guin\u00e9e, a c\u00e9l\u00e9br\u00e9 ce mardi 21mars 2023, en diff\u00e9r\u00e9 la journ\u00e9e mondiale de l&rsquo;eau. C&rsquo;est la direction nationale de la soci\u00e9t\u00e9 des Eaux de Guin\u00e9e (SEG) qui a abrit\u00e9 cette c\u00e9r\u00e9monie \u00e0 travers des panels et de recommandation aupr\u00e8s des autorit\u00e9s de la transition.<\/p>\n<p>Le theme de cette journ\u00e9e de c\u00e9l\u00e9bration est \u00ab\u00a0Acc\u00e9l\u00e9rer le changement\u00a0\u00bb,<br \/>\nDans son discours, le directeur g\u00e9n\u00e9ral de la SEG, se dit honor\u00e9 de l&rsquo;accueil a cette journ\u00e9e mondiale de l&rsquo;eau qui est une opportunit\u00e9 de mettre en avant\/de c\u00e9l\u00e9brer l&rsquo;importance de l&rsquo;eau dans la vies des communaut\u00e9s et de l&rsquo;environnement.<\/p>\n<p><a href=\"https:\/\/universnews224.com\/wp-content\/uploads\/2023\/03\/F9A6961B-3DAA-4A07-B0C8-D401A1020AB8.jpeg\"><img loading=\"lazy\" class=\"alignnone size-medium wp-image-3262\" src=\"https:\/\/universnews224.com\/wp-content\/uploads\/2023\/03\/F9A6961B-3DAA-4A07-B0C8-D401A1020AB8-300x169.jpeg\" alt=\"\" width=\"300\" height=\"169\" srcset=\"https:\/\/universnews224.com\/wp-content\/uploads\/2023\/03\/F9A6961B-3DAA-4A07-B0C8-D401A1020AB8-300x169.jpeg 300w, https:\/\/universnews224.com\/wp-content\/uploads\/2023\/03\/F9A6961B-3DAA-4A07-B0C8-D401A1020AB8-768x432.jpeg 768w, https:\/\/universnews224.com\/wp-content\/uploads\/2023\/03\/F9A6961B-3DAA-4A07-B0C8-D401A1020AB8-800x450.jpeg 800w, https:\/\/universnews224.com\/wp-content\/uploads\/2023\/03\/F9A6961B-3DAA-4A07-B0C8-D401A1020AB8.jpeg 1024w\" sizes=\"(max-width: 300px) 100vw, 300px\" \/><\/a><br \/>\n\u00ab Notre pays est drain\u00e9 par 1165 cours d&rsquo;eau codifi\u00e9s, formant neuf (9) bassins nationaux et quatorze (14) bassins fluviaux internationaux. Cette situation du pays lui permet de contribuer \u00e0 l&rsquo;\u00e9coulement en eau de surface du fleuve Niger avec environ 26% et du fleuve S\u00e9n\u00e9gal environ 75%. La SEG a une responsabilit\u00e9 importante en mati\u00e8re de gestion de l&rsquo;eau, nous devons travailler en \u00e9troite collaboration avec tous les partis prenantes. Aujourd&rsquo;hui nous n&rsquo;arrivons pas \u00e0 couvrir les besoins de notre population en eau potable \u00bb, a d\u00e9clar\u00e9.<br \/>\nEt d&rsquo;ajouter, \u00ab La situation alarmante et d\u00e9sastreuse de l&rsquo;approvisionnement en eau potable des populations dans les zones urbaines: avec un taux de desserte \u00e0 travers les r\u00e9seaux d&rsquo;eau potable de la Soci\u00e9t\u00e9 des Eaux de Guin\u00e9e (SEG) tr\u00e8s faible, en moyenne 7% pour les villes de l&rsquo;int\u00e9rieur et 31% pour la ville de Conakry; aussi, un risque sanitaire \u00e0 moyen terme \u00e9lev\u00e9 par suite de consommation d&rsquo;eau potentiellement pathog\u00e8ne provenant des puits tubulaires domestiques ex\u00e9cut\u00e9s de mani\u00e8res incontr\u00f4l\u00e9es sur toute I&rsquo;\u00e9tendue du territoire national; et un besoin urgent et important d&rsquo;investissements dans les infrastructures des syst\u00e8mes d&rsquo;alimentions en potable des populations environ 2,7 Milliards de Dollars US. Pour cette ann\u00e9e 2023, notre objectif est de d\u00e9marrer le quatri\u00e8me projet eau, de doter les villes de Koubia, Beyla et Fria d&rsquo;eau potable mais aussi construire de nouvelles infrastructures pour les 7 capitales r\u00e9gionales, d&rsquo;ici \u00e0 l&rsquo;horizon 2030 \u00bb, a indiqu\u00e9 le DG.<\/p>\n<p>Le pr\u00e9sident du conseil d&rsquo;administration de la SEG, Elhadj Boubacar Ba\u00efla Ly a \u00e9mis le souhait de la participation de tout le personnel de la bo\u00eete en mati\u00e8re de distribution de l&rsquo;eau potable \u00e0 la population.<br \/>\nIl a \u00e9galement rassur\u00e9 l&rsquo;assistance que les moyens n\u00e9cessaires seront mis \u00e0 la disposition de la SEG pour l&rsquo;accomplissement de la mission assign\u00e9e.<\/p>\n<p>&nbsp;<\/p>\n<p>Le secr\u00e9taire g\u00e9n\u00e9ral du minist\u00e8re de l&rsquo;hydraulique et des hydrocarbures, Ahmed S\u00e9kou Ke\u00efta est revenue sur la vision des responsables charg\u00e9s de g\u00e9rer cette denr\u00e9e en Guin\u00e9e qui, celui de faire de l&rsquo;eau et de son utilisation, un facteur de bien-\u00eatre social et de d\u00e9veloppement \u00e9conomique inclusif b\u00e9n\u00e9fique \u00e0 toutes les couches sociales du pays fond\u00e9 sur la bonne gouvernance, le consensus national, la paix sociale, protection de l&rsquo;environnement, l&rsquo;int\u00e9gration \u00e9conomique Ouest Africaine et la coop\u00e9ration internationale et transfrontali\u00e8re.<br \/>\n\u00ab Nous sommes donc tenue de travailler ensemble pour trouver des solutions durables pour pr\u00e9server cette pr\u00e9cieuse ressource pour les g\u00e9n\u00e9rations futures et pour la r\u00e9alisation de cette vision. En tant que minist\u00e8re de l&rsquo;hydraulique, je suis ravis de constater que depuis la derni\u00e8re d\u00e9cennie, gr\u00e2ce aux efforts de nos partenaires au d\u00e9veloppement, les organisations de la soci\u00e9t\u00e9 civile et les experts dans le domaine, nous avons progress\u00e9 dans la gestion de l&rsquo;eau m\u00eame si le d\u00e9fi reste encore grand \u00bb, dit-il.<br \/>\nSana Sylla<\/p>\n","protected":false},"excerpt":{"rendered":"<p>La R\u00e9publique de Guin\u00e9e, a c\u00e9l\u00e9br\u00e9 ce mardi 21mars 2023, en diff\u00e9r\u00e9 la journ\u00e9e mondiale<\/p>\n","protected":false},"author":2,"featured_media":3261,"comment_status":"closed","ping_status":"open","sticky":false,"template":"","format":"standard","meta":[],"categories":[1],"tags":[229],"yoast_head":"<!-- This site is optimized with the Yoast SEO plugin v19.13 - https:\/\/yoast.com\/wordpress\/plugins\/seo\/ -->\n<title>Soci\u00e9t\u00e9 : la journ\u00e9e mondiale de l&#039;eau c\u00e9l\u00e9br\u00e9e en Guin\u00e9e sous le signe des grandes r\u00e9formes. - UNIVERSNEWS224<\/title>\n<meta name=\"robots\" content=\"index, follow, max-snippet:-1, max-image-preview:large, max-video-preview:-1\" \/>\n<link rel=\"canonical\" href=\"https:\/\/universnews224.com\/index.php\/societe-la-journee-mondiale-de-leau-celebree-en-guinee-sous-le-signe-des-grandes-reformes\/\" \/>\n<meta property=\"og:locale\" content=\"fr_FR\" \/>\n<meta property=\"og:type\" content=\"article\" \/>\n<meta property=\"og:title\" content=\"Soci\u00e9t\u00e9 : la journ\u00e9e mondiale de l&#039;eau c\u00e9l\u00e9br\u00e9e en Guin\u00e9e sous le signe des grandes r\u00e9formes. - UNIVERSNEWS224\" \/>\n<meta property=\"og:description\" content=\"La R\u00e9publique de Guin\u00e9e, a c\u00e9l\u00e9br\u00e9 ce mardi 21mars 2023, en diff\u00e9r\u00e9 la journ\u00e9e mondiale\" \/>\n<meta property=\"og:url\" content=\"https:\/\/universnews224.com\/index.php\/societe-la-journee-mondiale-de-leau-celebree-en-guinee-sous-le-signe-des-grandes-reformes\/\" \/>\n<meta property=\"og:site_name\" content=\"UNIVERSNEWS224\" \/>\n<meta property=\"article:published_time\" content=\"2023-03-21T17:24:39+00:00\" \/>\n<meta property=\"og:image\" content=\"https:\/\/universnews224.com\/wp-content\/uploads\/2023\/03\/6B647206-B3EA-47B0-B616-F9A9B92108D4.jpeg\" \/>\n\t<meta property=\"og:image:width\" content=\"1024\" \/>\n\t<meta property=\"og:image:height\" content=\"576\" \/>\n\t<meta property=\"og:image:type\" content=\"image\/jpeg\" \/>\n<meta name=\"author\" content=\"La R\u00e9daction\" \/>\n<meta name=\"twitter:label1\" content=\"\u00c9crit par\" \/>\n\t<meta name=\"twitter:data1\" content=\"La R\u00e9daction\" \/>\n\t<meta name=\"twitter:label2\" content=\"Dur\u00e9e de lecture estim\u00e9e\" \/>\n\t<meta name=\"twitter:data2\" content=\"4 minutes\" \/>\n<script type=\"application\/ld+json\" class=\"yoast-schema-graph\">{\"@context\":\"https:\/\/schema.org\",\"@graph\":[{\"@type\":\"Article\",\"@id\":\"https:\/\/universnews224.com\/index.php\/societe-la-journee-mondiale-de-leau-celebree-en-guinee-sous-le-signe-des-grandes-reformes\/#article\",\"isPartOf\":{\"@id\":\"https:\/\/universnews224.com\/index.php\/societe-la-journee-mondiale-de-leau-celebree-en-guinee-sous-le-signe-des-grandes-reformes\/\"},\"author\":{\"name\":\"La R\u00e9daction\",\"@id\":\"https:\/\/universnews224.com\/#\/schema\/person\/a4b7d4f94a4716df60456a491260485e\"},\"headline\":\"Soci\u00e9t\u00e9 : la journ\u00e9e mondiale de l&rsquo;eau c\u00e9l\u00e9br\u00e9e en Guin\u00e9e sous le signe des grandes r\u00e9formes.\",\"datePublished\":\"2023-03-21T17:24:39+00:00\",\"dateModified\":\"2023-03-21T17:24:39+00:00\",\"mainEntityOfPage\":{\"@id\":\"https:\/\/universnews224.com\/index.php\/societe-la-journee-mondiale-de-leau-celebree-en-guinee-sous-le-signe-des-grandes-reformes\/\"},\"wordCount\":639,\"publisher\":{\"@id\":\"https:\/\/universnews224.com\/#organization\"},\"keywords\":[\"La une\"],\"inLanguage\":\"fr-FR\"},{\"@type\":\"WebPage\",\"@id\":\"https:\/\/universnews224.com\/index.php\/societe-la-journee-mondiale-de-leau-celebree-en-guinee-sous-le-signe-des-grandes-reformes\/\",\"url\":\"https:\/\/universnews224.com\/index.php\/societe-la-journee-mondiale-de-leau-celebree-en-guinee-sous-le-signe-des-grandes-reformes\/\",\"name\":\"Soci\u00e9t\u00e9 : la journ\u00e9e mondiale de l'eau c\u00e9l\u00e9br\u00e9e en Guin\u00e9e sous le signe des grandes r\u00e9formes. - UNIVERSNEWS224\",\"isPartOf\":{\"@id\":\"https:\/\/universnews224.com\/#website\"},\"datePublished\":\"2023-03-21T17:24:39+00:00\",\"dateModified\":\"2023-03-21T17:24:39+00:00\",\"inLanguage\":\"fr-FR\",\"potentialAction\":[{\"@type\":\"ReadAction\",\"target\":[\"https:\/\/universnews224.com\/index.php\/societe-la-journee-mondiale-de-leau-celebree-en-guinee-sous-le-signe-des-grandes-reformes\/\"]}]},{\"@type\":\"WebSite\",\"@id\":\"https:\/\/universnews224.com\/#website\",\"url\":\"https:\/\/universnews224.com\/\",\"name\":\"UNIVERSNEWS224\",\"description\":\"\",\"publisher\":{\"@id\":\"https:\/\/universnews224.com\/#organization\"},\"potentialAction\":[{\"@type\":\"SearchAction\",\"target\":{\"@type\":\"EntryPoint\",\"urlTemplate\":\"https:\/\/universnews224.com\/?s={search_term_string}\"},\"query-input\":\"required name=search_term_string\"}],\"inLanguage\":\"fr-FR\"},{\"@type\":\"Organization\",\"@id\":\"https:\/\/universnews224.com\/#organization\",\"name\":\"UNIVERSNEWS224\",\"url\":\"https:\/\/universnews224.com\/\",\"logo\":{\"@type\":\"ImageObject\",\"inLanguage\":\"fr-FR\",\"@id\":\"https:\/\/universnews224.com\/#\/schema\/logo\/image\/\",\"url\":\"https:\/\/universnews224.com\/wp-content\/uploads\/2022\/08\/cropped-cropped-logoban.jpg\",\"contentUrl\":\"https:\/\/universnews224.com\/wp-content\/uploads\/2022\/08\/cropped-cropped-logoban.jpg\",\"width\":1080,\"height\":138,\"caption\":\"UNIVERSNEWS224\"},\"image\":{\"@id\":\"https:\/\/universnews224.com\/#\/schema\/logo\/image\/\"}},{\"@type\":\"Person\",\"@id\":\"https:\/\/universnews224.com\/#\/schema\/person\/a4b7d4f94a4716df60456a491260485e\",\"name\":\"La R\u00e9daction\",\"image\":{\"@type\":\"ImageObject\",\"inLanguage\":\"fr-FR\",\"@id\":\"https:\/\/universnews224.com\/#\/schema\/person\/image\/\",\"url\":\"https:\/\/secure.gravatar.com\/avatar\/edb90acc7752b23e1b3307ad36c14f0d?s=96&d=mm&r=g\",\"contentUrl\":\"https:\/\/secure.gravatar.com\/avatar\/edb90acc7752b23e1b3307ad36c14f0d?s=96&d=mm&r=g\",\"caption\":\"La R\u00e9daction\"},\"sameAs\":[\"https:\/\/universnews224.com\"],\"url\":\"https:\/\/universnews224.com\/index.php\/author\/m-camara\/\"}]}<\/script>\n<!-- \/ Yoast SEO plugin. -->","yoast_head_json":{"title":"Soci\u00e9t\u00e9 : la journ\u00e9e mondiale de l'eau c\u00e9l\u00e9br\u00e9e en Guin\u00e9e sous le signe des grandes r\u00e9formes. - UNIVERSNEWS224","robots":{"index":"index","follow":"follow","max-snippet":"max-snippet:-1","max-image-preview":"max-image-preview:large","max-video-preview":"max-video-preview:-1"},"canonical":"https:\/\/universnews224.com\/index.php\/societe-la-journee-mondiale-de-leau-celebree-en-guinee-sous-le-signe-des-grandes-reformes\/","og_locale":"fr_FR","og_type":"article","og_title":"Soci\u00e9t\u00e9 : la journ\u00e9e mondiale de l'eau c\u00e9l\u00e9br\u00e9e en Guin\u00e9e sous le signe des grandes r\u00e9formes. - UNIVERSNEWS224","og_description":"La R\u00e9publique de Guin\u00e9e, a c\u00e9l\u00e9br\u00e9 ce mardi 21mars 2023, en diff\u00e9r\u00e9 la journ\u00e9e mondiale","og_url":"https:\/\/universnews224.com\/index.php\/societe-la-journee-mondiale-de-leau-celebree-en-guinee-sous-le-signe-des-grandes-reformes\/","og_site_name":"UNIVERSNEWS224","article_published_time":"2023-03-21T17:24:39+00:00","og_image":[{"width":1024,"height":576,"url":"https:\/\/universnews224.com\/wp-content\/uploads\/2023\/03\/6B647206-B3EA-47B0-B616-F9A9B92108D4.jpeg","type":"image\/jpeg"}],"author":"La R\u00e9daction","twitter_misc":{"\u00c9crit par":"La R\u00e9daction","Dur\u00e9e de lecture estim\u00e9e":"4 minutes"},"schema":{"@context":"https:\/\/schema.org","@graph":[{"@type":"Article","@id":"https:\/\/universnews224.com\/index.php\/societe-la-journee-mondiale-de-leau-celebree-en-guinee-sous-le-signe-des-grandes-reformes\/#article","isPartOf":{"@id":"https:\/\/universnews224.com\/index.php\/societe-la-journee-mondiale-de-leau-celebree-en-guinee-sous-le-signe-des-grandes-reformes\/"},"author":{"name":"La R\u00e9daction","@id":"https:\/\/universnews224.com\/#\/schema\/person\/a4b7d4f94a4716df60456a491260485e"},"headline":"Soci\u00e9t\u00e9 : la journ\u00e9e mondiale de l&rsquo;eau c\u00e9l\u00e9br\u00e9e en Guin\u00e9e sous le signe des grandes r\u00e9formes.","datePublished":"2023-03-21T17:24:39+00:00","dateModified":"2023-03-21T17:24:39+00:00","mainEntityOfPage":{"@id":"https:\/\/universnews224.com\/index.php\/societe-la-journee-mondiale-de-leau-celebree-en-guinee-sous-le-signe-des-grandes-reformes\/"},"wordCount":639,"publisher":{"@id":"https:\/\/universnews224.com\/#organization"},"keywords":["La une"],"inLanguage":"fr-FR"},{"@type":"WebPage","@id":"https:\/\/universnews224.com\/index.php\/societe-la-journee-mondiale-de-leau-celebree-en-guinee-sous-le-signe-des-grandes-reformes\/","url":"https:\/\/universnews224.com\/index.php\/societe-la-journee-mondiale-de-leau-celebree-en-guinee-sous-le-signe-des-grandes-reformes\/","name":"Soci\u00e9t\u00e9 : la journ\u00e9e mondiale de l'eau c\u00e9l\u00e9br\u00e9e en Guin\u00e9e sous le signe des grandes r\u00e9formes. - UNIVERSNEWS224","isPartOf":{"@id":"https:\/\/universnews224.com\/#website"},"datePublished":"2023-03-21T17:24:39+00:00","dateModified":"2023-03-21T17:24:39+00:00","inLanguage":"fr-FR","potentialAction":[{"@type":"ReadAction","target":["https:\/\/universnews224.com\/index.php\/societe-la-journee-mondiale-de-leau-celebree-en-guinee-sous-le-signe-des-grandes-reformes\/"]}]},{"@type":"WebSite","@id":"https:\/\/universnews224.com\/#website","url":"https:\/\/universnews224.com\/","name":"UNIVERSNEWS224","description":"","publisher":{"@id":"https:\/\/universnews224.com\/#organization"},"potentialAction":[{"@type":"SearchAction","target":{"@type":"EntryPoint","urlTemplate":"https:\/\/universnews224.com\/?s={search_term_string}"},"query-input":"required name=search_term_string"}],"inLanguage":"fr-FR"},{"@type":"Organization","@id":"https:\/\/universnews224.com\/#organization","name":"UNIVERSNEWS224","url":"https:\/\/universnews224.com\/","logo":{"@type":"ImageObject","inLanguage":"fr-FR","@id":"https:\/\/universnews224.com\/#\/schema\/logo\/image\/","url":"https:\/\/universnews224.com\/wp-content\/uploads\/2022\/08\/cropped-cropped-logoban.jpg","contentUrl":"https:\/\/universnews224.com\/wp-content\/uploads\/2022\/08\/cropped-cropped-logoban.jpg","width":1080,"height":138,"caption":"UNIVERSNEWS224"},"image":{"@id":"https:\/\/universnews224.com\/#\/schema\/logo\/image\/"}},{"@type":"Person","@id":"https:\/\/universnews224.com\/#\/schema\/person\/a4b7d4f94a4716df60456a491260485e","name":"La R\u00e9daction","image":{"@type":"ImageObject","inLanguage":"fr-FR","@id":"https:\/\/universnews224.com\/#\/schema\/person\/image\/","url":"https:\/\/secure.gravatar.com\/avatar\/edb90acc7752b23e1b3307ad36c14f0d?s=96&d=mm&r=g","contentUrl":"https:\/\/secure.gravatar.com\/avatar\/edb90acc7752b23e1b3307ad36c14f0d?s=96&d=mm&r=g","caption":"La R\u00e9daction"},"sameAs":["https:\/\/universnews224.com"],"url":"https:\/\/universnews224.com\/index.php\/author\/m-camara\/"}]}},"_links":{"self":[{"href":"https:\/\/universnews224.com\/index.php\/wp-json\/wp\/v2\/posts\/3260"}],"collection":[{"href":"https:\/\/universnews224.com\/index.php\/wp-json\/wp\/v2\/posts"}],"about":[{"href":"https:\/\/universnews224.com\/index.php\/wp-json\/wp\/v2\/types\/post"}],"author":[{"embeddable":true,"href":"https:\/\/universnews224.com\/index.php\/wp-json\/wp\/v2\/users\/2"}],"replies":[{"embeddable":true,"href":"https:\/\/universnews224.com\/index.php\/wp-json\/wp\/v2\/comments?post=3260"}],"version-history":[{"count":1,"href":"https:\/\/universnews224.com\/index.php\/wp-json\/wp\/v2\/posts\/3260\/revisions"}],"predecessor-version":[{"id":3263,"href":"https:\/\/universnews224.com\/index.php\/wp-json\/wp\/v2\/posts\/3260\/revisions\/3263"}],"wp:featuredmedia":[{"embeddable":true,"href":"https:\/\/universnews224.com\/index.php\/wp-json\/wp\/v2\/media\/3261"}],"wp:attachment":[{"href":"https:\/\/universnews224.com\/index.php\/wp-json\/wp\/v2\/media?parent=3260"}],"wp:term":[{"taxonomy":"category","embeddable":true,"href":"https:\/\/universnews224.com\/index.php\/wp-json\/wp\/v2\/categories?post=3260"},{"taxonomy":"post_tag","embeddable":true,"href":"https:\/\/universnews224.com\/index.php\/wp-json\/wp\/v2\/tags?post=3260"}],"curies":[{"name":"wp","href":"https:\/\/api.w.org\/{rel}","templated":true}]}}