{"id":3280,"date":"2023-03-24T18:25:18","date_gmt":"2023-03-24T17:25:18","guid":{"rendered":"https:\/\/universnews224.com\/?p=3280"},"modified":"2023-03-24T18:25:18","modified_gmt":"2023-03-24T17:25:18","slug":"dr-been-youssouf-keita-sur-la-mediation-des-leaders-religieux-je-pense-que-cest-une-demarche-a-engager","status":"publish","type":"post","link":"https:\/\/universnews224.com\/index.php\/dr-been-youssouf-keita-sur-la-mediation-des-leaders-religieux-je-pense-que-cest-une-demarche-a-engager\/","title":{"rendered":"Dr Been Youssouf Ke\u00efta sur la m\u00e9diation des leaders religieux: \u00abJe pense que c\u2019est une d\u00e9marche \u00e0 engager\u00bb"},"content":{"rendered":"<p class=\"p1\"><span class=\"s1\">Le pr\u00e9sident de l\u2019Alliance pour Changement et Progr\u00e8s (ACP), Dr Been Youssouf Ke\u00efta s\u2019est prononc\u00e9 sur les multiples reports des manifestations des forces vives de Guin\u00e9e, gr\u00e2ce \u00e0 la m\u00e9diation des leaders religieux. <\/span><\/p>\n<p class=\"p1\"><span class=\"s1\">Invit\u00e9 de l\u2019\u00e9mission \u00abOn refait le monde\u00bb hier ce jeudi, 23 janvier 2023, le leader de l\u2019ACP a salu\u00e9 cette d\u00e9marche des chefs religieux qui, selon est \u00e0 encourager. <\/span><\/p>\n<p class=\"p1\"><span class=\"s1\">\u00abJe pense que c\u2019est une d\u00e9marche \u00e0 engager, parce qu\u2019au tant on peut \u00e9viter la sueur \u00e0 plus forte raison le sang entre nous fr\u00e8res, il faut aller dans le sens.<span class=\"Apple-converted-space\">\u00a0 <\/span>Vous avez c\u2019est une n\u00e9gociation, ce n\u2019est pas une rencontre unique.C\u2019est un processus, il y a toujours des p\u00e9rip\u00e9ties qu\u2019il faille traverser et arriver \u00e0 l\u2019objectif. Pour moi, c\u2019est une bonne chose\u00bb, a t-il a indiqu\u00e9.<\/span><\/p>\n<p class=\"p1\"><span class=\"s1\">Pour cet ancien membre du bureau politique de l\u2019UFDG, la rue n\u2019a jamais r\u00e9solu de probl\u00e8mes en Guin\u00e9e. <\/span><\/p>\n<p class=\"p1\"><span class=\"s1\">\u00abVous avez mon parti, l\u2019Alliance pour le Changement et le Progr\u00e8s est un parti pacifiste et moi-m\u00eame, j\u2019ai une longue exp\u00e9rience d\u00e9j\u00e0 des manifestations. De 2009 jusqu\u2019\u00e0 2021, je n\u2019ai manqu\u00e9 \u00e0 aucune manifestation. Depuis Zakariaou qui a \u00e9t\u00e9 abattu devant nous jusqu\u2019\u00e0 la prise du pouvoir du colonel Mamadi Doumbouya je n\u2019ai manqu\u00e9 \u00e0 aucune manifestation. Parce que quand je m\u2019engage, je m\u2019engage avec conviction et jusqu\u2019\u00e0 au fond.En me basant sur toutes ces exp\u00e9riences et les r\u00e9sultats obtenus que je me dis, \u00e7a sert \u00e0 rien d\u2019aller dans la rue. Parce que c\u2019est comme un biscuit. Ce pour lequel vous vous battez, vous n\u2019\u00eates certains de l\u2019avoir\u00bb, a t-il dit. <\/span><\/p>\n<p class=\"p1\"><span class=\"s1\">Camara Mamadouba <\/span><\/p>\n<p class=\"p1\"><span class=\"s1\">611 46 04 10 <\/span><\/p>\n","protected":false},"excerpt":{"rendered":"<p>Le pr\u00e9sident de l\u2019Alliance pour Changement et Progr\u00e8s (ACP), Dr Been Youssouf Ke\u00efta s\u2019est prononc\u00e9<\/p>\n","protected":false},"author":2,"featured_media":0,"comment_status":"closed","ping_status":"open","sticky":false,"template":"","format":"standard","meta":[],"categories":[3,4],"tags":[229],"yoast_head":"<!-- This site is optimized with the Yoast SEO plugin v19.13 - https:\/\/yoast.com\/wordpress\/plugins\/seo\/ -->\n<title>Dr Been Youssouf Ke\u00efta sur la m\u00e9diation des leaders religieux: \u00abJe pense que c\u2019est une d\u00e9marche \u00e0 engager\u00bb - UNIVERSNEWS224<\/title>\n<meta name=\"robots\" content=\"index, follow, max-snippet:-1, max-image-preview:large, max-video-preview:-1\" \/>\n<link rel=\"canonical\" href=\"https:\/\/universnews224.com\/index.php\/dr-been-youssouf-keita-sur-la-mediation-des-leaders-religieux-je-pense-que-cest-une-demarche-a-engager\/\" \/>\n<meta property=\"og:locale\" content=\"fr_FR\" \/>\n<meta property=\"og:type\" content=\"article\" \/>\n<meta property=\"og:title\" content=\"Dr Been Youssouf Ke\u00efta sur la m\u00e9diation des leaders religieux: \u00abJe pense que c\u2019est une d\u00e9marche \u00e0 engager\u00bb - UNIVERSNEWS224\" \/>\n<meta property=\"og:description\" content=\"Le pr\u00e9sident de l\u2019Alliance pour Changement et Progr\u00e8s (ACP), Dr Been Youssouf Ke\u00efta s\u2019est prononc\u00e9\" \/>\n<meta property=\"og:url\" content=\"https:\/\/universnews224.com\/index.php\/dr-been-youssouf-keita-sur-la-mediation-des-leaders-religieux-je-pense-que-cest-une-demarche-a-engager\/\" \/>\n<meta property=\"og:site_name\" content=\"UNIVERSNEWS224\" \/>\n<meta property=\"article:published_time\" content=\"2023-03-24T17:25:18+00:00\" \/>\n<meta name=\"author\" content=\"La R\u00e9daction\" \/>\n<meta name=\"twitter:label1\" content=\"\u00c9crit par\" \/>\n\t<meta name=\"twitter:data1\" content=\"La R\u00e9daction\" \/>\n\t<meta name=\"twitter:label2\" content=\"Dur\u00e9e de lecture estim\u00e9e\" \/>\n\t<meta name=\"twitter:data2\" content=\"2 minutes\" \/>\n<script type=\"application\/ld+json\" class=\"yoast-schema-graph\">{\"@context\":\"https:\/\/schema.org\",\"@graph\":[{\"@type\":\"Article\",\"@id\":\"https:\/\/universnews224.com\/index.php\/dr-been-youssouf-keita-sur-la-mediation-des-leaders-religieux-je-pense-que-cest-une-demarche-a-engager\/#article\",\"isPartOf\":{\"@id\":\"https:\/\/universnews224.com\/index.php\/dr-been-youssouf-keita-sur-la-mediation-des-leaders-religieux-je-pense-que-cest-une-demarche-a-engager\/\"},\"author\":{\"name\":\"La R\u00e9daction\",\"@id\":\"https:\/\/universnews224.com\/#\/schema\/person\/a4b7d4f94a4716df60456a491260485e\"},\"headline\":\"Dr Been Youssouf Ke\u00efta sur la m\u00e9diation des leaders religieux: \u00abJe pense que c\u2019est une d\u00e9marche \u00e0 engager\u00bb\",\"datePublished\":\"2023-03-24T17:25:18+00:00\",\"dateModified\":\"2023-03-24T17:25:18+00:00\",\"mainEntityOfPage\":{\"@id\":\"https:\/\/universnews224.com\/index.php\/dr-been-youssouf-keita-sur-la-mediation-des-leaders-religieux-je-pense-que-cest-une-demarche-a-engager\/\"},\"wordCount\":317,\"publisher\":{\"@id\":\"https:\/\/universnews224.com\/#organization\"},\"keywords\":[\"La une\"],\"articleSection\":[\"ACTU\",\"POLITIQUE\"],\"inLanguage\":\"fr-FR\"},{\"@type\":\"WebPage\",\"@id\":\"https:\/\/universnews224.com\/index.php\/dr-been-youssouf-keita-sur-la-mediation-des-leaders-religieux-je-pense-que-cest-une-demarche-a-engager\/\",\"url\":\"https:\/\/universnews224.com\/index.php\/dr-been-youssouf-keita-sur-la-mediation-des-leaders-religieux-je-pense-que-cest-une-demarche-a-engager\/\",\"name\":\"Dr Been Youssouf Ke\u00efta sur la m\u00e9diation des leaders religieux: \u00abJe pense que c\u2019est une d\u00e9marche \u00e0 engager\u00bb - UNIVERSNEWS224\",\"isPartOf\":{\"@id\":\"https:\/\/universnews224.com\/#website\"},\"datePublished\":\"2023-03-24T17:25:18+00:00\",\"dateModified\":\"2023-03-24T17:25:18+00:00\",\"inLanguage\":\"fr-FR\",\"potentialAction\":[{\"@type\":\"ReadAction\",\"target\":[\"https:\/\/universnews224.com\/index.php\/dr-been-youssouf-keita-sur-la-mediation-des-leaders-religieux-je-pense-que-cest-une-demarche-a-engager\/\"]}]},{\"@type\":\"WebSite\",\"@id\":\"https:\/\/universnews224.com\/#website\",\"url\":\"https:\/\/universnews224.com\/\",\"name\":\"UNIVERSNEWS224\",\"description\":\"\",\"publisher\":{\"@id\":\"https:\/\/universnews224.com\/#organization\"},\"potentialAction\":[{\"@type\":\"SearchAction\",\"target\":{\"@type\":\"EntryPoint\",\"urlTemplate\":\"https:\/\/universnews224.com\/?s={search_term_string}\"},\"query-input\":\"required name=search_term_string\"}],\"inLanguage\":\"fr-FR\"},{\"@type\":\"Organization\",\"@id\":\"https:\/\/universnews224.com\/#organization\",\"name\":\"UNIVERSNEWS224\",\"url\":\"https:\/\/universnews224.com\/\",\"logo\":{\"@type\":\"ImageObject\",\"inLanguage\":\"fr-FR\",\"@id\":\"https:\/\/universnews224.com\/#\/schema\/logo\/image\/\",\"url\":\"https:\/\/universnews224.com\/wp-content\/uploads\/2022\/08\/cropped-cropped-logoban.jpg\",\"contentUrl\":\"https:\/\/universnews224.com\/wp-content\/uploads\/2022\/08\/cropped-cropped-logoban.jpg\",\"width\":1080,\"height\":138,\"caption\":\"UNIVERSNEWS224\"},\"image\":{\"@id\":\"https:\/\/universnews224.com\/#\/schema\/logo\/image\/\"}},{\"@type\":\"Person\",\"@id\":\"https:\/\/universnews224.com\/#\/schema\/person\/a4b7d4f94a4716df60456a491260485e\",\"name\":\"La R\u00e9daction\",\"image\":{\"@type\":\"ImageObject\",\"inLanguage\":\"fr-FR\",\"@id\":\"https:\/\/universnews224.com\/#\/schema\/person\/image\/\",\"url\":\"https:\/\/secure.gravatar.com\/avatar\/edb90acc7752b23e1b3307ad36c14f0d?s=96&d=mm&r=g\",\"contentUrl\":\"https:\/\/secure.gravatar.com\/avatar\/edb90acc7752b23e1b3307ad36c14f0d?s=96&d=mm&r=g\",\"caption\":\"La R\u00e9daction\"},\"sameAs\":[\"https:\/\/universnews224.com\"],\"url\":\"https:\/\/universnews224.com\/index.php\/author\/m-camara\/\"}]}<\/script>\n<!-- \/ Yoast SEO plugin. -->","yoast_head_json":{"title":"Dr Been Youssouf Ke\u00efta sur la m\u00e9diation des leaders religieux: \u00abJe pense que c\u2019est une d\u00e9marche \u00e0 engager\u00bb - UNIVERSNEWS224","robots":{"index":"index","follow":"follow","max-snippet":"max-snippet:-1","max-image-preview":"max-image-preview:large","max-video-preview":"max-video-preview:-1"},"canonical":"https:\/\/universnews224.com\/index.php\/dr-been-youssouf-keita-sur-la-mediation-des-leaders-religieux-je-pense-que-cest-une-demarche-a-engager\/","og_locale":"fr_FR","og_type":"article","og_title":"Dr Been Youssouf Ke\u00efta sur la m\u00e9diation des leaders religieux: \u00abJe pense que c\u2019est une d\u00e9marche \u00e0 engager\u00bb - UNIVERSNEWS224","og_description":"Le pr\u00e9sident de l\u2019Alliance pour Changement et Progr\u00e8s (ACP), Dr Been Youssouf Ke\u00efta s\u2019est prononc\u00e9","og_url":"https:\/\/universnews224.com\/index.php\/dr-been-youssouf-keita-sur-la-mediation-des-leaders-religieux-je-pense-que-cest-une-demarche-a-engager\/","og_site_name":"UNIVERSNEWS224","article_published_time":"2023-03-24T17:25:18+00:00","author":"La R\u00e9daction","twitter_misc":{"\u00c9crit par":"La R\u00e9daction","Dur\u00e9e de lecture estim\u00e9e":"2 minutes"},"schema":{"@context":"https:\/\/schema.org","@graph":[{"@type":"Article","@id":"https:\/\/universnews224.com\/index.php\/dr-been-youssouf-keita-sur-la-mediation-des-leaders-religieux-je-pense-que-cest-une-demarche-a-engager\/#article","isPartOf":{"@id":"https:\/\/universnews224.com\/index.php\/dr-been-youssouf-keita-sur-la-mediation-des-leaders-religieux-je-pense-que-cest-une-demarche-a-engager\/"},"author":{"name":"La R\u00e9daction","@id":"https:\/\/universnews224.com\/#\/schema\/person\/a4b7d4f94a4716df60456a491260485e"},"headline":"Dr Been Youssouf Ke\u00efta sur la m\u00e9diation des leaders religieux: \u00abJe pense que c\u2019est une d\u00e9marche \u00e0 engager\u00bb","datePublished":"2023-03-24T17:25:18+00:00","dateModified":"2023-03-24T17:25:18+00:00","mainEntityOfPage":{"@id":"https:\/\/universnews224.com\/index.php\/dr-been-youssouf-keita-sur-la-mediation-des-leaders-religieux-je-pense-que-cest-une-demarche-a-engager\/"},"wordCount":317,"publisher":{"@id":"https:\/\/universnews224.com\/#organization"},"keywords":["La une"],"articleSection":["ACTU","POLITIQUE"],"inLanguage":"fr-FR"},{"@type":"WebPage","@id":"https:\/\/universnews224.com\/index.php\/dr-been-youssouf-keita-sur-la-mediation-des-leaders-religieux-je-pense-que-cest-une-demarche-a-engager\/","url":"https:\/\/universnews224.com\/index.php\/dr-been-youssouf-keita-sur-la-mediation-des-leaders-religieux-je-pense-que-cest-une-demarche-a-engager\/","name":"Dr Been Youssouf Ke\u00efta sur la m\u00e9diation des leaders religieux: \u00abJe pense que c\u2019est une d\u00e9marche \u00e0 engager\u00bb - UNIVERSNEWS224","isPartOf":{"@id":"https:\/\/universnews224.com\/#website"},"datePublished":"2023-03-24T17:25:18+00:00","dateModified":"2023-03-24T17:25:18+00:00","inLanguage":"fr-FR","potentialAction":[{"@type":"ReadAction","target":["https:\/\/universnews224.com\/index.php\/dr-been-youssouf-keita-sur-la-mediation-des-leaders-religieux-je-pense-que-cest-une-demarche-a-engager\/"]}]},{"@type":"WebSite","@id":"https:\/\/universnews224.com\/#website","url":"https:\/\/universnews224.com\/","name":"UNIVERSNEWS224","description":"","publisher":{"@id":"https:\/\/universnews224.com\/#organization"},"potentialAction":[{"@type":"SearchAction","target":{"@type":"EntryPoint","urlTemplate":"https:\/\/universnews224.com\/?s={search_term_string}"},"query-input":"required name=search_term_string"}],"inLanguage":"fr-FR"},{"@type":"Organization","@id":"https:\/\/universnews224.com\/#organization","name":"UNIVERSNEWS224","url":"https:\/\/universnews224.com\/","logo":{"@type":"ImageObject","inLanguage":"fr-FR","@id":"https:\/\/universnews224.com\/#\/schema\/logo\/image\/","url":"https:\/\/universnews224.com\/wp-content\/uploads\/2022\/08\/cropped-cropped-logoban.jpg","contentUrl":"https:\/\/universnews224.com\/wp-content\/uploads\/2022\/08\/cropped-cropped-logoban.jpg","width":1080,"height":138,"caption":"UNIVERSNEWS224"},"image":{"@id":"https:\/\/universnews224.com\/#\/schema\/logo\/image\/"}},{"@type":"Person","@id":"https:\/\/universnews224.com\/#\/schema\/person\/a4b7d4f94a4716df60456a491260485e","name":"La R\u00e9daction","image":{"@type":"ImageObject","inLanguage":"fr-FR","@id":"https:\/\/universnews224.com\/#\/schema\/person\/image\/","url":"https:\/\/secure.gravatar.com\/avatar\/edb90acc7752b23e1b3307ad36c14f0d?s=96&d=mm&r=g","contentUrl":"https:\/\/secure.gravatar.com\/avatar\/edb90acc7752b23e1b3307ad36c14f0d?s=96&d=mm&r=g","caption":"La R\u00e9daction"},"sameAs":["https:\/\/universnews224.com"],"url":"https:\/\/universnews224.com\/index.php\/author\/m-camara\/"}]}},"_links":{"self":[{"href":"https:\/\/universnews224.com\/index.php\/wp-json\/wp\/v2\/posts\/3280"}],"collection":[{"href":"https:\/\/universnews224.com\/index.php\/wp-json\/wp\/v2\/posts"}],"about":[{"href":"https:\/\/universnews224.com\/index.php\/wp-json\/wp\/v2\/types\/post"}],"author":[{"embeddable":true,"href":"https:\/\/universnews224.com\/index.php\/wp-json\/wp\/v2\/users\/2"}],"replies":[{"embeddable":true,"href":"https:\/\/universnews224.com\/index.php\/wp-json\/wp\/v2\/comments?post=3280"}],"version-history":[{"count":1,"href":"https:\/\/universnews224.com\/index.php\/wp-json\/wp\/v2\/posts\/3280\/revisions"}],"predecessor-version":[{"id":3281,"href":"https:\/\/universnews224.com\/index.php\/wp-json\/wp\/v2\/posts\/3280\/revisions\/3281"}],"wp:attachment":[{"href":"https:\/\/universnews224.com\/index.php\/wp-json\/wp\/v2\/media?parent=3280"}],"wp:term":[{"taxonomy":"category","embeddable":true,"href":"https:\/\/universnews224.com\/index.php\/wp-json\/wp\/v2\/categories?post=3280"},{"taxonomy":"post_tag","embeddable":true,"href":"https:\/\/universnews224.com\/index.php\/wp-json\/wp\/v2\/tags?post=3280"}],"curies":[{"name":"wp","href":"https:\/\/api.w.org\/{rel}","templated":true}]}}