{"id":3286,"date":"2023-03-25T18:00:55","date_gmt":"2023-03-25T17:00:55","guid":{"rendered":"https:\/\/universnews224.com\/?p=3286"},"modified":"2023-03-25T18:00:55","modified_gmt":"2023-03-25T17:00:55","slug":"fode-balde-ufr-nous-ne-manifestons-pas-parce-que-nous-le-voulons-nous-le-faisons-que-lorsque-toutes-possibilites-ont-ete-epuisees","status":"publish","type":"post","link":"https:\/\/universnews224.com\/index.php\/fode-balde-ufr-nous-ne-manifestons-pas-parce-que-nous-le-voulons-nous-le-faisons-que-lorsque-toutes-possibilites-ont-ete-epuisees\/","title":{"rendered":"Fod\u00e9 Bald\u00e9 UFR: \u00abNous ne manifestons pas parce que nous le voulons, nous le faisons que lorsque toutes possibilit\u00e9s ont \u00e9t\u00e9 \u00e9puis\u00e9es\u00bb"},"content":{"rendered":"<p class=\"p1\">Comme \u00e0 l\u2019accoutum\u00e9e, les responsables de l\u2019Union des Forces R\u00e9publicaines ont tenu leur assembl\u00e9e g\u00e9n\u00e9rale ce samedi, 24 mars 2023 \u00e0 Matam Mido.<\/p>\n<p class=\"p1\"><span class=\"s1\">Au cours de cette assembl\u00e9e, Fod\u00e9 Bald\u00e9, responsable de la communication de l\u2019UFR, est largement revenu sur le compte rendu qui a sanctionn\u00e9 la rencontre entre forces vives de Guin\u00e9e et le gouvernement, sous la m\u00e9diation des leaders religieux. <\/span><\/p>\n<p class=\"p1\"><span class=\"s1\">\u00abComme vous le savez, nous avons d\u00e9cid\u00e9 dans le cadre des forces vives( FNDC politique, l\u2019ANAD, RPG arc-en-ciel et alli\u00e9s, FNDC, le Forum des forces sociales), de donner une chance aux \u00e9changes avec la contribution des religieux, de sorte qu\u2019il ait l\u2019apaisement dans notre pays. C\u2019est pourquoi, les diff\u00e9rentes manifestations programm\u00e9es ont \u00e9t\u00e9 report\u00e9es.Mais, malheureusement la premi\u00e8re rencontre qui devrait se tenir s\u2019est vu heurter par l\u2019interpellation de notre camarade, Abdoul Sacko, responsable du forum des forces sociales. Donc, nos repr\u00e9sentants qui y \u00e9taient ont pos\u00e9 comme pr\u00e9alable la lib\u00e9ration imm\u00e9diate et sans condition de notre camarade, Abdoul Sacko. \u00c0 c\u00f4t\u00e9 de cela, nous avons constat\u00e9 que le gouvernement n\u2019avait pas voulu \u00eatre autour avec le FNDC. Ce pr\u00e9alable aussi a \u00e9t\u00e9 lev\u00e9. Nous avons \u00e9galement obtenu la d\u00e9localisation de la rencontre au centre islamique, un endroit neutre. On a aussi estim\u00e9 qu\u2019il faut respecter la parole donn\u00e9e parce que la parole est sacr\u00e9e. Pour nous, la parole d\u00e9finie l\u2019homme, c\u2019est pourquoi, nous sommes choqu\u00e9s quand les gens ne tiennent pas parole. Voil\u00e0 c\u2019est pourquoi, les propos du 5 septembre, quand cela n\u2019est pas respect\u00e9, nous sommes heurt\u00e9. Donc, nous, \u00e9tant attach\u00e9 aux principes du respect de la parole donn\u00e9e, nous avons d\u00e9cid\u00e9 de nous retrouver autour de la table, apr\u00e8s que les pr\u00e9alables que je viens mentionner aient \u00e9t\u00e9 lev\u00e9s\u00bb, a t-il indiqu\u00e9. <\/span><\/p>\n<p class=\"p1\"><span class=\"s1\">Quand nous nous sommes retrouv\u00e9s autour de la table poursuit-il, \u00ables d\u00e9bats houleux ont commenc\u00e9. Vous avez le premier jour, forc\u00e9ment les questions qui f\u00e2chent seront pos\u00e9es. Contrairement \u00e0 ce que nous avons entendu dans la presse dont les sources seront de la partie qu\u2019on peut qualifier de toxiques, il n\u2019avait pas de p\u00e9ril \u00e0 la demeure. Effectivement, les questions qui f\u00e2chent ont \u00e9t\u00e9 pos\u00e9es. On s\u2019est entendu sur les grandes lignes, c\u2019est-\u00e0-dire, de constituer une \u00e9quipe de six (6) personnes et de faire en sorte que les actions urgentes,concr\u00e8tes, que nous forces vives, attendons du gouvernement puissent \u00eatre identifi\u00e9es. Pour<span class=\"Apple-converted-space\">\u00a0 <\/span>que toute suite le d\u00e9bat soit ax\u00e9 sur ces points l\u00e0, de sorte \u00e0 rassurer les parties qui prennent part aux d\u00e9bats. C\u2019est cette optique<span class=\"Apple-converted-space\">\u00a0 <\/span>que nous, FNDC politique, avions d\u00e9sign\u00e9 le vice-pr\u00e9sident de l\u2019UFR, ministre Boubacar Barry.<span class=\"Apple-converted-space\">\u00a0 <\/span>Nous avons pos\u00e9 sur papier les actions concr\u00e8tes et urgentes qui nous am\u00e8neront en tant que forces vives du pays \u00e0 \u00eatre rassur\u00e9es de la volont\u00e9 des autorit\u00e9s \u00e0 aller vers de l\u2019avant. De la volont\u00e9 des forces vives \u00e0 ouvrir le cadre de dialogue tant souhait\u00e9 et que consacre m\u00eame la charte de notre transition, l\u2019article 77. Et faire en sorte que les droits qui sont reconnus \u00e0 44 de la charte soient exerc\u00e9s, de sorte \u00e0 ce que personne ne puisse \u00eatre objet de s\u00e9questration, d\u2019intimidation encore de moins de filatures. Ce papier a \u00e9t\u00e9 pos\u00e9 hier au niveau des religieux et des d\u00e9bats ont \u00e9t\u00e9 fructueux et nous avons estim\u00e9 qu\u2019il fallait aborder ces questions essentielles, a t-il expliqu\u00e9. <\/span><\/p>\n<p class=\"p1\"><span class=\"s1\">Plus loin, Fod\u00e9 les forces a laiss\u00e9 entendre tout ce que les forces vives demandent au CNRD, c\u2019est le respect du discours du 5 septembre et la charte de la transition. <\/span><\/p>\n<p class=\"p1\"><span class=\"s1\">\u00abDe quoi est t-il question sans rentrer dans les d\u00e9tails? Il s\u2019agit tout simplement encore une fois, d\u2019inviter les CNRD au respect de la parole donn\u00e9e, parce que pour nous, la parole d\u00e9finie l\u2019homme. Nous demandons \u00e0 ce que la parole donn\u00e9e du 5 septembre soit respect\u00e9e et que la charte qui fait office de constitution, soit aussi respect\u00e9e dans sa lettre et dans son esprit. Ce qui va in\u00e9luctablement conduire au respect des droits et des libert\u00e9s fondamentaux et ce qui va conduire \u00e0 ce que la justice soit r\u00e9ellement, la boussole que nous a \u00e9t\u00e9 pr\u00e9sent\u00e9e depuis l\u2019av\u00e8nement du CNRD. Donc, les d\u00e9bats sont cours. Nous avons d\u00e9cid\u00e9 de reporter la manifestation qui \u00e9tait pr\u00e9vue le 20. Parce que encore une fois, nous ne manifestons pas parce que nous le voulons, nous le faisons que lorsque toutes possibilit\u00e9s ont \u00e9t\u00e9 \u00e9puis\u00e9es, de sorte \u00e0 faire en sorte que nous, forces vives et le gouvernement puissent \u00eatre autour de la table. <\/span><\/p>\n<p class=\"p1\"><span class=\"s1\">Camara Mamadouba <\/span><\/p>\n<p class=\"p1\"><span class=\"s1\">611 46 04 10 <\/span><\/p>\n","protected":false},"excerpt":{"rendered":"<p>Comme \u00e0 l\u2019accoutum\u00e9e, les responsables de l\u2019Union des Forces R\u00e9publicaines ont tenu leur assembl\u00e9e g\u00e9n\u00e9rale<\/p>\n","protected":false},"author":2,"featured_media":3287,"comment_status":"closed","ping_status":"open","sticky":false,"template":"","format":"standard","meta":[],"categories":[3,4],"tags":[229],"yoast_head":"<!-- This site is optimized with the Yoast SEO plugin v19.13 - https:\/\/yoast.com\/wordpress\/plugins\/seo\/ -->\n<title>Fod\u00e9 Bald\u00e9 UFR: \u00abNous ne manifestons pas parce que nous le voulons, nous le faisons que lorsque toutes possibilit\u00e9s ont \u00e9t\u00e9 \u00e9puis\u00e9es\u00bb - UNIVERSNEWS224<\/title>\n<meta name=\"robots\" content=\"index, follow, max-snippet:-1, max-image-preview:large, max-video-preview:-1\" \/>\n<link rel=\"canonical\" href=\"https:\/\/universnews224.com\/index.php\/fode-balde-ufr-nous-ne-manifestons-pas-parce-que-nous-le-voulons-nous-le-faisons-que-lorsque-toutes-possibilites-ont-ete-epuisees\/\" \/>\n<meta property=\"og:locale\" content=\"fr_FR\" \/>\n<meta property=\"og:type\" content=\"article\" \/>\n<meta property=\"og:title\" content=\"Fod\u00e9 Bald\u00e9 UFR: \u00abNous ne manifestons pas parce que nous le voulons, nous le faisons que lorsque toutes possibilit\u00e9s ont \u00e9t\u00e9 \u00e9puis\u00e9es\u00bb - UNIVERSNEWS224\" \/>\n<meta property=\"og:description\" content=\"Comme \u00e0 l\u2019accoutum\u00e9e, les responsables de l\u2019Union des Forces R\u00e9publicaines ont tenu leur assembl\u00e9e g\u00e9n\u00e9rale\" \/>\n<meta property=\"og:url\" content=\"https:\/\/universnews224.com\/index.php\/fode-balde-ufr-nous-ne-manifestons-pas-parce-que-nous-le-voulons-nous-le-faisons-que-lorsque-toutes-possibilites-ont-ete-epuisees\/\" \/>\n<meta property=\"og:site_name\" content=\"UNIVERSNEWS224\" \/>\n<meta property=\"article:published_time\" content=\"2023-03-25T17:00:55+00:00\" \/>\n<meta property=\"og:image\" content=\"https:\/\/universnews224.com\/wp-content\/uploads\/2023\/03\/D79744AB-BA66-42A9-98E0-528AA45A54C4.jpeg\" \/>\n\t<meta property=\"og:image:width\" content=\"1040\" \/>\n\t<meta property=\"og:image:height\" content=\"464\" \/>\n\t<meta property=\"og:image:type\" content=\"image\/jpeg\" \/>\n<meta name=\"author\" content=\"La R\u00e9daction\" \/>\n<meta name=\"twitter:label1\" content=\"\u00c9crit par\" \/>\n\t<meta name=\"twitter:data1\" content=\"La R\u00e9daction\" \/>\n\t<meta name=\"twitter:label2\" content=\"Dur\u00e9e de lecture estim\u00e9e\" \/>\n\t<meta name=\"twitter:data2\" content=\"4 minutes\" \/>\n<script type=\"application\/ld+json\" class=\"yoast-schema-graph\">{\"@context\":\"https:\/\/schema.org\",\"@graph\":[{\"@type\":\"Article\",\"@id\":\"https:\/\/universnews224.com\/index.php\/fode-balde-ufr-nous-ne-manifestons-pas-parce-que-nous-le-voulons-nous-le-faisons-que-lorsque-toutes-possibilites-ont-ete-epuisees\/#article\",\"isPartOf\":{\"@id\":\"https:\/\/universnews224.com\/index.php\/fode-balde-ufr-nous-ne-manifestons-pas-parce-que-nous-le-voulons-nous-le-faisons-que-lorsque-toutes-possibilites-ont-ete-epuisees\/\"},\"author\":{\"name\":\"La R\u00e9daction\",\"@id\":\"https:\/\/universnews224.com\/#\/schema\/person\/a4b7d4f94a4716df60456a491260485e\"},\"headline\":\"Fod\u00e9 Bald\u00e9 UFR: \u00abNous ne manifestons pas parce que nous le voulons, nous le faisons que lorsque toutes possibilit\u00e9s ont \u00e9t\u00e9 \u00e9puis\u00e9es\u00bb\",\"datePublished\":\"2023-03-25T17:00:55+00:00\",\"dateModified\":\"2023-03-25T17:00:55+00:00\",\"mainEntityOfPage\":{\"@id\":\"https:\/\/universnews224.com\/index.php\/fode-balde-ufr-nous-ne-manifestons-pas-parce-que-nous-le-voulons-nous-le-faisons-que-lorsque-toutes-possibilites-ont-ete-epuisees\/\"},\"wordCount\":845,\"publisher\":{\"@id\":\"https:\/\/universnews224.com\/#organization\"},\"keywords\":[\"La une\"],\"articleSection\":[\"ACTU\",\"POLITIQUE\"],\"inLanguage\":\"fr-FR\"},{\"@type\":\"WebPage\",\"@id\":\"https:\/\/universnews224.com\/index.php\/fode-balde-ufr-nous-ne-manifestons-pas-parce-que-nous-le-voulons-nous-le-faisons-que-lorsque-toutes-possibilites-ont-ete-epuisees\/\",\"url\":\"https:\/\/universnews224.com\/index.php\/fode-balde-ufr-nous-ne-manifestons-pas-parce-que-nous-le-voulons-nous-le-faisons-que-lorsque-toutes-possibilites-ont-ete-epuisees\/\",\"name\":\"Fod\u00e9 Bald\u00e9 UFR: \u00abNous ne manifestons pas parce que nous le voulons, nous le faisons que lorsque toutes possibilit\u00e9s ont \u00e9t\u00e9 \u00e9puis\u00e9es\u00bb - UNIVERSNEWS224\",\"isPartOf\":{\"@id\":\"https:\/\/universnews224.com\/#website\"},\"datePublished\":\"2023-03-25T17:00:55+00:00\",\"dateModified\":\"2023-03-25T17:00:55+00:00\",\"inLanguage\":\"fr-FR\",\"potentialAction\":[{\"@type\":\"ReadAction\",\"target\":[\"https:\/\/universnews224.com\/index.php\/fode-balde-ufr-nous-ne-manifestons-pas-parce-que-nous-le-voulons-nous-le-faisons-que-lorsque-toutes-possibilites-ont-ete-epuisees\/\"]}]},{\"@type\":\"WebSite\",\"@id\":\"https:\/\/universnews224.com\/#website\",\"url\":\"https:\/\/universnews224.com\/\",\"name\":\"UNIVERSNEWS224\",\"description\":\"\",\"publisher\":{\"@id\":\"https:\/\/universnews224.com\/#organization\"},\"potentialAction\":[{\"@type\":\"SearchAction\",\"target\":{\"@type\":\"EntryPoint\",\"urlTemplate\":\"https:\/\/universnews224.com\/?s={search_term_string}\"},\"query-input\":\"required name=search_term_string\"}],\"inLanguage\":\"fr-FR\"},{\"@type\":\"Organization\",\"@id\":\"https:\/\/universnews224.com\/#organization\",\"name\":\"UNIVERSNEWS224\",\"url\":\"https:\/\/universnews224.com\/\",\"logo\":{\"@type\":\"ImageObject\",\"inLanguage\":\"fr-FR\",\"@id\":\"https:\/\/universnews224.com\/#\/schema\/logo\/image\/\",\"url\":\"https:\/\/universnews224.com\/wp-content\/uploads\/2022\/08\/cropped-cropped-logoban.jpg\",\"contentUrl\":\"https:\/\/universnews224.com\/wp-content\/uploads\/2022\/08\/cropped-cropped-logoban.jpg\",\"width\":1080,\"height\":138,\"caption\":\"UNIVERSNEWS224\"},\"image\":{\"@id\":\"https:\/\/universnews224.com\/#\/schema\/logo\/image\/\"}},{\"@type\":\"Person\",\"@id\":\"https:\/\/universnews224.com\/#\/schema\/person\/a4b7d4f94a4716df60456a491260485e\",\"name\":\"La R\u00e9daction\",\"image\":{\"@type\":\"ImageObject\",\"inLanguage\":\"fr-FR\",\"@id\":\"https:\/\/universnews224.com\/#\/schema\/person\/image\/\",\"url\":\"https:\/\/secure.gravatar.com\/avatar\/edb90acc7752b23e1b3307ad36c14f0d?s=96&d=mm&r=g\",\"contentUrl\":\"https:\/\/secure.gravatar.com\/avatar\/edb90acc7752b23e1b3307ad36c14f0d?s=96&d=mm&r=g\",\"caption\":\"La R\u00e9daction\"},\"sameAs\":[\"https:\/\/universnews224.com\"],\"url\":\"https:\/\/universnews224.com\/index.php\/author\/m-camara\/\"}]}<\/script>\n<!-- \/ Yoast SEO plugin. -->","yoast_head_json":{"title":"Fod\u00e9 Bald\u00e9 UFR: \u00abNous ne manifestons pas parce que nous le voulons, nous le faisons que lorsque toutes possibilit\u00e9s ont \u00e9t\u00e9 \u00e9puis\u00e9es\u00bb - UNIVERSNEWS224","robots":{"index":"index","follow":"follow","max-snippet":"max-snippet:-1","max-image-preview":"max-image-preview:large","max-video-preview":"max-video-preview:-1"},"canonical":"https:\/\/universnews224.com\/index.php\/fode-balde-ufr-nous-ne-manifestons-pas-parce-que-nous-le-voulons-nous-le-faisons-que-lorsque-toutes-possibilites-ont-ete-epuisees\/","og_locale":"fr_FR","og_type":"article","og_title":"Fod\u00e9 Bald\u00e9 UFR: \u00abNous ne manifestons pas parce que nous le voulons, nous le faisons que lorsque toutes possibilit\u00e9s ont \u00e9t\u00e9 \u00e9puis\u00e9es\u00bb - UNIVERSNEWS224","og_description":"Comme \u00e0 l\u2019accoutum\u00e9e, les responsables de l\u2019Union des Forces R\u00e9publicaines ont tenu leur assembl\u00e9e g\u00e9n\u00e9rale","og_url":"https:\/\/universnews224.com\/index.php\/fode-balde-ufr-nous-ne-manifestons-pas-parce-que-nous-le-voulons-nous-le-faisons-que-lorsque-toutes-possibilites-ont-ete-epuisees\/","og_site_name":"UNIVERSNEWS224","article_published_time":"2023-03-25T17:00:55+00:00","og_image":[{"width":1040,"height":464,"url":"https:\/\/universnews224.com\/wp-content\/uploads\/2023\/03\/D79744AB-BA66-42A9-98E0-528AA45A54C4.jpeg","type":"image\/jpeg"}],"author":"La R\u00e9daction","twitter_misc":{"\u00c9crit par":"La R\u00e9daction","Dur\u00e9e de lecture estim\u00e9e":"4 minutes"},"schema":{"@context":"https:\/\/schema.org","@graph":[{"@type":"Article","@id":"https:\/\/universnews224.com\/index.php\/fode-balde-ufr-nous-ne-manifestons-pas-parce-que-nous-le-voulons-nous-le-faisons-que-lorsque-toutes-possibilites-ont-ete-epuisees\/#article","isPartOf":{"@id":"https:\/\/universnews224.com\/index.php\/fode-balde-ufr-nous-ne-manifestons-pas-parce-que-nous-le-voulons-nous-le-faisons-que-lorsque-toutes-possibilites-ont-ete-epuisees\/"},"author":{"name":"La R\u00e9daction","@id":"https:\/\/universnews224.com\/#\/schema\/person\/a4b7d4f94a4716df60456a491260485e"},"headline":"Fod\u00e9 Bald\u00e9 UFR: \u00abNous ne manifestons pas parce que nous le voulons, nous le faisons que lorsque toutes possibilit\u00e9s ont \u00e9t\u00e9 \u00e9puis\u00e9es\u00bb","datePublished":"2023-03-25T17:00:55+00:00","dateModified":"2023-03-25T17:00:55+00:00","mainEntityOfPage":{"@id":"https:\/\/universnews224.com\/index.php\/fode-balde-ufr-nous-ne-manifestons-pas-parce-que-nous-le-voulons-nous-le-faisons-que-lorsque-toutes-possibilites-ont-ete-epuisees\/"},"wordCount":845,"publisher":{"@id":"https:\/\/universnews224.com\/#organization"},"keywords":["La une"],"articleSection":["ACTU","POLITIQUE"],"inLanguage":"fr-FR"},{"@type":"WebPage","@id":"https:\/\/universnews224.com\/index.php\/fode-balde-ufr-nous-ne-manifestons-pas-parce-que-nous-le-voulons-nous-le-faisons-que-lorsque-toutes-possibilites-ont-ete-epuisees\/","url":"https:\/\/universnews224.com\/index.php\/fode-balde-ufr-nous-ne-manifestons-pas-parce-que-nous-le-voulons-nous-le-faisons-que-lorsque-toutes-possibilites-ont-ete-epuisees\/","name":"Fod\u00e9 Bald\u00e9 UFR: \u00abNous ne manifestons pas parce que nous le voulons, nous le faisons que lorsque toutes possibilit\u00e9s ont \u00e9t\u00e9 \u00e9puis\u00e9es\u00bb - UNIVERSNEWS224","isPartOf":{"@id":"https:\/\/universnews224.com\/#website"},"datePublished":"2023-03-25T17:00:55+00:00","dateModified":"2023-03-25T17:00:55+00:00","inLanguage":"fr-FR","potentialAction":[{"@type":"ReadAction","target":["https:\/\/universnews224.com\/index.php\/fode-balde-ufr-nous-ne-manifestons-pas-parce-que-nous-le-voulons-nous-le-faisons-que-lorsque-toutes-possibilites-ont-ete-epuisees\/"]}]},{"@type":"WebSite","@id":"https:\/\/universnews224.com\/#website","url":"https:\/\/universnews224.com\/","name":"UNIVERSNEWS224","description":"","publisher":{"@id":"https:\/\/universnews224.com\/#organization"},"potentialAction":[{"@type":"SearchAction","target":{"@type":"EntryPoint","urlTemplate":"https:\/\/universnews224.com\/?s={search_term_string}"},"query-input":"required name=search_term_string"}],"inLanguage":"fr-FR"},{"@type":"Organization","@id":"https:\/\/universnews224.com\/#organization","name":"UNIVERSNEWS224","url":"https:\/\/universnews224.com\/","logo":{"@type":"ImageObject","inLanguage":"fr-FR","@id":"https:\/\/universnews224.com\/#\/schema\/logo\/image\/","url":"https:\/\/universnews224.com\/wp-content\/uploads\/2022\/08\/cropped-cropped-logoban.jpg","contentUrl":"https:\/\/universnews224.com\/wp-content\/uploads\/2022\/08\/cropped-cropped-logoban.jpg","width":1080,"height":138,"caption":"UNIVERSNEWS224"},"image":{"@id":"https:\/\/universnews224.com\/#\/schema\/logo\/image\/"}},{"@type":"Person","@id":"https:\/\/universnews224.com\/#\/schema\/person\/a4b7d4f94a4716df60456a491260485e","name":"La R\u00e9daction","image":{"@type":"ImageObject","inLanguage":"fr-FR","@id":"https:\/\/universnews224.com\/#\/schema\/person\/image\/","url":"https:\/\/secure.gravatar.com\/avatar\/edb90acc7752b23e1b3307ad36c14f0d?s=96&d=mm&r=g","contentUrl":"https:\/\/secure.gravatar.com\/avatar\/edb90acc7752b23e1b3307ad36c14f0d?s=96&d=mm&r=g","caption":"La R\u00e9daction"},"sameAs":["https:\/\/universnews224.com"],"url":"https:\/\/universnews224.com\/index.php\/author\/m-camara\/"}]}},"_links":{"self":[{"href":"https:\/\/universnews224.com\/index.php\/wp-json\/wp\/v2\/posts\/3286"}],"collection":[{"href":"https:\/\/universnews224.com\/index.php\/wp-json\/wp\/v2\/posts"}],"about":[{"href":"https:\/\/universnews224.com\/index.php\/wp-json\/wp\/v2\/types\/post"}],"author":[{"embeddable":true,"href":"https:\/\/universnews224.com\/index.php\/wp-json\/wp\/v2\/users\/2"}],"replies":[{"embeddable":true,"href":"https:\/\/universnews224.com\/index.php\/wp-json\/wp\/v2\/comments?post=3286"}],"version-history":[{"count":1,"href":"https:\/\/universnews224.com\/index.php\/wp-json\/wp\/v2\/posts\/3286\/revisions"}],"predecessor-version":[{"id":3288,"href":"https:\/\/universnews224.com\/index.php\/wp-json\/wp\/v2\/posts\/3286\/revisions\/3288"}],"wp:featuredmedia":[{"embeddable":true,"href":"https:\/\/universnews224.com\/index.php\/wp-json\/wp\/v2\/media\/3287"}],"wp:attachment":[{"href":"https:\/\/universnews224.com\/index.php\/wp-json\/wp\/v2\/media?parent=3286"}],"wp:term":[{"taxonomy":"category","embeddable":true,"href":"https:\/\/universnews224.com\/index.php\/wp-json\/wp\/v2\/categories?post=3286"},{"taxonomy":"post_tag","embeddable":true,"href":"https:\/\/universnews224.com\/index.php\/wp-json\/wp\/v2\/tags?post=3286"}],"curies":[{"name":"wp","href":"https:\/\/api.w.org\/{rel}","templated":true}]}}