{"id":3289,"date":"2023-03-28T12:23:57","date_gmt":"2023-03-28T11:23:57","guid":{"rendered":"https:\/\/universnews224.com\/?p=3289"},"modified":"2023-03-28T12:23:57","modified_gmt":"2023-03-28T11:23:57","slug":"enseignement-technique-professionnel-le-cnt-ratifie-un-accord-de-pret-dun-montant-de-243-millions-deuro-pour-la-construction-de-deux-eram-a-kindia-et-mamou","status":"publish","type":"post","link":"https:\/\/universnews224.com\/index.php\/enseignement-technique-professionnel-le-cnt-ratifie-un-accord-de-pret-dun-montant-de-243-millions-deuro-pour-la-construction-de-deux-eram-a-kindia-et-mamou\/","title":{"rendered":"Enseignement Technique Professionnel: le CNT ratifie un accord de pr\u00eat d\u2019un montant de 24,3 Millions d\u2019Euro pour la construction de deux ERAM \u00e0 Kindia et Mamou."},"content":{"rendered":"<p class=\"p1\"><strong>R\u00e9unis en pl\u00e9ni\u00e8re ce lundi, 27 mars 2023, les conseillers nationaux de la transition sous l\u2019\u00e9gide de leur pr\u00e9sident, Dr Dansa Kourouma ont examin\u00e9 et adopt\u00e9, l\u2019accord de pr\u00eat entre la R\u00e9publique de Guin\u00e9e et la Banque Islamique de D\u00e9veloppement (BID) dans le cadre du financement du projet d\u2019appui au d\u00e9veloppement de l\u2019enseignement technique et professionnel (ERAM phase II) en Guin\u00e9e, sign\u00e9 le 15 janvier 2023 pour un montant de 24,300 millions d\u2019euros.<\/strong><\/p>\n<p class=\"p1\"><span class=\"s1\">Dans son discours de pr\u00e9sentation du rapport final, l\u2019honorable Mohamed Naby Sylla, membre de la Commission du Plan, des Affaires Financi\u00e8res et du Contr\u00f4le Budg\u00e9taire, a indiqu\u00e9 que cet accord permettra de r\u00e9aliser deux (2) Ecoles R\u00e9gionales des Arts et M\u00e9tiers (ERAM) dans les r\u00e9gions de Kindia et Mamou: <\/span><\/p>\n<p class=\"p1\"><span class=\"s1\">\u00ab Afin de r\u00e9pondre aux d\u00e9fis auxquels le secteur de l\u2019Enseignement Technique et de la Formation Professionnelle est confront\u00e9, relativement \u00e0 la construction et \u00e0 l\u2019\u00e9quipement des Ecoles d\u2019Arts et M\u00e9tiers\u00a0; la R\u00e9publique de Guin\u00e9e a sollicit\u00e9 et obtenu de la Banque Islamique de D\u00e9veloppement, un financement d\u2019un montant de 24,3 Millions d\u2019Euro afin de r\u00e9aliser\u00a0deux ERAM \u00e0 Kindia et \u00e0 Mamou. L\u2019ERAM de Kindia\u00a0comprendra : 1 bloc administratif, 2 blocs p\u00e9dagogiques d\u2019une capacit\u00e9 de 400 apprenants, 8 ateliers, 1 amphith\u00e9\u00e2tre, 1 bloc m\u00e9diath\u00e8que avec centre multim\u00e9dia, un restaurant, des logements comprenant 2 villas et 16 appartements pour les encadreurs, un entrep\u00f4t, une infirmerie, des vestiaires, une serre (zone d\u2019exp\u00e9rimentation) VRD, une aire de jeux et un parking, des travaux de voirie reliant les r\u00e9seaux d\u2019eau, d\u2019\u00e9lectricit\u00e9 et de t\u00e9l\u00e9phone. Les fili\u00e8res de m\u00e9tiers pr\u00e9vues \u00e0 Kindia sont\u00a0: agro-alimentaire, g\u00e9nie civil, administration\/gestion et artisanat, g\u00e9nie m\u00e9canique et g\u00e9nie \u00e9lectrique a t-il d\u00e9clar\u00e9 avant d\u2019ajouter: <\/span><\/p>\n<p class=\"p1\"><span class=\"s1\">\u00abCelle de Mamou sera sp\u00e9cialis\u00e9e dans les m\u00e9tiers de l\u2019agriculture, de l\u2019artisanat, de l\u2019administration\/gestion, de l\u2019agroalimentaire, des g\u00e9nies civil, m\u00e9canique et \u00e9lectrique, et comprendra : un bloc administratif, 2 blocs p\u00e9dagogiques d\u2019une capacit\u00e9 de 400 apprenants, 8 ateliers, 1 amphith\u00e9\u00e2tre , 1 bloc m\u00e9diath\u00e8que avec centre multim\u00e9dia, un restaurant, des logements comprenant 2 villas et 16 appartements pour les encadreurs, un entrep\u00f4t, une infirmerie, des vestiaires, une serre (zone d\u2019exp\u00e9rimentation) VRD, une aire de jeux, un parking, une route d\u2019acc\u00e8s, un raccordement aux r\u00e9seau d\u2019eau, d\u2019\u00e9lectricit\u00e9 et de t\u00e9l\u00e9phone\u00a0\u00bb, a t-il soulign\u00e9. <\/span><\/p>\n<p class=\"p1\"><span class=\"s1\">Poursuivant, l\u2019honorable Sylla a laiss\u00e9 entendre que ce pr\u00eat permettra \u00e9galement de financer: l\u2019\u00e9laboration des programmes de formation\u00a0;le renforcement des capacit\u00e9s institutionnelles\u00a0;la formation continue des enseignants de l\u2019ETFP et le renforcement des capacit\u00e9s du personnel technique et administratif du Minist\u00e8re ;la mise en place d\u2019une plate-forme centralis\u00e9e ; le service de conseil; l\u2019appui \u00e0 la gestion du projet ; l\u2019audit financier ;la composante d\u2019intervention d\u2019urgence en cas d\u2019urgence (CERC).<\/span><\/p>\n<p class=\"p1\"><span class=\"s1\">\u00abLes objectifs de ce projet consistent \u00e0 renforcer le d\u00e9veloppement du capital humain \u00e0 travers\u00a0: l\u2019am\u00e9lioration de la facilitation de l\u2019acc\u00e8s \u00e0 l\u2019enseignement et \u00e0 la formation professionnelle ; l\u2019am\u00e9lioration de la qualit\u00e9 de l\u2019offre de l\u2019Enseignement Technique et de la Formation Professionnelle (ETFP)\u00a0; l\u2019am\u00e9lioration de la pertinence du march\u00e9 du travail gr\u00e2ce \u00e0 l\u2019introduction de nouveaux m\u00e9tiers\u00a0; le renforcement de la capacit\u00e9 institutionnelle de l\u2019\u00e9cosyst\u00e8me d\u2019ETFP du pays. La dur\u00e9e du projet est de 4 ans et comporte 6 composantes\u00a0\u00bb, a t-il martel\u00e9. <\/span><\/p>\n<p class=\"p1\"><span class=\"s1\">Il faut rappeler que ce financement comporte un accord de Pr\u00eat\u00a0de 9 millions d\u2019euro se d\u00e9clinant en huit (8) articles et quatre (4) annexes et un accord cadre de 15 300 000 euro se d\u00e9clinant en sept (7) articles et trois (3) annexes. La dur\u00e9e du projet est de 4 ans et comporte 6 composantes.<\/span><\/p>\n<p class=\"p1\"><span class=\"s1\">Camara Mamadouba <\/span><\/p>\n<p class=\"p1\"><span class=\"s1\">611 46 04 10 <\/span><\/p>\n","protected":false},"excerpt":{"rendered":"<p>R\u00e9unis en pl\u00e9ni\u00e8re ce lundi, 27 mars 2023, les conseillers nationaux de la transition sous<\/p>\n","protected":false},"author":2,"featured_media":3290,"comment_status":"closed","ping_status":"open","sticky":false,"template":"","format":"standard","meta":[],"categories":[3,4],"tags":[229],"yoast_head":"<!-- This site is optimized with the Yoast SEO plugin v19.13 - https:\/\/yoast.com\/wordpress\/plugins\/seo\/ -->\n<title>Enseignement Technique Professionnel: le CNT ratifie un accord de pr\u00eat d\u2019un montant de 24,3 Millions d\u2019Euro pour la construction de deux ERAM \u00e0 Kindia et Mamou. - UNIVERSNEWS224<\/title>\n<meta name=\"robots\" content=\"index, follow, max-snippet:-1, max-image-preview:large, max-video-preview:-1\" \/>\n<link rel=\"canonical\" href=\"https:\/\/universnews224.com\/index.php\/enseignement-technique-professionnel-le-cnt-ratifie-un-accord-de-pret-dun-montant-de-243-millions-deuro-pour-la-construction-de-deux-eram-a-kindia-et-mamou\/\" \/>\n<meta property=\"og:locale\" content=\"fr_FR\" \/>\n<meta property=\"og:type\" content=\"article\" \/>\n<meta property=\"og:title\" content=\"Enseignement Technique Professionnel: le CNT ratifie un accord de pr\u00eat d\u2019un montant de 24,3 Millions d\u2019Euro pour la construction de deux ERAM \u00e0 Kindia et Mamou. - UNIVERSNEWS224\" \/>\n<meta property=\"og:description\" content=\"R\u00e9unis en pl\u00e9ni\u00e8re ce lundi, 27 mars 2023, les conseillers nationaux de la transition sous\" \/>\n<meta property=\"og:url\" content=\"https:\/\/universnews224.com\/index.php\/enseignement-technique-professionnel-le-cnt-ratifie-un-accord-de-pret-dun-montant-de-243-millions-deuro-pour-la-construction-de-deux-eram-a-kindia-et-mamou\/\" \/>\n<meta property=\"og:site_name\" content=\"UNIVERSNEWS224\" \/>\n<meta property=\"article:published_time\" content=\"2023-03-28T11:23:57+00:00\" \/>\n<meta property=\"og:image\" content=\"https:\/\/universnews224.com\/wp-content\/uploads\/2023\/03\/2457CFCC-E3DA-4C36-85B9-1F0BD396EA30.jpeg\" \/>\n\t<meta property=\"og:image:width\" content=\"1044\" \/>\n\t<meta property=\"og:image:height\" content=\"696\" \/>\n\t<meta property=\"og:image:type\" content=\"image\/jpeg\" \/>\n<meta name=\"author\" content=\"La R\u00e9daction\" \/>\n<meta name=\"twitter:label1\" content=\"\u00c9crit par\" \/>\n\t<meta name=\"twitter:data1\" content=\"La R\u00e9daction\" \/>\n\t<meta name=\"twitter:label2\" content=\"Dur\u00e9e de lecture estim\u00e9e\" \/>\n\t<meta name=\"twitter:data2\" content=\"3 minutes\" \/>\n<script type=\"application\/ld+json\" class=\"yoast-schema-graph\">{\"@context\":\"https:\/\/schema.org\",\"@graph\":[{\"@type\":\"Article\",\"@id\":\"https:\/\/universnews224.com\/index.php\/enseignement-technique-professionnel-le-cnt-ratifie-un-accord-de-pret-dun-montant-de-243-millions-deuro-pour-la-construction-de-deux-eram-a-kindia-et-mamou\/#article\",\"isPartOf\":{\"@id\":\"https:\/\/universnews224.com\/index.php\/enseignement-technique-professionnel-le-cnt-ratifie-un-accord-de-pret-dun-montant-de-243-millions-deuro-pour-la-construction-de-deux-eram-a-kindia-et-mamou\/\"},\"author\":{\"name\":\"La R\u00e9daction\",\"@id\":\"https:\/\/universnews224.com\/#\/schema\/person\/a4b7d4f94a4716df60456a491260485e\"},\"headline\":\"Enseignement Technique Professionnel: le CNT ratifie un accord de pr\u00eat d\u2019un montant de 24,3 Millions d\u2019Euro pour la construction de deux ERAM \u00e0 Kindia et Mamou.\",\"datePublished\":\"2023-03-28T11:23:57+00:00\",\"dateModified\":\"2023-03-28T11:23:57+00:00\",\"mainEntityOfPage\":{\"@id\":\"https:\/\/universnews224.com\/index.php\/enseignement-technique-professionnel-le-cnt-ratifie-un-accord-de-pret-dun-montant-de-243-millions-deuro-pour-la-construction-de-deux-eram-a-kindia-et-mamou\/\"},\"wordCount\":683,\"publisher\":{\"@id\":\"https:\/\/universnews224.com\/#organization\"},\"keywords\":[\"La une\"],\"articleSection\":[\"ACTU\",\"POLITIQUE\"],\"inLanguage\":\"fr-FR\"},{\"@type\":\"WebPage\",\"@id\":\"https:\/\/universnews224.com\/index.php\/enseignement-technique-professionnel-le-cnt-ratifie-un-accord-de-pret-dun-montant-de-243-millions-deuro-pour-la-construction-de-deux-eram-a-kindia-et-mamou\/\",\"url\":\"https:\/\/universnews224.com\/index.php\/enseignement-technique-professionnel-le-cnt-ratifie-un-accord-de-pret-dun-montant-de-243-millions-deuro-pour-la-construction-de-deux-eram-a-kindia-et-mamou\/\",\"name\":\"Enseignement Technique Professionnel: le CNT ratifie un accord de pr\u00eat d\u2019un montant de 24,3 Millions d\u2019Euro pour la construction de deux ERAM \u00e0 Kindia et Mamou. - UNIVERSNEWS224\",\"isPartOf\":{\"@id\":\"https:\/\/universnews224.com\/#website\"},\"datePublished\":\"2023-03-28T11:23:57+00:00\",\"dateModified\":\"2023-03-28T11:23:57+00:00\",\"inLanguage\":\"fr-FR\",\"potentialAction\":[{\"@type\":\"ReadAction\",\"target\":[\"https:\/\/universnews224.com\/index.php\/enseignement-technique-professionnel-le-cnt-ratifie-un-accord-de-pret-dun-montant-de-243-millions-deuro-pour-la-construction-de-deux-eram-a-kindia-et-mamou\/\"]}]},{\"@type\":\"WebSite\",\"@id\":\"https:\/\/universnews224.com\/#website\",\"url\":\"https:\/\/universnews224.com\/\",\"name\":\"UNIVERSNEWS224\",\"description\":\"\",\"publisher\":{\"@id\":\"https:\/\/universnews224.com\/#organization\"},\"potentialAction\":[{\"@type\":\"SearchAction\",\"target\":{\"@type\":\"EntryPoint\",\"urlTemplate\":\"https:\/\/universnews224.com\/?s={search_term_string}\"},\"query-input\":\"required name=search_term_string\"}],\"inLanguage\":\"fr-FR\"},{\"@type\":\"Organization\",\"@id\":\"https:\/\/universnews224.com\/#organization\",\"name\":\"UNIVERSNEWS224\",\"url\":\"https:\/\/universnews224.com\/\",\"logo\":{\"@type\":\"ImageObject\",\"inLanguage\":\"fr-FR\",\"@id\":\"https:\/\/universnews224.com\/#\/schema\/logo\/image\/\",\"url\":\"https:\/\/universnews224.com\/wp-content\/uploads\/2022\/08\/cropped-cropped-logoban.jpg\",\"contentUrl\":\"https:\/\/universnews224.com\/wp-content\/uploads\/2022\/08\/cropped-cropped-logoban.jpg\",\"width\":1080,\"height\":138,\"caption\":\"UNIVERSNEWS224\"},\"image\":{\"@id\":\"https:\/\/universnews224.com\/#\/schema\/logo\/image\/\"}},{\"@type\":\"Person\",\"@id\":\"https:\/\/universnews224.com\/#\/schema\/person\/a4b7d4f94a4716df60456a491260485e\",\"name\":\"La R\u00e9daction\",\"image\":{\"@type\":\"ImageObject\",\"inLanguage\":\"fr-FR\",\"@id\":\"https:\/\/universnews224.com\/#\/schema\/person\/image\/\",\"url\":\"https:\/\/secure.gravatar.com\/avatar\/edb90acc7752b23e1b3307ad36c14f0d?s=96&d=mm&r=g\",\"contentUrl\":\"https:\/\/secure.gravatar.com\/avatar\/edb90acc7752b23e1b3307ad36c14f0d?s=96&d=mm&r=g\",\"caption\":\"La R\u00e9daction\"},\"sameAs\":[\"https:\/\/universnews224.com\"],\"url\":\"https:\/\/universnews224.com\/index.php\/author\/m-camara\/\"}]}<\/script>\n<!-- \/ Yoast SEO plugin. -->","yoast_head_json":{"title":"Enseignement Technique Professionnel: le CNT ratifie un accord de pr\u00eat d\u2019un montant de 24,3 Millions d\u2019Euro pour la construction de deux ERAM \u00e0 Kindia et Mamou. - UNIVERSNEWS224","robots":{"index":"index","follow":"follow","max-snippet":"max-snippet:-1","max-image-preview":"max-image-preview:large","max-video-preview":"max-video-preview:-1"},"canonical":"https:\/\/universnews224.com\/index.php\/enseignement-technique-professionnel-le-cnt-ratifie-un-accord-de-pret-dun-montant-de-243-millions-deuro-pour-la-construction-de-deux-eram-a-kindia-et-mamou\/","og_locale":"fr_FR","og_type":"article","og_title":"Enseignement Technique Professionnel: le CNT ratifie un accord de pr\u00eat d\u2019un montant de 24,3 Millions d\u2019Euro pour la construction de deux ERAM \u00e0 Kindia et Mamou. - UNIVERSNEWS224","og_description":"R\u00e9unis en pl\u00e9ni\u00e8re ce lundi, 27 mars 2023, les conseillers nationaux de la transition sous","og_url":"https:\/\/universnews224.com\/index.php\/enseignement-technique-professionnel-le-cnt-ratifie-un-accord-de-pret-dun-montant-de-243-millions-deuro-pour-la-construction-de-deux-eram-a-kindia-et-mamou\/","og_site_name":"UNIVERSNEWS224","article_published_time":"2023-03-28T11:23:57+00:00","og_image":[{"width":1044,"height":696,"url":"https:\/\/universnews224.com\/wp-content\/uploads\/2023\/03\/2457CFCC-E3DA-4C36-85B9-1F0BD396EA30.jpeg","type":"image\/jpeg"}],"author":"La R\u00e9daction","twitter_misc":{"\u00c9crit par":"La R\u00e9daction","Dur\u00e9e de lecture estim\u00e9e":"3 minutes"},"schema":{"@context":"https:\/\/schema.org","@graph":[{"@type":"Article","@id":"https:\/\/universnews224.com\/index.php\/enseignement-technique-professionnel-le-cnt-ratifie-un-accord-de-pret-dun-montant-de-243-millions-deuro-pour-la-construction-de-deux-eram-a-kindia-et-mamou\/#article","isPartOf":{"@id":"https:\/\/universnews224.com\/index.php\/enseignement-technique-professionnel-le-cnt-ratifie-un-accord-de-pret-dun-montant-de-243-millions-deuro-pour-la-construction-de-deux-eram-a-kindia-et-mamou\/"},"author":{"name":"La R\u00e9daction","@id":"https:\/\/universnews224.com\/#\/schema\/person\/a4b7d4f94a4716df60456a491260485e"},"headline":"Enseignement Technique Professionnel: le CNT ratifie un accord de pr\u00eat d\u2019un montant de 24,3 Millions d\u2019Euro pour la construction de deux ERAM \u00e0 Kindia et Mamou.","datePublished":"2023-03-28T11:23:57+00:00","dateModified":"2023-03-28T11:23:57+00:00","mainEntityOfPage":{"@id":"https:\/\/universnews224.com\/index.php\/enseignement-technique-professionnel-le-cnt-ratifie-un-accord-de-pret-dun-montant-de-243-millions-deuro-pour-la-construction-de-deux-eram-a-kindia-et-mamou\/"},"wordCount":683,"publisher":{"@id":"https:\/\/universnews224.com\/#organization"},"keywords":["La une"],"articleSection":["ACTU","POLITIQUE"],"inLanguage":"fr-FR"},{"@type":"WebPage","@id":"https:\/\/universnews224.com\/index.php\/enseignement-technique-professionnel-le-cnt-ratifie-un-accord-de-pret-dun-montant-de-243-millions-deuro-pour-la-construction-de-deux-eram-a-kindia-et-mamou\/","url":"https:\/\/universnews224.com\/index.php\/enseignement-technique-professionnel-le-cnt-ratifie-un-accord-de-pret-dun-montant-de-243-millions-deuro-pour-la-construction-de-deux-eram-a-kindia-et-mamou\/","name":"Enseignement Technique Professionnel: le CNT ratifie un accord de pr\u00eat d\u2019un montant de 24,3 Millions d\u2019Euro pour la construction de deux ERAM \u00e0 Kindia et Mamou. - UNIVERSNEWS224","isPartOf":{"@id":"https:\/\/universnews224.com\/#website"},"datePublished":"2023-03-28T11:23:57+00:00","dateModified":"2023-03-28T11:23:57+00:00","inLanguage":"fr-FR","potentialAction":[{"@type":"ReadAction","target":["https:\/\/universnews224.com\/index.php\/enseignement-technique-professionnel-le-cnt-ratifie-un-accord-de-pret-dun-montant-de-243-millions-deuro-pour-la-construction-de-deux-eram-a-kindia-et-mamou\/"]}]},{"@type":"WebSite","@id":"https:\/\/universnews224.com\/#website","url":"https:\/\/universnews224.com\/","name":"UNIVERSNEWS224","description":"","publisher":{"@id":"https:\/\/universnews224.com\/#organization"},"potentialAction":[{"@type":"SearchAction","target":{"@type":"EntryPoint","urlTemplate":"https:\/\/universnews224.com\/?s={search_term_string}"},"query-input":"required name=search_term_string"}],"inLanguage":"fr-FR"},{"@type":"Organization","@id":"https:\/\/universnews224.com\/#organization","name":"UNIVERSNEWS224","url":"https:\/\/universnews224.com\/","logo":{"@type":"ImageObject","inLanguage":"fr-FR","@id":"https:\/\/universnews224.com\/#\/schema\/logo\/image\/","url":"https:\/\/universnews224.com\/wp-content\/uploads\/2022\/08\/cropped-cropped-logoban.jpg","contentUrl":"https:\/\/universnews224.com\/wp-content\/uploads\/2022\/08\/cropped-cropped-logoban.jpg","width":1080,"height":138,"caption":"UNIVERSNEWS224"},"image":{"@id":"https:\/\/universnews224.com\/#\/schema\/logo\/image\/"}},{"@type":"Person","@id":"https:\/\/universnews224.com\/#\/schema\/person\/a4b7d4f94a4716df60456a491260485e","name":"La R\u00e9daction","image":{"@type":"ImageObject","inLanguage":"fr-FR","@id":"https:\/\/universnews224.com\/#\/schema\/person\/image\/","url":"https:\/\/secure.gravatar.com\/avatar\/edb90acc7752b23e1b3307ad36c14f0d?s=96&d=mm&r=g","contentUrl":"https:\/\/secure.gravatar.com\/avatar\/edb90acc7752b23e1b3307ad36c14f0d?s=96&d=mm&r=g","caption":"La R\u00e9daction"},"sameAs":["https:\/\/universnews224.com"],"url":"https:\/\/universnews224.com\/index.php\/author\/m-camara\/"}]}},"_links":{"self":[{"href":"https:\/\/universnews224.com\/index.php\/wp-json\/wp\/v2\/posts\/3289"}],"collection":[{"href":"https:\/\/universnews224.com\/index.php\/wp-json\/wp\/v2\/posts"}],"about":[{"href":"https:\/\/universnews224.com\/index.php\/wp-json\/wp\/v2\/types\/post"}],"author":[{"embeddable":true,"href":"https:\/\/universnews224.com\/index.php\/wp-json\/wp\/v2\/users\/2"}],"replies":[{"embeddable":true,"href":"https:\/\/universnews224.com\/index.php\/wp-json\/wp\/v2\/comments?post=3289"}],"version-history":[{"count":1,"href":"https:\/\/universnews224.com\/index.php\/wp-json\/wp\/v2\/posts\/3289\/revisions"}],"predecessor-version":[{"id":3291,"href":"https:\/\/universnews224.com\/index.php\/wp-json\/wp\/v2\/posts\/3289\/revisions\/3291"}],"wp:featuredmedia":[{"embeddable":true,"href":"https:\/\/universnews224.com\/index.php\/wp-json\/wp\/v2\/media\/3290"}],"wp:attachment":[{"href":"https:\/\/universnews224.com\/index.php\/wp-json\/wp\/v2\/media?parent=3289"}],"wp:term":[{"taxonomy":"category","embeddable":true,"href":"https:\/\/universnews224.com\/index.php\/wp-json\/wp\/v2\/categories?post=3289"},{"taxonomy":"post_tag","embeddable":true,"href":"https:\/\/universnews224.com\/index.php\/wp-json\/wp\/v2\/tags?post=3289"}],"curies":[{"name":"wp","href":"https:\/\/api.w.org\/{rel}","templated":true}]}}